{"id":87377,"date":"2026-03-15T17:46:42","date_gmt":"2026-03-15T17:46:42","guid":{"rendered":"https:\/\/www.ecoitaliano.com.ar\/?p=87377"},"modified":"2026-03-15T17:46:44","modified_gmt":"2026-03-15T17:46:44","slug":"serena-conduce-operaclassica-eco-italiano-5071","status":"publish","type":"post","link":"https:\/\/www.ecoitaliano.com.ar\/?p=87377","title":{"rendered":"Serena conduce operaclassica eco italiano"},"content":{"rendered":"<div class=\"wp-block-image\">\n<figure class=\"aligncenter size-full\"><a href=\"http:\/\/www.ecoitaliano.com.ar\/wp-content\/uploads\/2026\/02\/ghjk-1.jpg\"><img decoding=\"async\" width=\"244\" height=\"119\" src=\"http:\/\/www.ecoitaliano.com.ar\/wp-content\/uploads\/2026\/02\/ghjk-1.jpg\" alt=\"\" class=\"wp-image-86444\" srcset=\"https:\/\/www.ecoitaliano.com.ar\/wp-content\/uploads\/2026\/02\/ghjk-1.jpg 244w, https:\/\/www.ecoitaliano.com.ar\/wp-content\/uploads\/2026\/02\/ghjk-1-150x73.jpg 150w\" sizes=\"(max-width: 244px) 100vw, 244px\" \/><\/a><\/figure><\/div>\n\n\n<p><strong>Comunicato stampa<\/strong><\/p>\n\n\n\n<p><strong>Lirica, Sovrintendente Teatro San Carlo di Napoli confermato nel board di Opera Europa<\/strong><\/p>\n\n\n\n<p><em>Napoli, 13 marzo 2026 <\/em>&#8211; Il <strong>Sovrintendente e Direttore Artistico del Teatro di San Carlo di Napoli<\/strong>, <strong>Fulvio Adamo Macciardi<\/strong>, \u00e8 stato confermato come membro del <strong>Consiglio di Amministrazione<\/strong> di <strong>Opera Europa<\/strong>, la principale rete di teatri e festival lirici del Continente che riunisce pi\u00f9 di 240 istituzioni operistiche e compagnie di balletto provenienti da 44 Paesi.<\/p>\n\n\n\n<p>L\u2019elezione \u00e8 avvenuta oggi durante la conferenza di primavera dell\u2019organizzazione, in corso in questi giorni ad Amsterdam, ospitata dalla Dutch National Opera nell\u2019ambito dell\u2019Opera Forward Festival.<\/p>\n\n\n\n<p>L\u2019incontro riunisce Sovrintendenti, Direttori Artistici, compositori, registi e professionisti del settore per un confronto internazionale sulle prospettive dell\u2019opera contemporanea e sui modelli di sviluppo delle istituzioni liriche.<\/p>\n\n\n\n<p>\u201c\u00c8 con grande orgoglio che accolgo questa riconferma nel board di Opera Europa. Il confronto con le principali istituzioni liriche europee rappresenta un\u2019opportunit\u00e0 preziosa per sviluppare nuovi progetti, ampliare le collaborazioni e contribuire alla crescita del settore. \u00c8 un contesto in cui il Teatro di San Carlo pu\u00f2 sviluppare e rafforzare la propria presenza nel panorama internazionale, nel segno della sua straordinaria tradizione\u201d, ha dichiarato il Sovrintendente.<\/p>\n\n\n\n<p>foto<\/p>\n\n\n\n<figure class=\"wp-block-gallery has-nested-images columns-default is-cropped wp-block-gallery-1 is-layout-flex wp-block-gallery-is-layout-flex\">\n<figure class=\"wp-block-image size-large\"><a href=\"https:\/\/www.ecoitaliano.com.ar\/wp-content\/uploads\/2026\/03\/Fulvio-Adamo-Macciardi_Teatro-di-San-Carlo_ph.-Luciano-Romano.jpg\"><img decoding=\"async\" width=\"768\" height=\"1024\" data-id=\"87378\" src=\"https:\/\/www.ecoitaliano.com.ar\/wp-content\/uploads\/2026\/03\/Fulvio-Adamo-Macciardi_Teatro-di-San-Carlo_ph.-Luciano-Romano-768x1024.jpg\" alt=\"\" class=\"wp-image-87378\" srcset=\"https:\/\/www.ecoitaliano.com.ar\/wp-content\/uploads\/2026\/03\/Fulvio-Adamo-Macciardi_Teatro-di-San-Carlo_ph.-Luciano-Romano-768x1024.jpg 768w, https:\/\/www.ecoitaliano.com.ar\/wp-content\/uploads\/2026\/03\/Fulvio-Adamo-Macciardi_Teatro-di-San-Carlo_ph.-Luciano-Romano-225x300.jpg 225w, https:\/\/www.ecoitaliano.com.ar\/wp-content\/uploads\/2026\/03\/Fulvio-Adamo-Macciardi_Teatro-di-San-Carlo_ph.-Luciano-Romano-1152x1536.jpg 1152w, https:\/\/www.ecoitaliano.com.ar\/wp-content\/uploads\/2026\/03\/Fulvio-Adamo-Macciardi_Teatro-di-San-Carlo_ph.-Luciano-Romano-1536x2048.jpg 1536w, https:\/\/www.ecoitaliano.com.ar\/wp-content\/uploads\/2026\/03\/Fulvio-Adamo-Macciardi_Teatro-di-San-Carlo_ph.-Luciano-Romano.jpg 1920w\" sizes=\"(max-width: 768px) 100vw, 768px\" \/><\/a><figcaption class=\"wp-element-caption\">Fulvio Adamo Macciardi <br>Sovrintendente e Direttore Artistico <br>Teatro di San Carlo <br>Napoli <br>Italia<\/figcaption><\/figure>\n\n\n\n<figure class=\"wp-block-image size-large\"><a href=\"https:\/\/www.ecoitaliano.com.ar\/wp-content\/uploads\/2026\/03\/OPERA-EUROPA_Macciardi.jpeg\"><img decoding=\"async\" width=\"943\" height=\"698\" data-id=\"87379\" src=\"https:\/\/www.ecoitaliano.com.ar\/wp-content\/uploads\/2026\/03\/OPERA-EUROPA_Macciardi.jpeg\" alt=\"\" class=\"wp-image-87379\" srcset=\"https:\/\/www.ecoitaliano.com.ar\/wp-content\/uploads\/2026\/03\/OPERA-EUROPA_Macciardi.jpeg 943w, https:\/\/www.ecoitaliano.com.ar\/wp-content\/uploads\/2026\/03\/OPERA-EUROPA_Macciardi-300x222.jpeg 300w, https:\/\/www.ecoitaliano.com.ar\/wp-content\/uploads\/2026\/03\/OPERA-EUROPA_Macciardi-768x568.jpeg 768w\" sizes=\"(max-width: 943px) 100vw, 943px\" \/><\/a><\/figure>\n<\/figure>\n","protected":false},"excerpt":{"rendered":"<p>Comunicato stampa Lirica, Sovrintendente Teatro San Carlo di Napoli confermato nel board di Opera Europa Napoli, 13 marzo 2026 &#8211; [&hellip;]<\/p>\n","protected":false},"author":1,"featured_media":0,"comment_status":"open","ping_status":"open","sticky":false,"template":"","format":"standard","meta":{"footnotes":""},"categories":[1],"tags":[],"class_list":["post-87377","post","type-post","status-publish","format-standard","hentry","category-sin-categoria"],"_links":{"self":[{"href":"https:\/\/www.ecoitaliano.com.ar\/index.php?rest_route=\/wp\/v2\/posts\/87377","targetHints":{"allow":["GET"]}}],"collection":[{"href":"https:\/\/www.ecoitaliano.com.ar\/index.php?rest_route=\/wp\/v2\/posts"}],"about":[{"href":"https:\/\/www.ecoitaliano.com.ar\/index.php?rest_route=\/wp\/v2\/types\/post"}],"author":[{"embeddable":true,"href":"https:\/\/www.ecoitaliano.com.ar\/index.php?rest_route=\/wp\/v2\/users\/1"}],"replies":[{"embeddable":true,"href":"https:\/\/www.ecoitaliano.com.ar\/index.php?rest_route=%2Fwp%2Fv2%2Fcomments&post=87377"}],"version-history":[{"count":1,"href":"https:\/\/www.ecoitaliano.com.ar\/index.php?rest_route=\/wp\/v2\/posts\/87377\/revisions"}],"predecessor-version":[{"id":87380,"href":"https:\/\/www.ecoitaliano.com.ar\/index.php?rest_route=\/wp\/v2\/posts\/87377\/revisions\/87380"}],"wp:attachment":[{"href":"https:\/\/www.ecoitaliano.com.ar\/index.php?rest_route=%2Fwp%2Fv2%2Fmedia&parent=87377"}],"wp:term":[{"taxonomy":"category","embeddable":true,"href":"https:\/\/www.ecoitaliano.com.ar\/index.php?rest_route=%2Fwp%2Fv2%2Fcategories&post=87377"},{"taxonomy":"post_tag","embeddable":true,"href":"https:\/\/www.ecoitaliano.com.ar\/index.php?rest_route=%2Fwp%2Fv2%2Ftags&post=87377"}],"curies":[{"name":"wp","href":"https:\/\/api.w.org\/{rel}","templated":true}]}}