{"id":87409,"date":"2026-03-16T20:12:01","date_gmt":"2026-03-16T20:12:01","guid":{"rendered":"https:\/\/www.ecoitaliano.com.ar\/?p=87409"},"modified":"2026-03-16T20:13:00","modified_gmt":"2026-03-16T20:13:00","slug":"san-francesco-dassisi-nello-scavo-di-pierfranco-bruni-un-viaggio-oltre-la-storia","status":"publish","type":"post","link":"https:\/\/www.ecoitaliano.com.ar\/?p=87409","title":{"rendered":"San Francesco d\u2019Assisi nello scavo di Pierfranco Bruni. Un viaggio oltre la storia"},"content":{"rendered":"<div class=\"wp-block-image\">\n<figure class=\"aligncenter size-full is-resized\"><a href=\"http:\/\/www.ecoitaliano.com.ar\/wp-content\/uploads\/2026\/03\/1000203887.jpg\"><img decoding=\"async\" width=\"1732\" height=\"2560\" src=\"http:\/\/www.ecoitaliano.com.ar\/wp-content\/uploads\/2026\/03\/1000203887.jpg\" alt=\"\" class=\"wp-image-87412\" style=\"width:254px;height:auto\" srcset=\"https:\/\/www.ecoitaliano.com.ar\/wp-content\/uploads\/2026\/03\/1000203887.jpg 1732w, https:\/\/www.ecoitaliano.com.ar\/wp-content\/uploads\/2026\/03\/1000203887-203x300.jpg 203w, https:\/\/www.ecoitaliano.com.ar\/wp-content\/uploads\/2026\/03\/1000203887-693x1024.jpg 693w, https:\/\/www.ecoitaliano.com.ar\/wp-content\/uploads\/2026\/03\/1000203887-768x1135.jpg 768w, https:\/\/www.ecoitaliano.com.ar\/wp-content\/uploads\/2026\/03\/1000203887-1039x1536.jpg 1039w, https:\/\/www.ecoitaliano.com.ar\/wp-content\/uploads\/2026\/03\/1000203887-1386x2048.jpg 1386w\" sizes=\"(max-width: 1732px) 100vw, 1732px\" \/><\/a><\/figure><\/div>\n\n\n<p><em>Manuale de Cortis<\/em><\/p>\n\n\n\n<p>Lo studio si presenta in anteprima nazionale a Grottaglie al Monastero delle Clarisse&nbsp; sabato 21 marzo prossimo con \u00abIl Cantico dell\u2019amore. San Francesco d\u2019Assisi 1226-2026\u00bb, Solfanelli editore. Volume a coordinamento scientifico di Bruni e cura di Franca De Santis. Il progetto nasce come indagine ontologica: Francesco non trattato come figura devozionale ma come reperto letterario che ha inaugurato il volgare e la prospettiva mediterranea. Tre assi sostengono la lettura. &nbsp;<\/p>\n\n\n\n<p>Primo, Oriente e Occidente: Francesco nel volume \u00e8 ponte che include il sultano, i Re Magi, la componente bizantina dei crocefissi; il Presepe diventa atto comunicativo con l\u2019Oriente, il Cantico dialogo con Islam ed Ebraismo. Secondo, spiritualit\u00e0 del cuore e teologia del pensiero: la povert\u00e0 e la perfetta letizia sono lessico che attraversa i contributi, la santit\u00e0 letta come ascesi della parola, spoliazione che apre all\u2019amore-carit\u00e0. Terzo, scavo letterario e storico: il confronto con le citt\u00e0 medievali, le cattedrali, gli Ordini, il federiciano, mostra Francesco come incarnazione della Croce dentro la cultura delle etnie e del Mediterraneo. &nbsp;<\/p>\n\n\n\n<p>Bruni inserisce la ricerca nel proprio metodo: il sacro \u00e8 antropologia, la letteratura \u00e8 sogno che conduce al mito. Francesco diventa chiave per leggere l\u2019umanesimo cristiano oltre lo storicismo, modello di intesa che tiene insieme Occidente e Oriente. Il volume raccoglie voci di studiosi in una costruzione a mosaico; ogni contributo \u00e8 tessera, l\u2019unit\u00e0 resta affidata al lettore, secondo la cifra bruniana per cui la poesia-osservatorio lascia al bianco il ruolo di giuntura. Il risultato \u00e8 lettura che non celebra ma pone interrogativi: la perfetta letizia francescana continua a misurare la distanza tra parola e potere, e l\u2019isola-Francesco resta punto da cui osservare il buio perfetto della contemporaneit\u00e0. A Grottaglie saranno presenti oltre a Pierfranco Bruni anche gli studiosi che hanno partecipato al volume: Marilena Cavallo e la madre Badessa del Monastero delle Clarisse suor Pierpaola Nistri che ha realizzato l&#8217;icona posta in copertina del volume.&nbsp;<\/p>\n","protected":false},"excerpt":{"rendered":"<p>Manuale de Cortis Lo studio si presenta in anteprima nazionale a Grottaglie al Monastero delle Clarisse&nbsp; sabato 21 marzo prossimo [&hellip;]<\/p>\n","protected":false},"author":1,"featured_media":0,"comment_status":"open","ping_status":"open","sticky":false,"template":"","format":"standard","meta":{"footnotes":""},"categories":[2],"tags":[],"class_list":["post-87409","post","type-post","status-publish","format-standard","hentry","category-informacion"],"_links":{"self":[{"href":"https:\/\/www.ecoitaliano.com.ar\/index.php?rest_route=\/wp\/v2\/posts\/87409","targetHints":{"allow":["GET"]}}],"collection":[{"href":"https:\/\/www.ecoitaliano.com.ar\/index.php?rest_route=\/wp\/v2\/posts"}],"about":[{"href":"https:\/\/www.ecoitaliano.com.ar\/index.php?rest_route=\/wp\/v2\/types\/post"}],"author":[{"embeddable":true,"href":"https:\/\/www.ecoitaliano.com.ar\/index.php?rest_route=\/wp\/v2\/users\/1"}],"replies":[{"embeddable":true,"href":"https:\/\/www.ecoitaliano.com.ar\/index.php?rest_route=%2Fwp%2Fv2%2Fcomments&post=87409"}],"version-history":[{"count":2,"href":"https:\/\/www.ecoitaliano.com.ar\/index.php?rest_route=\/wp\/v2\/posts\/87409\/revisions"}],"predecessor-version":[{"id":87413,"href":"https:\/\/www.ecoitaliano.com.ar\/index.php?rest_route=\/wp\/v2\/posts\/87409\/revisions\/87413"}],"wp:attachment":[{"href":"https:\/\/www.ecoitaliano.com.ar\/index.php?rest_route=%2Fwp%2Fv2%2Fmedia&parent=87409"}],"wp:term":[{"taxonomy":"category","embeddable":true,"href":"https:\/\/www.ecoitaliano.com.ar\/index.php?rest_route=%2Fwp%2Fv2%2Fcategories&post=87409"},{"taxonomy":"post_tag","embeddable":true,"href":"https:\/\/www.ecoitaliano.com.ar\/index.php?rest_route=%2Fwp%2Fv2%2Ftags&post=87409"}],"curies":[{"name":"wp","href":"https:\/\/api.w.org\/{rel}","templated":true}]}}