{"id":87459,"date":"2026-03-17T15:54:22","date_gmt":"2026-03-17T15:54:22","guid":{"rendered":"https:\/\/www.ecoitaliano.com.ar\/?p=87459"},"modified":"2026-03-17T15:54:23","modified_gmt":"2026-03-17T15:54:23","slug":"serena-conduce-operaclassica-eco-italiano-5077","status":"publish","type":"post","link":"https:\/\/www.ecoitaliano.com.ar\/?p=87459","title":{"rendered":"Serena conduce operaclassica eco italiano"},"content":{"rendered":"<div class=\"wp-block-image\">\n<figure class=\"aligncenter size-full is-resized\"><a href=\"https:\/\/www.ecoitaliano.com.ar\/wp-content\/uploads\/2026\/03\/image-25.png\"><img decoding=\"async\" width=\"306\" height=\"138\" src=\"https:\/\/www.ecoitaliano.com.ar\/wp-content\/uploads\/2026\/03\/image-25.png\" alt=\"\" class=\"wp-image-87461\" style=\"width:201px;height:auto\" srcset=\"https:\/\/www.ecoitaliano.com.ar\/wp-content\/uploads\/2026\/03\/image-25.png 306w, https:\/\/www.ecoitaliano.com.ar\/wp-content\/uploads\/2026\/03\/image-25-300x135.png 300w\" sizes=\"(max-width: 306px) 100vw, 306px\" \/><\/a><\/figure><\/div>\n\n\n<p>Ufficio Stampa&nbsp;&nbsp;&nbsp;&nbsp;&nbsp;&nbsp;&nbsp;&nbsp;&nbsp;&nbsp;&nbsp;&nbsp;&nbsp;&nbsp;&nbsp;&nbsp;&nbsp;&nbsp;&nbsp;&nbsp;&nbsp;&nbsp;&nbsp;&nbsp;&nbsp;&nbsp;&nbsp;&nbsp;&nbsp;&nbsp;&nbsp;&nbsp;&nbsp;&nbsp;&nbsp;&nbsp;&nbsp;&nbsp;&nbsp;&nbsp;&nbsp;&nbsp;&nbsp;&nbsp;&nbsp;&nbsp;&nbsp;&nbsp;&nbsp;&nbsp;&nbsp;&nbsp;&nbsp;&nbsp;&nbsp;&nbsp;&nbsp;&nbsp;&nbsp;&nbsp;&nbsp;&nbsp;&nbsp;&nbsp;&nbsp;&nbsp;&nbsp;&nbsp;&nbsp;&nbsp;&nbsp;&nbsp;&nbsp;&nbsp;&nbsp;&nbsp;&nbsp;&nbsp;&nbsp;&nbsp;&nbsp;&nbsp;&nbsp;&nbsp;&nbsp;&nbsp;&nbsp;&nbsp;&nbsp;&nbsp;&nbsp;&nbsp;&nbsp;&nbsp;&nbsp;&nbsp;&nbsp;&nbsp;&nbsp;&nbsp;&nbsp;&nbsp;&nbsp;&nbsp;&nbsp;&nbsp;&nbsp;&nbsp;&nbsp;&nbsp;&nbsp;&nbsp;&nbsp;&nbsp;&nbsp;&nbsp;&nbsp;&nbsp;&nbsp;&nbsp;&nbsp;&nbsp;&nbsp;&nbsp;&nbsp;&nbsp;&nbsp;&nbsp;&nbsp;&nbsp;&nbsp;&nbsp;&nbsp;&nbsp; 17\/03\/2026<\/p>\n\n\n\n<p><strong>La commedia lirica tratta da Shakespeare torna a Verona dopo 15 anni. Quattro recite dal 22 al 29 marzo<\/strong><\/p>\n\n\n\n<p><strong><em>FALSTAFF<\/em><\/strong><strong>, L\u2019ULTIMO CAPOLAVORO DI VERDI IN SCENA AL TEATRO FILARMONICO<\/strong><\/p>\n\n\n\n<p>Domenica 22 marzo la prima nello spettacolo brillante e pop di Jacopo Spirei. Orchestra e Coro di Fondazione Arena sono diretti da Giuseppe Grazioli<\/p>\n\n\n\n<p>Sabato 21 marzo alle 18, per la rassegna Musica e Cinema, <em>Shakespeare in Love<\/em>, il film da 7 premi Oscar al Teatro Filarmonico<\/p>\n\n\n\n<p><strong>Gioved\u00ec 19 marzo alle 18, nella Sala Veranda dell\u2019Accademia Filarmonica, l\u2019opera verr\u00e0 presentata al pubblico in un incontro gratuito con lo scrittore e critico Giovanni Gavazzeni<\/strong><\/p>\n\n\n\n<p><strong>FALSTAFF<\/strong><\/p>\n\n\n\n<p>di Giuseppe Verdi<\/p>\n\n\n\n<p><strong>domenica <\/strong><strong>22<\/strong><strong> marzo <\/strong>ore 15.30<\/p>\n\n\n\n<p><strong>mercoled\u00ec <\/strong><strong>25<\/strong><strong> marzo <\/strong>ore 19.00<\/p>\n\n\n\n<p><strong>venerd\u00ec <\/strong><strong>27<\/strong><strong> marzo <\/strong>ore 20.00<\/p>\n\n\n\n<p><strong>domenica <\/strong><strong>29<\/strong><strong> marzo <\/strong>ore 15.30<\/p>\n\n\n\n<p>Teatro Filarmonico di Verona<\/p>\n\n\n\n<p><strong>Verdi, gran padre del melodramma italiano, chiuse la carriera a 80 anni con un sorriso: nella spassosa commedia lirica <em>Falstaff, <\/em>i versi di Boito e la musica di un Verdi pi\u00f9 brillante che mai fanno rivivere il leggendario mattatore creato da Shakespeare con le allegre comari di Windsor. Tra i titoli pi\u00f9 raffinati del repertorio, l\u2019opera torna al Teatro Filarmonico di Verona dopo quindici anni domenica 22 marzo alle 15.30 nell\u2019allestimento dinamico e \u201cbritish\u201d del Regio di Parma con la regia di Jacopo Spirei. Dieci artisti compongono <\/strong><strong>il cast alle prese con i virtuosismi linguistici e vocali di <em>Falstaff<\/em>, guidati dal baritono buffo Marco Filippo Romano, al debutto nel ruolo. I complessi artistici e tecnici areniani sono guidati dal maestro Giuseppe Grazioli. Dopo la prima, repliche il 25, 27, 29 marzo.<\/strong><\/p>\n\n\n\n<p>Dopo una carriera costellata di successi, all\u2019et\u00e0 di 80 anni, <strong>Giuseppe Verdi<\/strong> (1813-1901) <strong>sorprese il mondo con una commedia<\/strong>: un sorriso saggio, a tratti malinconico, ma sempre brillante, a suggellare un\u2019eterna giovinezza. <strong>Correva l\u2019anno 1893<\/strong> e alla Scala, appena una settimana dopo la <em>Manon Lescaut<\/em> torinese dell\u2019astro nascente Puccini, il pubblico scopriva <strong><em>Falstaff<\/em><\/strong>, commedia lirica che <strong>mette in scena <em>Le allegre comari di Windsor<\/em> di William Shakespeare<\/strong>. Sorgente inesauribile di melodie, teatro in musica puro con orchestra multicolore e ritmo indiavolato, battute indimenticabili e parodie (anche di Verdi stesso), <strong>l\u2019opera si avvalse del libretto dotto e vario di Arrigo Boito<\/strong> (1842-1918) che, oltre alla vicenda (uno \u201cspin-off\u201d dedicato al leggendario Falstaff su richiesta, pare, della stessa regina Elisabetta) ricostruisce la grandezza del protagonista da diversi passi di <em>Enrico IV<\/em>, dramma storico in due parti in cui Falstaff, con tutta la sua eccentricit\u00e0 e i suoi umanissimi difetti, \u00e8 il buffo mentore del futuro re d\u2019Inghilterra.<\/p>\n\n\n\n<p><strong>Verdi un\u00ec in quest\u2019opera il suo amore per la drammaturgia e i personaggi shakespeariani, l\u2019esperienza di una vita da uomo di teatro, la raffinatezza di un letterato quale Boito<\/strong> (gi\u00e0 librettista dell\u2019acclamato <em>Otello) <\/em><strong>e la<\/strong> <strong>rivincita personale sull\u2019unica opera buffa, la giovanile <em>Un giorno di regno<\/em>, che fece fiasco senza appello nel 1840<\/strong>. Partendo da una \u201cfuga buffa\u201d, Verdi pieg\u00f2 con ironia secoli di forme e tradizioni musicali, con la certezza finale che \u201cride ben chi ride la risata final\u201d, che \u201ctutto nel mondo \u00e8 burla\u201d e che tutti gli uomini sono \u201cgabbati\u201d. Ne nacque <strong><em>Falstaff<\/em>, commedia originalissima<\/strong>, vivace come nessuna, ispirazione per molti dei compositori a venire per la commedia in musica e il teatro \u201cdi conversazione\u201d. <strong>Un\u2019opera pioneristica per la scena musicale italiana del 1893, il cui successo iniziale fu pi\u00f9 di stima che per convinta comprensione, ma che conquist\u00f2 il pubblico col tempo, grazie ad interpreti divenuti leggendari <\/strong>come Stabile, Valdengo, Gobbi, Taddei, Bruson, Raimondi e, pi\u00f9 recentemente, Maestri, <strong>e grazie ai massimi direttori di sempre<\/strong>, tra cui vale la pena ricordare la dedizione di Toscanini, Karajan, Giulini, Bernstein, Solti, Abbado e Muti. A Verona, negli ultimi cinquant\u2019anni di attivit\u00e0 del Teatro Filarmonico con i complessi artistici e tecnici di Fondazione Arena, <em>Falstaff <\/em>\u00e8 andato in scena quattro volte (1983, 1997, 2005 e 2011) confrontandosi pi\u00f9 che altrove con l\u2019omonima opera di Salieri (di un secolo precedente) a cui \u00e8 legata la rinascita del Teatro stesso. Nei prestigiosi cast alternatisi nella citt\u00e0 scaligera, vale la pena ricordare il protagonismo di Renato Bruson e Michele Pertusi, anche immortalati in edizioni discografiche esemplari, nonch\u00e9 il debutto come regista lirico di Luca Guadagnino.<\/p>\n\n\n\n<p><strong>Nel solco della migliore tradizione vocale italiana si inserisce il ritorno di <em>Falstaff<\/em> al Teatro Filarmonico, dopo quindici anni dall\u2019ultima produzione: titolare sar\u00e0 Marco Filippo Romano<\/strong>, al debutto nel ruolo di <em>Falstaff<\/em>. Le allegre comari di Windsor annoverano i soprani <strong>Marta Mari<\/strong> come Alice Ford, <strong>Vittoriana<\/strong> <strong>De<\/strong> <strong>Amicis<\/strong> come Nannetta sua figlia, <strong>Marianna Mappa<\/strong> come Meg Page e il mezzosoprano <strong>Anna<\/strong> <strong>Maria<\/strong> <strong>Chiuri<\/strong> come Mrs Quickly. Nei panni di Ford, marito geloso vittima tanto del protagonista quanto dell\u2019astuzia di Alice, il baritono <strong>Luca Micheletti<\/strong>, recentemente diretto da Riccardo Muti come Macbeth, altro protagonista di Verdi-Shakespeare, mentre come Fenton, innamorato di Nannetta, torna il tenore <strong>Marco<\/strong> <strong>Ciaponi<\/strong>. Completano il cast: <strong>Blagoj Nacoski<\/strong> come Dottor Cajus, <strong>Matteo Macchioni<\/strong> e <strong>Mariano Buccino<\/strong> nei panni dei seguaci di Falstaff, Bardolfo e Pistola. Torna sul podio veronese il maestro <strong>Giuseppe Grazioli<\/strong>, per dirigere gli artisti solisti, l\u2019<strong>Orchestra<\/strong> di Fondazione Arena e il <strong>Coro<\/strong> preparato da <strong>Roberto Gabbiani<\/strong>. L\u2019allestimento in scena a Verona proviene dal Teatro Regio di Parma, dove \u00e8 stato applaudito nel 2017 e nel 2025 al Festival Verdi, e unisce la verve della drammaturgia originale a un tocco britannico e pop contemporaneo per un ritmo sempre al passo col brillante dono della musica di Verdi: regista \u00e8 il premiato <strong>Jacopo Spirei<\/strong>, alla sua prima regia al Teatro Filarmonico, con le scene di <strong>Nikoalus Webern<\/strong>, i costumi di <strong>Silvia Aymonino<\/strong> e le luci di <strong>Fiammetta Baldiserri<\/strong>.<\/p>\n\n\n\n<p><strong>Dopo la prima di domenica 22 marzo, <em>Falstaaff<\/em> replica<\/strong><strong> <\/strong><strong>mercoled\u00ec 25 alle 19, venerd\u00ec 27 alle 20 e domenica 29 marzo alle 15.30.<\/strong><\/p>\n\n\n\n<p><a><\/a><strong>La Stagione d\u2019Opera e Balletto 2026 comprende altri tre titoli operistici e due balletti, con prime assolute per Verona: \u00e8 ancora possibile acquistare abbonamenti, nuovi carnet e biglietti singoli per ogni data al link <\/strong><a href=\"https:\/\/www.arena.it\/it\/teatro-filarmonico\">https:\/\/www.arena.it\/it\/teatro-filarmonico<\/a>, alle Biglietterie dell\u2019Arena e nella rete Vivaticket.<\/p>\n\n\n\n<p><strong>BCC Veneta<\/strong> si conferma <em>main sponsor<\/em> della Stagione Artistica 2026 del Teatro Filarmonico.<\/p>\n\n\n\n<p><strong>INCONTRO DI APPROFONDIMENTO APERTO AL PUBBLICO<\/strong><\/p>\n\n\n\n<p>Per tutta la Stagione d\u2019Opera e Balletto 2026 si confermano gli<strong> incontri gratuiti di approfondimento, in collaborazione con Accademia Filarmonica di Verona<\/strong>, i gioved\u00ec precedenti le prime. <em>Falstaff<\/em> sar\u00e0 presentato al pubblico <strong>gioved\u00ec 19 marzo alle 18 nella prestigiosa Sala Veranda<\/strong> dell\u2019Accademia Filarmonica (via Mutilati 4) dal giornalista, critico e scrittore <strong>Giovanni Gavazzeni<\/strong>. <strong>Ingresso libero fino ad esaurimento posti.<\/strong><\/p>\n\n\n\n<p><strong>MUSICA E CINEMA: <em>SHAKESPEARE IN LOVE<\/em><\/strong><\/p>\n\n\n\n<p><strong>Sabato 21 marzo, alle ore 18<\/strong>, <strong>il Teatro Filarmonico si trasforma in una sala cinematografica: per la rassegna 2026, <em>Musica e Cinema<\/em><\/strong>, il sabato precedente le prime d\u2019Opera e Balletto, Fondazione Arena di Verona proietta film e cult d\u2019eccezione con pellicole in lingua originale ispirate ai soggetti in scena. Falstaff, personaggio tra i pi\u00f9 emblematici di tutta la creazione del Bardo inglese, offre lo spunto per <strong><em>Shakespeare in Love. <\/em><\/strong>Il film del 1998, diretto da John Madden, narra l&#8217;amore dello scrittore William Shakespeare nato durante la preparazione di Romeo e Giulietta per una nobildonna, Lady Violet. <em>Shakespeare in Love<\/em> \u00e8 stato<strong> insignito di 3 BAFTA, 3 Golden Globe e ben 7 premi Oscar su 13 nomination, tra cui miglior film, migliori costumi, miglior colonna sonora e miglior sceneggiatura (di Tom Stoppard e Marc Norman). Cast stellare: <\/strong>Joseph Fiennes, <strong>Gwyneth Paltrow, Judi Dench (entrambe vincitrici dell\u2019Oscar per questa pellicola<\/strong>), Geoffrey Rush, Rupert Everett, Colin Firth, Ben Affleck.<strong> Biglietti a 5 euro <\/strong>in vendita online e alle Biglietterie di via Dietro Anfiteatro e via Roma.<\/p>\n\n\n\n<p><strong>APPUNTAMENTI PER GIOVANI E STUDENTI<\/strong><\/p>\n\n\n\n<p>Con <em>Falstaff<\/em> prosegue la programmazione 2026 di <strong>Arena Young<\/strong>: spettacoli, incontri e iniziative per bambini, studenti, famiglie, personale di scuole, universit\u00e0, accademie. L\u2019opera debutta infatti con l\u2019<strong>Anteprima <\/strong>riservata a studenti e giovani, gi\u00e0 sold-outvenerd\u00ec 20 marzo alle ore 16, preceduta da una presentazione dedicata.<\/p>\n\n\n\n<p>Per la rassegna<strong> Andiamo a teatro, <\/strong>il mondo della scuola potr\u00e0 assistere alle rappresentazioni infrasettimanali al Filarmonico partecipando al <strong>Preludio<\/strong> un\u2019ora prima dello spettacolo: un\u2019introduzione alla trama, ai personaggi e al linguaggio del teatro in musica, a cura di Fondazione Arena, nella prestigiosa Sala Maffeiana, mercoled\u00ec 25 marzo alle ore 18 e venerd\u00ec 27 marzo alle ore 19.<\/p>\n\n\n\n<p>Info e prenotazioni: Ufficio Didattica Cultura e Formazione <a href=\"mailto:scuola@arenadiverona.it\">scuola@arenadiverona.it<\/a> \u2013 tel. 045 80519.33\/.84<\/p>\n\n\n\n<p><strong>LA TRAMA IN BREVE<\/strong><\/p>\n\n\n\n<p><em>Il nobile decaduto sir John Falstaff, dedito ai piaceri della vita ma senza pi\u00f9 un soldo, tenta la fortuna col proposito di sedurre (e derubare) due ricche dame sposate di Windsor. Egli per\u00f2 non sa che Alice Ford e Meg Page sono amiche: con la brillante vicina Quickly e Nannetta, figlia di Alice, le donne scoprono la truffa delle lettere d\u2019amore identiche e ordiscono una burla ai danni di Falstaff, fingendo di cedere alle sue profferte. Nel frattempo, Bardolfo e Pistola, pentiti scagnozzi di sir John, ne rivelano i piani al signor Ford, con l\u2019aiuto del giovane Fenton e del dottor Cajus (entrambi pretendenti di Nannetta). Ford si presenta da Falstaff sotto mentite spoglie per metterlo alla prova, ignaro del piano gi\u00e0 messo in atto dalle allegre comari: scoperto l\u2019appuntamento alle sue spalle, si sentir\u00e0 tradito e torner\u00e0 furioso a casa con tutto il vicinato. \u00c8 solo la prima delle sventure di Falstaff, che sar\u00e0 protagonista di un gran finale in una notte davvero \u201cmagica\u201d nel bosco di Windsor.<\/em><\/p>\n\n\n\n<p><strong>informazioni<\/strong><\/p>\n\n\n\n<p><strong>Ufficio Stampa Fondazione Arena di Verona<\/strong><\/p>\n\n\n\n<p>Via Roma 7\/D, 37121 Verona<\/p>\n\n\n\n<p>tel. (+39) 045 805.1861-1905-1891-1939-1847<\/p>\n\n\n\n<p><a href=\"mailto:ufficio.stampa@arenadiverona.it\">ufficio.stampa@arenadiverona.it<\/a> \u2013 <a href=\"http:\/\/www.arena.it\">www.arena.it<\/a><\/p>\n\n\n\n<p><strong>BIGLIETTERIE ARENA DI VERONA<\/strong><\/p>\n\n\n\n<p>Via Dietro Anfiteatro 6\/b&nbsp;<\/p>\n\n\n\n<p>Aperta da luned\u00ec a venerd\u00ec (10.30 &#8211; 16.00)<\/p>\n\n\n\n<p>sabato (09.15 &#8211; 12.45)<\/p>\n\n\n\n<p>chiusa&nbsp;la&nbsp;domenica<\/p>\n\n\n\n<p>Via Roma 1&nbsp;<\/p>\n\n\n\n<p>Aperta marted\u00ec, gioved\u00ec e sabato (10.00 &#8211; 18.00)<\/p>\n\n\n\n<p>mercoled\u00ec e venerd\u00ec (13.00 &#8211; 20.00)<\/p>\n\n\n\n<p>domenica&nbsp;(12.00 &#8211; 15.30)<\/p>\n\n\n\n<p>chiusa&nbsp;il luned\u00ec<\/p>\n\n\n\n<p><a href=\"mailto:biglietteria@arenadiverona.it\">biglietteria@arenadiverona.it<\/a><\/p>\n\n\n\n<p>Call center (+39) 045 8005151<\/p>\n\n\n\n<p><a href=\"http:\/\/www.arena.it\">www.arena.it<\/a><\/p>\n\n\n\n<p><a><\/a>Rete vendita <a href=\"https:\/\/www.vivaticket.com\/it\/venue\/teatro-filarmonico\/521683065\">Vivaticket<\/a><\/p>\n\n\n\n<p>* * *<\/p>\n\n\n\n<p><strong>Domenica 22 marzo <\/strong>ore 15.30turno A<\/p>\n\n\n\n<p><strong>Mercoled\u00ec 25 marzo <\/strong>ore 19.00turno C<\/p>\n\n\n\n<p><strong>Venerd\u00ec 27 marzo <\/strong>ore 20.00turno D<\/p>\n\n\n\n<p><strong>Domenica 29 marzo <\/strong>ore 15.30turno B<\/p>\n\n\n\n<p>FALSTAFF<\/p>\n\n\n\n<p>Commedia lirica in tre atti<\/p>\n\n\n\n<p>di <strong>Giuseppe Verdi<\/strong><\/p>\n\n\n\n<p>Libretto di <strong>Arrigo Boito<\/strong><\/p>\n\n\n\n<p>da <em>Le allegre comari di Windsor<\/em> ed <em>Enrico IV<\/em> di William Shakespeare<\/p>\n\n\n\n<p>&nbsp;&nbsp;&nbsp;&nbsp;&nbsp;&nbsp;&nbsp;&nbsp;&nbsp;&nbsp;&nbsp;&nbsp;&nbsp;&nbsp;&nbsp;&nbsp;&nbsp;&nbsp;&nbsp;&nbsp;&nbsp;&nbsp;&nbsp;&nbsp;&nbsp;&nbsp;&nbsp;&nbsp;&nbsp;&nbsp;&nbsp;&nbsp;&nbsp;&nbsp;&nbsp;&nbsp;&nbsp;&nbsp;&nbsp;&nbsp;&nbsp;&nbsp;&nbsp;&nbsp;&nbsp;&nbsp;&nbsp;&nbsp;&nbsp;&nbsp;&nbsp;&nbsp;&nbsp;&nbsp;&nbsp;&nbsp;&nbsp;&nbsp;&nbsp; Direttore&nbsp;&nbsp;&nbsp;&nbsp;&nbsp;&nbsp; <strong>Giuseppe Grazioli<\/strong><\/p>\n\n\n\n<p>&nbsp;&nbsp;&nbsp;&nbsp;&nbsp;&nbsp;&nbsp;&nbsp;&nbsp;&nbsp;&nbsp;&nbsp;&nbsp;&nbsp;&nbsp;&nbsp;&nbsp;&nbsp;&nbsp;&nbsp;&nbsp;&nbsp;&nbsp;&nbsp;&nbsp;&nbsp;&nbsp;&nbsp;&nbsp;&nbsp;&nbsp;&nbsp;&nbsp;&nbsp;&nbsp;&nbsp;&nbsp;&nbsp;&nbsp;&nbsp;&nbsp;&nbsp;&nbsp;&nbsp;&nbsp;&nbsp;&nbsp;&nbsp;&nbsp;&nbsp;&nbsp;&nbsp;&nbsp;&nbsp;&nbsp;&nbsp;&nbsp;&nbsp;&nbsp;&nbsp;&nbsp;&nbsp;&nbsp;&nbsp;&nbsp;&nbsp; Regia&nbsp;&nbsp;&nbsp;&nbsp;&nbsp;&nbsp; <strong>Jacopo Spirei<\/strong><\/p>\n\n\n\n<p>&nbsp;&nbsp;&nbsp;&nbsp;&nbsp;&nbsp;&nbsp;&nbsp;&nbsp;&nbsp;&nbsp;&nbsp;&nbsp;&nbsp;&nbsp;&nbsp;&nbsp;&nbsp;&nbsp;&nbsp;&nbsp;&nbsp;&nbsp;&nbsp;&nbsp;&nbsp;&nbsp;&nbsp;&nbsp;&nbsp;&nbsp;&nbsp;&nbsp;&nbsp;&nbsp;&nbsp;&nbsp;&nbsp;&nbsp;&nbsp;&nbsp;&nbsp;&nbsp;&nbsp;&nbsp;&nbsp;&nbsp;&nbsp;&nbsp;&nbsp;&nbsp;&nbsp;&nbsp;&nbsp;&nbsp;&nbsp;&nbsp;&nbsp;&nbsp;&nbsp;&nbsp;&nbsp;&nbsp;&nbsp;&nbsp; Scene&nbsp;&nbsp;&nbsp;&nbsp;&nbsp;&nbsp; <strong>Nikolaus Webern<\/strong><\/p>\n\n\n\n<p>&nbsp;&nbsp;&nbsp;&nbsp;&nbsp;&nbsp;&nbsp;&nbsp;&nbsp;&nbsp;&nbsp;&nbsp;&nbsp;&nbsp;&nbsp;&nbsp;&nbsp;&nbsp;&nbsp;&nbsp;&nbsp;&nbsp;&nbsp;&nbsp;&nbsp;&nbsp;&nbsp;&nbsp;&nbsp;&nbsp;&nbsp;&nbsp;&nbsp;&nbsp;&nbsp;&nbsp;&nbsp;&nbsp;&nbsp;&nbsp;&nbsp;&nbsp;&nbsp;&nbsp;&nbsp;&nbsp;&nbsp;&nbsp;&nbsp;&nbsp;&nbsp;&nbsp;&nbsp;&nbsp;&nbsp;&nbsp;&nbsp;&nbsp;&nbsp;&nbsp;&nbsp; Costumi &nbsp;&nbsp;&nbsp;&nbsp;&nbsp;&nbsp; <strong>Silvia Aymonino<\/strong><\/p>\n\n\n\n<p><strong>&nbsp;&nbsp;&nbsp;&nbsp;&nbsp;&nbsp;&nbsp;&nbsp;&nbsp;&nbsp;&nbsp;&nbsp;&nbsp;&nbsp;&nbsp;&nbsp;&nbsp;&nbsp;&nbsp;&nbsp;&nbsp;&nbsp;&nbsp;&nbsp;&nbsp;&nbsp;&nbsp;&nbsp;&nbsp;&nbsp;&nbsp;&nbsp;&nbsp;&nbsp;&nbsp;&nbsp;&nbsp;&nbsp;&nbsp;&nbsp;&nbsp;&nbsp;&nbsp;&nbsp;&nbsp;&nbsp;&nbsp;&nbsp;&nbsp; <\/strong>Assistente ai costumi&nbsp;&nbsp;&nbsp;&nbsp;&nbsp;&nbsp;&nbsp;&nbsp;&nbsp;&nbsp;&nbsp; <strong>Vera Pierantoni Guia<\/strong><\/p>\n\n\n\n<p>&nbsp;&nbsp;&nbsp;&nbsp;&nbsp;&nbsp;&nbsp;&nbsp;&nbsp;&nbsp;&nbsp;&nbsp;&nbsp;&nbsp;&nbsp;&nbsp;&nbsp;&nbsp;&nbsp;&nbsp;&nbsp;&nbsp;&nbsp;&nbsp;&nbsp;&nbsp;&nbsp;&nbsp;&nbsp;&nbsp;&nbsp;&nbsp;&nbsp;&nbsp;&nbsp;&nbsp;&nbsp;&nbsp;&nbsp;&nbsp;&nbsp;&nbsp;&nbsp;&nbsp;&nbsp;&nbsp;&nbsp;&nbsp;&nbsp;&nbsp;&nbsp;&nbsp;&nbsp;&nbsp;&nbsp;&nbsp;&nbsp;&nbsp;&nbsp;&nbsp;&nbsp;&nbsp;&nbsp;&nbsp;&nbsp;&nbsp;&nbsp;&nbsp; Luci&nbsp;&nbsp;&nbsp;&nbsp;&nbsp;&nbsp; <strong>Fiammetta Baldiserri<\/strong><\/p>\n\n\n\n<p><strong>&nbsp;&nbsp;&nbsp;&nbsp;&nbsp;&nbsp;&nbsp;&nbsp;&nbsp;&nbsp;&nbsp;&nbsp;&nbsp;&nbsp;&nbsp;&nbsp;&nbsp;&nbsp;&nbsp;&nbsp;&nbsp;&nbsp;&nbsp;&nbsp;&nbsp;&nbsp;&nbsp;&nbsp;&nbsp;&nbsp;&nbsp;&nbsp;&nbsp;&nbsp;&nbsp;&nbsp;&nbsp;&nbsp;&nbsp;&nbsp;&nbsp;&nbsp;&nbsp;&nbsp;&nbsp;&nbsp;&nbsp;&nbsp;&nbsp;&nbsp;&nbsp;&nbsp; <\/strong>Assistente alle luci&nbsp;&nbsp;&nbsp;&nbsp;&nbsp;&nbsp;&nbsp;&nbsp;&nbsp;&nbsp;&nbsp; <strong>Giulia Bandera<\/strong>&nbsp;&nbsp;&nbsp;&nbsp;&nbsp;&nbsp;&nbsp;&nbsp;<\/p>\n\n\n\n<p><strong>&nbsp;&nbsp;&nbsp;&nbsp;&nbsp;&nbsp;&nbsp;&nbsp;&nbsp;&nbsp;&nbsp;&nbsp;&nbsp;&nbsp;&nbsp;&nbsp;&nbsp;&nbsp;&nbsp;&nbsp;&nbsp;&nbsp;&nbsp;&nbsp;&nbsp;&nbsp;&nbsp;&nbsp;&nbsp;&nbsp;&nbsp;&nbsp;&nbsp;&nbsp;&nbsp;&nbsp;&nbsp;&nbsp;&nbsp;&nbsp;&nbsp;&nbsp;&nbsp;&nbsp;&nbsp;&nbsp;&nbsp;&nbsp;&nbsp;&nbsp;&nbsp;&nbsp;&nbsp;&nbsp;&nbsp;&nbsp;&nbsp;&nbsp;&nbsp;&nbsp;&nbsp;&nbsp;&nbsp;&nbsp;&nbsp;&nbsp;&nbsp;&nbsp;&nbsp;&nbsp;&nbsp;&nbsp;&nbsp;&nbsp;&nbsp;&nbsp;&nbsp;&nbsp;&nbsp;&nbsp;&nbsp;&nbsp;&nbsp;&nbsp;&nbsp;&nbsp;&nbsp;&nbsp;&nbsp;&nbsp;&nbsp;&nbsp;&nbsp; <\/strong>Sir John Falstaff &nbsp;&nbsp;&nbsp;&nbsp;&nbsp;&nbsp;&nbsp; <strong>Marco Filippo Romano<\/strong><\/p>\n\n\n\n<p>&nbsp;&nbsp;&nbsp;&nbsp;&nbsp;&nbsp;&nbsp;&nbsp;&nbsp;&nbsp;&nbsp;&nbsp;&nbsp;&nbsp;&nbsp;&nbsp;&nbsp;&nbsp;&nbsp;&nbsp;&nbsp;&nbsp;&nbsp;&nbsp;&nbsp;&nbsp;&nbsp;&nbsp;&nbsp;&nbsp;&nbsp;&nbsp;&nbsp;&nbsp;&nbsp;&nbsp;&nbsp;&nbsp;&nbsp;&nbsp;&nbsp;&nbsp;&nbsp;&nbsp;&nbsp;&nbsp;&nbsp;&nbsp;&nbsp;&nbsp;&nbsp;&nbsp;&nbsp;&nbsp;&nbsp;&nbsp;&nbsp;&nbsp;&nbsp;&nbsp;&nbsp;&nbsp;&nbsp;&nbsp;&nbsp;&nbsp; Ford marito d\u2019Alice&nbsp;&nbsp;&nbsp;&nbsp;&nbsp;&nbsp;&nbsp;&nbsp; <strong>Luca Micheletti<\/strong><\/p>\n\n\n\n<p>&nbsp;&nbsp;&nbsp;&nbsp;&nbsp;&nbsp;&nbsp;&nbsp;&nbsp;&nbsp;&nbsp;&nbsp;&nbsp;&nbsp;&nbsp;&nbsp;&nbsp;&nbsp;&nbsp;&nbsp;&nbsp;&nbsp;&nbsp;&nbsp;&nbsp;&nbsp;&nbsp;&nbsp;&nbsp;&nbsp;&nbsp;&nbsp;&nbsp;&nbsp;&nbsp;&nbsp;&nbsp;&nbsp;&nbsp;&nbsp;&nbsp;&nbsp;&nbsp;&nbsp;&nbsp;&nbsp;&nbsp;&nbsp;&nbsp;&nbsp;&nbsp;&nbsp;&nbsp;&nbsp;&nbsp;&nbsp;&nbsp;&nbsp;&nbsp;&nbsp;&nbsp;&nbsp;&nbsp;&nbsp;&nbsp;&nbsp;&nbsp;&nbsp;&nbsp;&nbsp;&nbsp;&nbsp;&nbsp;&nbsp;&nbsp;&nbsp;&nbsp;&nbsp;&nbsp;&nbsp;&nbsp; Fenton &nbsp;&nbsp;&nbsp;&nbsp;&nbsp;&nbsp;&nbsp; <strong>Marco Ciaponi<\/strong><\/p>\n\n\n\n<p>&nbsp;&nbsp;&nbsp;&nbsp;&nbsp;&nbsp;&nbsp;&nbsp;&nbsp;&nbsp;&nbsp;&nbsp;&nbsp;&nbsp;&nbsp;&nbsp;&nbsp;&nbsp;&nbsp;&nbsp;&nbsp;&nbsp;&nbsp;&nbsp;&nbsp;&nbsp;&nbsp;&nbsp;&nbsp;&nbsp;&nbsp;&nbsp;&nbsp;&nbsp;&nbsp;&nbsp;&nbsp;&nbsp;&nbsp;&nbsp;&nbsp;&nbsp;&nbsp;&nbsp;&nbsp;&nbsp;&nbsp;&nbsp;&nbsp;&nbsp;&nbsp;&nbsp;&nbsp;&nbsp;&nbsp;&nbsp;&nbsp;&nbsp;&nbsp;&nbsp;&nbsp;&nbsp;&nbsp;&nbsp;&nbsp;&nbsp;&nbsp;&nbsp;&nbsp;&nbsp;&nbsp;&nbsp; Dottor Cajus&nbsp;&nbsp;&nbsp;&nbsp;&nbsp;&nbsp;&nbsp;&nbsp; <strong>Blagoj Nacoski<\/strong><\/p>\n\n\n\n<p>&nbsp;&nbsp;&nbsp;&nbsp;&nbsp;&nbsp;&nbsp;&nbsp;&nbsp;&nbsp;&nbsp;&nbsp;&nbsp;&nbsp;&nbsp;&nbsp;&nbsp;&nbsp;&nbsp;&nbsp;&nbsp;&nbsp;&nbsp;&nbsp;&nbsp;&nbsp;&nbsp;&nbsp;&nbsp;&nbsp;&nbsp;&nbsp;&nbsp;&nbsp;&nbsp;&nbsp;&nbsp;&nbsp;&nbsp;&nbsp;&nbsp;&nbsp;&nbsp;&nbsp;&nbsp;&nbsp;&nbsp;&nbsp;&nbsp;&nbsp;&nbsp;&nbsp;&nbsp;&nbsp; Bardolfo seguace di Falstaff &nbsp;&nbsp;&nbsp;&nbsp;&nbsp;&nbsp;&nbsp; <strong>Matteo Macchioni<\/strong><\/p>\n\n\n\n<p>&nbsp;&nbsp;&nbsp;&nbsp;&nbsp;&nbsp;&nbsp;&nbsp;&nbsp;&nbsp;&nbsp;&nbsp;&nbsp;&nbsp;&nbsp;&nbsp;&nbsp;&nbsp;&nbsp;&nbsp;&nbsp;&nbsp;&nbsp;&nbsp;&nbsp;&nbsp;&nbsp;&nbsp;&nbsp;&nbsp;&nbsp;&nbsp;&nbsp;&nbsp;&nbsp;&nbsp;&nbsp;&nbsp;&nbsp;&nbsp;&nbsp;&nbsp;&nbsp;&nbsp;&nbsp;&nbsp;&nbsp;&nbsp;&nbsp;&nbsp;&nbsp;&nbsp;&nbsp;&nbsp;&nbsp;&nbsp;&nbsp; Pistola seguace di Falstaff&nbsp;&nbsp;&nbsp;&nbsp;&nbsp;&nbsp;&nbsp;&nbsp; <strong>Mariano Buccino<\/strong><\/p>\n\n\n\n<p>&nbsp;&nbsp;&nbsp;&nbsp;&nbsp;&nbsp;&nbsp;&nbsp;&nbsp;&nbsp;&nbsp;&nbsp;&nbsp;&nbsp;&nbsp;&nbsp;&nbsp;&nbsp;&nbsp;&nbsp;&nbsp;&nbsp;&nbsp;&nbsp;&nbsp;&nbsp;&nbsp;&nbsp;&nbsp;&nbsp;&nbsp;&nbsp;&nbsp;&nbsp;&nbsp;&nbsp;&nbsp;&nbsp;&nbsp;&nbsp;&nbsp;&nbsp;&nbsp;&nbsp;&nbsp;&nbsp;&nbsp;&nbsp;&nbsp;&nbsp;&nbsp;&nbsp;&nbsp;&nbsp;&nbsp;&nbsp;&nbsp;&nbsp;&nbsp;&nbsp;&nbsp;&nbsp;&nbsp;&nbsp;&nbsp;&nbsp;&nbsp;&nbsp;&nbsp; Mrs Alice Ford &nbsp;&nbsp;&nbsp;&nbsp;&nbsp;&nbsp;&nbsp; <strong>Marta<\/strong> <strong>Mari<\/strong><\/p>\n\n\n\n<p>&nbsp;&nbsp;&nbsp;&nbsp;&nbsp;&nbsp;&nbsp;&nbsp;&nbsp;&nbsp;&nbsp;&nbsp;&nbsp;&nbsp;&nbsp;&nbsp;&nbsp;&nbsp;&nbsp;&nbsp;&nbsp;&nbsp;&nbsp;&nbsp;&nbsp;&nbsp;&nbsp;&nbsp;&nbsp;&nbsp;&nbsp;&nbsp;&nbsp;&nbsp;&nbsp;&nbsp;&nbsp;&nbsp;&nbsp;&nbsp;&nbsp;&nbsp;&nbsp;&nbsp;&nbsp;&nbsp;&nbsp; Nannetta figlia di Alice e di Ford &nbsp;&nbsp;&nbsp;&nbsp;&nbsp;&nbsp;&nbsp;&nbsp; <strong>Vittoriana De Amicis<\/strong><\/p>\n\n\n\n<p>&nbsp;&nbsp;&nbsp;&nbsp;&nbsp;&nbsp;&nbsp;&nbsp;&nbsp;&nbsp;&nbsp;&nbsp;&nbsp;&nbsp;&nbsp;&nbsp;&nbsp;&nbsp;&nbsp;&nbsp;&nbsp;&nbsp;&nbsp;&nbsp;&nbsp;&nbsp;&nbsp;&nbsp;&nbsp;&nbsp;&nbsp;&nbsp;&nbsp;&nbsp;&nbsp;&nbsp;&nbsp;&nbsp;&nbsp;&nbsp;&nbsp;&nbsp;&nbsp;&nbsp;&nbsp;&nbsp;&nbsp;&nbsp;&nbsp;&nbsp;&nbsp;&nbsp;&nbsp;&nbsp;&nbsp;&nbsp;&nbsp;&nbsp;&nbsp;&nbsp;&nbsp;&nbsp;&nbsp;&nbsp;&nbsp;&nbsp;&nbsp;&nbsp;&nbsp;&nbsp;&nbsp;&nbsp;&nbsp; Mrs Quickly &nbsp;&nbsp;&nbsp;&nbsp;&nbsp;&nbsp;&nbsp; <strong>Anna Maria Chiuri<\/strong><\/p>\n\n\n\n<p><strong>&nbsp;&nbsp;&nbsp;&nbsp;&nbsp;&nbsp;&nbsp;&nbsp;&nbsp;&nbsp;&nbsp;&nbsp;&nbsp;&nbsp;&nbsp;&nbsp;&nbsp;&nbsp;&nbsp;&nbsp;&nbsp;&nbsp;&nbsp;&nbsp;&nbsp;&nbsp;&nbsp;&nbsp;&nbsp;&nbsp;&nbsp;&nbsp;&nbsp;&nbsp;&nbsp;&nbsp;&nbsp;&nbsp;&nbsp;&nbsp;&nbsp;&nbsp;&nbsp;&nbsp;&nbsp;&nbsp;&nbsp;&nbsp;&nbsp;&nbsp;&nbsp;&nbsp;&nbsp;&nbsp;&nbsp;&nbsp;&nbsp;&nbsp;&nbsp;&nbsp;&nbsp;&nbsp;&nbsp;&nbsp;&nbsp;&nbsp;&nbsp;&nbsp;&nbsp; <\/strong>Mrs Meg Page<strong>&nbsp;&nbsp;&nbsp;&nbsp;&nbsp;&nbsp;&nbsp;&nbsp; Marianna Mappa<\/strong><\/p>\n\n\n\n<p><strong>&nbsp;&nbsp;&nbsp;&nbsp;&nbsp;&nbsp;&nbsp;&nbsp;&nbsp;&nbsp;&nbsp;&nbsp;&nbsp;&nbsp;&nbsp;&nbsp;&nbsp;&nbsp;&nbsp;&nbsp;&nbsp;&nbsp;&nbsp;&nbsp;&nbsp;&nbsp;&nbsp;&nbsp;&nbsp;&nbsp;&nbsp;&nbsp;&nbsp;&nbsp;&nbsp;&nbsp;&nbsp;&nbsp;&nbsp;&nbsp;&nbsp;&nbsp;&nbsp;&nbsp;&nbsp;&nbsp;&nbsp;&nbsp;&nbsp;&nbsp;&nbsp;&nbsp;&nbsp;&nbsp;&nbsp;&nbsp;&nbsp;&nbsp;&nbsp;&nbsp;&nbsp;&nbsp;&nbsp;&nbsp;&nbsp;&nbsp;&nbsp;&nbsp;&nbsp;&nbsp;&nbsp;&nbsp;&nbsp;&nbsp;&nbsp;&nbsp;&nbsp;&nbsp;&nbsp;&nbsp;&nbsp;&nbsp;&nbsp;&nbsp;&nbsp;&nbsp;&nbsp;&nbsp;&nbsp;&nbsp;&nbsp;&nbsp;&nbsp;&nbsp;&nbsp;&nbsp;&nbsp;&nbsp;&nbsp;&nbsp;&nbsp;&nbsp;&nbsp;&nbsp;&nbsp;&nbsp;&nbsp;&nbsp;&nbsp;&nbsp;&nbsp;&nbsp;&nbsp;&nbsp;&nbsp;&nbsp; <\/strong>Mimi<strong>&nbsp;&nbsp;&nbsp;&nbsp;&nbsp;&nbsp; <\/strong>Vittorio Bentivoglio, Marco Bernardi, Maria Diletta Della Martira,<\/p>\n\n\n\n<p>&nbsp;&nbsp;&nbsp;&nbsp;&nbsp;&nbsp;&nbsp;&nbsp;&nbsp;&nbsp;&nbsp;&nbsp;&nbsp;&nbsp;&nbsp;&nbsp;&nbsp;&nbsp;&nbsp;&nbsp;&nbsp;&nbsp;&nbsp;&nbsp;&nbsp;&nbsp;&nbsp;&nbsp;&nbsp;&nbsp;&nbsp;&nbsp;&nbsp;&nbsp;&nbsp;&nbsp;&nbsp;&nbsp;&nbsp;&nbsp;&nbsp;&nbsp;&nbsp;&nbsp;&nbsp;&nbsp;&nbsp;&nbsp;&nbsp;&nbsp;&nbsp;&nbsp;&nbsp;&nbsp;&nbsp;&nbsp;&nbsp;&nbsp;&nbsp;&nbsp;&nbsp;&nbsp;&nbsp;&nbsp;&nbsp;&nbsp;&nbsp;&nbsp;&nbsp;&nbsp;&nbsp;&nbsp;&nbsp;&nbsp;&nbsp;&nbsp;&nbsp;&nbsp;&nbsp;&nbsp;&nbsp;&nbsp;&nbsp;&nbsp;&nbsp;&nbsp;&nbsp;&nbsp;&nbsp;&nbsp;&nbsp;&nbsp;&nbsp;&nbsp;&nbsp;&nbsp;&nbsp;&nbsp;&nbsp;&nbsp;&nbsp;&nbsp;&nbsp;&nbsp;&nbsp;&nbsp;&nbsp;&nbsp;&nbsp;&nbsp;&nbsp;&nbsp;&nbsp;&nbsp;&nbsp;&nbsp;&nbsp;&nbsp;&nbsp;&nbsp;&nbsp;&nbsp;&nbsp;&nbsp;&nbsp;&nbsp;&nbsp;&nbsp;&nbsp;&nbsp;&nbsp;&nbsp;&nbsp;&nbsp;&nbsp;&nbsp;&nbsp; Elisabetta Di Chiara, Luca Montresor, Greta Puggioni,<\/p>\n\n\n\n<p>&nbsp;&nbsp;&nbsp;&nbsp;&nbsp;&nbsp;&nbsp;&nbsp;&nbsp;&nbsp;&nbsp;&nbsp;&nbsp;&nbsp;&nbsp;&nbsp;&nbsp;&nbsp;&nbsp;&nbsp;&nbsp;&nbsp;&nbsp;&nbsp;&nbsp;&nbsp;&nbsp;&nbsp;&nbsp;&nbsp;&nbsp;&nbsp;&nbsp;&nbsp;&nbsp;&nbsp;&nbsp;&nbsp;&nbsp;&nbsp;&nbsp;&nbsp;&nbsp;&nbsp;&nbsp;&nbsp;&nbsp;&nbsp;&nbsp;&nbsp;&nbsp;&nbsp;&nbsp;&nbsp;&nbsp;&nbsp;&nbsp;&nbsp;&nbsp;&nbsp;&nbsp;&nbsp;&nbsp;&nbsp;&nbsp;&nbsp;&nbsp;&nbsp;&nbsp;&nbsp;&nbsp;&nbsp;&nbsp;&nbsp;&nbsp;&nbsp;&nbsp;&nbsp;&nbsp;&nbsp;&nbsp;&nbsp;&nbsp;&nbsp;&nbsp;&nbsp;&nbsp;&nbsp;&nbsp;&nbsp;&nbsp;&nbsp;&nbsp;&nbsp;&nbsp;&nbsp;&nbsp;&nbsp;&nbsp;&nbsp;&nbsp;&nbsp;&nbsp;&nbsp;&nbsp;&nbsp;&nbsp;&nbsp;&nbsp;&nbsp;&nbsp;&nbsp;&nbsp;&nbsp;&nbsp;&nbsp;&nbsp;&nbsp;&nbsp;&nbsp;&nbsp;&nbsp;&nbsp;&nbsp;&nbsp;&nbsp;&nbsp;&nbsp;&nbsp;&nbsp;&nbsp;&nbsp;&nbsp;&nbsp;&nbsp;&nbsp;&nbsp; Consuelo Scappi, Bekim Spahija<\/p>\n\n\n\n<p>&nbsp;&nbsp;&nbsp;&nbsp;&nbsp;&nbsp;&nbsp;&nbsp;&nbsp;&nbsp;&nbsp;&nbsp;&nbsp;&nbsp;&nbsp;&nbsp;&nbsp;&nbsp;&nbsp;&nbsp;&nbsp;&nbsp;&nbsp;&nbsp;&nbsp;&nbsp;&nbsp;&nbsp;&nbsp;&nbsp;&nbsp;&nbsp;&nbsp;&nbsp;&nbsp;&nbsp;&nbsp;&nbsp;&nbsp;&nbsp;&nbsp;&nbsp;&nbsp;&nbsp;&nbsp;&nbsp;&nbsp;&nbsp;&nbsp;&nbsp;&nbsp;&nbsp;&nbsp;&nbsp;&nbsp;&nbsp;&nbsp;&nbsp;&nbsp;&nbsp;&nbsp;&nbsp;&nbsp;&nbsp;&nbsp;&nbsp;&nbsp;&nbsp;&nbsp;&nbsp;&nbsp;&nbsp;&nbsp;&nbsp;&nbsp;&nbsp;&nbsp;&nbsp;&nbsp;&nbsp;&nbsp;&nbsp;&nbsp;&nbsp;&nbsp;&nbsp;&nbsp;&nbsp;&nbsp;&nbsp;&nbsp;&nbsp;&nbsp;&nbsp;&nbsp;&nbsp; Figuranti Minori&nbsp;&nbsp;&nbsp;&nbsp;&nbsp;&nbsp;&nbsp;&nbsp;&nbsp;&nbsp;&nbsp; Margherita Cappello, Edoardo Furlattini, Iris Sallaku<\/p>\n\n\n\n<p>Orchestra, Coro e Tecnici di Fondazione Arena di Verona<\/p>\n\n\n\n<p>Maestro del Coro <strong>Roberto Gabbiani<\/strong><\/p>\n\n\n\n<p>Direttore Allestimenti Scenici <strong>Michele Olcese<\/strong><\/p>\n\n\n\n<p>Allestimento del Teatro Regio di Parma<\/p>\n\n\n\n<p>Tempi di spettacolo<\/p>\n\n\n\n<p><em>Atti I e II 85\u2019 circa<\/em> \u2013 <em>intervallo<\/em> \u2013 <em>Atto III 45\u2019 circa<\/em><\/p>\n\n\n\n<p>foto<\/p>\n\n\n\n<figure class=\"wp-block-gallery has-nested-images columns-default is-cropped wp-block-gallery-1 is-layout-flex wp-block-gallery-is-layout-flex\">\n<figure class=\"wp-block-image size-large\"><a href=\"https:\/\/www.ecoitaliano.com.ar\/wp-content\/uploads\/2026\/03\/0357_FalstaffFV2025Parma_c_RobertoRicci.jpg\"><img decoding=\"async\" width=\"676\" height=\"1024\" data-id=\"87462\" src=\"https:\/\/www.ecoitaliano.com.ar\/wp-content\/uploads\/2026\/03\/0357_FalstaffFV2025Parma_c_RobertoRicci-676x1024.jpg\" alt=\"\" class=\"wp-image-87462\" srcset=\"https:\/\/www.ecoitaliano.com.ar\/wp-content\/uploads\/2026\/03\/0357_FalstaffFV2025Parma_c_RobertoRicci-676x1024.jpg 676w, https:\/\/www.ecoitaliano.com.ar\/wp-content\/uploads\/2026\/03\/0357_FalstaffFV2025Parma_c_RobertoRicci-198x300.jpg 198w, https:\/\/www.ecoitaliano.com.ar\/wp-content\/uploads\/2026\/03\/0357_FalstaffFV2025Parma_c_RobertoRicci-768x1163.jpg 768w, https:\/\/www.ecoitaliano.com.ar\/wp-content\/uploads\/2026\/03\/0357_FalstaffFV2025Parma_c_RobertoRicci-1015x1536.jpg 1015w, https:\/\/www.ecoitaliano.com.ar\/wp-content\/uploads\/2026\/03\/0357_FalstaffFV2025Parma_c_RobertoRicci-1353x2048.jpg 1353w, https:\/\/www.ecoitaliano.com.ar\/wp-content\/uploads\/2026\/03\/0357_FalstaffFV2025Parma_c_RobertoRicci.jpg 1691w\" sizes=\"(max-width: 676px) 100vw, 676px\" \/><\/a><\/figure>\n\n\n\n<figure class=\"wp-block-image size-large\"><a href=\"https:\/\/www.ecoitaliano.com.ar\/wp-content\/uploads\/2026\/03\/0794_FalstaffFV2025Parma_c_RobertoRicci.jpg\"><img decoding=\"async\" width=\"1024\" height=\"676\" data-id=\"87463\" src=\"https:\/\/www.ecoitaliano.com.ar\/wp-content\/uploads\/2026\/03\/0794_FalstaffFV2025Parma_c_RobertoRicci-1024x676.jpg\" alt=\"\" class=\"wp-image-87463\" srcset=\"https:\/\/www.ecoitaliano.com.ar\/wp-content\/uploads\/2026\/03\/0794_FalstaffFV2025Parma_c_RobertoRicci-1024x676.jpg 1024w, https:\/\/www.ecoitaliano.com.ar\/wp-content\/uploads\/2026\/03\/0794_FalstaffFV2025Parma_c_RobertoRicci-300x198.jpg 300w, https:\/\/www.ecoitaliano.com.ar\/wp-content\/uploads\/2026\/03\/0794_FalstaffFV2025Parma_c_RobertoRicci-768x507.jpg 768w, https:\/\/www.ecoitaliano.com.ar\/wp-content\/uploads\/2026\/03\/0794_FalstaffFV2025Parma_c_RobertoRicci-1536x1015.jpg 1536w, https:\/\/www.ecoitaliano.com.ar\/wp-content\/uploads\/2026\/03\/0794_FalstaffFV2025Parma_c_RobertoRicci-2048x1353.jpg 2048w\" sizes=\"(max-width: 1024px) 100vw, 1024px\" \/><\/a><\/figure>\n\n\n\n<figure class=\"wp-block-image size-large\"><a href=\"https:\/\/www.ecoitaliano.com.ar\/wp-content\/uploads\/2026\/03\/1157_FalstaffFV2025Parma_c_RobertoRicci.jpg\"><img decoding=\"async\" width=\"1024\" height=\"676\" data-id=\"87464\" src=\"https:\/\/www.ecoitaliano.com.ar\/wp-content\/uploads\/2026\/03\/1157_FalstaffFV2025Parma_c_RobertoRicci-1024x676.jpg\" alt=\"\" class=\"wp-image-87464\" srcset=\"https:\/\/www.ecoitaliano.com.ar\/wp-content\/uploads\/2026\/03\/1157_FalstaffFV2025Parma_c_RobertoRicci-1024x676.jpg 1024w, https:\/\/www.ecoitaliano.com.ar\/wp-content\/uploads\/2026\/03\/1157_FalstaffFV2025Parma_c_RobertoRicci-300x198.jpg 300w, https:\/\/www.ecoitaliano.com.ar\/wp-content\/uploads\/2026\/03\/1157_FalstaffFV2025Parma_c_RobertoRicci-768x507.jpg 768w, https:\/\/www.ecoitaliano.com.ar\/wp-content\/uploads\/2026\/03\/1157_FalstaffFV2025Parma_c_RobertoRicci-1536x1015.jpg 1536w, https:\/\/www.ecoitaliano.com.ar\/wp-content\/uploads\/2026\/03\/1157_FalstaffFV2025Parma_c_RobertoRicci-2048x1353.jpg 2048w\" sizes=\"(max-width: 1024px) 100vw, 1024px\" \/><\/a><\/figure>\n\n\n\n<figure class=\"wp-block-image size-large\"><a href=\"https:\/\/www.ecoitaliano.com.ar\/wp-content\/uploads\/2026\/03\/trincanato-trespidi-grazioli-spirei-gabbiani.jpg\"><img decoding=\"async\" width=\"1024\" height=\"768\" data-id=\"87465\" src=\"https:\/\/www.ecoitaliano.com.ar\/wp-content\/uploads\/2026\/03\/trincanato-trespidi-grazioli-spirei-gabbiani-1024x768.jpg\" alt=\"\" class=\"wp-image-87465\" srcset=\"https:\/\/www.ecoitaliano.com.ar\/wp-content\/uploads\/2026\/03\/trincanato-trespidi-grazioli-spirei-gabbiani-1024x768.jpg 1024w, https:\/\/www.ecoitaliano.com.ar\/wp-content\/uploads\/2026\/03\/trincanato-trespidi-grazioli-spirei-gabbiani-300x225.jpg 300w, https:\/\/www.ecoitaliano.com.ar\/wp-content\/uploads\/2026\/03\/trincanato-trespidi-grazioli-spirei-gabbiani-768x576.jpg 768w, https:\/\/www.ecoitaliano.com.ar\/wp-content\/uploads\/2026\/03\/trincanato-trespidi-grazioli-spirei-gabbiani-1536x1152.jpg 1536w, https:\/\/www.ecoitaliano.com.ar\/wp-content\/uploads\/2026\/03\/trincanato-trespidi-grazioli-spirei-gabbiani-2048x1536.jpg 2048w\" sizes=\"(max-width: 1024px) 100vw, 1024px\" \/><\/a><\/figure>\n<\/figure>\n\n\n\n<figure class=\"wp-block-gallery has-nested-images columns-default is-cropped wp-block-gallery-2 is-layout-flex wp-block-gallery-is-layout-flex\">\n<figure class=\"wp-block-image size-large\"><a href=\"https:\/\/www.ecoitaliano.com.ar\/wp-content\/uploads\/2026\/03\/AV_2026_Locandina_Musica_e_Cinema_260107_01_CR_compressed.jpg\"><img decoding=\"async\" width=\"721\" height=\"1024\" data-id=\"87466\" src=\"https:\/\/www.ecoitaliano.com.ar\/wp-content\/uploads\/2026\/03\/AV_2026_Locandina_Musica_e_Cinema_260107_01_CR_compressed-721x1024.jpg\" alt=\"\" class=\"wp-image-87466\" srcset=\"https:\/\/www.ecoitaliano.com.ar\/wp-content\/uploads\/2026\/03\/AV_2026_Locandina_Musica_e_Cinema_260107_01_CR_compressed-721x1024.jpg 721w, https:\/\/www.ecoitaliano.com.ar\/wp-content\/uploads\/2026\/03\/AV_2026_Locandina_Musica_e_Cinema_260107_01_CR_compressed-211x300.jpg 211w, https:\/\/www.ecoitaliano.com.ar\/wp-content\/uploads\/2026\/03\/AV_2026_Locandina_Musica_e_Cinema_260107_01_CR_compressed-768x1090.jpg 768w, https:\/\/www.ecoitaliano.com.ar\/wp-content\/uploads\/2026\/03\/AV_2026_Locandina_Musica_e_Cinema_260107_01_CR_compressed-1082x1536.jpg 1082w, https:\/\/www.ecoitaliano.com.ar\/wp-content\/uploads\/2026\/03\/AV_2026_Locandina_Musica_e_Cinema_260107_01_CR_compressed-1442x2048.jpg 1442w, https:\/\/www.ecoitaliano.com.ar\/wp-content\/uploads\/2026\/03\/AV_2026_Locandina_Musica_e_Cinema_260107_01_CR_compressed.jpg 1803w\" sizes=\"(max-width: 721px) 100vw, 721px\" \/><\/a><\/figure>\n\n\n\n<figure class=\"wp-block-image size-large\"><a href=\"https:\/\/www.ecoitaliano.com.ar\/wp-content\/uploads\/2026\/03\/incontri_approfondimento_TF2026.jpg\"><img decoding=\"async\" width=\"718\" height=\"1024\" data-id=\"87468\" src=\"https:\/\/www.ecoitaliano.com.ar\/wp-content\/uploads\/2026\/03\/incontri_approfondimento_TF2026-718x1024.jpg\" alt=\"\" class=\"wp-image-87468\" srcset=\"https:\/\/www.ecoitaliano.com.ar\/wp-content\/uploads\/2026\/03\/incontri_approfondimento_TF2026-718x1024.jpg 718w, https:\/\/www.ecoitaliano.com.ar\/wp-content\/uploads\/2026\/03\/incontri_approfondimento_TF2026-210x300.jpg 210w, https:\/\/www.ecoitaliano.com.ar\/wp-content\/uploads\/2026\/03\/incontri_approfondimento_TF2026-768x1096.jpg 768w, https:\/\/www.ecoitaliano.com.ar\/wp-content\/uploads\/2026\/03\/incontri_approfondimento_TF2026-1076x1536.jpg 1076w, https:\/\/www.ecoitaliano.com.ar\/wp-content\/uploads\/2026\/03\/incontri_approfondimento_TF2026-1435x2048.jpg 1435w, https:\/\/www.ecoitaliano.com.ar\/wp-content\/uploads\/2026\/03\/incontri_approfondimento_TF2026.jpg 1794w\" sizes=\"(max-width: 718px) 100vw, 718px\" \/><\/a><\/figure>\n\n\n\n<figure class=\"wp-block-image size-large\"><a href=\"https:\/\/www.ecoitaliano.com.ar\/wp-content\/uploads\/2026\/03\/locandina-Falstaff-exe-print.jpg\"><img decoding=\"async\" width=\"723\" height=\"1024\" data-id=\"87469\" src=\"https:\/\/www.ecoitaliano.com.ar\/wp-content\/uploads\/2026\/03\/locandina-Falstaff-exe-print-723x1024.jpg\" alt=\"\" class=\"wp-image-87469\" srcset=\"https:\/\/www.ecoitaliano.com.ar\/wp-content\/uploads\/2026\/03\/locandina-Falstaff-exe-print-723x1024.jpg 723w, https:\/\/www.ecoitaliano.com.ar\/wp-content\/uploads\/2026\/03\/locandina-Falstaff-exe-print-212x300.jpg 212w, https:\/\/www.ecoitaliano.com.ar\/wp-content\/uploads\/2026\/03\/locandina-Falstaff-exe-print-768x1087.jpg 768w, https:\/\/www.ecoitaliano.com.ar\/wp-content\/uploads\/2026\/03\/locandina-Falstaff-exe-print-1085x1536.jpg 1085w, https:\/\/www.ecoitaliano.com.ar\/wp-content\/uploads\/2026\/03\/locandina-Falstaff-exe-print-1446x2048.jpg 1446w, https:\/\/www.ecoitaliano.com.ar\/wp-content\/uploads\/2026\/03\/locandina-Falstaff-exe-print.jpg 1808w\" sizes=\"(max-width: 723px) 100vw, 723px\" \/><\/a><\/figure>\n<\/figure>\n","protected":false},"excerpt":{"rendered":"<p>Ufficio Stampa&nbsp;&nbsp;&nbsp;&nbsp;&nbsp;&nbsp;&nbsp;&nbsp;&nbsp;&nbsp;&nbsp;&nbsp;&nbsp;&nbsp;&nbsp;&nbsp;&nbsp;&nbsp;&nbsp;&nbsp;&nbsp;&nbsp;&nbsp;&nbsp;&nbsp;&nbsp;&nbsp;&nbsp;&nbsp;&nbsp;&nbsp;&nbsp;&nbsp;&nbsp;&nbsp;&nbsp;&nbsp;&nbsp;&nbsp;&nbsp;&nbsp;&nbsp;&nbsp;&nbsp;&nbsp;&nbsp;&nbsp;&nbsp;&nbsp;&nbsp;&nbsp;&nbsp;&nbsp;&nbsp;&nbsp;&nbsp;&nbsp;&nbsp;&nbsp;&nbsp;&nbsp;&nbsp;&nbsp;&nbsp;&nbsp;&nbsp;&nbsp;&nbsp;&nbsp;&nbsp;&nbsp;&nbsp;&nbsp;&nbsp;&nbsp;&nbsp;&nbsp;&nbsp;&nbsp;&nbsp;&nbsp;&nbsp;&nbsp;&nbsp;&nbsp;&nbsp;&nbsp;&nbsp;&nbsp;&nbsp;&nbsp;&nbsp;&nbsp;&nbsp;&nbsp;&nbsp;&nbsp;&nbsp;&nbsp;&nbsp;&nbsp;&nbsp;&nbsp;&nbsp;&nbsp;&nbsp;&nbsp;&nbsp;&nbsp;&nbsp;&nbsp;&nbsp;&nbsp;&nbsp;&nbsp;&nbsp;&nbsp;&nbsp;&nbsp;&nbsp;&nbsp;&nbsp;&nbsp;&nbsp;&nbsp;&nbsp;&nbsp;&nbsp;&nbsp;&nbsp;&nbsp;&nbsp;&nbsp;&nbsp; 17\/03\/2026 La commedia lirica tratta da Shakespeare torna a Verona dopo 15 anni. Quattro recite dal 22 al [&hellip;]<\/p>\n","protected":false},"author":1,"featured_media":0,"comment_status":"open","ping_status":"open","sticky":false,"template":"","format":"standard","meta":{"footnotes":""},"categories":[1],"tags":[],"class_list":["post-87459","post","type-post","status-publish","format-standard","hentry","category-sin-categoria"],"_links":{"self":[{"href":"https:\/\/www.ecoitaliano.com.ar\/index.php?rest_route=\/wp\/v2\/posts\/87459","targetHints":{"allow":["GET"]}}],"collection":[{"href":"https:\/\/www.ecoitaliano.com.ar\/index.php?rest_route=\/wp\/v2\/posts"}],"about":[{"href":"https:\/\/www.ecoitaliano.com.ar\/index.php?rest_route=\/wp\/v2\/types\/post"}],"author":[{"embeddable":true,"href":"https:\/\/www.ecoitaliano.com.ar\/index.php?rest_route=\/wp\/v2\/users\/1"}],"replies":[{"embeddable":true,"href":"https:\/\/www.ecoitaliano.com.ar\/index.php?rest_route=%2Fwp%2Fv2%2Fcomments&post=87459"}],"version-history":[{"count":1,"href":"https:\/\/www.ecoitaliano.com.ar\/index.php?rest_route=\/wp\/v2\/posts\/87459\/revisions"}],"predecessor-version":[{"id":87470,"href":"https:\/\/www.ecoitaliano.com.ar\/index.php?rest_route=\/wp\/v2\/posts\/87459\/revisions\/87470"}],"wp:attachment":[{"href":"https:\/\/www.ecoitaliano.com.ar\/index.php?rest_route=%2Fwp%2Fv2%2Fmedia&parent=87459"}],"wp:term":[{"taxonomy":"category","embeddable":true,"href":"https:\/\/www.ecoitaliano.com.ar\/index.php?rest_route=%2Fwp%2Fv2%2Fcategories&post=87459"},{"taxonomy":"post_tag","embeddable":true,"href":"https:\/\/www.ecoitaliano.com.ar\/index.php?rest_route=%2Fwp%2Fv2%2Ftags&post=87459"}],"curies":[{"name":"wp","href":"https:\/\/api.w.org\/{rel}","templated":true}]}}