{"id":87471,"date":"2026-03-17T15:59:35","date_gmt":"2026-03-17T15:59:35","guid":{"rendered":"https:\/\/www.ecoitaliano.com.ar\/?p=87471"},"modified":"2026-03-17T15:59:37","modified_gmt":"2026-03-17T15:59:37","slug":"serena-conduce-operaclassica-eco-italiano-5078","status":"publish","type":"post","link":"https:\/\/www.ecoitaliano.com.ar\/?p=87471","title":{"rendered":"Serena conduce operaclassica eco italiano"},"content":{"rendered":"\n<figure class=\"wp-block-image size-large is-resized\"><a href=\"https:\/\/www.ecoitaliano.com.ar\/wp-content\/uploads\/2026\/03\/image-26.png\"><img decoding=\"async\" width=\"1024\" height=\"251\" src=\"https:\/\/www.ecoitaliano.com.ar\/wp-content\/uploads\/2026\/03\/image-26-1024x251.png\" alt=\"\" class=\"wp-image-87472\" style=\"width:288px;height:auto\" srcset=\"https:\/\/www.ecoitaliano.com.ar\/wp-content\/uploads\/2026\/03\/image-26-1024x251.png 1024w, https:\/\/www.ecoitaliano.com.ar\/wp-content\/uploads\/2026\/03\/image-26-300x74.png 300w, https:\/\/www.ecoitaliano.com.ar\/wp-content\/uploads\/2026\/03\/image-26-768x188.png 768w, https:\/\/www.ecoitaliano.com.ar\/wp-content\/uploads\/2026\/03\/image-26-1536x377.png 1536w, https:\/\/www.ecoitaliano.com.ar\/wp-content\/uploads\/2026\/03\/image-26-2048x502.png 2048w\" sizes=\"(max-width: 1024px) 100vw, 1024px\" \/><\/a><\/figure>\n\n\n\n<p><strong>COMUNICATO STAMPA<\/strong><\/p>\n\n\n\n<p><strong>La<em> Petite Messe Solennelle, <\/em>testamento spirituale di Rossini, al Teatro Massimo il 19 marzo nella versione originale da camera con il Coro del Teatro e un cast di rilievo. A dirigerla il maestro Salvatore Punturo.<\/strong><\/p>\n\n\n\n<p><em>Palermo, 17 marzo 2026<\/em>. Prosegue nel segno di <strong>Gioachino Rossini<\/strong> la programmazione del <strong>Teatro Massimo di Palermo<\/strong> che in questi giorni sta dedicando un vero e proprio focus al genio di Pesaro attraverso diversi linguaggi e spazi. In Sala Grande volgono al termine le recite della monumentale <strong><em>Semiramide<\/em><\/strong> e in Sala ONU continua fino alla fine del mese lo spettacolo <strong><em>Le nuvole di carta <\/em><\/strong>(ispirato proprio alle atmosfere rossiniane). Adesso la stagione sinfonica propone un nuovo, prezioso tassello: <strong>gioved\u00ec 19 marzo alle 20.30<\/strong>, sar\u00e0 la volta della <strong><em>Petite Messe Solennelle<\/em>, <\/strong>presentata nella sua <strong>versione originale da camera<\/strong>. Scritta nel 1863, ben trentaquattro anni dopo l&#8217;addio di Rossini alle scene operistiche con il <em>Guillaume Tell<\/em>, la <em>Petite Messe Solennelle<\/em> \u00e8 un\u2019opera ricca di contrasti sin dal titolo. \u00abPiccola\u00bb per l\u2019organico, ma \u00absolenne\u00bb per l&#8217;architettura monumentale e l\u2019ampiezza dell\u2019ispirazione, \u00e8 un viaggio spirituale che parte dal severo <em>Kyrie <\/em>iniziale per approdare al celebre e struggente <em>Agnus Dei<\/em> finale. Rossini, ormai lontano dalle scene teatrali da decenni, vi infuse tutto il suo sapere musicale. Nella celebre dedica a Dio, cos\u00ec scriveva con il consueto spirito: <em>\u00abEro nato per l\u2019opera buffa, lo sai bene! Poca scienza, un poco di cuore, ecco tutto\u00bb<\/em>. Eppure, dietro questa apparente modestia, la <em>Petite Messe<\/em> rappresenta uno dei vertici della musica sacra dell&#8217;Ottocento, un&#8217;opera intrisa di spiritualit\u00e0, ironia e una modernit\u00e0 che guarda gi\u00e0 al Novecento.<\/p>\n\n\n\n<p>La direzione della <strong><em>Petite Messe <\/em><\/strong>\u00e8 affidata a <strong>Salvatore Punturo<\/strong>, Maestro del <strong>Coro del Teatro Massimo <\/strong>dal 2022 e musicista di vasta esperienza con una carriera che spazia dal Portogallo agli Stati Uniti e collaborazioni con direttori come Riccardo Muti e Zubin Mehta. L&#8217;organico strumentale rispetta la volont\u00e0 rossiniana di un <em>ensemble<\/em> raccolto ma di straordinaria efficacia espressiva: ai pianoforti siederanno <strong>Giuseppe Cin\u00e0<\/strong> (primo pianoforte) e <strong>Claudio Marchetti <\/strong>(secondo pianoforte), mentre all&#8217;harmonium ci sar\u00e0 <strong>Pasquale Lo Cascio<\/strong>. Insieme al <strong>Coro<\/strong>, per le parti solistiche il Teatro Massimo schiera <strong>un quartetto di interpreti <\/strong>di rilievo: la purezza vocale del soprano <strong>Licia Piermatteo<\/strong>, talento emergente gi\u00e0 protagonista al Festival Verdi e al Puccini di Torre del Lago; l\u2019autorevolezza del mezzosoprano catanese <strong>Jos\u00e9 Maria Lo Monaco<\/strong>, applaudita nei pi\u00f9 grandi teatri, dalla Scala all\u2019Op\u00e9ra de Paris e specialista del repertorio rossiniano; la brillantezza del tenore <strong>Pavel Kolgatin<\/strong>, interprete di riferimento per i ruoli del belcanto; e l\u2019esperienza del baritono cileno <strong>Christian Senn<\/strong>, interprete mozartiano e rossiniano tra i pi\u00f9 richiesti nei massimi palcoscenici europei.<\/p>\n\n\n\n<p><strong>Info<\/strong>: <a href=\"https:\/\/www.teatromassimo.it\/event\/rossini-petite-messe-solennelle\/\">https:\/\/www.teatromassimo.it\/event\/rossini-petite-messe-solennelle\/<\/a><\/p>\n\n\n\n<p>Ufficio Stampa&nbsp;&nbsp;&nbsp;&nbsp;&nbsp; &nbsp;&nbsp;&nbsp;&nbsp;&nbsp;&nbsp;&nbsp;&nbsp;&nbsp;&nbsp;&nbsp;&nbsp;&nbsp;&nbsp;&nbsp;&nbsp;&nbsp;&nbsp;&nbsp;&nbsp;&nbsp;&nbsp;&nbsp;&nbsp;&nbsp;&nbsp;&nbsp;&nbsp;&nbsp;&nbsp;&nbsp;&nbsp;&nbsp;&nbsp;&nbsp;&nbsp;&nbsp;&nbsp;&nbsp;&nbsp;&nbsp;&nbsp;&nbsp;&nbsp;&nbsp;&nbsp;&nbsp;&nbsp;&nbsp;&nbsp;&nbsp;&nbsp;&nbsp;&nbsp;&nbsp;&nbsp;&nbsp;&nbsp;&nbsp;&nbsp;&nbsp;&nbsp;&nbsp;&nbsp;&nbsp;&nbsp;&nbsp;&nbsp;&nbsp;&nbsp;&nbsp;&nbsp;&nbsp;&nbsp;&nbsp;&nbsp;&nbsp;&nbsp;&nbsp;&nbsp;&nbsp;&nbsp;&nbsp;&nbsp;&nbsp;&nbsp;&nbsp;&nbsp;&nbsp;&nbsp;<\/p>\n\n\n\n<p>Fondazione Teatro Massimo Giovannella Brancato stampa@teatromassimo.it<\/p>\n\n\n\n<p>foto<\/p>\n\n\n\n<figure class=\"wp-block-gallery has-nested-images columns-default is-cropped wp-block-gallery-1 is-layout-flex wp-block-gallery-is-layout-flex\">\n<figure class=\"wp-block-image size-large\"><a href=\"https:\/\/www.ecoitaliano.com.ar\/wp-content\/uploads\/2026\/03\/Christian-Senn-\u252c\u00ae-Elena-Sconfietti-Elena-Rouge-Photography.jpg\"><img decoding=\"async\" width=\"683\" height=\"1024\" data-id=\"87473\" src=\"https:\/\/www.ecoitaliano.com.ar\/wp-content\/uploads\/2026\/03\/Christian-Senn-\u252c\u00ae-Elena-Sconfietti-Elena-Rouge-Photography-683x1024.jpg\" alt=\"\" class=\"wp-image-87473\" srcset=\"https:\/\/www.ecoitaliano.com.ar\/wp-content\/uploads\/2026\/03\/Christian-Senn-\u252c\u00ae-Elena-Sconfietti-Elena-Rouge-Photography-683x1024.jpg 683w, https:\/\/www.ecoitaliano.com.ar\/wp-content\/uploads\/2026\/03\/Christian-Senn-\u252c\u00ae-Elena-Sconfietti-Elena-Rouge-Photography-200x300.jpg 200w, https:\/\/www.ecoitaliano.com.ar\/wp-content\/uploads\/2026\/03\/Christian-Senn-\u252c\u00ae-Elena-Sconfietti-Elena-Rouge-Photography-768x1152.jpg 768w, https:\/\/www.ecoitaliano.com.ar\/wp-content\/uploads\/2026\/03\/Christian-Senn-\u252c\u00ae-Elena-Sconfietti-Elena-Rouge-Photography-1024x1536.jpg 1024w, https:\/\/www.ecoitaliano.com.ar\/wp-content\/uploads\/2026\/03\/Christian-Senn-\u252c\u00ae-Elena-Sconfietti-Elena-Rouge-Photography-1365x2048.jpg 1365w, https:\/\/www.ecoitaliano.com.ar\/wp-content\/uploads\/2026\/03\/Christian-Senn-\u252c\u00ae-Elena-Sconfietti-Elena-Rouge-Photography.jpg 1400w\" sizes=\"(max-width: 683px) 100vw, 683px\" \/><\/a><\/figure>\n\n\n\n<figure class=\"wp-block-image size-large\"><a href=\"https:\/\/www.ecoitaliano.com.ar\/wp-content\/uploads\/2026\/03\/CORO-Teatro-Massimo-Palermo-\u252c\u00ae-rosellina-garbo-2025_RG_5618.jpg\"><img decoding=\"async\" width=\"1024\" height=\"683\" data-id=\"87474\" src=\"https:\/\/www.ecoitaliano.com.ar\/wp-content\/uploads\/2026\/03\/CORO-Teatro-Massimo-Palermo-\u252c\u00ae-rosellina-garbo-2025_RG_5618-1024x683.jpg\" alt=\"\" class=\"wp-image-87474\" srcset=\"https:\/\/www.ecoitaliano.com.ar\/wp-content\/uploads\/2026\/03\/CORO-Teatro-Massimo-Palermo-\u252c\u00ae-rosellina-garbo-2025_RG_5618-1024x683.jpg 1024w, https:\/\/www.ecoitaliano.com.ar\/wp-content\/uploads\/2026\/03\/CORO-Teatro-Massimo-Palermo-\u252c\u00ae-rosellina-garbo-2025_RG_5618-300x200.jpg 300w, https:\/\/www.ecoitaliano.com.ar\/wp-content\/uploads\/2026\/03\/CORO-Teatro-Massimo-Palermo-\u252c\u00ae-rosellina-garbo-2025_RG_5618-768x512.jpg 768w, https:\/\/www.ecoitaliano.com.ar\/wp-content\/uploads\/2026\/03\/CORO-Teatro-Massimo-Palermo-\u252c\u00ae-rosellina-garbo-2025_RG_5618.jpg 1344w\" sizes=\"(max-width: 1024px) 100vw, 1024px\" \/><\/a><figcaption class=\"wp-element-caption\">ph \u00a9 rosellina garbo<\/figcaption><\/figure>\n\n\n\n<figure class=\"wp-block-image size-large\"><a href=\"https:\/\/www.ecoitaliano.com.ar\/wp-content\/uploads\/2026\/03\/Jose\u2560C-Maria-Lo-Monaco-\u252c\u00ae-Francesco-Squeglia.jpg\"><img decoding=\"async\" width=\"682\" height=\"1024\" data-id=\"87475\" src=\"https:\/\/www.ecoitaliano.com.ar\/wp-content\/uploads\/2026\/03\/Jose\u2560C-Maria-Lo-Monaco-\u252c\u00ae-Francesco-Squeglia-682x1024.jpg\" alt=\"\" class=\"wp-image-87475\" srcset=\"https:\/\/www.ecoitaliano.com.ar\/wp-content\/uploads\/2026\/03\/Jose\u2560C-Maria-Lo-Monaco-\u252c\u00ae-Francesco-Squeglia-682x1024.jpg 682w, https:\/\/www.ecoitaliano.com.ar\/wp-content\/uploads\/2026\/03\/Jose\u2560C-Maria-Lo-Monaco-\u252c\u00ae-Francesco-Squeglia-200x300.jpg 200w, https:\/\/www.ecoitaliano.com.ar\/wp-content\/uploads\/2026\/03\/Jose\u2560C-Maria-Lo-Monaco-\u252c\u00ae-Francesco-Squeglia-768x1154.jpg 768w, https:\/\/www.ecoitaliano.com.ar\/wp-content\/uploads\/2026\/03\/Jose\u2560C-Maria-Lo-Monaco-\u252c\u00ae-Francesco-Squeglia-1022x1536.jpg 1022w, https:\/\/www.ecoitaliano.com.ar\/wp-content\/uploads\/2026\/03\/Jose\u2560C-Maria-Lo-Monaco-\u252c\u00ae-Francesco-Squeglia-1363x2048.jpg 1363w, https:\/\/www.ecoitaliano.com.ar\/wp-content\/uploads\/2026\/03\/Jose\u2560C-Maria-Lo-Monaco-\u252c\u00ae-Francesco-Squeglia.jpg 1704w\" sizes=\"(max-width: 682px) 100vw, 682px\" \/><\/a><\/figure>\n\n\n\n<figure class=\"wp-block-image size-large\"><a href=\"https:\/\/www.ecoitaliano.com.ar\/wp-content\/uploads\/2026\/03\/Licia-Piermatteo.jpeg\"><img decoding=\"async\" width=\"948\" height=\"746\" data-id=\"87476\" src=\"https:\/\/www.ecoitaliano.com.ar\/wp-content\/uploads\/2026\/03\/Licia-Piermatteo.jpeg\" alt=\"\" class=\"wp-image-87476\" srcset=\"https:\/\/www.ecoitaliano.com.ar\/wp-content\/uploads\/2026\/03\/Licia-Piermatteo.jpeg 948w, https:\/\/www.ecoitaliano.com.ar\/wp-content\/uploads\/2026\/03\/Licia-Piermatteo-300x236.jpeg 300w, https:\/\/www.ecoitaliano.com.ar\/wp-content\/uploads\/2026\/03\/Licia-Piermatteo-768x604.jpeg 768w\" sizes=\"(max-width: 948px) 100vw, 948px\" \/><\/a><\/figure>\n\n\n\n<figure class=\"wp-block-image size-large\"><a href=\"https:\/\/www.ecoitaliano.com.ar\/wp-content\/uploads\/2026\/03\/Pavel-Kolgatin.tiff\"><img decoding=\"async\" data-id=\"87477\" src=\"https:\/\/www.ecoitaliano.com.ar\/wp-content\/uploads\/2026\/03\/Pavel-Kolgatin.tiff\" alt=\"\" class=\"wp-image-87477\"\/><\/a><\/figure>\n<\/figure>\n","protected":false},"excerpt":{"rendered":"<p>COMUNICATO STAMPA La Petite Messe Solennelle, testamento spirituale di Rossini, al Teatro Massimo il 19 marzo nella versione originale da [&hellip;]<\/p>\n","protected":false},"author":1,"featured_media":0,"comment_status":"open","ping_status":"open","sticky":false,"template":"","format":"standard","meta":{"footnotes":""},"categories":[1],"tags":[],"class_list":["post-87471","post","type-post","status-publish","format-standard","hentry","category-sin-categoria"],"_links":{"self":[{"href":"https:\/\/www.ecoitaliano.com.ar\/index.php?rest_route=\/wp\/v2\/posts\/87471","targetHints":{"allow":["GET"]}}],"collection":[{"href":"https:\/\/www.ecoitaliano.com.ar\/index.php?rest_route=\/wp\/v2\/posts"}],"about":[{"href":"https:\/\/www.ecoitaliano.com.ar\/index.php?rest_route=\/wp\/v2\/types\/post"}],"author":[{"embeddable":true,"href":"https:\/\/www.ecoitaliano.com.ar\/index.php?rest_route=\/wp\/v2\/users\/1"}],"replies":[{"embeddable":true,"href":"https:\/\/www.ecoitaliano.com.ar\/index.php?rest_route=%2Fwp%2Fv2%2Fcomments&post=87471"}],"version-history":[{"count":1,"href":"https:\/\/www.ecoitaliano.com.ar\/index.php?rest_route=\/wp\/v2\/posts\/87471\/revisions"}],"predecessor-version":[{"id":87478,"href":"https:\/\/www.ecoitaliano.com.ar\/index.php?rest_route=\/wp\/v2\/posts\/87471\/revisions\/87478"}],"wp:attachment":[{"href":"https:\/\/www.ecoitaliano.com.ar\/index.php?rest_route=%2Fwp%2Fv2%2Fmedia&parent=87471"}],"wp:term":[{"taxonomy":"category","embeddable":true,"href":"https:\/\/www.ecoitaliano.com.ar\/index.php?rest_route=%2Fwp%2Fv2%2Fcategories&post=87471"},{"taxonomy":"post_tag","embeddable":true,"href":"https:\/\/www.ecoitaliano.com.ar\/index.php?rest_route=%2Fwp%2Fv2%2Ftags&post=87471"}],"curies":[{"name":"wp","href":"https:\/\/api.w.org\/{rel}","templated":true}]}}