{"id":87528,"date":"2026-03-19T09:36:37","date_gmt":"2026-03-19T09:36:37","guid":{"rendered":"https:\/\/www.ecoitaliano.com.ar\/?p=87528"},"modified":"2026-03-19T09:36:37","modified_gmt":"2026-03-19T09:36:37","slug":"deco-presenta-il-payoff-imagine-spaces","status":"publish","type":"post","link":"https:\/\/www.ecoitaliano.com.ar\/?p=87528","title":{"rendered":"D\u00e9co presenta il payoff \u201cImagine Spaces\u201d"},"content":{"rendered":"\n<figure class=\"wp-block-table\"><table class=\"has-fixed-layout\"><tbody><tr><td><img decoding=\"async\" width=\"180\" src=\"https:\/\/ci3.googleusercontent.com\/meips\/ADKq_NYoev5i8u9ED9rsDQeGjk3TYeE9rf0N-Y597VPtoK9SKkTuQfIPrq389IdvGn5Gn8qoC-9wmZuvi0Dso66dGwX2Hpq73aMSMQgoj3MYV7s-Sz2MExKCp8CVKv-XKeqBCifHw1CU-HXUnRKUVhHXpRI8l7o=s0-d-e1-ft#https:\/\/4k8ae.img.ag.d.sendibm3.com\/im\/sh\/-zKk90LpN7e0.png?u=WtVElij8PJZGcPbYZ8ZMhiMEK1x2N57a\" alt=\"Vincenti &amp; Volont\u00e9\"><br><strong>D\u00e9co presenta il payoff \u201cImagine Spaces\u201d<\/strong><br><strong>Una nuova visione del progetto tra immaginazione, design e spazio<\/strong><br><a href=\"https:\/\/4k8ae.r.ag.d.sendibm3.com\/mk\/cl\/f\/sh\/1t6Af4OiGsDg0mBEPJFA0DU6zZgQrq\/YImrhZIhL6UJ\" target=\"_blank\" rel=\"noreferrer noopener\">Download cartella stampa<\/a>D\u00e9co presenta\u00a0<strong><em>Imagine Spaces<\/em><\/strong>, payoff che esprime la visione evolutiva dell&#8217;azienda e il suo posizionamento nel mondo del progetto contemporaneo. Non solo leader nel settore superfici e soluzioni tecniche, ma anche\u00a0<strong>interlocutore progettuale capace di contribuire alla creazione degli spazi<\/strong>.<br><br>Questo payoff segna l&#8217;inizio di una nuova fase di comunicazione per il brand e sar\u00e0 al centro di tre importanti iniziative: la prima\u00a0<strong>campagna televisiva D\u00e9co sulle reti Mediaset<\/strong>, on air dal 15 marzo 2026, l&#8217;<strong>evento Fuorisalone<\/strong>\u00a0presso lo showroom aziendale D\u00e9coroom a Milano, nel cuore di Brera, e un percorso di\u00a0<strong>comunicazione su testate di architettura, design e lifestyle<\/strong>.<br><img decoding=\"async\" width=\"560\" src=\"https:\/\/ci3.googleusercontent.com\/meips\/ADKq_NbpPySPERQP6RxYNL8l6ItdDLIc3ZE9xPTzNW2-6PxydHqyQyURAGTDG6TfE31hIrbv0I_VkdZFoeXMcxJdyyVHz3MAfYpswz-OpyzveYRtRJ5C6lWLAFAkXg8S3-RCD8X3nQqP09SFwuFZxVDF2jwO6pP6=s0-d-e1-ft#https:\/\/4k8ae.img.ag.d.sendibm3.com\/im\/sh\/iJI5X-O-_Ax6.jpeg?u=WtVElij8PJZGgWbyMy6ZZ0qYsUPRBiWA\"><img decoding=\"async\" width=\"212\" src=\"https:\/\/ci3.googleusercontent.com\/meips\/ADKq_NbG4ZNNhEu5-MO2xCV_UeG6j9kbirVDiOg8e89ucCR9HtEXx8zx-ga0d-qvodJO-4SDXz7RG_a2wbohT8TdpCuZjuYN4UdqA-kl9z0pCe3S9ZEMaHyu4hrckoGmJgwwUAaILgmQQidljSOnYJzJztYV2Dg=s0-d-e1-ft#https:\/\/4k8ae.img.ag.d.sendibm3.com\/im\/sh\/5z6sIQ2Zyrqw.jpg?u=WtVElij8PJZGdKGyxzM4tYgkRgigKYXi\">Fondata nel 2010 a Bergamo, D\u00e9co si \u00e8 affermata come una realt\u00e0 italiana tra le pi\u00f9 innovative nel settore dei\u00a0<strong>rivestimenti e superfici per indoor e outdoor<\/strong>, grazie alla capacit\u00e0 di coniugare design, tecnologia e ascolto del mercato. Oggi l\u2019azienda opera nei settori residenziale, pubblico e contract con una rete di oltre\u00a0<strong>1.500 rivenditori<\/strong>\u00a0e una presenza in pi\u00f9 di\u00a0<strong>15 Paesi<\/strong>.Nel corso della sua crescita, D\u00e9co ha progressivamente ampliato il proprio campo d&#8217;azione sviluppando sistemi e collezioni capaci di dialogare con l&#8217;architettura contemporanea e con le esigenze dei progettisti.\u00adIn questo contesto nasce\u00a0<strong><em>Imagine Spaces<\/em><\/strong>, un payoff che rappresenta prima di tutto una\u00a0<strong>dichiarazione di metodo<\/strong>.<br>Il progetto prende infatti forma da un gesto immaginativo: uno spazio pensato, immaginato e progettato prima di diventare realt\u00e0. Le soluzioni D\u00e9co si inseriscono proprio in questo processo, offrendo\u00a0<strong>strumenti concreti per trasformare la visione progettuale in spazi da vivere<\/strong>.<br>Con i sistemi per l\u2019outdoor \u2014 decking, rivestimenti di facciata, controsoffitti e frangisole \u2014 l\u2019azienda contribuisce alla progettazione di spazi esterni accoglienti, durevoli e dal forte carattere architettonico. Le collezioni per interni propongono pavimenti e rivestimenti capaci di rinnovare e valorizzare gli ambienti attraverso design contemporaneo, elevata cura estetica e soluzioni progettate per una posa semplice ed efficiente.<br><br>Il payoff trover\u00e0 una prima interpretazione progettuale nel percorso espositivo che D\u00e9co presenter\u00e0 durante il\u00a0<strong>Fuorisalone presso D\u00e9coroom<\/strong>, lo showroom aziendale in via Goito 3 a Milano,\u00a0<strong>dal 20 al 25 aprile 2026<\/strong>. L\u2019installazione, intitolata \u201c<em><strong>IMAGINE SPACES \u2013 Essere Progetto tra visione e spazio<\/strong><\/em>\u201d, racconter\u00e0 il design come processo dinamico e narrativo in cui immaginazione, materia e spazio si intrecciano.<br><br>Con Imagine Spaces,\u00a0<strong>D\u00e9co<\/strong>\u00a0rafforza la propria identit\u00e0 e il proprio ruolo nel panorama del design contemporaneo: un\u00a0<strong>partner culturale e progettuale<\/strong>\u00a0per architetti, designer e professionisti,\u00a0<strong>interprete di un modo di pensare e costruire gli spazi<\/strong>.<a href=\"https:\/\/4k8ae.r.ag.d.sendibm3.com\/mk\/cl\/f\/sh\/1t6Af4OiGsE8LUNenfL5ATXwNOfAZu\/GU2QYG2WLF9_\" target=\"_blank\" rel=\"noreferrer noopener\">Download cartella stampa<\/a>Cliccando sul bottone rosso verr\u00e0 scaricata la cartella stampa con il comunicato completo e immagini a corredo.<br>Per ulteriori informazioni o necessit\u00e0 sono a disposizione.Grazie e buon lavoro,<br>Valentina<br>&#8212;<br>\u00a0<br>Valentina Vincenti<br><a href=\"mailto:valentina.v@mdip.it\" target=\"_blank\" rel=\"noreferrer noopener\">valentina.v@mdip.it<\/a>&#8212;<strong>Ultime news<\/strong><a href=\"https:\/\/4k8ae.r.ag.d.sendibm3.com\/mk\/cl\/f\/sh\/1t6Af4OiGsEagCa5C1R0KjbllDduHy\/pHPOeFLa-f4S\" target=\"_blank\" rel=\"noreferrer noopener\"><\/a><strong>D\u00e9co<\/strong>\u00a0al Fuorisalone \/ Brera<em>IMAGINE SPACES \u2013 Essere Progetto tra visione e spazio<\/em>\u00ad<a href=\"https:\/\/4k8ae.r.ag.d.sendibm3.com\/mk\/cl\/f\/sh\/1t6Af4OiGsF30umVaNWvUzfb92ce02\/IUPQrSE33Srb\" target=\"_blank\" rel=\"noreferrer noopener\"><\/a><strong>Slamp<\/strong>\u00a0alla CIFF Contemporary Design Fairdi Guangzhou &#8211; Cina\u00ad&#8211;<br>Press office &amp; PR<br>Vincenti &amp; Volont\u00e9<br>via Sem Benelli 16\/A &#8211; 20151 Milano &#8211; Italy<br><a href=\"mailto:press@mdip.it\" target=\"_blank\" rel=\"noreferrer noopener\"><u>press@mdip.it<\/u><\/a>\u00a0&#8211;\u00a0<a href=\"https:\/\/4k8ae.r.ag.d.sendibm3.com\/mk\/cl\/f\/sh\/1t6Af4OiGsFVLcyvyjcqfFjQWrbNi6\/Vh1CaqKoYxZg\" target=\"_blank\" rel=\"noreferrer noopener\"><u>www.mdip.it<\/u><\/a><a href=\"https:\/\/4k8ae.r.ag.d.sendibm3.com\/mk\/cl\/f\/sh\/1t6Af4OiGsFxgLBMN5ilpVnFuga7QA\/omnb3nzQ7cJe\" target=\"_blank\" rel=\"noreferrer noopener\"><\/a>\u00ad<a href=\"https:\/\/4k8ae.r.ag.d.sendibm3.com\/mk\/cl\/f\/sh\/1t6Af4OiGsGQ13NmlRogzlr5IVYr8E\/YKPf_krOKKNY\" target=\"_blank\" rel=\"noreferrer noopener\"><\/a><a href=\"https:\/\/4k8ae.r.ag.d.sendibm3.com\/mk\/un\/v2\/sh\/1t6AVsdYhqSR1t1UsZrDBitgh7Pkby\/CGYuNohKF7fd\" target=\"_blank\" rel=\"noreferrer noopener\">Cancellati qui<\/a><a href=\"https:\/\/4k8ae.r.ag.d.sendibm3.com\/mk\/cl\/f\/sh\/1t6Af4OiGsGsLlaD9nucA1uugKXaqI\/ay533g_sK3Fp\" target=\"_blank\" rel=\"noreferrer noopener\"><\/a><\/td><\/tr><\/tbody><\/table><\/figure>\n","protected":false},"excerpt":{"rendered":"<p>D\u00e9co presenta il payoff \u201cImagine Spaces\u201dUna nuova visione del progetto tra immaginazione, design e spazioDownload cartella stampaD\u00e9co presenta\u00a0Imagine Spaces, payoff [&hellip;]<\/p>\n","protected":false},"author":1,"featured_media":0,"comment_status":"open","ping_status":"open","sticky":false,"template":"","format":"standard","meta":{"footnotes":""},"categories":[2],"tags":[],"class_list":["post-87528","post","type-post","status-publish","format-standard","hentry","category-informacion"],"_links":{"self":[{"href":"https:\/\/www.ecoitaliano.com.ar\/index.php?rest_route=\/wp\/v2\/posts\/87528","targetHints":{"allow":["GET"]}}],"collection":[{"href":"https:\/\/www.ecoitaliano.com.ar\/index.php?rest_route=\/wp\/v2\/posts"}],"about":[{"href":"https:\/\/www.ecoitaliano.com.ar\/index.php?rest_route=\/wp\/v2\/types\/post"}],"author":[{"embeddable":true,"href":"https:\/\/www.ecoitaliano.com.ar\/index.php?rest_route=\/wp\/v2\/users\/1"}],"replies":[{"embeddable":true,"href":"https:\/\/www.ecoitaliano.com.ar\/index.php?rest_route=%2Fwp%2Fv2%2Fcomments&post=87528"}],"version-history":[{"count":1,"href":"https:\/\/www.ecoitaliano.com.ar\/index.php?rest_route=\/wp\/v2\/posts\/87528\/revisions"}],"predecessor-version":[{"id":87529,"href":"https:\/\/www.ecoitaliano.com.ar\/index.php?rest_route=\/wp\/v2\/posts\/87528\/revisions\/87529"}],"wp:attachment":[{"href":"https:\/\/www.ecoitaliano.com.ar\/index.php?rest_route=%2Fwp%2Fv2%2Fmedia&parent=87528"}],"wp:term":[{"taxonomy":"category","embeddable":true,"href":"https:\/\/www.ecoitaliano.com.ar\/index.php?rest_route=%2Fwp%2Fv2%2Fcategories&post=87528"},{"taxonomy":"post_tag","embeddable":true,"href":"https:\/\/www.ecoitaliano.com.ar\/index.php?rest_route=%2Fwp%2Fv2%2Ftags&post=87528"}],"curies":[{"name":"wp","href":"https:\/\/api.w.org\/{rel}","templated":true}]}}