{"id":87533,"date":"2026-03-19T12:12:49","date_gmt":"2026-03-19T12:12:49","guid":{"rendered":"https:\/\/www.ecoitaliano.com.ar\/?p=87533"},"modified":"2026-03-19T12:12:49","modified_gmt":"2026-03-19T12:12:49","slug":"comunicato-stampa-47","status":"publish","type":"post","link":"https:\/\/www.ecoitaliano.com.ar\/?p=87533","title":{"rendered":"COMUNICATO STAMPA"},"content":{"rendered":"\n<h2 class=\"wp-block-heading\">\u00a0Centenario di \u00abOssi di seppia\u00bb<\/h2>\n\n\n\n<h2 class=\"wp-block-heading\">la poesia di Eugenio Montale unisce Italia e Albania<\/h2>\n\n\n\n<h2 class=\"wp-block-heading\">in un ponte culturale tra le due sponde dell\u2019Adriatico<\/h2>\n\n\n\n<figure class=\"wp-block-gallery has-nested-images columns-default is-cropped wp-block-gallery-1 is-layout-flex wp-block-gallery-is-layout-flex\">\n<figure class=\"wp-block-image size-large\"><a href=\"https:\/\/www.ecoitaliano.com.ar\/wp-content\/uploads\/2026\/03\/montale-italia-albania.jpg\"><img decoding=\"async\" width=\"960\" height=\"720\" data-id=\"87534\" src=\"https:\/\/www.ecoitaliano.com.ar\/wp-content\/uploads\/2026\/03\/montale-italia-albania.jpg\" alt=\"\" class=\"wp-image-87534\" srcset=\"https:\/\/www.ecoitaliano.com.ar\/wp-content\/uploads\/2026\/03\/montale-italia-albania.jpg 960w, https:\/\/www.ecoitaliano.com.ar\/wp-content\/uploads\/2026\/03\/montale-italia-albania-300x225.jpg 300w, https:\/\/www.ecoitaliano.com.ar\/wp-content\/uploads\/2026\/03\/montale-italia-albania-768x576.jpg 768w\" sizes=\"(max-width: 960px) 100vw, 960px\" \/><\/a><\/figure>\n\n\n\n<figure class=\"wp-block-image size-large\"><a href=\"https:\/\/www.ecoitaliano.com.ar\/wp-content\/uploads\/2026\/03\/Copertina-Volume-Montale.jpg\"><img decoding=\"async\" width=\"500\" height=\"667\" data-id=\"87535\" src=\"https:\/\/www.ecoitaliano.com.ar\/wp-content\/uploads\/2026\/03\/Copertina-Volume-Montale.jpg\" alt=\"\" class=\"wp-image-87535\" srcset=\"https:\/\/www.ecoitaliano.com.ar\/wp-content\/uploads\/2026\/03\/Copertina-Volume-Montale.jpg 500w, https:\/\/www.ecoitaliano.com.ar\/wp-content\/uploads\/2026\/03\/Copertina-Volume-Montale-225x300.jpg 225w\" sizes=\"(max-width: 500px) 100vw, 500px\" \/><\/a><\/figure>\n<\/figure>\n\n\n\n<p><br>Si \u00e8 svolto con successo l\u2019incontro di approfondimento letterario e poetico dedicato a&nbsp;<strong>Eugenio Montale<\/strong>, che ha visto protagonisti gli studenti di un istituto di&nbsp;<strong>Kor\u00e7\u00eb<\/strong>, in Albania, in collegamento con la giornalista e scrittrice&nbsp;<strong>Stefania Romito<\/strong>. Un evento che non \u00e8 stato solo una celebrazione accademica, ma un vero e proprio \u00abponte\u00bb culturale, capace di unire le due sponde del mare nel segno della grande poesia novecentesca.<\/p>\n\n\n\n<p>L\u2019evento si colloca nell\u2019ambito del&nbsp;<strong>Progetto Scientifico Internazionale \u201cMontale Ossi di Seppia Centenario\u201d<\/strong>, ideato e curato dalla stessa Romito. Il progetto trova la sua massima espressione editoriale nel volume collettaneo&nbsp;<em>\u201cEugenio Montale \u2013 Tra il mal di vivere e il mare\u201d<\/em>&nbsp;(Collana Nuovo Rinascimento Milano, Passerino Editore), opera che raccoglie i contributi di illustri studiosi internazionali.<\/p>\n\n\n\n<p>L\u2019iniziativa \u00e8 stata organizzata dal&nbsp;<strong>prof. Arjan Kallco<\/strong>&nbsp;e dalla&nbsp;<strong>dott.ssa Jorida Tolkuci<\/strong>, direttrice della&nbsp;<strong>Biblioteca \u201cThimi Mitko\u201d di Kor\u00e7\u00eb<\/strong>. Entrambi gli intellettuali figurano tra i saggisti del volume collettaneo e rappresentano figure chiave nel dialogo culturale tra Italia e Albania. La loro mediazione ha permesso agli studenti albanesi \u2014 che coltivano con straordinaria dedizione lo studio della lingua e della letteratura italiana \u2014 di immergersi nella \u00abscabra essenzialit\u00e0\u00bb montaliana.<\/p>\n\n\n\n<p>Durante l&#8217;incontro, Stefania Romito ha guidato i ragazzi lungo i sentieri aridi della Liguria montaliana, ripercorrendo la genesi di&nbsp;<em>Ossi di seppia<\/em>, pubblicato nel 1925 dall\u2019editore Piero Gobetti. Un atto di coraggio intellettuale in un\u2019epoca di oscurantismo. Particolare enfasi \u00e8 stata posta sul concetto di&nbsp;<strong>Correlativo Oggettivo<\/strong>&nbsp;e sulla capacit\u00e0 di Montale di trasformare oggetti umili e quotidiani in simboli universali dell&#8217;esistenza umana.<\/p>\n\n\n\n<p>Un momento di profonda commozione ha caratterizzato l\u2019evento quando gli studenti albanesi hanno recitato alcune delle liriche pi\u00f9 celebri di Montale. La loro interpretazione, carica di trasporto e partecipazione emotiva, ha dimostrato una comprensione profonda del messaggio del poeta ligure, abbattendo ogni barriera linguistica. Attraverso le loro voci, i \u00abcocci aguzzi di bottiglia\u00bb e il profumo dei \u00ablimoni\u00bb hanno smesso di essere solo letteratura per diventare esperienza viva, dimostrando quanto il messaggio montaliano di onest\u00e0 e dignit\u00e0 sia universale e senza tempo.<\/p>\n\n\n\n<p>Il legame tra Montale e l&#8217;area balcanica vanta radici storiche profonde: nel&nbsp;<strong>1973<\/strong>, infatti, il poeta fu insignito della \u00abCorona d&#8217;Oro\u00bb al&nbsp;<strong>Festival Internazionale della Poesia di Struga<\/strong>&nbsp;(Macedonia del Nord). A suggellare questa importante collaborazione, \u00e8 stato annunciato che la&nbsp;prossima edizione del volume collettaneo&nbsp;sar\u00e0 impreziosita dalle riflessioni e dalle analisi prodotte proprio dagli studenti albanesi. I loro contributi rappresenteranno un valore aggiunto alla pubblicazione scientifica, sancendo un legame indissolubile tra le due sponde dell\u2019Adriatico.<\/p>\n\n\n\n<p>Il mare Adriatico, che separa geograficamente l&#8217;Italia e l&#8217;Albania, si trasforma oggi in un elemento di unione. Non \u00e8 pi\u00f9 il confine invalicabile o il testimone del \u00abmal di vivere\u00bb, ma una distesa che riflette la luce di un \u00abvarco\u00bb comune. Perch\u00e9 Montale ancora oggi ci ricorda che anche quando la vita sembra un deserto di pietre aride, esiste sempre la possibilit\u00e0 di un recupero.<\/p>\n\n\n\n<p>Grazie alla passione del prof. Kallco, della dott.ssa Tolkuci e di questi splendidi studenti, la voce di Montale continua a \u00abrifiorire\u00bb tra le due sponde, insegnandoci che la vera libert\u00e0 sta nel guardare la realt\u00e0 senza filtri e nel non smettere mai di cercare la propria luce.<\/p>\n\n\n\n<p>Il mare, elemento centrale nella poetica di&nbsp;<em>Ossi di seppia<\/em>, cessa di essere un limite invalicabile per diventare, in questo progetto, lo spazio di un incontro possibile. Il Progetto Scientifico Internazionale proseguir\u00e0 ora il suo tour toccando citt\u00e0 come&nbsp;<strong>Torino, Firenze, Savona e la Costiera Amalfitana<\/strong>, con un atteso ritorno a Milano il 25 aprile in occasione del Fuori Salone in un evento organizzato presso l&#8217;Associazione \u00abVerso un Nuovo Rinascimento\u00bb, ente proponente del Progetto insieme all\u2019Associazione culturale Ophelia\u2019s friends Cultural Projects.<\/p>\n\n\n\n<p>Attraverso l&#8217;impegno del prof. Kallco e della dott.ssa Tolkuci, e grazie al trasporto degli studenti di Kor\u00e7\u00eb, il mare che separa l&#8217;Italia dall&#8217;Albania si \u00e8 fatto oggi ponte di anime e parole. La testimonianza di Montale continua cos\u00ec a vivere e a ispirare, insegnando alle nuove generazioni che la dignit\u00e0 dell&#8217;uomo nasce dalla ricerca onesta della verit\u00e0 e dal desiderio inesauribile di trovare la propria luce, anche tra le pietre aride dell&#8217;esistenza.<\/p>\n\n\n\n<p>&#8212;<\/p>\n\n\n\n<p><em>Segreteria &#8211; Progetto Scientifico Internazionale \u00abMontale Ossi di Seppia Centenario\u00bb<\/em><\/p>\n\n\n\n<p>Associazione culturale \u201cOphelia\u2019s friends Cultural Projects\u201d<\/p>\n\n\n\n<p>e-mail:&nbsp;<a href=\"mailto:opheliasfriendscp@gmail.com\" target=\"_blank\" rel=\"noreferrer noopener\">opheliasfriendscp@gmail.com<\/a><\/p>\n","protected":false},"excerpt":{"rendered":"<p>\u00a0Centenario di \u00abOssi di seppia\u00bb la poesia di Eugenio Montale unisce Italia e Albania in un ponte culturale tra le [&hellip;]<\/p>\n","protected":false},"author":1,"featured_media":0,"comment_status":"open","ping_status":"open","sticky":false,"template":"","format":"standard","meta":{"footnotes":""},"categories":[22],"tags":[],"class_list":["post-87533","post","type-post","status-publish","format-standard","hentry","category-libros-y-revistas-literatura"],"_links":{"self":[{"href":"https:\/\/www.ecoitaliano.com.ar\/index.php?rest_route=\/wp\/v2\/posts\/87533","targetHints":{"allow":["GET"]}}],"collection":[{"href":"https:\/\/www.ecoitaliano.com.ar\/index.php?rest_route=\/wp\/v2\/posts"}],"about":[{"href":"https:\/\/www.ecoitaliano.com.ar\/index.php?rest_route=\/wp\/v2\/types\/post"}],"author":[{"embeddable":true,"href":"https:\/\/www.ecoitaliano.com.ar\/index.php?rest_route=\/wp\/v2\/users\/1"}],"replies":[{"embeddable":true,"href":"https:\/\/www.ecoitaliano.com.ar\/index.php?rest_route=%2Fwp%2Fv2%2Fcomments&post=87533"}],"version-history":[{"count":1,"href":"https:\/\/www.ecoitaliano.com.ar\/index.php?rest_route=\/wp\/v2\/posts\/87533\/revisions"}],"predecessor-version":[{"id":87536,"href":"https:\/\/www.ecoitaliano.com.ar\/index.php?rest_route=\/wp\/v2\/posts\/87533\/revisions\/87536"}],"wp:attachment":[{"href":"https:\/\/www.ecoitaliano.com.ar\/index.php?rest_route=%2Fwp%2Fv2%2Fmedia&parent=87533"}],"wp:term":[{"taxonomy":"category","embeddable":true,"href":"https:\/\/www.ecoitaliano.com.ar\/index.php?rest_route=%2Fwp%2Fv2%2Fcategories&post=87533"},{"taxonomy":"post_tag","embeddable":true,"href":"https:\/\/www.ecoitaliano.com.ar\/index.php?rest_route=%2Fwp%2Fv2%2Ftags&post=87533"}],"curies":[{"name":"wp","href":"https:\/\/api.w.org\/{rel}","templated":true}]}}