{"id":88084,"date":"2026-03-29T19:49:23","date_gmt":"2026-03-29T19:49:23","guid":{"rendered":"https:\/\/www.ecoitaliano.com.ar\/?p=88084"},"modified":"2026-03-29T19:49:24","modified_gmt":"2026-03-29T19:49:24","slug":"poste-e-tim-la-nascita-del-campione-nazionale-digitale","status":"publish","type":"post","link":"https:\/\/www.ecoitaliano.com.ar\/?p=88084","title":{"rendered":"\u200bPoste e Tim: la nascita del campione nazionale digitale"},"content":{"rendered":"\n<figure class=\"wp-block-table\"><table class=\"has-fixed-layout\"><tbody><tr><td><em>Carlo Di Stanislao<\/em><\/td><\/tr><\/tbody><\/table><\/figure>\n\n\n<div class=\"wp-block-image\">\n<figure class=\"aligncenter size-full\"><a href=\"http:\/\/www.ecoitaliano.com.ar\/wp-content\/uploads\/2026\/03\/descarga-3.jpeg\"><img decoding=\"async\" width=\"225\" height=\"225\" src=\"http:\/\/www.ecoitaliano.com.ar\/wp-content\/uploads\/2026\/03\/descarga-3.jpeg\" alt=\"\" class=\"wp-image-87673\" srcset=\"https:\/\/www.ecoitaliano.com.ar\/wp-content\/uploads\/2026\/03\/descarga-3.jpeg 225w, https:\/\/www.ecoitaliano.com.ar\/wp-content\/uploads\/2026\/03\/descarga-3-150x150.jpeg 150w\" sizes=\"(max-width: 225px) 100vw, 225px\" \/><\/a><\/figure><\/div>\n\n\n<h3 class=\"wp-block-heading\">\u200b\u00bb<em>Il mondo \u00e8 nelle mani di coloro che hanno il coraggio di sognare e di correre il rischio di vivere i propri sogni.\u00bb \u2014 Paulo Coelho<\/em><\/h3>\n\n\n\n<p>\u200bL&#8217;economia italiana sta attraversando una delle fasi pi\u00f9 trasformative della sua storia recente. Quello che inizialmente poteva apparire come un semplice riassetto societario si \u00e8 rivelato essere l&#8217;atto di nascita di un ecosistema integrato senza precedenti. L&#8217;operazione che vede Poste Italiane assorbire Telecom Italia non rappresenta soltanto un passaggio di propriet\u00e0 o una fusione tra due giganti, ma la creazione di quello che molti analisti definiscono il \u00absistema nervoso\u00bb del Paese. Unire la capillarit\u00e0 fisica degli uffici postali alla potenza infrastrutturale della rete di telecomunicazioni significa ridisegnare i confini tra logistica, finanza e connettivit\u00e0.<\/p>\n\n\n\n<h2 class=\"wp-block-heading\">\u200bOltre il corrispettivo economico: la visione di un polo integrato<\/h2>\n\n\n\n<p>\u200bRidurre questa integrazione a una mera operazione finanziaria sarebbe un errore di prospettiva. Certamente, il consolidamento dei bilanci e la creazione di valore per gli azionisti restano obiettivi primari, ma il vero cuore del progetto risiede nelle sinergie industriali. Immaginiamo un&#8217;Italia in cui ogni cittadino, anche nel borgo pi\u00f9 isolato, possa accedere a servizi finanziari avanzati, identit\u00e0 digitale e connettivit\u00e0 ultra-veloce attraverso un unico interlocutore.<\/p>\n\n\n\n<p>\u200bPoste Italiane, guidata da una visione che negli anni l&#8217;ha trasformata da operatore di corrispondenza a piattaforma di servizi, trova in Tim il pezzo mancante del puzzle: l&#8217;infrastruttura tecnologica. Questa unione permette di abbattere i silos che tradizionalmente dividevano la distribuzione fisica da quella digitale. Il risultato \u00e8 un soggetto capace di competere con i grandi player internazionali, proponendosi come una sorta di \u00abAmazon italiana\u00bb ma con una forte vocazione di servizio pubblico e presidio territoriale.<\/p>\n\n\n\n<h2 class=\"wp-block-heading\">\u200bLa nuova frontiera delle seimila torri e il futuro del 5G<\/h2>\n\n\n\n<p>\u200bAl centro di questa rivoluzione industriale si staglia una sfida ingegneristica e strategica monumentale: la costruzione di una nuova rete passiva composta da seimila torri di trasmissione. Questo piano non \u00e8 soltanto un numero su un documento programmatico, ma rappresenta la spina dorsale della connettivit\u00e0 di nuova generazione per l&#8217;intero territorio nazionale. La decisione di avviare una joint venture mirata alla realizzazione di questi seimila nuovi siti segna un punto di rottura con il passato e con i vecchi modelli di gestione delle torri.<\/p>\n\n\n\n<p>\u200bL&#8217;obiettivo \u00e8 duplice. Da un lato, si punta a una copertura capillare che elimini definitivamente le \u00abzone d&#8217;ombra\u00bb del Paese, portando la tecnologia 5G anche nelle aree rurali e nei distretti industriali finora penalizzati. Dall&#8217;altro, queste seimila torri rappresentano un asset di propriet\u00e0 strategica che permette al nuovo gruppo di svincolarsi dalle rigidit\u00e0 dei contratti d&#8217;affitto con le vecchie towerco. La costruzione \u00abin casa\u00bb di questa infrastruttura garantisce al polo Poste-Tim un controllo totale sulla qualit\u00e0 del segnale e sulla velocit\u00e0 di implementazione dei nuovi servizi.<\/p>\n\n\n\n<h2 class=\"wp-block-heading\">\u200bSostenibilit\u00e0 ed equilibrio: salute umana e impatto elettromagnetico<\/h2>\n\n\n\n<p>\u200bL&#8217;ambizioso piano di espansione infrastrutturale porta con s\u00e9 una responsabilit\u00e0 imprescindibile: la tutela della salute umana e l&#8217;integrit\u00e0 del paesaggio. La costruzione di seimila nuove torri solleva inevitabilmente interrogativi sull&#8217;impatto ecologico e sul monitoraggio delle radiazioni elettromagnetiche. In questo scenario, il nuovo polo Poste-Tim si trova a dover gestire una sfida etica oltre che tecnica.<\/p>\n\n\n\n<p>\u200bL&#8217;approccio adottato punta su una tecnologia di ultima generazione che permette una gestione dinamica delle potenze di trasmissione. A differenza delle vecchie reti, le nuove infrastrutture sono progettate per ottimizzare l&#8217;emissione elettromagnetica, concentrando il segnale solo dove e quando necessario, riducendo cos\u00ec l&#8217;esposizione passiva della popolazione. Il monitoraggio costante, effettuato in collaborazione con le agenzie regionali per l&#8217;ambiente, diventa una garanzia di trasparenza per i cittadini. La sfida \u00e8 dimostrare che il progresso digitale non \u00e8 in contrasto con il benessere fisico, ma che anzi, attraverso una sensoristica avanzata posizionata proprio su quelle torri, \u00e8 possibile monitorare meglio la qualit\u00e0 dell&#8217;aria e altri parametri ambientali a beneficio della collettivit\u00e0.<\/p>\n\n\n\n<h2 class=\"wp-block-heading\">\u200bSovranit\u00e0 digitale e il controllo dei dati strategici<\/h2>\n\n\n\n<p>\u200bIn un mondo dove il dato \u00e8 diventato la risorsa pi\u00f9 preziosa, il controllo delle reti cloud e dei data center non \u00e8 pi\u00f9 solo una questione di efficienza aziendale, ma di sicurezza nazionale. L&#8217;assorbimento di Tim permette allo Stato, attraverso Poste, di blindare la gestione delle informazioni sensibili della Pubblica Amministrazione e dei cittadini.<\/p>\n\n\n\n<p>\u200bIl Polo Strategico Nazionale diventa cos\u00ec il cuore pulsante di una nuova sovranit\u00e0 digitale. Non si tratta di chiudere le porte alle tecnologie estere, ma di garantire che le fondamenta su cui poggia la digitalizzazione del Paese siano governate da logiche nazionali e non soggette esclusivamente alle fluttuazioni del mercato globale o alle decisioni di board stranieri. \u00c8 una sfida che riguarda la protezione della privacy e l&#8217;autonomia tecnologica in un&#8217;epoca di crescenti tensioni geopolitiche.<\/p>\n\n\n\n<h2 class=\"wp-block-heading\">\u200bLa guerra delle infrastrutture e il nuovo assetto dei mercati<\/h2>\n\n\n\n<p>\u200bMentre si consuma questa grande unione e si pianifica l&#8217;espansione delle nuove torri, un altro fronte resta caldo: quello del contenzioso con i partner storici. La recente mossa di Tim di mettere in discussione gli accordi con Inwit segnala una volont\u00e0 precisa di ridefinire i costi e le partnership. La tensione tra la ricerca di efficienza operativa e la rigidit\u00e0 dei contratti di lungo periodo mette in luce quanto sia complessa la gestione delle torri di trasmissione preesistenti.<\/p>\n\n\n\n<p>\u200bL&#8217;orientamento verso nuove alleanze suggerisce che il futuro polo Poste-Tim non vuole essere un monolite isolato, ma un attore dinamico capace di stringere accordi tattici per accelerare la copertura. La battaglia legale e commerciale in corso sulle scadenze contrattuali \u00e8 il segnale di un mercato che sta cercando un nuovo equilibrio, dove la propriet\u00e0 dei siti di trasmissione \u00e8 un asset strategico da difendere con ogni mezzo per non restare schiavi di tariffe e condizioni imposte da terzi.<\/p>\n\n\n\n<h2 class=\"wp-block-heading\">\u200bL&#8217;impatto sul territorio e la sfida dell&#8217;innovazione<\/h2>\n\n\n\n<p>\u200bPer il cittadino comune, questa operazione promette di cambiare radicalmente l&#8217;esperienza del quotidiano. La trasformazione degli uffici postali in hub tecnologici, alimentati dalla nuova rete di seimila torri, \u00e8 solo il primo passo. Con la connettivit\u00e0 di Tim integrata nei servizi di Poste, si aprono scenari legati alla telemedicina, all&#8217;assistenza domiciliare evoluta e a una burocrazia finalmente agile.<\/p>\n\n\n\n<p>\u200bTuttavia, le sfide non mancano. L&#8217;integrazione di due culture aziendali cos\u00ec diverse e la messa a terra di un piano infrastrutturale cos\u00ec ambizioso richiedono una leadership salda. Il successo non si misurer\u00e0 solo sulla base dei bilanci, ma sulla capacit\u00e0 di questo nuovo gigante di essere il motore trainante della crescita economica italiana, riducendo il divario digitale che ancora separa diverse aree del Paese.<\/p>\n\n\n\n<p>\u200bIn conclusione, l&#8217;assorbimento di Tim da parte di Poste \u00e8 molto pi\u00f9 di una manovra di mercato: \u00e8 una scommessa sul futuro dell&#8217;Italia. \u00c8 il tentativo di creare un campione nazionale capace di proteggere gli asset strategici e, allo stesso tempo, di innovare con la velocit\u00e0 richiesta dal mercato globale, nel pieno rispetto dell&#8217;ambiente e della salute pubblica.<\/p>\n\n\n\n<p><strong><em>Tutte l\u2019opinioni versati nel sito correspondono solo a chi la manifesta. Non e necessariamente l\u2019opinione della Direzione<\/em><\/strong><\/p>\n","protected":false},"excerpt":{"rendered":"<p>Carlo Di Stanislao \u200b\u00bbIl mondo \u00e8 nelle mani di coloro che hanno il coraggio di sognare e di correre il [&hellip;]<\/p>\n","protected":false},"author":1,"featured_media":0,"comment_status":"open","ping_status":"open","sticky":false,"template":"","format":"standard","meta":{"footnotes":""},"categories":[35],"tags":[],"class_list":["post-88084","post","type-post","status-publish","format-standard","hentry","category-opiniones"],"_links":{"self":[{"href":"https:\/\/www.ecoitaliano.com.ar\/index.php?rest_route=\/wp\/v2\/posts\/88084","targetHints":{"allow":["GET"]}}],"collection":[{"href":"https:\/\/www.ecoitaliano.com.ar\/index.php?rest_route=\/wp\/v2\/posts"}],"about":[{"href":"https:\/\/www.ecoitaliano.com.ar\/index.php?rest_route=\/wp\/v2\/types\/post"}],"author":[{"embeddable":true,"href":"https:\/\/www.ecoitaliano.com.ar\/index.php?rest_route=\/wp\/v2\/users\/1"}],"replies":[{"embeddable":true,"href":"https:\/\/www.ecoitaliano.com.ar\/index.php?rest_route=%2Fwp%2Fv2%2Fcomments&post=88084"}],"version-history":[{"count":1,"href":"https:\/\/www.ecoitaliano.com.ar\/index.php?rest_route=\/wp\/v2\/posts\/88084\/revisions"}],"predecessor-version":[{"id":88085,"href":"https:\/\/www.ecoitaliano.com.ar\/index.php?rest_route=\/wp\/v2\/posts\/88084\/revisions\/88085"}],"wp:attachment":[{"href":"https:\/\/www.ecoitaliano.com.ar\/index.php?rest_route=%2Fwp%2Fv2%2Fmedia&parent=88084"}],"wp:term":[{"taxonomy":"category","embeddable":true,"href":"https:\/\/www.ecoitaliano.com.ar\/index.php?rest_route=%2Fwp%2Fv2%2Fcategories&post=88084"},{"taxonomy":"post_tag","embeddable":true,"href":"https:\/\/www.ecoitaliano.com.ar\/index.php?rest_route=%2Fwp%2Fv2%2Ftags&post=88084"}],"curies":[{"name":"wp","href":"https:\/\/api.w.org\/{rel}","templated":true}]}}