{"id":88087,"date":"2026-03-29T19:52:01","date_gmt":"2026-03-29T19:52:01","guid":{"rendered":"https:\/\/www.ecoitaliano.com.ar\/?p=88087"},"modified":"2026-03-29T19:52:01","modified_gmt":"2026-03-29T19:52:01","slug":"la-questione-del-divieto-al-cardinale-pizzaballa-in-israele-e-un-atto-irragionevole-e-provocatorio-del-mondo-ebraico-al-cattolicesimo","status":"publish","type":"post","link":"https:\/\/www.ecoitaliano.com.ar\/?p=88087","title":{"rendered":"La questione del divieto al Cardinale Pizzaballa in Israele \u00e8 un atto irragionevole e provocatorio del mondo ebraico al cattolicesimo\u00a0"},"content":{"rendered":"<div class=\"wp-block-image\">\n<figure class=\"aligncenter size-large is-resized\"><a href=\"http:\/\/www.ecoitaliano.com.ar\/wp-content\/uploads\/2026\/03\/1000213300.jpg\"><img decoding=\"async\" width=\"1024\" height=\"768\" src=\"http:\/\/www.ecoitaliano.com.ar\/wp-content\/uploads\/2026\/03\/1000213300-1024x768.jpg\" alt=\"\" class=\"wp-image-88088\" style=\"width:374px;height:auto\" srcset=\"https:\/\/www.ecoitaliano.com.ar\/wp-content\/uploads\/2026\/03\/1000213300-1024x768.jpg 1024w, https:\/\/www.ecoitaliano.com.ar\/wp-content\/uploads\/2026\/03\/1000213300-300x225.jpg 300w, https:\/\/www.ecoitaliano.com.ar\/wp-content\/uploads\/2026\/03\/1000213300-768x576.jpg 768w, https:\/\/www.ecoitaliano.com.ar\/wp-content\/uploads\/2026\/03\/1000213300-1536x1152.jpg 1536w, https:\/\/www.ecoitaliano.com.ar\/wp-content\/uploads\/2026\/03\/1000213300-2048x1536.jpg 2048w\" sizes=\"(max-width: 1024px) 100vw, 1024px\" \/><\/a><\/figure><\/div>\n\n\n<p><em>Pierfranco Bruni *<\/em><\/p>\n\n\n\n<p>Il divieto al Cardinale Pizzaballa in Israele \u00e8 un atto grave e inaccettabile, che offende la libert\u00e0 religiosa e la dignit\u00e0 della Chiesa cattolica. \u00c8 un gesto che si aggiunge alla lunga lista di episodi di ostilit\u00e0 e discriminazione nei confronti dei cristiani in Medio Oriente.<\/p>\n\n\n\n<p>La Chiesa cattolica ha sempre cercato di promuovere la pace e il dialogo tra le religioni, ma non pu\u00f2 tollerare che i suoi rappresentanti siano trattati con disprezzo e umiliazione. Il Cardinale Pizzaballa \u00e8 un leader spirituale che ha sempre lavorato per la riconciliazione e la pace, e il suo divieto \u00e8 un affronto alla sua persona, alla sua missione, al mondo cattolico intero.<\/p>\n\n\n\n<p>\u00c8 necessario condannare con fermezza questo gesto e chiedere al governo israeliano di rispettare la libert\u00e0 religiosa e la dignit\u00e0 della Chiesa cattolica. La comunit\u00e0 internazionale deve prendere posizione contro questo tipo di discriminazione e lavorare per la pace e la riconciliazione in Medio Oriente.<\/p>\n\n\n\n<p>Vado oltre.<\/p>\n\n\n\n<p>Tale questione \u00e8 un attacco all&#8217;Occidente cristiano. La gravit\u00e0 dell&#8217;Alt al cardinale Pizzaballa \u00e8 non solo assurda ma \u00e8 anche irragionevole e religiosamete irriguardosa e pericolosa in termini storici e culturali.&nbsp;<\/p>\n\n\n\n<p>Dobbiamo stare molto attenti in questo mondo di sradicamenti diffusi. Di bugie ridondanti. Di tradizioni negate e confuse in quelle antropologie delle feste che rappresenta il coronamento del relativismo.&nbsp;<\/p>\n\n\n\n<p>La festa \u00e8 un relativismo in una societ\u00e0 sacrificata al benessere nonostante le crisi economiche e esistenziali delle civilt\u00e0.&nbsp;<\/p>\n\n\n\n<p>La questione del divieto al Cardinale Pizzaballa di entrare in un Tempio sacro a Gerusalemme, nel giorno della benedizione delle Palme, \u00e8 di una tale gravit\u00e0 che mette a rischio l&#8217;intero processo di fede tra Oriente e Occidente.&nbsp;<\/p>\n\n\n\n<p>Non \u00e8 accettabile che l&#8217;Occidente cristiano e l\u2019Oriente cristiano ortodosso possano accettare una tale requisitoria. Credo che siamo a una fase di discredito dello stesso Occidente cattolico. Mi verrebbe da dire che siamo finiti nelle griglie dell\u00bbebraismo di uno Stato come Israle intollerante e sistematicamente anti cattolico.&nbsp;<\/p>\n\n\n\n<p>Non siamo caduti soltanto nella intolleranza. Siamo piuttosto scivolati nella negazione di un cattolicesimo che ha sempre cercato di intavolare un discorso serio con l&#8217;ebraismo. Ma non \u00e8 servito a nulla. Hanno creato lo scontro chiaro.&nbsp;<\/p>\n\n\n\n<p>Non \u00e8 accettabile che le religioni scendano a questi livelli. \u00c8 la dimostrazione che la guerra tocchi realmente le Fedi. Israele che costituisce quel pezzo di Mediterraneo dentro il quale le Fedi sono nate \u00e8 diventato una sfida raccapricciante contro il dialogo.&nbsp;<\/p>\n\n\n\n<p>Pu\u00f2 interessare la politica dei Governi europei e non solo? Chiaramente s\u00ec. Questo \u00e8 il punto serio ora. Citt\u00e0 del Vaticano non \u00e8 uno Stato a s\u00e9 in una tale situazione.&nbsp;<\/p>\n\n\n\n<p>\u00c8 quella civilt\u00e0 che custodisce la evangelizzazione dei Popoli. \u00c8 quella cultura che ha sancito l&#8217;incontro tra l&#8217;Antico e il Nuovo Testamento. Ma \u00e8 soprattutto il simbolo della cristianit\u00e0.&nbsp;<\/p>\n\n\n\n<p>Come pu\u00f2 l&#8217;Europa compresa l&#8217;Italia stare dalla parte di Israle dopo questo attacco alle coscienze e anche all&#8217;immagine di una visione cattolica? Crolla l&#8217;incontro tra Paolo e la Chiesa di Roma. Si lacera la Parola di Agostino proiettata sino all&#8217;attuale Pontefice.&nbsp;<\/p>\n\n\n\n<p>Bisogna far smettere Israele di sentirsi padrone della religiosit\u00e0 nel Mediterraneo occidentale. \u00c8 una ferita che riapre scenari contradditori. Credo che un appello al mondo cattolico sia importante. Non cedere. Ma riedificare. Questo dovrebbe essere il monito fondamentale.&nbsp;<\/p>\n\n\n\n<p>L\u2019Occidente cristiano resta ancora in quel che ha sostenuto e disegnato Paolo di Tarso nell\u2019agor\u00e0 dell&#8217;abbraccio e dell&#8217;amicizia ma un grido va lanciato sia sul piano religioso che politico. D&#8217;altronde \u00e8 anche una aggressione agli Stati europei che aiutano Israele. La smettano di stare con una storia che non ci appartiene pi\u00f9. O forse non \u00e8 mai appartenuta alla cristianit\u00e0 occidentale.<\/p>\n\n\n\n<p><strong><em>Tutte l\u2019opinioni versati nel sito correspondono solo a chi la manifesta. Non e necessariamente l\u2019opinione della Direzione<\/em><\/strong><\/p>\n","protected":false},"excerpt":{"rendered":"<p>Pierfranco Bruni * Il divieto al Cardinale Pizzaballa in Israele \u00e8 un atto grave e inaccettabile, che offende la libert\u00e0 [&hellip;]<\/p>\n","protected":false},"author":1,"featured_media":0,"comment_status":"open","ping_status":"open","sticky":false,"template":"","format":"standard","meta":{"footnotes":""},"categories":[35],"tags":[],"class_list":["post-88087","post","type-post","status-publish","format-standard","hentry","category-opiniones"],"_links":{"self":[{"href":"https:\/\/www.ecoitaliano.com.ar\/index.php?rest_route=\/wp\/v2\/posts\/88087","targetHints":{"allow":["GET"]}}],"collection":[{"href":"https:\/\/www.ecoitaliano.com.ar\/index.php?rest_route=\/wp\/v2\/posts"}],"about":[{"href":"https:\/\/www.ecoitaliano.com.ar\/index.php?rest_route=\/wp\/v2\/types\/post"}],"author":[{"embeddable":true,"href":"https:\/\/www.ecoitaliano.com.ar\/index.php?rest_route=\/wp\/v2\/users\/1"}],"replies":[{"embeddable":true,"href":"https:\/\/www.ecoitaliano.com.ar\/index.php?rest_route=%2Fwp%2Fv2%2Fcomments&post=88087"}],"version-history":[{"count":1,"href":"https:\/\/www.ecoitaliano.com.ar\/index.php?rest_route=\/wp\/v2\/posts\/88087\/revisions"}],"predecessor-version":[{"id":88089,"href":"https:\/\/www.ecoitaliano.com.ar\/index.php?rest_route=\/wp\/v2\/posts\/88087\/revisions\/88089"}],"wp:attachment":[{"href":"https:\/\/www.ecoitaliano.com.ar\/index.php?rest_route=%2Fwp%2Fv2%2Fmedia&parent=88087"}],"wp:term":[{"taxonomy":"category","embeddable":true,"href":"https:\/\/www.ecoitaliano.com.ar\/index.php?rest_route=%2Fwp%2Fv2%2Fcategories&post=88087"},{"taxonomy":"post_tag","embeddable":true,"href":"https:\/\/www.ecoitaliano.com.ar\/index.php?rest_route=%2Fwp%2Fv2%2Ftags&post=88087"}],"curies":[{"name":"wp","href":"https:\/\/api.w.org\/{rel}","templated":true}]}}