{"id":88342,"date":"2026-04-04T09:31:57","date_gmt":"2026-04-04T09:31:57","guid":{"rendered":"https:\/\/www.ecoitaliano.com.ar\/?p=88342"},"modified":"2026-04-04T09:31:58","modified_gmt":"2026-04-04T09:31:58","slug":"la-scomparsa-di-vittorio-messori-un-tradizionalismo-oltre-la-ragione-conservatrice","status":"publish","type":"post","link":"https:\/\/www.ecoitaliano.com.ar\/?p=88342","title":{"rendered":"La scomparsa di Vittorio Messori. Un tradizionalismo oltre la Ragione conservatrice"},"content":{"rendered":"<div class=\"wp-block-image\">\n<figure class=\"aligncenter size-large is-resized\"><a href=\"http:\/\/www.ecoitaliano.com.ar\/wp-content\/uploads\/2026\/04\/1000217417.jpg\"><img decoding=\"async\" width=\"1024\" height=\"576\" src=\"http:\/\/www.ecoitaliano.com.ar\/wp-content\/uploads\/2026\/04\/1000217417-1024x576.jpg\" alt=\"\" class=\"wp-image-88343\" style=\"width:412px;height:auto\" srcset=\"https:\/\/www.ecoitaliano.com.ar\/wp-content\/uploads\/2026\/04\/1000217417-1024x576.jpg 1024w, https:\/\/www.ecoitaliano.com.ar\/wp-content\/uploads\/2026\/04\/1000217417-300x169.jpg 300w, https:\/\/www.ecoitaliano.com.ar\/wp-content\/uploads\/2026\/04\/1000217417-768x432.jpg 768w, https:\/\/www.ecoitaliano.com.ar\/wp-content\/uploads\/2026\/04\/1000217417-1536x864.jpg 1536w, https:\/\/www.ecoitaliano.com.ar\/wp-content\/uploads\/2026\/04\/1000217417-2048x1152.jpg 2048w\" sizes=\"(max-width: 1024px) 100vw, 1024px\" \/><\/a><\/figure><\/div>\n\n\n<p><em>Pierfranco Bruni\u00a0<\/em><\/p>\n\n\n\n<p>La Tradizione come Fede oltre la Ragione. Se dovessi dirlo in un rigo soltanto userei questa sottolineatura breve.&nbsp; Nei nostri incontri non c&#8217;era una discussione sulla religiosit\u00e0. Bens\u00ec sulla fede. Assoluta in Cristo.&nbsp;<\/p>\n\n\n\n<p>Vittorio Messori. Nato il 16 aprile 1941 a Sassuolo. Scomparso il 3 aprile 2026.&nbsp; \u00c8 stato un giornalista e scrittore italiano. Considerato uno dei principali autori cattolici italiani che ha legato la sua opera e la sua esperienza alla cristianit\u00e0.&nbsp;<\/p>\n\n\n\n<p>La sua opera infatti&nbsp; si caratterizza per una difesa argomentata della fede di fronte alle correnti secolarizzanti e alle derive interne che mettevano in discussione la tradizione. Sempre difesa. Nel solco di una eredit\u00e0 testamenaria e biblica.<\/p>\n\n\n\n<p>Messori ha sempre cercato di comprendere il senso della vita e della fede, e ha trovato la risposta nella Chiesa cattolica. In quella Chiesa per\u00f2 pre conciliare letta e compresa da una straordinaria poetessa, Cristina Campo.<\/p>\n\n\n\n<p>In \u00abIpotesi su Ges\u00f9\u00bb scrive:&nbsp; \u00abLa fede non \u00e8 un salto nel buio, ma un atto di ragione che si apre alla trascendenza\u00bb.&nbsp; La trascendenza come fede assoluta. Fede oltre la Ragione. Non pu\u00f2 esserci ragione nella fede come tradizione e assoluto. Qui si innerva la sua critica al secolarismo.<\/p>\n\n\n\n<p>Infatti&nbsp; Messori ha sempre criticato il secolarismo e la sua incapacit\u00e0 di comprendere la dimensione spirituale dell&#8217;uomo. Nel suo&nbsp; \u00abScommessa sulla morte\u00bb sottolinea: \u00abIl secolarismo \u00e8 una forma di fondamentalismo che esclude la trascendenza e la fede\u00bb.&nbsp;<\/p>\n\n\n\n<p>Questa critica \u00e8 fondamentale per capire la sua visione della societ\u00e0 moderna e della sua incapacit\u00e0 di comprendere la fede. Il moderno \u00e8 la fine della contemplazione orante che ha sempre puntato a difendere la Tradizione. Appunto&nbsp;<\/p>\n\n\n\n<p>Messori, ripeto, ha sempre difeso la tradizione cattolico &#8211; cristiana e la sua importanza per la comprensione della fede. Con \u00abRapporto sulla fede\u00bb ha fortementesostenuto che: \u00abLa tradizione \u00e8 la vita della Chiesa, e la Chiesa \u00e8 la custode della tradizione\u00bb. Un messaggio che nasce dalla sua frequentazione con Ratzinger. Ma questo \u00e8 il percorso che nasce in chi ha vissuto e attraversato la conversione.&nbsp;<\/p>\n\n\n\n<p>La conversione di Messori al cattolicesimo avvenne nel 1964. La lettura dei Vangeli&nbsp; lo port\u00f2 a scoprire la verit\u00e0 della fede cristiana in senso assoluto. \u00c8&nbsp; il suo \u00abVarcare la soglia della speranza\u00bb con GiovanniPaoloII nel quale afferma che \u00abLa conversione \u00e8 un atto di libert\u00e0 che si apre alla grazia\u00bb.&nbsp; Libert\u00e0 e Grazia.&nbsp;<\/p>\n\n\n\n<p>Un cammino paolino. Ancora una volte oltre la Ragione. Direbbe Kierkegaard che dove c&#8217;\u00e8 la ragione non c&#8217;\u00e8 la fede.&nbsp;<\/p>\n\n\n\n<p>Lo dice con una scrittura caratterizzata da una grande chiarezza e profondit\u00e0. Il tutto legato a una profonda conoscenza della teologia e della storia della Chiesa dei Padri. La scrittura di Messori, comunque, \u00e8 un esempio di come la fede e la ragione possano chiaramente dialogare in modo profondo e autentico. Ma tra i due mondi c&#8217;\u00e8 un abisso profondo. In altri termini non si pu\u00f2 affrontare la fede con ragione. Opposti che non si attraggono ma dialogando si allontanano sempre di pi\u00f9.&nbsp;<\/p>\n\n\n\n<p>La luce e le tenebre, uno dei suoi ultimi riferimenti, \u00e8 uno articolato e complesso dialogare con se stessi lungo un cammino in cui l&#8217;uomo si pone alla ricerca di Dio. Il tempo della misericordia diventa lo spazio della coscienza. Il buio che attraversiamo \u00e8 l&#8217;attesa della Luce. Un viaggio esemplare per le disperazioni che attanagliano la modernit\u00e0 lacerante.&nbsp;<\/p>\n\n\n\n<p>Ha scritto libri su Ges\u00f9, su Maria, sul mondo della ortodossia, sulla morte,&nbsp; sulla Croce. Alla fine rimane non una soluzione ma una verit\u00e0. Ovvero siamo sempre \u00abSulle tracce di un Dio che si nasconde\u00bb. Lo troveremo? Soltanto trovando noi stessi? L&#8217;interrogativo resta fino in fondo ma Cristo non \u00e8 fede e tanto meno intrecci nella ragione ma semplicemente Verit\u00e0. Vittorio Messori ha saputo raccontare e raccontarci ponendo al centro le Ipotesi.<\/p>\n","protected":false},"excerpt":{"rendered":"<p>Pierfranco Bruni\u00a0 La Tradizione come Fede oltre la Ragione. Se dovessi dirlo in un rigo soltanto userei questa sottolineatura breve.&nbsp; [&hellip;]<\/p>\n","protected":false},"author":1,"featured_media":0,"comment_status":"open","ping_status":"open","sticky":false,"template":"","format":"standard","meta":{"footnotes":""},"categories":[2],"tags":[],"class_list":["post-88342","post","type-post","status-publish","format-standard","hentry","category-informacion"],"_links":{"self":[{"href":"https:\/\/www.ecoitaliano.com.ar\/index.php?rest_route=\/wp\/v2\/posts\/88342","targetHints":{"allow":["GET"]}}],"collection":[{"href":"https:\/\/www.ecoitaliano.com.ar\/index.php?rest_route=\/wp\/v2\/posts"}],"about":[{"href":"https:\/\/www.ecoitaliano.com.ar\/index.php?rest_route=\/wp\/v2\/types\/post"}],"author":[{"embeddable":true,"href":"https:\/\/www.ecoitaliano.com.ar\/index.php?rest_route=\/wp\/v2\/users\/1"}],"replies":[{"embeddable":true,"href":"https:\/\/www.ecoitaliano.com.ar\/index.php?rest_route=%2Fwp%2Fv2%2Fcomments&post=88342"}],"version-history":[{"count":1,"href":"https:\/\/www.ecoitaliano.com.ar\/index.php?rest_route=\/wp\/v2\/posts\/88342\/revisions"}],"predecessor-version":[{"id":88344,"href":"https:\/\/www.ecoitaliano.com.ar\/index.php?rest_route=\/wp\/v2\/posts\/88342\/revisions\/88344"}],"wp:attachment":[{"href":"https:\/\/www.ecoitaliano.com.ar\/index.php?rest_route=%2Fwp%2Fv2%2Fmedia&parent=88342"}],"wp:term":[{"taxonomy":"category","embeddable":true,"href":"https:\/\/www.ecoitaliano.com.ar\/index.php?rest_route=%2Fwp%2Fv2%2Fcategories&post=88342"},{"taxonomy":"post_tag","embeddable":true,"href":"https:\/\/www.ecoitaliano.com.ar\/index.php?rest_route=%2Fwp%2Fv2%2Ftags&post=88342"}],"curies":[{"name":"wp","href":"https:\/\/api.w.org\/{rel}","templated":true}]}}