{"id":89038,"date":"2026-04-20T08:13:10","date_gmt":"2026-04-20T08:13:10","guid":{"rendered":"https:\/\/www.ecoitaliano.com.ar\/?p=89038"},"modified":"2026-04-20T08:13:11","modified_gmt":"2026-04-20T08:13:11","slug":"premio-troccoli-magna-graecia","status":"publish","type":"post","link":"https:\/\/www.ecoitaliano.com.ar\/?p=89038","title":{"rendered":"Premio Troccoli Magna Graecia"},"content":{"rendered":"\n<p><strong>Pierfranco Bruni: Quarant\u2019anni di cultura! Quarant\u2019anni di riconoscimenti! Quarant\u2019anni di incontri!<\/strong><\/p>\n\n\n<div class=\"wp-block-image\">\n<figure class=\"aligncenter size-large is-resized\"><a href=\"http:\/\/www.ecoitaliano.com.ar\/wp-content\/uploads\/2026\/04\/1000228703.jpg\"><img decoding=\"async\" width=\"1024\" height=\"768\" src=\"http:\/\/www.ecoitaliano.com.ar\/wp-content\/uploads\/2026\/04\/1000228703-1024x768.jpg\" alt=\"\" class=\"wp-image-89039\" style=\"width:316px;height:auto\" srcset=\"https:\/\/www.ecoitaliano.com.ar\/wp-content\/uploads\/2026\/04\/1000228703-1024x768.jpg 1024w, https:\/\/www.ecoitaliano.com.ar\/wp-content\/uploads\/2026\/04\/1000228703-300x225.jpg 300w, https:\/\/www.ecoitaliano.com.ar\/wp-content\/uploads\/2026\/04\/1000228703-768x576.jpg 768w, https:\/\/www.ecoitaliano.com.ar\/wp-content\/uploads\/2026\/04\/1000228703-1536x1152.jpg 1536w, https:\/\/www.ecoitaliano.com.ar\/wp-content\/uploads\/2026\/04\/1000228703-2048x1536.jpg 2048w\" sizes=\"(max-width: 1024px) 100vw, 1024px\" \/><\/a><\/figure><\/div>\n\n\n<p>&nbsp; &nbsp; &nbsp;Nei prossimi giorni saranno resi noti i nominativi dei vincitori del 40\u00b0 Premio Letterario Nazionale Troccoli Magna Graecia, Cassano Ionio Cosenza. di ricerca e promozione culturale, ai quali sar\u00e0 conferito il riconoscimento sabato 30 maggio nel Teatro comunale \u201cCarmine Concistr\u00e8\u201d di Cassano all\u2019Ionio (CS) alle ore 18.00.<\/p>\n\n\n\n<p>&nbsp; &nbsp; &nbsp;Numerose le candidature personali e le segnalazioni pervenute da editori e associazioni di varie regioni italiane. La segreteria organizzativa ha reso noto che, dopo un primo e scrupoloso esame delle candidature, \u00e8 stata compilata la terna di finalisti per ciascuna sezione e che a breve sar\u00e0 annunciata la selezione finale dei vincitori.&nbsp;<\/p>\n\n\n\n<p>&nbsp; &nbsp;Intanto registriamo l\u2019intervento del presidente del Comitato scientifico del Premio Pierfranco Bruni che commenta i quarant\u2019anni di vita del Premio.<\/p>\n\n\n\n<p>Il Troccoli Magna Graecia \u00e8 giunto alla 40esima edizione: quale il suo commento?<\/p>\n\n\n\n<p>&nbsp;\u00abIl Premio dedicato a Giuseppe Troccoli ha tracciato anni di cultura, di vita, di incontri e di riconoscimenti. Nato come semplice evento per fare turismo &#8211; culturale, \u00e8 salito agli onori meritandosi l\u2019attenzione di diversi Ministeri oltre che dei media nazionali. La sua immagine \u00e8 entrata nel circuito nazionale. L\u2019attenzione rivolta al Premio da parte di noti giornalisti, scrittori, editori, uomini dello spettacolo ha stimolato l\u2019interesse generale per il nostro territorio e contribuito ad alimentare un dibattito oltre le mura cittadine. Il Premio ha provocato l\u2019azione per la ricerca. Si pensi all\u2019interesse nato su Giuseppe Troccoli e tutta la sua opera\u00bb.<\/p>\n\n\n\n<p>Secondo lei quali sono state le principali specificit\u00e0 del Premio?<\/p>\n\n\n\n<p>\u00abDalla tradizione dei Beni Culturali alla lettura della civilt\u00e0 contadina, dal recupero della memoria storica, alla valorizzazione delle tradizioni popolari legate ai momenti religiosi, in cui la tradizione \u00e8 punto nevralgico. Il mondo della scuola \u00e8 stato sempre un riferimento. Infatti la loro presenza diventa sempre pi\u00f9 riferimento.<\/p>\n\n\n\n<p>Un premio, abbinato alla scuola e ad un tema centrale che riguarda i valori umani, alla cultura che recupera le sottolineature mediterranee di un territorio \u00e8 sempre una manifestazione di ricerca. E qui, tra i vicoli si parla un linguaggio le cui icone sono un esemplare di memoria\u00bb.&nbsp;<\/p>\n\n\n\n<p>Quale rapporto vi \u00e8 stato tra il territorio e le personalit\u00e0 premiate?<\/p>\n\n\n\n<p>\u00abUn Premio in questi decenni ha sottolineato l\u2019importanza del rapporto tra cultura e territorio. I raccordi sono i raccordi promozionali e progettuali di tale manifestazione. Ma perch\u00e9 una tale manifestazione? Lo scopo \u00e8 quello di raccordare la cultura del territorio con la storia. Ci\u00f2 ha significato creare legami che pongono al centro la riscoperta di modelli identitari con una mobilitazione che guarda alla valorizzazione. Il territorio \u00e8 un dato prioritario che impone sempre un approfondimento sulla consapevolezza di una civilt\u00e0. Un Premio pu\u00f2 dare impulso ad una educazione alla conoscenza e quindi pu\u00f2 spingere verso un percorso valorizzante del territorio? Direi proprio di s\u00ec. \u00c8 stata una splendida manifestazione che ha messo insieme un numerosissimo pubblico all\u2019interno di un contesto storico e turistico\u00bb.<\/p>\n\n\n\n<p>Le tematiche affrontare ha contribuito a meglio definire l\u2019identit\u00e0 del territorio?<\/p>\n\n\n\n<p>\u00abSi tratta di un Premio che ha un progetto ben finalizzato all\u2019interno del territorio nel quale \u00e8 nato. Pensare a un tema tra identit\u00e0 del territorio e tematiche affrontate \u00e8 penetrare quegli elementi mediterranei che hanno dominato nella nostra civilt\u00e0 e che non smettono di essere elementi partecipanti nel nostro quotidiano vivere il territorio.<\/p>\n\n\n\n<p>Memoria, dunque, e futuro. Un raccogliere le istanze che ci provengono dalla storia ma che vivono dentro il contemporaneo. Il Mediterraneo vive dentro di noi, dentro i segni di una memoria-civilt\u00e0. Ecco lo spirito che si vuole dare ad una tale manifestazione. Si pensi che nei primi anni, per pi\u00f9 di un decennio, si collegava ad un convegno di studi nel quale si argomenta il legame tra letteratura e Troccoli attraverso altre personalit\u00e0. Basta sfogliare l&#8217;Album delle personalit\u00e0 che sono state premiate.<\/p>\n\n\n\n<p>&nbsp; &nbsp; &nbsp;Quarant\u2019anni di cultura! Quarant\u2019anni di riconoscimenti! Quarant\u2019anni di incontri\u00bb!<\/p>\n","protected":false},"excerpt":{"rendered":"<p>Pierfranco Bruni: Quarant\u2019anni di cultura! Quarant\u2019anni di riconoscimenti! Quarant\u2019anni di incontri! &nbsp; &nbsp; &nbsp;Nei prossimi giorni saranno resi noti i [&hellip;]<\/p>\n","protected":false},"author":1,"featured_media":0,"comment_status":"open","ping_status":"open","sticky":false,"template":"","format":"standard","meta":{"footnotes":""},"categories":[2],"tags":[],"class_list":["post-89038","post","type-post","status-publish","format-standard","hentry","category-informacion"],"_links":{"self":[{"href":"https:\/\/www.ecoitaliano.com.ar\/index.php?rest_route=\/wp\/v2\/posts\/89038","targetHints":{"allow":["GET"]}}],"collection":[{"href":"https:\/\/www.ecoitaliano.com.ar\/index.php?rest_route=\/wp\/v2\/posts"}],"about":[{"href":"https:\/\/www.ecoitaliano.com.ar\/index.php?rest_route=\/wp\/v2\/types\/post"}],"author":[{"embeddable":true,"href":"https:\/\/www.ecoitaliano.com.ar\/index.php?rest_route=\/wp\/v2\/users\/1"}],"replies":[{"embeddable":true,"href":"https:\/\/www.ecoitaliano.com.ar\/index.php?rest_route=%2Fwp%2Fv2%2Fcomments&post=89038"}],"version-history":[{"count":1,"href":"https:\/\/www.ecoitaliano.com.ar\/index.php?rest_route=\/wp\/v2\/posts\/89038\/revisions"}],"predecessor-version":[{"id":89040,"href":"https:\/\/www.ecoitaliano.com.ar\/index.php?rest_route=\/wp\/v2\/posts\/89038\/revisions\/89040"}],"wp:attachment":[{"href":"https:\/\/www.ecoitaliano.com.ar\/index.php?rest_route=%2Fwp%2Fv2%2Fmedia&parent=89038"}],"wp:term":[{"taxonomy":"category","embeddable":true,"href":"https:\/\/www.ecoitaliano.com.ar\/index.php?rest_route=%2Fwp%2Fv2%2Fcategories&post=89038"},{"taxonomy":"post_tag","embeddable":true,"href":"https:\/\/www.ecoitaliano.com.ar\/index.php?rest_route=%2Fwp%2Fv2%2Ftags&post=89038"}],"curies":[{"name":"wp","href":"https:\/\/api.w.org\/{rel}","templated":true}]}}