{"id":89093,"date":"2026-04-21T11:04:49","date_gmt":"2026-04-21T11:04:49","guid":{"rendered":"https:\/\/www.ecoitaliano.com.ar\/?p=89093"},"modified":"2026-04-21T16:06:29","modified_gmt":"2026-04-21T16:06:29","slug":"cristina-roncalli-e-il-manager-giuseppe-celli-festeggiano-il-28-maggio-con-un-esclusivo-evento-ispirato-a-il-diavolo-veste-prada-in-una-villa-da-sogno-a-roma","status":"publish","type":"post","link":"https:\/\/www.ecoitaliano.com.ar\/?p=89093","title":{"rendered":"Cristina Roncalli e il manager Giuseppe Celli festeggiano il 28 maggio con un esclusivo evento ispirato a \u201cIl diavolo veste Prada\u201d in una villa da sogno a Roma"},"content":{"rendered":"<div class=\"wp-block-image\">\n<figure class=\"aligncenter size-large is-resized\"><a href=\"http:\/\/www.ecoitaliano.com.ar\/wp-content\/uploads\/2026\/04\/3f1f57ea-d3e3-41d2-b19a-c5a6be811123.jpg\"><img decoding=\"async\" width=\"810\" height=\"1024\" src=\"http:\/\/www.ecoitaliano.com.ar\/wp-content\/uploads\/2026\/04\/3f1f57ea-d3e3-41d2-b19a-c5a6be811123-810x1024.jpg\" alt=\"\" class=\"wp-image-89112\" style=\"width:388px;height:auto\" srcset=\"https:\/\/www.ecoitaliano.com.ar\/wp-content\/uploads\/2026\/04\/3f1f57ea-d3e3-41d2-b19a-c5a6be811123-810x1024.jpg 810w, https:\/\/www.ecoitaliano.com.ar\/wp-content\/uploads\/2026\/04\/3f1f57ea-d3e3-41d2-b19a-c5a6be811123-237x300.jpg 237w, https:\/\/www.ecoitaliano.com.ar\/wp-content\/uploads\/2026\/04\/3f1f57ea-d3e3-41d2-b19a-c5a6be811123-768x971.jpg 768w, https:\/\/www.ecoitaliano.com.ar\/wp-content\/uploads\/2026\/04\/3f1f57ea-d3e3-41d2-b19a-c5a6be811123-1215x1536.jpg 1215w, https:\/\/www.ecoitaliano.com.ar\/wp-content\/uploads\/2026\/04\/3f1f57ea-d3e3-41d2-b19a-c5a6be811123-1620x2048.jpg 1620w, https:\/\/www.ecoitaliano.com.ar\/wp-content\/uploads\/2026\/04\/3f1f57ea-d3e3-41d2-b19a-c5a6be811123.jpg 1920w\" sizes=\"(max-width: 810px) 100vw, 810px\" \/><\/a><\/figure><\/div>\n\n\n<p>Roma, 28 maggio \u2013 Si preannuncia come uno degli appuntamenti pi\u00f9 glamour e attesi della stagione mondana romana l\u2019evento esclusivo che vedr\u00e0 protagonisti la showgirl Cristina Roncalli e il manager Giuseppe Celli, pronti a celebrare insieme il loro compleanno in una cornice d\u2019eccezione: una splendida villa nel cuore della Capitale.<\/p>\n\n\n\n<p>Una celebrazione condivisa, elegante e ricca di significato, pensata per trasformare una ricorrenza personale in un evento di grande impatto, capace di unire stile, spettacolo e intrattenimento di alto livello.<\/p>\n\n\n\n<p>La serata sar\u00e0 interamente ispirata all\u2019iconico immaginario de \u201cIl diavolo veste Prada\u201d, un concept sofisticato e contemporaneo che porter\u00e0 gli ospiti nel cuore del mondo della moda, tra eleganza, ambizione e fascino metropolitano. Un\u2019atmosfera raffinata, dominata da dettagli ricercati e richiami all\u2019estetica delle grandi maison, dove il glamour sar\u00e0 assoluto protagonista.<\/p>\n\n\n\n<p>La location, una villa esclusiva e riservata, sar\u00e0 completamente trasformata per l\u2019occasione in uno scenario dal forte impatto visivo, con allestimenti scenografici curati nei minimi dettagli da Lilly Party, che firmer\u00e0 la progettazione creativa dell\u2019evento. Luci, elementi di design e scenografie ispirate al fashion system daranno vita a un ambiente immersivo e di grande eleganza.<\/p>\n\n\n\n<p>Numerosi gli ospiti VIP attesi, tra volti noti della televisione italiana, modelle, influencer e protagonisti del mondo dello spettacolo, oltre a rappresentanti della stampa e delle principali emittenti. Un parterre selezionato che contribuir\u00e0 a rendere l\u2019appuntamento uno dei pi\u00f9 esclusivi della stagione.<\/p>\n\n\n\n<p>Tra i momenti pi\u00f9 attesi, la sfilata di moda, che vedr\u00e0 protagoniste le creazioni firmate Dream Sposa Atelier. In questo contesto, la passerella si trasformer\u00e0 in un vero e proprio omaggio allo stile e alla femminilit\u00e0, reinterpretati attraverso un\u2019estetica moderna e sofisticata, perfettamente in linea con il tema della serata.&nbsp;<\/p>\n\n\n\n<p>Ad aggiungere un tocco di classe le creazioni di Mery Blu.<\/p>\n\n\n\n<p>Il backstage sar\u00e0 curato da Paola Desini grande amica dei festeggiati, che seguir\u00e0 con attenzione ogni dettaglio organizzativo, contribuendo alla riuscita del fashion show.<\/p>\n\n\n\n<p>La colonna sonora musicale sar\u00e0 affidata a Leonardo Franco di Radio Leon, che accompagner\u00e0 la serata con una selezione elegante e contemporanea, pensata per esaltare il mood fashion e creare un\u2019atmosfera coinvolgente e dinamica.<\/p>\n\n\n\n<p>Non mancheranno momenti di spettacolo e performance, studiati per scandire i diversi momenti della serata e offrire agli ospiti un\u2019esperienza completa, dove moda, musica e intrattenimento si fondono in un racconto coerente e di grande impatto visivo.<\/p>\n\n\n\n<p>Per Cristina Roncalli e Giuseppe Celli, questo evento rappresenta non solo la celebrazione del loro compleanno, ma anche un\u2019occasione speciale di incontro e condivisione con amici, colleghi e protagonisti del mondo dello spettacolo e della comunicazione.<\/p>\n\n\n\n<p>Previsti anche momenti dedicati alla stampa e alla copertura mediatica, con l\u2019obiettivo di raccontare una serata destinata a lasciare il segno nel panorama mondano romano, grazie a uno stile inconfondibile e a un perfetto equilibrio tra eleganza e contemporaneit\u00e0.<\/p>\n\n\n\n<p>\u201cIl diavolo veste Prada\u201d diventa cos\u00ec il filo conduttore di un evento esclusivo: una notte all\u2019insegna della moda, del carattere e del glamour.<\/p>\n","protected":false},"excerpt":{"rendered":"<p>Roma, 28 maggio \u2013 Si preannuncia come uno degli appuntamenti pi\u00f9 glamour e attesi della stagione mondana romana l\u2019evento esclusivo [&hellip;]<\/p>\n","protected":false},"author":1,"featured_media":0,"comment_status":"open","ping_status":"open","sticky":false,"template":"","format":"standard","meta":{"footnotes":""},"categories":[33],"tags":[],"class_list":["post-89093","post","type-post","status-publish","format-standard","hentry","category-espectaculo"],"_links":{"self":[{"href":"https:\/\/www.ecoitaliano.com.ar\/index.php?rest_route=\/wp\/v2\/posts\/89093","targetHints":{"allow":["GET"]}}],"collection":[{"href":"https:\/\/www.ecoitaliano.com.ar\/index.php?rest_route=\/wp\/v2\/posts"}],"about":[{"href":"https:\/\/www.ecoitaliano.com.ar\/index.php?rest_route=\/wp\/v2\/types\/post"}],"author":[{"embeddable":true,"href":"https:\/\/www.ecoitaliano.com.ar\/index.php?rest_route=\/wp\/v2\/users\/1"}],"replies":[{"embeddable":true,"href":"https:\/\/www.ecoitaliano.com.ar\/index.php?rest_route=%2Fwp%2Fv2%2Fcomments&post=89093"}],"version-history":[{"count":2,"href":"https:\/\/www.ecoitaliano.com.ar\/index.php?rest_route=\/wp\/v2\/posts\/89093\/revisions"}],"predecessor-version":[{"id":89113,"href":"https:\/\/www.ecoitaliano.com.ar\/index.php?rest_route=\/wp\/v2\/posts\/89093\/revisions\/89113"}],"wp:attachment":[{"href":"https:\/\/www.ecoitaliano.com.ar\/index.php?rest_route=%2Fwp%2Fv2%2Fmedia&parent=89093"}],"wp:term":[{"taxonomy":"category","embeddable":true,"href":"https:\/\/www.ecoitaliano.com.ar\/index.php?rest_route=%2Fwp%2Fv2%2Fcategories&post=89093"},{"taxonomy":"post_tag","embeddable":true,"href":"https:\/\/www.ecoitaliano.com.ar\/index.php?rest_route=%2Fwp%2Fv2%2Ftags&post=89093"}],"curies":[{"name":"wp","href":"https:\/\/api.w.org\/{rel}","templated":true}]}}