{"id":89108,"date":"2026-04-21T12:20:11","date_gmt":"2026-04-21T12:20:11","guid":{"rendered":"https:\/\/www.ecoitaliano.com.ar\/?p=89108"},"modified":"2026-04-21T12:20:11","modified_gmt":"2026-04-21T12:20:11","slug":"artevento-festival-internazionale-dellaquilone-presenta-il-programma-completo-e-ufficiale-della-46-edizione-dal-23-aprile-al-3-maggio-spiaggia-di-pinarella-di-cervia-ra","status":"publish","type":"post","link":"https:\/\/www.ecoitaliano.com.ar\/?p=89108","title":{"rendered":"ARTEVENTO &#8211; Festival Internazionale dell&#8217;Aquilone presenta il programma completo e ufficiale della 46\u00b0 edizione | Dal 23 aprile al 3 maggio | Spiaggia di Pinarella di Cervia (RA)"},"content":{"rendered":"\n<figure class=\"wp-block-table\"><table class=\"has-fixed-layout\"><tbody><tr><td><img decoding=\"async\" src=\"https:\/\/ci3.googleusercontent.com\/meips\/ADKq_NasJwhojOlFDoi_EuH7PPKy4FayKx8gHQsw_7XADH8yAy_a93GfBsYarMITf6zcdEVEwgfc7_9PojLx7lnOKLFnloOwyEmTSMSM_Khaur3n3EOLEsgSMLjPxwyDkxLwaY1A1OkpE_s55enV-V63kZVSymHZ4ylRsxvtiLWD=s0-d-e1-ft#https:\/\/culturaliart.img.musvc2.net\/static\/91342\/images\/1\/Screenshot%202026-04-14%20alle%2016.21.35.png\" width=\"531\" alt=\"\" height=\"auto\"><strong>ARTEVENTO 2026&nbsp;<\/strong><strong>Il programma della 46\u00b0 edizione<\/strong><img decoding=\"async\" src=\"https:\/\/ci3.googleusercontent.com\/meips\/ADKq_NYnWPfTsh9OjDNhOUR41rjFDfOHGcpnGO-Ab11V337aejHIEQIzp9Q9ifJXA6PLcqh2tC_M3AC6PocJGtXo_uocsoscs1bGWrYT2STy-y7EWGOZBX46c65MpPNQk1SpE2bsbzP_dBLlO5flbaYy6Cn-n7rBU2x9S5WmztUqhCF9=s0-d-e1-ft#https:\/\/culturaliart.img.musvc2.net\/static\/91342\/images\/1\/Screenshot%202026-02-04%20alle%2015.22.39(0).png\" width=\"413\" alt=\"\" height=\"auto\"><em>\u201cSeahorse\u00bb &#8211; Kite &#8211; Kadek Armika &#8211; Bali &#8211; Indonesia<\/em><em>\u00a9 Wolfgang Bieck &#8211; Germany &#8211; 2025 &#8211; 04 &#8211; 29<\/em><strong>Dal 23 Aprile al 3 Maggio \u2013 46\u00b0 ARTEVENTO Festival Internazionale dell\u2019Aquilone<\/strong>Cervia \u2013 Spiaggia di Pinarella, Magazzino del Sale e altre location&nbsp;<a href=\"https:\/\/culturaliart.musvc2.net\/e\/tr?q=8%3dHWQYA%26H%3dO%26I%3d0aSc%26x%3dXXbIe%26I%3dC3PDN_1wqu_Bg_Fvbv_Pk_1wqu_AlKR6.9IG3QF6uEyM3.9CH_1wqu_Al3QnJHD_1wqu_AlRa-n07UrKB0-mE-yM3AJ0wPC-8nNJDj-E0-KrQ-0JwC3Qx-B3N3EJ6u-EBOnNB69ECIjH3-9nH-AJw0C-9n078jPC-6uHyL4E0JwA-HJ1Jy-6-lAFQr7-10uAzMjJ2J-rH-1JwJI7rK-HMj-7FOn-A_Fvbv_Qk4PA_NxQF8n_NoxY_YbInSGGnPH01_NoxY_XTP3I_A0mEIH_1wqu_B6j7yj3HjE0_MZyn_WEQHH_l7AKjE5I_1wqu_BjA6rHIK%26m%3dIIN59P.InP%267N%3d0ZXcG%26PG%3dWIXTeCXOV0XUZD%26D%3dy7GcPVlASYIXQa08O0IYR7IeVZCWXblZR8BeyeEWQVDeObG81ZHWUbEeyeF940nf&amp;mupckp=mupAtu4m8OiX0wt\" target=\"_blank\" rel=\"noreferrer noopener\"><strong>CARTELLA STAMPA E IMMAGINI<\/strong><\/a>Dopo la preview del weekend di Pasqua, \u00e8 ora tutto pronto per l\u2019inizio ufficiale di&nbsp;<strong>ARTEVENTO \u2013 Festival Internazionale dell\u2019Aquilone<\/strong>, in programma&nbsp;<strong>dal 23 aprile al 3 maggio<\/strong>&nbsp;sulla&nbsp;<strong>spiaggia di Pinarella di Cervia<\/strong>. La&nbsp;<strong>46\u00b0 edizione<\/strong>&nbsp;della manifestazione si preannuncia ancora pi\u00f9 ricca e articolata, rafforzata da un\u2019importante&nbsp;<strong>media partnership<\/strong>&nbsp;con&nbsp;<strong>Rai Italia, Rai Radio Tutta Italiana&nbsp;<\/strong>e&nbsp;<strong>Rai Radio Kids<\/strong>, che racconteranno il festival al pubblico nazionale e internazionale.&nbsp;Il calendario degli eventi di quest\u2019anno abbraccia&nbsp;<strong>i ponti del 25 aprile e del 1\u00b0 maggio<\/strong>, per un totale di&nbsp;<strong>11 giorni consecutivi<\/strong>, durante i quali la spiaggia di Pinarella di Cervia ospiter\u00e0&nbsp;<strong>oltre 200 Maestri del Vento da 5 Continenti<\/strong>. Insieme alla&nbsp;<strong>Colombia<\/strong>&nbsp;\u2013 scelta come Paese d\u2019Onore e rappresentata da&nbsp;<strong>Alejandro Uribe<\/strong>&nbsp;del collettivo artistico&nbsp;<strong>BIMANA<\/strong>, per la prima volta in Europa e ad ARTEVENTO \u2013 giungeranno alle porte meridionali del Parco del Delta del Po anche: Argentina, Australia, Austria, Belgio, Brasile, Canada, Cina, Corea, Danimarca, Finlandia, Francia, Germania, Giappone, Grecia, India, Indonesia, Inghilterra, Irlanda, Italia, Malesia, Messico, Nuova Zelanda, Norvegia, Paesi Bassi, Palestina, Pakistan, Polonia, Scozia, Singapore, Slovacchia, Slovenia, Spagna, Sri Lanka, Svezia, Svizzera, Taiwan, Tasmania, Thailandia, Turchia, Ucraina, USA e Vietnam.<img decoding=\"async\" src=\"https:\/\/ci3.googleusercontent.com\/meips\/ADKq_NaJrIJeK4ldLPzyiioPVAFHg8O2kQZ7eNbvU59a9FoGu3LSmJrZ6uzO6NvDJTICdUtDfS8y6HXDolP4zUh4A8Y-hEJCl0KvRAByg1QTsGbUQo50Pge42d0-Qi2zLvuF5jr_KlsLLg=s0-d-e1-ft#https:\/\/culturaliart.img.musvc2.net\/static\/91342\/images\/1\/Senza%20titolo(36).jpg\" width=\"285\" alt=\"\" height=\"auto\"><em>ARTEVENTO &#8211; Foto Repertorio<\/em>L\u2019edizione 2026 del Festival Internazionale dell\u2019Aquilone pi\u00f9 longevo del mondo, che ogni anno richiama a Cervia oltre&nbsp;<strong>800.000 visitatori di ogni et\u00e0 e abilit\u00e0<\/strong>, presenta un palinsesto di appuntamenti ampio e variegato:&nbsp;<strong>la mostra tematica \u201c<em>The Hague Air Gallery \u2013 Vento Dipinto<\/em>\u201d al Magazzino del Sale<\/strong>,&nbsp;<strong>la Cerimonia delle Bandiere<\/strong>,&nbsp;<strong>laboratori per bambini e adulti, voli diurni giornalieri e 2 voli notturni, tra cui lo spettacolo multidisciplinare \u201cLa Notte dei Miracoli\u201d, \u201cGiardini del Vento\u201d, 31 spettacoli di circo contemporaneo, 4 annulli celebrativi realizzati da Filatelia Poste Italiane, puppetry, teatro di figura, il Premio Speciale per Meriti di Volo, l\u2019arrivo della Lampada della Pace di Assisi, una giornata di studio con<\/strong>&nbsp;<strong>il<\/strong>&nbsp;<strong>Ministero Italiano della Cultura, musica dal vivo, danza, letture, presentazioni di libri, visioni cinematografiche a energia solare, Kite Aerial Photography, tributi ai pionieri del volo, incontri&nbsp;<\/strong>e<strong>&nbsp;tavole rotonde<\/strong>&nbsp;sui temi dell\u2019ambiente, della pace, dell\u2019inclusione e dell\u2019accessibilit\u00e0.Durante la conferenza stampa di presentazione del programma ufficiale della manifestazione, l&#8217;Assessora a Turismo, Commercio, Sport della Regione Emilia-Romagna&nbsp;<strong>Roberta Frisoni<\/strong>&nbsp;ha dichiarato:&nbsp;<em>\u00abIniziative come \u2018Artevento\u2019 a Cervia rappresentano in modo esemplare la capacit\u00e0 della nostra Riviera di trasformarsi in un grande palcoscenico a cielo aperto, dove arte, natura e partecipazione si intrecciano dando vita a esperienze uniche. Gli aquiloni che riempiono il cielo diventano simboli di creativit\u00e0 e libert\u00e0, in grado di attrarre visitatori da tutto il mondo e di valorizzare il litorale attraverso un evento diffuso e riconoscibile, ormai consolidato nella nostra tradizione. Un festival cos\u00ec longevo e internazionale, che quest\u2019anno celebra la sua 46^ edizione con oltre 200 artiste e artisti provenienti da pi\u00f9 di 50 Paesi, conferma quanto l\u2019Emilia-Romagna sia una destinazione dinamica e attrattiva, in grado di ospitare eventi di grande qualit\u00e0 culturale e rilevanza turistica. I temi scelti per questa edizione \u2013 dalla celebrazione di San Francesco al dialogo con il Giappone, fino al legame con la letteratura e il circo contemporaneo \u2013 restituiscono una visione ampia e inclusiva, che unisce tradizione e innovazione, e richiamano, anche attraverso i linguaggi dell\u2019arte, i valori del dialogo e della pace. Come Regione continuiamo a sostenere appuntamenti che, come \u2018Artevento\u2019, rafforzano l\u2019identit\u00e0 dei territori e contribuiscono allo sviluppo di un turismo esperienziale, sostenibile e internazionale.\u00bb<\/em>&nbsp;Sotto la direzione artistica di&nbsp;<strong>Caterina Capelli<\/strong>, Artevento ha incrementato le collaborazioni sul territorio promuovendo il Festival Internazionale dell\u2019Aquilone come una&nbsp;<strong>Eccellenza della Regione Emilia-Romagna<\/strong>&nbsp;e ottimizzandone le potenzialit\u00e0 promozionali e turistiche attraverso un dialogo creativo con comuni e amministrazioni. Tra le numerose collaborazioni, ARTEVENTO \u00e8 lieta di annunciare l\u2019avvio di un dialogo con il Comune di Forl\u00ec. In conferenza stampa, l\u2019Art Director Caterina Capelli ha affermato: \u201c<em>Il dialogo con l\u2019amministrazione forlivese intende fare dell\u2019aquilone non solo il paradigma di percorsi espositivi, didattici e formativi, ma anche il simbolo di uno slancio alla ricoperta di spazi di rara bellezza che tornano ad essere ammirabili dalla comunit\u00e0 sotto una diversa prospettiva, nel contesto del progetto ministeriale del Centro di Formazione sull\u2019Arte del Volo in un rimando fra passato e futuro, eccellenze italiane ed esotiche tradizioni.<\/em>\u201d&nbsp;Quest\u2019anno, Capelli mira alla realizzazione di un\u2019edizione indimenticabile, ideando l\u2019intero programma attorno alla parola chiave&nbsp;<strong><em>Wonder<\/em><\/strong>, giocando con il suo doppio significato di provare meraviglia e porsi delle domande. Da questa visione \u00e8 nato il processo di selezione degli ospiti e dei contenuti del festival per festeggiare l\u2019arte, l\u2019autenticit\u00e0, le tradizioni dal mondo, la contaminazione tra linguaggi performativi diversi, la ricerca e i capisaldi della nostra cultura.<img decoding=\"async\" src=\"https:\/\/ci3.googleusercontent.com\/meips\/ADKq_NbI-VhO_HCU3sctTWja7NWGB1X9ym7N-tU-XlpZsP5ogcER1c3-VX8lJyXcS5yjDQp4nq4Bucjd4sZl_u8hNSuHLL29QoUmmSiVXXgIRU6cnfazHpIZve3jrfRQNuWUQ-jNRwsC5Q=s0-d-e1-ft#https:\/\/culturaliart.img.musvc2.net\/static\/91342\/images\/1\/Senza%20titolo(37).jpg\" width=\"413\" alt=\"\" height=\"auto\"><em>Caterina Capelli \u2013 Art Director di Artevento<\/em>Tutte le iniziative si ispirano al claim \u201c<em>Fratello vento<\/em>\u201d, fil rouge che unisce i&nbsp;<strong>4 grandi temi&nbsp;<\/strong>dell\u2019edizione: gli&nbsp;<strong>800 anni dalla morte di San Francesco<\/strong>; i&nbsp;<strong>100 anni dal Premio Nobel per la Letteratura<\/strong>&nbsp;conferito nel 1926 alla poetessa sarda&nbsp;<strong>Grazia Deledda<\/strong>; i&nbsp;<strong>160 anni di relazioni fra Italia e Giappone<\/strong>&nbsp;e il&nbsp;<strong>40\u00b0 anniversario del gemellaggio tra la Regione Emilia-Romagna e la Prefettura di Ibaraki<\/strong>, in Giappone;&nbsp;<strong>la liaison tra la Capitale dell\u2019Aquilone e il Circo Contemporaneo&nbsp;<\/strong>grazie alla collaborazione di<strong>&nbsp;ATER Fondazione.<\/strong>&nbsp;&nbsp;<strong>IL PROGRAMMA DEL FESTIVAL: GLI HIGHLIGHTS<\/strong><strong>&nbsp;<\/strong>Le prime due giornate, quelle di&nbsp;<strong>gioved\u00ec 23<\/strong>&nbsp;e di&nbsp;<strong>venerd\u00ec 24 aprile<\/strong>, introducono il pubblico allo storico format del Festival con voli liberi sulla spiaggia a partire dalle 10.00 del mattino, spettacoli di volo acrobatico a ritmo di musica come lo&nbsp;<strong>Sport Kite Show<\/strong>&nbsp;e la rassegna \u201c<strong>L\u2019altra met\u00e0 del cielo<\/strong>\u201d, dedicata alle artiste donne che quest\u2019anno prendono parte alla manifestazione. Un avvio che accompagna progressivamente il pubblico verso il primo grande weekend di ARTEVENTO.&nbsp;<img decoding=\"async\" src=\"https:\/\/ci3.googleusercontent.com\/meips\/ADKq_NZUz4PTenq575YJe8SIaZSI-OkzB7IaVKJEtBPVRp6-evWcwY97S0L-zf6wNkCCxDKQZslK3iXx5zqL9TzF1KhbvfnorE5rPmmqRuf1eoEbw7L2t0eyoIAIYvZneqM=s0-d-e1-ft#https:\/\/culturaliart.img.musvc2.net\/static\/91342\/images\/1\/1000846073.jpg\" width=\"502\" alt=\"\" height=\"auto\"><em>\u00a9 Bimana<\/em><strong>Sabato 25 aprile<\/strong>,&nbsp;<strong>primo ponte festivo<\/strong>&nbsp;e giornata che include il primo volo notturno dell\u2019edizione, rappresenta, infatti, uno dei momenti centrali di quest\u2019anno, dedicata alla celebrazione del primo tema dell\u2019edizione, ovvero la&nbsp;<strong>ricorrenza degli 800 anni dalla morte di San Francesco<\/strong>, in collaborazione con&nbsp;<strong>Fondazione PerugiAssisi<\/strong>. \u201cFratello vento\u201d diviene il titolo del&nbsp;<strong>volo collettivo<\/strong>&nbsp;in programma nell&#8217;area centrale, dedicato alla&nbsp;<strong>presentazione delle opere ispirate al tema di San Francesco e al Cantico delle Creature<\/strong>, per celebrare insieme la meraviglia del creato e una madre terra cui rivolgersi con rispetto e devozione.&nbsp;Tra gli appuntamenti pi\u00f9 simbolici e attesi, la&nbsp;<strong>Parata delle Creature \u2013 Kite Puppet Streat Theater Show<\/strong>, presentata per la prima volta in Europa in collaborazione con l\u2019equipe colombiana&nbsp;<strong>BIMANA<\/strong>, Special Guest della 46\u00b0 edizione e nuovo partner di ARTEVENTO nella promozione di un\u2019originale fusione tra arti visive e performative, diretta dal designer&nbsp;<strong>Alejandro Uribe<\/strong>, rinomato maestro degli effetti speciali.<img decoding=\"async\" src=\"https:\/\/ci3.googleusercontent.com\/meips\/ADKq_NZM5aGNWW-TmWvXIKMTUFN7Zq7H4FwwmWTnl3qHeznePKpyhsnR_wxQjOx-lwF-iOp_Gd2UdtOQ2n3ZgwEHDToAnM1mLntC5tFk1C1vHyFvcOEHxrmm-_2nDUEpsZ1BLFmIncQeHA=s0-d-e1-ft#https:\/\/culturaliart.img.musvc2.net\/static\/91342\/images\/1\/Senza%20titolo(38).jpg\" width=\"285\" alt=\"\" height=\"auto\"><em>ARTEVENTO CERVIA &#8211; \u00a9&nbsp; Wolfgang Bieck<\/em>La colorata performance immersiva coinvolger\u00e0 il pubblico nelle suggestive movenze di&nbsp;<strong>grandi puppet<\/strong>&nbsp;<strong>tridimensionali&nbsp;<\/strong>nati dall\u2019originale intuizione di fondere il mondo delle 3D air creations e quello del teatro di figura. La Parata vedr\u00e0 ben 4 repliche: 26 aprile, 1, 2 e 3 maggio.&nbsp;A seguire, \u00e8 previsto un altro momento storico: la consegna del&nbsp;<strong>Premio Speciale per Meriti di Volo 2026<\/strong>&nbsp;a&nbsp;<strong>Flavio Lotti<\/strong>, Presidente della Fondazione PerugiAssisi per la Cultura della Pace e organizzatore dal 1995 della Marcia per la Pace. Dopo la premiazione, Lotti presenter\u00e0&nbsp;<strong>in anteprima<\/strong>&nbsp;il suo libro \u201c<strong><em>La PerugiAssisi. Quando la pace si fa storia<\/em><\/strong>\u00ab, seguito da un firmacopie.L\u2019intera giornata intreccia arte, spettacolo, spiritualit\u00e0 e impegno civile, culminando alle ore 21.00 con il volo notturno \u201c<strong>Bussa al cielo e ascolta il suono<\/strong>\u201d, in memoria di&nbsp;<strong>Peter Lynn<\/strong>, una delle figure pi\u00f9 influenti nella storia del volo di questo secolo, scomparso l\u201911 Aprile e al quale ARTEVENTO dedica la sua 46esima edizione. Pionieristico inventore del soft kite tridimensionale negli anni \u201880, \u00ab<em>padre del moderno power kiting<\/em>\u00bb del kite surf e dell\u2019aquilonismo da trazione moderno, detentore di numerosi Guinness World Record e affezionato estimatore del Festival Internazionale dell\u2019Aquilone di Cervia.<img decoding=\"async\" src=\"https:\/\/ci3.googleusercontent.com\/meips\/ADKq_Nav07gKf6OMKDVMPyXV8VW1Ib9o3i0x-MWaNuwBIbE5jOm9mbDapMPzDJ_u2zKfSP9lSTvCDghgz-E_SVxLjlRn_4tYI3LnluCqE7JFxczVUobl4ltTLM4wwMFepXbRUAu-qw73Uw=s0-d-e1-ft#https:\/\/culturaliart.img.musvc2.net\/static\/91342\/images\/1\/Peter-Lynn-octopus.png\" width=\"285\" alt=\"\" height=\"auto\"><em>Peter Lynn &#8211; Octopus Kite<\/em>Il visionario ingegnere neozelandese verr\u00e0 celebrato con un display delle sue iconiche piovre lunghe fino a 45 metri, proiezione di documenti inediti e un concerto dal vivo della cantante soul e R\u2019n\u2019b&nbsp;<strong>Ariane Diakite<\/strong>.&nbsp;Inoltre durante la stessa serata, ARTEVENTO completa la sua dedica a San Francesco con l\u2019arrivo della&nbsp;<strong>Lampada della Pace di Assisi<\/strong>, simbolo del \u201csogno universale della fraternit\u00e0 e dell\u2019amicizia sociale\u201d e trasformando il Festival in una tappa del&nbsp;<strong>Giro d\u2019Italia per la Pace<\/strong>.&nbsp;Per tutta la giornata, dalle 10.30 alle 18.00, presso la reception di ARTEVENTO, il pubblico potr\u00e0 procurarsi il&nbsp;<strong>1\u00b0 annullo postale celebrativo<\/strong>&nbsp;dell\u2019edizione realizzato da&nbsp;<strong>Filatelia Poste Italiane<\/strong>, dedicato proprio a San Francesco.&nbsp;Il Festival prosegue&nbsp;<strong>domenica 26 aprile<\/strong>, altra giornata chiave dell\u2019edizione poich\u00e9 interamente dedicata ai&nbsp;<strong>160 anni di relazioni fra Italia e Giappone<\/strong>, al&nbsp;<strong>40\u00b0 anniversario del gemellaggio tra la Regione Emilia-Romagna e la Prefettura di Ibaraki<\/strong>&nbsp;e al progetto sviluppato dall\u2019<strong>ICPI del Ministero Italiano della Cultura su ARTEVENTO<\/strong>, riconosciuto dal 2023 come uno spazio di interesse per le etnografie. Nell\u2019ambito del progetto ministeriale sui \u201ctestimoni viventi\u201d,&nbsp;<strong>per la prima volta<\/strong>&nbsp;ARTEVENTO diventa \u201ccampo fisico\u201d di studio per gli specializzandi del Corso di Demoetnoantropologia dell\u2019Universit\u00e0 di Perugia che, per l\u2019occasione, faranno visita al festival.&nbsp;Oltre che attraverso la&nbsp;<strong>Cerimonia delle Bandiere<\/strong>, in programma alle ore 11.00 nell\u2019Area delle Esibizioni, e il&nbsp;<strong>secondo annullo di Filatelia Poste Italiane<\/strong>, il tema sar\u00e0 affrontato con uno speciale approfondimento dedicato a&nbsp;<strong>Malcolm Goodman<\/strong>, anche conosciuto come&nbsp;<strong>The Kiteman (UK).<\/strong>&nbsp;Ospite del festival dalle sue prime edizioni, Goodman viene omaggiato per aver dedicato gran parte della vita alla cura della prestigiosa collezione oggi in mostra al Kunsthal Museum di Rotterdam.&nbsp;Nell&#8217;ambito dei gemellaggi promossi da ARTEVENTO, il programma della 46\u00b0 edizione \u00e8 storicizzato anche dalla prestigiosa partecipazione del team in rappresentanza del&nbsp;<strong>Layang-Layang Museum di Jakarta<\/strong>,&nbsp;<strong>primo museo degli aquiloni dell&#8217;Indonesia<\/strong>, fondato nel 2003 da&nbsp;<strong>Endang Ernawati<\/strong>, seconda Special Guest 2026. Esposte per tutta la durata del festival nell\u2019ambito dell\u2019allestimento&nbsp;<strong>Layang-Layang Kite Museum Display<\/strong>&nbsp;alla tenda Museo dell&#8217;Aquilone on the Beach (Fiera del Vento ingresso Nord) le opere della&nbsp;<em>Signora degli Aquiloni<strong>&nbsp;<\/strong><\/em>decolleranno Domenica 26 aprile, alle ore 16.30, nell\u2019ambito di un omaggio alla tradizione di Jakarta che include anche gli interventi di&nbsp;<strong>teatro danza<\/strong>&nbsp;del performer&nbsp;<strong>Radit Puspoyo<\/strong>.Altro highlight della giornata l\u2019<strong>omaggio al Maestro Mikio Toki<\/strong>, principale interprete dell\u2019arte della costruzione dell\u2019aquilone&nbsp;<strong>edo<\/strong>, modello tradizionale della citt\u00e0 di Tokyo. In merito, si terr\u00e0 l\u2019incontro sul progetto ministeriale dedicato ad ARTEVENTO con il&nbsp;<strong>Professor<\/strong>&nbsp;<strong>Daniele Parbuono<\/strong>&nbsp;dottore di ricerca in etnologia e antropologia dell\u2019Universit\u00e0 di Perugia, la&nbsp;<strong>Dott.ssa Cinzia Marchesini<\/strong>, funzionaria dell\u2019Istituto Centrale per il Patrimonio Immateriale e la&nbsp;<strong>Dott.ssa Patrizia Cirino<\/strong>, funzionaria Direzione Musei Emilia-Romagna. Seguir\u00e0 la presentazione della delegazione giapponese e il volo delle opere dei Maestri&nbsp;<strong>Makoto Ohye, Yoh Yasuda&nbsp;<\/strong>e<strong>&nbsp;Akio Takeda,&nbsp;<\/strong>nell\u2019area centrale.<img decoding=\"async\" src=\"https:\/\/ci3.googleusercontent.com\/meips\/ADKq_NapxLYn0P3LYgmlhxcS2MXQ_Qrl-dDNg6jwb9oR8--ZO9cezQ6HQqCTBlgGAdJPJCioIYtFIEEXkH9kvFZC2rpIHwdM4k492SS72Yz2-Yk0-pbItQly-bwWR_YdVTa4=s0-d-e1-ft#https:\/\/culturaliart.img.musvc2.net\/static\/91342\/images\/1\/_R3_4221-1.jpeg\" width=\"280\" alt=\"\" height=\"auto\"><em>Maestro Mikio Toki<\/em>Inoltre, quest\u2019anno, proprio per omaggiare i Paese del Sol Levante, i laboratori didattici per bambini propongono la rivisitazione dell\u2019aquilone&nbsp;<strong>Jakko-dako<\/strong>, simbolo della tradizione giapponese.&nbsp;I festeggiamenti sulla spiaggia si sviluppano senza interruzioni&nbsp;<strong>dal 27 al 30 aprile<\/strong>, mantenendo vivo il programma con voli continuativi, incontri e laboratori. In particolare,&nbsp;<strong>dal 27 al 29 aprile<\/strong>, presso la Fiera del Vento Nord si svolge&nbsp;<strong><em>\u00abFratello Vento\u00bb sewing kite workshop<\/em><\/strong>,<strong><em>&nbsp;<\/em><\/strong>corso di costruzione per adulti con macchina da cucire a cura di&nbsp;<strong>Alicja Szalska<\/strong>&nbsp;in collaborazione con&nbsp;<strong>Righi per Cucire. Il corso si tiene esclusivamente su prenotazione.<\/strong><strong>Info su:&nbsp;<\/strong><a href=\"https:\/\/culturaliart.musvc2.net\/e\/tr?q=6%3dIQDWB%26B%3dB%26G%3dAUFa%26y%3dRKZJY%266%3dA4J1L_2qds_Ca_3tcp_Ci_2qds_BflK4578xJz.6yC_3tcp_Civ1mH215H29_3tcp_Ci_2qds_Cf6Mw_IzN23p_Kasa_VNDpP3BpM453_Kasa_UFK5F_w5oB5C_3tcp_DgoClBv_HbvZ_RGN4C_n4wFlBqD_3tcp_Dgw1tE5F%26o%3dF5I76B.DpM%26sI%3dBWJX4k1lI%26M3%3dRKUFZEUAQBUGUF%26A%3dGQKUF1mUmQo9mVG5mVFcmTDWpWBZJYlbESqYE6qWo1GZA2KTB5B6mZEXEQmUIUF6&amp;mupckp=mupAtu4m8OiX0wt\" target=\"_blank\" rel=\"noreferrer noopener\">https:\/\/artevento.com\/<wbr>laboratori\/<\/a><strong>.<\/strong><strong>&nbsp;<\/strong><strong>Gioved\u00ec 30 aprile \u00e8 una giornata speciale, poich\u00e9 tutti gli aquilonisti partecipanti al Festival faranno visita al Magazzino del Sale di Cervia, dove \u00e8 allestita la mostra inedita \u201c<em>The Hague Air Gallery \u2013 Vento Dipinto<\/em>\u201d, inaugurata il 4 aprile e che presenta, per la prima volta in Italia, una collezione di aquiloni storici di modello giapponese edo dipinti da artisti olandesi negli Anni \u201980. L\u2019esposizione, che si avvale del Patrocinio dell\u2019Ambasciata e del Consolato Generale dei Paesi Bassi, sar\u00e0 visitabile gratuitamente fino al 3 maggio.<\/strong><img decoding=\"async\" src=\"https:\/\/ci3.googleusercontent.com\/meips\/ADKq_NZquhZXdCmRZ_-HbYXTVmg9VIq7ltOAdSYOzfGFcdxY11dbrzzbxxnvKtIFVlTVwTfFx22TeliVQJ1Y4S8nJM2m5U8IXlmq_UDNPt5uEwsfxU8rbx3VRIR0kBXr=s0-d-e1-ft#https:\/\/culturaliart.img.musvc2.net\/static\/91342\/images\/1\/IMG_3376.jpg\" width=\"384\" alt=\"\" height=\"auto\"><em>Aquiloni olandesi esposti al Magazzino del Sale nella mostra<\/em><em>\u201cThe Hague Air Gallery \u2013 Vento Dipinto\u201d<\/em><strong>Per il tema del centenario del Premio Nobel per la Letteratura conferito nel 1926 a Grazia Deledda, la giornata di riferimento \u00e8 venerd\u00ec 1\u00b0 maggio, secondo ponte festivo che introduce il pubblico all\u2019ultimo weekend della manifestazione. L\u2019omaggio alla \u201cpoetessa del vento\u201d, prima e unica donna italiana ad aver vinto il Premio Nobel per la letteratura, s\u2019intreccia con gli 80 anni dal diritto di voto alle donne in Italia. Deledda verr\u00e0 commemorata dall\u2019annullo postale di Filatelia Poste Italiane \u2013 3\u00b0 annullo dell\u2019edizione, distribuito dalle 10.30 alle 18.30 presso la reception di ARTEVENTO \u2013 e dall\u2019incontro, alle ore 11.30, con&nbsp;<\/strong><strong>Grazia Madesani Deledda<\/strong>, nipote della scrittrice che ne celebrer\u00e0 il ricordo attraverso delle letture a cura dell\u2019Associazione&nbsp;<strong>Grazia Deledda una Nobel a Cervia.<\/strong><img decoding=\"async\" src=\"https:\/\/ci3.googleusercontent.com\/meips\/ADKq_NbBXWtqO2sldMxeQGNCI-_Wq4OiBzvMuutn9ZQbF5IpXsRWrl5z4mfOAg77PS2Qx1-7p-m30KrZdxFoYU_ix1FOjBCEeaoQ7fkU33Zvw_sEXkdtvd1blg=s0-d-e1-ft#https:\/\/culturaliart.img.musvc2.net\/static\/91342\/images\/1\/9-1.png\" width=\"413\" alt=\"\" height=\"auto\">\u00a9 Fulvio Zappatore &#8211; Archivio Artevento<strong>Sabato 2 maggio \u00e8 il giorno riservato al connubio tra gli aquiloni di ARTEVENTO e il circo contemporaneo. Grande novit\u00e0 di quest\u2019anno \u00e8 la&nbsp;<\/strong><strong>Flying Circus Arena<\/strong>, area performativa dedicata al circo contemporaneo, alla magia e al teatro fisico. Con una programmazione curata da&nbsp;<strong>SIC \u2013 Stabile di Innovazione Circense<\/strong>&nbsp;e ARTEVENTO, l\u2019Arena consolida, per il secondo anno consecutivo, la collaborazione tra&nbsp;<strong>ATER Fondazione<\/strong>&nbsp;e il Festival Internazionale dell\u2019Aquilone di Cervia. Collocata nel cuore del Villaggio del Festival sulla spiaggia, ospiter\u00e0&nbsp;<strong>una rassegna articolata in due weekend<\/strong>&nbsp;di spettacoli \u2013&nbsp;<strong>dal 24 al 26 aprile&nbsp;<\/strong>e<strong>&nbsp;dal 30 aprile al 3 maggio<\/strong>&nbsp;\u2013 con&nbsp;<strong>oltre 30 repliche&nbsp;<\/strong>di&nbsp;<strong>5 titoli<\/strong>, tra cui&nbsp;<strong>2 anteprime assolute<\/strong>&nbsp;firmate da&nbsp;<strong>Circo El Grito \u2022 Costantini<\/strong>.&nbsp;Nel pomeriggio, il Festival celebra i&nbsp;<strong>140 anni di Gambettola Carnevale della Romagna<\/strong>&nbsp;attraverso l&#8217;incontro con l&#8217;artista&nbsp;<strong>Anton Roca<\/strong>, direttore della&nbsp;<strong>Scuola della Cartapesta<\/strong>&nbsp;e anima della residenza per artisti del festival. Noto in ambito europeo ed internazionale con mostre in Spagna, Italia, Ungheria, Francia e Canada, Roca accoglie l&#8217;invito di ARTEVENTO di sviluppare un percorso residenziale per i suoi artisti e li guida nella creazione di&nbsp;<strong>un&#8217;opera event specific<\/strong>&nbsp;per l\u2019attesa e iconica&nbsp;<strong>Notte dei Miracoli,&nbsp;<\/strong>in programma alle ore 21.00. Il&nbsp;<strong>secondo volo notturno<\/strong>&nbsp;della 46\u00b0 edizione sar\u00e0, ancora una volta, dedicato a&nbsp;<strong>Peter Lynn<\/strong>&nbsp;con la&nbsp;<strong><em>Parata delle Creature sotto le stelle<\/em><\/strong>, il ritorno sul palco di ARTEVENTO della<strong>&nbsp;<\/strong>cantante&nbsp;<strong>Ariane Diakite<\/strong>, protagonista della serata con la sua straordinaria voce, l\u2019intervento dell\u2019artista&nbsp;<strong>Doghead<\/strong>&nbsp;in rappresentanza di&nbsp;<strong>Mutoid Waste Company<\/strong>, e le immagini trasmesse da&nbsp;<strong>Cinema du Desert,&nbsp;<\/strong>cinema mobile ad energia solare, in collaborazione con l&#8217;<strong>Associazione Bambini nel Deserto ETS.<\/strong>&nbsp;Il gran finale sar\u00e0&nbsp;<strong>domenica 3 maggio<\/strong>&nbsp;con una programmazione che raccoglie e restituisce al pubblico tutta l\u2019energia e la variet\u00e0 che hanno caratterizzato questa edizione speciale. Tra gli appuntamenti da non perdere, alle ore 10.30 nell\u2019Area delle Esibizioni la premiazione della&nbsp;<strong>Cervia\u2019s Cup \u2013 Campionato Italiano di Volo Acrobatico<\/strong>&nbsp;a cura di&nbsp;<strong>STACK Italia<\/strong>, momento conclusivo della competizione con protagonisti i migliori piloti internazionali.<img decoding=\"async\" src=\"https:\/\/ci3.googleusercontent.com\/meips\/ADKq_NYxJXYRqTni6bn1hXiNucgiyPfT0Ryc2HkPWni4N2srykGA1wiBDDv-T3qqWmjdHroFx0_HV6FSoK63IDxeR_Gxf3GI0_w6RW5e-FAFiNfVCq42Q6jVXrNLyzMlwCY-MKWqlIw=s0-d-e1-ft#https:\/\/culturaliart.img.musvc2.net\/static\/91342\/images\/1\/IMG_0792%20copia.jpg\" width=\"413\" alt=\"\" height=\"auto\"><em>Campioni internazionali di volo acrobatico \u2013 Artevento<\/em>Nel pomeriggio, tra i vari momenti conclusivi, i riflettori saranno puntati su una delle attrazioni imperdibili di quest\u2019anno: la suggestiva tradizione del volo della Thailandia torna eccezionalmente ad ARTEVENTO grazie alla presenza dell&#8217;originale&nbsp;<strong>Association of Thai and International Kite<\/strong>&nbsp;che, nell\u2019area centrale, porter\u00e0 l\u2019esibizione della suggestiva tradizione del \u201ccorteggiamento fra aquiloni\u201d&nbsp;<strong>chula &amp; pakpao.<\/strong>&nbsp;Il programma completo di ARTEVENTO CERVIA \u00e8 consultabile sul sito della manifestazione:&nbsp;<a href=\"https:\/\/culturaliart.musvc2.net\/e\/tr?q=6%3dARKW4%26C%3dI%26G%3d3VMa%26q%3dSRZBZ%26C%3dAvK8L_trks_5b_0tUq_Ji_trks_4gsKv6D8pK7.6qD_0tUq_Ji_trks_5gCMo_J7Nt4w_KSth_VFEwPuCwMv60_KSth_U8LBF_o6vBwD_0tUq_KggDsBn_IivR_SNNvD_u4oGsBiE_0tUq_Kgo21EwG%26v%3dFwJD64.EwM%26kJ%3dIWBYP%26Mu%3dSRU8aLU3RIU9V4c2sM%26A%3d7YMZ3ZOaBYsa9awaBXQXA5RZ5YQaARsb9RMWfXvXA4M946s6h7tZ06u557MYc4Pb&amp;mupckp=mupAtu4m8OiX0wt\" target=\"_blank\" rel=\"noreferrer noopener\">https:\/\/artevento.com\/<\/a>&nbsp;\u200a<strong>INFORMAZIONI UTILI<\/strong>DOVE:&nbsp;<strong>Cervia \u2013 Spiaggia di Pinarella, Magazzino del Sale e altre location<\/strong>QUANDO:&nbsp;<strong>D<\/strong><strong>al 4 Aprile al 3 Maggio<\/strong>Mostra \u201c<em>The Hague Air Gallery \u2013 Vento Dipinto<\/em>\u201d Magazzino del Sale TorreDal 23 Aprile al 3 Maggio aperto tutti i giorni&nbsp;<strong>Dal 23 Aprile al 3 Maggio<\/strong>46\u00b0 ARTEVENTO Festival Internazionale dell\u2019AquiloneSpiaggia di Pinarella, Magazzino del Sale e altre location<strong>&nbsp;<\/strong><strong>25 Aprile<\/strong>1\u00b0 annullo celebrativo Filatelia Poste ItalianeVolo Notturno \u201cBussa al cielo e ascolto il suono\u201d&nbsp;<strong>26 Aprile<\/strong>2\u00b0 annullo celebrativo Filatelia Poste ItalianeCerimonia delle Bandiere &#8211; Spiaggia di Pinarella&nbsp;<strong>Dal 27 al 29 Aprile<\/strong>Workshop aquiloni per adulti<em>&nbsp;<\/em><strong>1\u00b0 Maggio<\/strong>3\u00b0 annullo celebrativo Filatelia Poste Italiane<em>&nbsp;<\/em><strong>Dall\u20191 al 3 Maggio<\/strong><em>STACK Cervia\u2019s Cup Campionato Italiano di volo acrobatico sportivo<\/em><em>&nbsp;<\/em><strong>2 Maggio<\/strong>4\u00b0 annullo celebrativo Filatelia Poste Italiane<em>La Notte dei Miracoli<\/em>&nbsp;\u2013 Spettacolo multidisciplinare &#8211; Spiaggia di Pinarella&nbsp;<strong>Per prenotazione laboratori:&nbsp;<\/strong><a href=\"mailto:info@artevento.com\" target=\"_blank\" rel=\"noreferrer noopener\">info@artevento.com<\/a>&nbsp;<strong>&nbsp;<\/strong><strong>CONTATTI ARTEVENTO:<\/strong><a href=\"https:\/\/culturaliart.musvc2.net\/e\/tr?q=7%3dTVIXM%26G%3dG%26H%3dLZKb%260%3dWPaUd%26A%3dBEO6M_Cvit_Nf_8unu_Hj_Cvit_MkCQH.Aq7z75I6.85G_Cvit_Mkv9DOyPvGqKFD2I90s9CQy5_Cvit_Mk_8unu_IjFO3_M0P87z_Mgwk_XTHzR9FzO09C_Mgwk_WLOEH_39yDAG_Cvit_NiuGvD2_Llxf_VQP0G_x63JvDwH_Cvit_Ni354GAJ%26y%3dHAMG8H.HzO%26yM%3dLYPbS%26O9%3dVUWLdOWGULWMYP%26C%3dudTVMYLZMcM9Jdz7u5N8q5NbM9wAMWPer5yaJ5T0GZSZq0ydI9UVH6P5v6q0qbwWqXMV&amp;mupckp=mupAtu4m8OiX0wt\" target=\"_blank\" rel=\"noreferrer noopener\"><\/a><a href=\"https:\/\/culturaliart.musvc2.net\/e\/tr?q=8%3dDTMY7%26E%3dK%26I%3d6XOc%26t%3dUTbEb%26E%3dCyM0N_wtmu_8d_BvXs_Lk_wtmu_7iGR2.B8Ny41MfF.wJr_KkxU_UZ6wMyQjGDJ_h8BQn4_5Dy8_z0xM3QfE_BvXs_Lk_wtmu_8iEOr_L9Pw6y_MVvj_XIGyRxEyOy8B_MVvj_WANDH_r8xDzF_BvXs_MijFuDq_KkxU_UPPyF_w6rIuDlG_BvXs_Mir43GzI%26x%3dHzLF87.GyO%26nL%3dKYEaR%26Ox%3dUTWAcNW6TKWBXO%26C%3d97MYj7O9EZO86YwefTz0C8vYhZMVEcvVfWwdEXOeBcRVC56f4uK9gbv9k6udCVz7hXLc&amp;mupckp=mupAtu4m8OiX0wt\" target=\"_blank\" rel=\"noreferrer noopener\"><\/a><a href=\"https:\/\/culturaliart.musvc2.net\/e\/tr?q=8%3dIQQYB%26B%3dO%26I%3dAUSc%26y%3dRXbJY%26I%3dC4JDN_2qqu_Ca_Fvcp_Pk_2qqu_BfKR7.OCP4Kz0.mEA_Masn_WP366xD3G_2qqu_BfshMqJ-ZWahj9-RbySfSb-FfK_Masn_WP6364KF0n_HoxZ_SdP4C_GJ5H10_2qqu_CdB07I004J3M_2qqu_BVIOw_C39sKA_Masn_XN5A6sB_Fvcp_Pa5JA_8kCD6s7B_Masn_XNCyDvKD%269%3dwKGQmR.B04%269G%3dVDZVc%264I%3dPeBVXYBQOVBWSZ%26r%3dYUeHVQZn5S7I3RZAZR8DZPaETR7HS166k1ylZVekWy6DVS8kSP9DQXel1UAA3UAFYX8J&amp;mupckp=mupAtu4m8OiX0wt\" target=\"_blank\" rel=\"noreferrer noopener\"><\/a><a href=\"https:\/\/culturaliart.musvc2.net\/e\/tr?q=9%3dVQCZO%26B%3dA%26J%3dNUEd%26B%3dRJcWY%265%3dDGJzO_Eqcv_Pa_2wpp_Bl_Eqcv_OfkNG56AAJy.9BC_2wpp_Bl_Eqcv_Pf5P0_IyQE3o_NnsZ_YaDoSFBoPG52_NnsZ_XSK4I_05nEHC_2wpp_Cj2CkE9_Haym_RFQGC_m70FkE4D_2wpp_Cj01sHHF%26n%3dIHI69O.DoP%266I%3dAZWXH%26PF%3dRJXSZDXNQAXTU7x1kE%26D%3dRXEcNYGdWXkdTZodWWIaV4JcPXIdVQkeTQEZ1WnaV3EBO5k936lcU5m8P6Ebx3He&amp;mupckp=mupAtu4m8OiX0wt\" target=\"_blank\" rel=\"noreferrer noopener\"><\/a><\/td><\/tr><\/tbody><\/table><\/figure>\n","protected":false},"excerpt":{"rendered":"<p>ARTEVENTO 2026&nbsp;Il programma della 46\u00b0 edizione\u201cSeahorse\u00bb &#8211; Kite &#8211; Kadek Armika &#8211; Bali &#8211; Indonesia\u00a9 Wolfgang Bieck &#8211; Germany &#8211; [&hellip;]<\/p>\n","protected":false},"author":1,"featured_media":0,"comment_status":"open","ping_status":"open","sticky":false,"template":"","format":"standard","meta":{"footnotes":""},"categories":[2],"tags":[],"class_list":["post-89108","post","type-post","status-publish","format-standard","hentry","category-informacion"],"_links":{"self":[{"href":"https:\/\/www.ecoitaliano.com.ar\/index.php?rest_route=\/wp\/v2\/posts\/89108","targetHints":{"allow":["GET"]}}],"collection":[{"href":"https:\/\/www.ecoitaliano.com.ar\/index.php?rest_route=\/wp\/v2\/posts"}],"about":[{"href":"https:\/\/www.ecoitaliano.com.ar\/index.php?rest_route=\/wp\/v2\/types\/post"}],"author":[{"embeddable":true,"href":"https:\/\/www.ecoitaliano.com.ar\/index.php?rest_route=\/wp\/v2\/users\/1"}],"replies":[{"embeddable":true,"href":"https:\/\/www.ecoitaliano.com.ar\/index.php?rest_route=%2Fwp%2Fv2%2Fcomments&post=89108"}],"version-history":[{"count":1,"href":"https:\/\/www.ecoitaliano.com.ar\/index.php?rest_route=\/wp\/v2\/posts\/89108\/revisions"}],"predecessor-version":[{"id":89109,"href":"https:\/\/www.ecoitaliano.com.ar\/index.php?rest_route=\/wp\/v2\/posts\/89108\/revisions\/89109"}],"wp:attachment":[{"href":"https:\/\/www.ecoitaliano.com.ar\/index.php?rest_route=%2Fwp%2Fv2%2Fmedia&parent=89108"}],"wp:term":[{"taxonomy":"category","embeddable":true,"href":"https:\/\/www.ecoitaliano.com.ar\/index.php?rest_route=%2Fwp%2Fv2%2Fcategories&post=89108"},{"taxonomy":"post_tag","embeddable":true,"href":"https:\/\/www.ecoitaliano.com.ar\/index.php?rest_route=%2Fwp%2Fv2%2Ftags&post=89108"}],"curies":[{"name":"wp","href":"https:\/\/api.w.org\/{rel}","templated":true}]}}