{"id":89243,"date":"2026-04-23T09:22:47","date_gmt":"2026-04-23T09:22:47","guid":{"rendered":"https:\/\/www.ecoitaliano.com.ar\/?p=89243"},"modified":"2026-04-23T09:22:47","modified_gmt":"2026-04-23T09:22:47","slug":"il-colosso-tedesco-passa-in-mani-italiane-acquisizione-miliardaria","status":"publish","type":"post","link":"https:\/\/www.ecoitaliano.com.ar\/?p=89243","title":{"rendered":"\u200bIl colosso tedesco passa in mani italiane: acquisizione miliardaria"},"content":{"rendered":"\n<figure class=\"wp-block-table\"><table class=\"has-fixed-layout\"><tbody><tr><td><em>Carlo Di Stanislao<\/em><\/td><\/tr><\/tbody><\/table><\/figure>\n\n\n<div class=\"wp-block-image\">\n<figure class=\"aligncenter size-full\"><a href=\"http:\/\/www.ecoitaliano.com.ar\/wp-content\/uploads\/2026\/04\/descarga-3-1.jpeg\"><img decoding=\"async\" width=\"225\" height=\"225\" src=\"http:\/\/www.ecoitaliano.com.ar\/wp-content\/uploads\/2026\/04\/descarga-3-1.jpeg\" alt=\"\" class=\"wp-image-88875\" srcset=\"https:\/\/www.ecoitaliano.com.ar\/wp-content\/uploads\/2026\/04\/descarga-3-1.jpeg 225w, https:\/\/www.ecoitaliano.com.ar\/wp-content\/uploads\/2026\/04\/descarga-3-1-150x150.jpeg 150w\" sizes=\"(max-width: 225px) 100vw, 225px\" \/><\/a><\/figure><\/div>\n\n\n<blockquote class=\"wp-block-quote is-layout-flow wp-block-quote-is-layout-flow\">\n<p><em>\u200b\u00bbIl successo non \u00e8 definitivo, il fallimento non \u00e8 fatale: ci\u00f2 che conta \u00e8 il coraggio di andare avanti.\u00bb \u2014 Winston Churchill<\/em><\/p>\n<\/blockquote>\n\n\n\n<p>\u200bL\u2019operazione che vede protagonista il&nbsp;<strong>colosso<\/strong>&nbsp;brianzolo Fontana Gruppo rappresenta una di quelle notizie che costringono a rileggere il titolo due volte, magari strofinandosi bene gli occhi. In un panorama economico dove siamo ormai abituati a vedere i nostri marchi storici \u2013 dal lusso al cibo, passando per la tecnologia \u2013 finire regolarmente sotto bandiere straniere, assistere a un\u2019azienda italiana che va in Germania a fare compere \u00abpesanti\u00bb ha quasi del miracoloso. L\u2019acquisizione della tedesca Kamax da parte di Fontana Gruppo non \u00e8 solo un colpo di mercato, ma una rivincita morale che profuma di polenta e determinazione brianzola.<\/p>\n\n\n\n<h3 class=\"wp-block-heading\">\u200bL\u2019ossatura invisibile dell\u2019automotive (e finalmente compriamo noi!)<\/h3>\n\n\n\n<p>\u200bPer una volta, non stiamo qui a scrivere il solito necrologio industriale su quanto fosse bello quel marchio ora diventato francese, cinese o americano. No, questa volta la bandiera tricolore sventola su un\u2019operazione che guarda oltre la carrozzeria delle auto per concentrarsi sul cuore pulsante, seppur meno visibile, del settore: la componentistica. Parliamo di viti, bulloni e sistemi di fissaggio; quegli elementi che, se mancassero, trasformerebbero la vostra lussuosa berlina tedesca in un costoso set di costruzioni sparpagliato sull&#8217;asfalto.<\/p>\n\n\n\n<p>\u200bFontana Gruppo, con il suo quartier generale a Veduggio con Colzano, ha dimostrato che non serve essere sotto i riflettori per dominare il mondo. Mentre molti si perdevano in chiacchiere, in Brianza si continuava a produrre l\u2019acciaio che tiene insieme i sogni (e i motori) di mezzo pianeta.<\/p>\n\n\n\n<h3 class=\"wp-block-heading\">\u200bI dettagli di una conquista fuori dagli schemi<\/h3>\n\n\n\n<p>\u200bQuesta operazione segna un salto dimensionale che definire \u00abimportante\u00bb sarebbe un eufemismo. Kamax, un gigante che parla la lingua di Goethe, porta in dote una dote matrimoniale che farebbe invidia a qualunque investitore: un fatturato che spinge l&#8217;intero gruppo verso l&#8217;incredibile soglia dei due miliardi di euro e una rete di migliaia di dipendenti pronti a rispondere agli ordini (questa volta in italiano, o quasi) da ogni angolo del globo.<\/p>\n\n\n\n<p>\u200bCon decine di stabilimenti sparsi tra Spagna, Slovacchia, Repubblica Ceca, Polonia e l&#8217;immancabile Cina, l&#8217;impero dei fasteners brianzolo si posiziona ora in una posizione di forza assoluta. Questa capillarit\u00e0 permette di guardare negli occhi \u2013 da una posizione di vantaggio \u2013 i grandi nomi come Volkswagen, Audi e BMW. Immaginate la soddisfazione: i tedeschi, maestri della precisione, che ora devono affidarsi a una propriet\u00e0 italiana per assicurarsi che le loro auto non perdano i pezzi. Speriamo davvero che questo sia l&#8217;inizio di una nuova moda: smetterla di svendere e ricominciare a fare shopping all&#8217;estero.<\/p>\n\n\n\n<h3 class=\"wp-block-heading\">\u200bLa sfida dell\u2019elettrificazione: innovare per non fermarsi<\/h3>\n\n\n\n<p>\u200bIl mondo dell&#8217;auto sta cambiando faccia, passando dai pistoni alle batterie, e la nuova entit\u00e0 nata da questa acquisizione sembra pronta a guidare la transizione. Le auto elettriche, pesanti per natura, hanno bisogno di bulloni leggeri ma tenaci, una sfida tecnologica che richiede investimenti massicci. La sinergia tra l\u2019ingegno italiano e la proverbiale organizzazione tedesca \u2013 ora finalmente al nostro servizio \u2013 permetter\u00e0 di sviluppare materiali di nuova generazione, capaci di rendere i veicoli del futuro pi\u00f9 sicuri ed efficienti.<\/p>\n\n\n\n<h3 class=\"wp-block-heading\">\u200bUn segnale di speranza per il Sistema Paese<\/h3>\n\n\n\n<p>\u200bAl di l\u00e0 dei tecnicismi e dei bilanci, l\u2019acquisizione di Kamax \u00e8 un colpo di frusta per l&#8217;orgoglio nazionale. Ci dice che, nonostante le difficolt\u00e0, l&#8217;industria italiana pu\u00f2 ancora essere predatrice e non solo preda. Se una realt\u00e0 partita dalla provincia \u00e8 riuscita a scalare le gerarchie mondiali fino a comprarsi un pezzo di Germania, allora forse c&#8217;\u00e8 ancora speranza per una vera inversione di tendenza.<\/p>\n\n\n\n<p>\u200bIn conclusione, vedere il colosso tedesco passare in mani italiane \u00e8 una notizia che scalda il cuore e rinvigorisce lo spirito imprenditoriale. Fontana Gruppo ci insegna che con una visione chiara si pu\u00f2 passare dal \u00abvendere ai tedeschi\u00bb al \u00abcomprarsi i tedeschi\u00bb. E scusate se \u00e8 poco. Se questo \u00e8 il nuovo corso del Made in Italy, non vediamo l&#8217;ora di leggere il prossimo capitolo, sperando che la lista della spesa italiana all&#8217;estero diventi presto lunghissima.<\/p>\n","protected":false},"excerpt":{"rendered":"<p>Carlo Di Stanislao \u200b\u00bbIl successo non \u00e8 definitivo, il fallimento non \u00e8 fatale: ci\u00f2 che conta \u00e8 il coraggio di [&hellip;]<\/p>\n","protected":false},"author":1,"featured_media":0,"comment_status":"open","ping_status":"open","sticky":false,"template":"","format":"standard","meta":{"footnotes":""},"categories":[173],"tags":[],"class_list":["post-89243","post","type-post","status-publish","format-standard","hentry","category-economia"],"_links":{"self":[{"href":"https:\/\/www.ecoitaliano.com.ar\/index.php?rest_route=\/wp\/v2\/posts\/89243","targetHints":{"allow":["GET"]}}],"collection":[{"href":"https:\/\/www.ecoitaliano.com.ar\/index.php?rest_route=\/wp\/v2\/posts"}],"about":[{"href":"https:\/\/www.ecoitaliano.com.ar\/index.php?rest_route=\/wp\/v2\/types\/post"}],"author":[{"embeddable":true,"href":"https:\/\/www.ecoitaliano.com.ar\/index.php?rest_route=\/wp\/v2\/users\/1"}],"replies":[{"embeddable":true,"href":"https:\/\/www.ecoitaliano.com.ar\/index.php?rest_route=%2Fwp%2Fv2%2Fcomments&post=89243"}],"version-history":[{"count":1,"href":"https:\/\/www.ecoitaliano.com.ar\/index.php?rest_route=\/wp\/v2\/posts\/89243\/revisions"}],"predecessor-version":[{"id":89244,"href":"https:\/\/www.ecoitaliano.com.ar\/index.php?rest_route=\/wp\/v2\/posts\/89243\/revisions\/89244"}],"wp:attachment":[{"href":"https:\/\/www.ecoitaliano.com.ar\/index.php?rest_route=%2Fwp%2Fv2%2Fmedia&parent=89243"}],"wp:term":[{"taxonomy":"category","embeddable":true,"href":"https:\/\/www.ecoitaliano.com.ar\/index.php?rest_route=%2Fwp%2Fv2%2Fcategories&post=89243"},{"taxonomy":"post_tag","embeddable":true,"href":"https:\/\/www.ecoitaliano.com.ar\/index.php?rest_route=%2Fwp%2Fv2%2Ftags&post=89243"}],"curies":[{"name":"wp","href":"https:\/\/api.w.org\/{rel}","templated":true}]}}