{"id":89308,"date":"2026-04-24T16:57:59","date_gmt":"2026-04-24T16:57:59","guid":{"rendered":"https:\/\/www.ecoitaliano.com.ar\/?p=89308"},"modified":"2026-04-24T16:58:43","modified_gmt":"2026-04-24T16:58:43","slug":"miss-mondo-gran-finale-la-bellezza-sarda-protagonista-nellisola-a-lagnata-di-de-andre","status":"publish","type":"post","link":"https:\/\/www.ecoitaliano.com.ar\/?p=89308","title":{"rendered":"Miss Mondo, gran finale: La bellezza sarda protagonista nell&#8217;Isola a L\u2019Agnata di De Andr\u00e8\u00a0"},"content":{"rendered":"\n<figure class=\"wp-block-gallery has-nested-images columns-default is-cropped wp-block-gallery-1 is-layout-flex wp-block-gallery-is-layout-flex\">\n<figure class=\"wp-block-image size-large\"><a href=\"https:\/\/www.ecoitaliano.com.ar\/wp-content\/uploads\/2026\/04\/a050b2bb-b43f-4afe-b587-bade22e1cd43.jpeg\"><img decoding=\"async\" width=\"1024\" height=\"682\" data-id=\"89309\" src=\"https:\/\/www.ecoitaliano.com.ar\/wp-content\/uploads\/2026\/04\/a050b2bb-b43f-4afe-b587-bade22e1cd43-1024x682.jpeg\" alt=\"\" class=\"wp-image-89309\" srcset=\"https:\/\/www.ecoitaliano.com.ar\/wp-content\/uploads\/2026\/04\/a050b2bb-b43f-4afe-b587-bade22e1cd43-1024x682.jpeg 1024w, https:\/\/www.ecoitaliano.com.ar\/wp-content\/uploads\/2026\/04\/a050b2bb-b43f-4afe-b587-bade22e1cd43-300x200.jpeg 300w, https:\/\/www.ecoitaliano.com.ar\/wp-content\/uploads\/2026\/04\/a050b2bb-b43f-4afe-b587-bade22e1cd43-768x512.jpeg 768w, https:\/\/www.ecoitaliano.com.ar\/wp-content\/uploads\/2026\/04\/a050b2bb-b43f-4afe-b587-bade22e1cd43.jpeg 1280w\" sizes=\"(max-width: 1024px) 100vw, 1024px\" \/><\/a><\/figure>\n\n\n\n<figure class=\"wp-block-image size-large\"><a href=\"https:\/\/www.ecoitaliano.com.ar\/wp-content\/uploads\/2026\/04\/4c18b326-4dec-47db-803b-fc014cb19975.jpeg\"><img decoding=\"async\" width=\"1024\" height=\"632\" data-id=\"89310\" src=\"https:\/\/www.ecoitaliano.com.ar\/wp-content\/uploads\/2026\/04\/4c18b326-4dec-47db-803b-fc014cb19975-1024x632.jpeg\" alt=\"\" class=\"wp-image-89310\" srcset=\"https:\/\/www.ecoitaliano.com.ar\/wp-content\/uploads\/2026\/04\/4c18b326-4dec-47db-803b-fc014cb19975-1024x632.jpeg 1024w, https:\/\/www.ecoitaliano.com.ar\/wp-content\/uploads\/2026\/04\/4c18b326-4dec-47db-803b-fc014cb19975-300x185.jpeg 300w, https:\/\/www.ecoitaliano.com.ar\/wp-content\/uploads\/2026\/04\/4c18b326-4dec-47db-803b-fc014cb19975-768x474.jpeg 768w, https:\/\/www.ecoitaliano.com.ar\/wp-content\/uploads\/2026\/04\/4c18b326-4dec-47db-803b-fc014cb19975.jpeg 1290w\" sizes=\"(max-width: 1024px) 100vw, 1024px\" \/><\/a><\/figure>\n<\/figure>\n\n\n\n<p><em><strong>La dimora dell\u2019indimenticato artista, patrimonio della cultura italiana, ospiter\u00e0 la manifestazione il 26 aprile per scegliere la ragazza che rappresenter\u00e0 l\u2019Isola alla finale nazionale del concorso mondiale.<\/strong><\/em><\/p>\n\n\n\n<p>Tempio 24 aprile 2026. La Sardegna sceglie la sua Miss Mondo: dopo un lungo percorso di nuemrose tappe in varie zone dell\u2019Isola, domenica&nbsp; il concorso arriva nella prestigiosa L\u2019Agnata di De Andr\u00e8 per l\u2019atto finale.<br>Alla fase nazionale della rassegna, che si terr\u00e0 a partire dal 3 giugno a Gallipoli con le eliminatorie, partiranno dall\u2019Isola sei ragazze: Miss Mondo Sardegna, Miss Mondo del Web, e altre quattro concorrenti votate dalla giuria. Il sogno di tutte \u00e8 quello di arrivare all\u2019atto finale che si terr\u00e0 il 14 giugno.<br>Tanti gli ospiti presenti alla serata sotto la direzione artistica di Alessia Ghisoni, che verr\u00e0 condotta ancora una volta da Anthony Peth, volto noto del piccolo schermo in onda in prima serata al timone di Vip4Padel. All\u2019ultimo appuntamento regionale sar\u00e0 presente anche Sofia Viola, 22 anni, Miss Mondo Italia 2025, eletta lo scorso anno nella finale nazionale di Gallipoli, pronta a rappresentare il nostro Paese alla 75^ finale mondiale del concorso.<br>La bellezza della competizione sar\u00e0 arricchita dalla suggestione del luogo scelto per l\u2019appuntamento finale. L\u2019Agnata non \u00e8 solo una cornice: \u00e8 una storia. Qui Fabrizio De Andr\u00e9 scelse di vivere lontano dai riflettori, trovando nella Gallura uno spazio intimo, fatto di silenzi, vento e orizzonti larghi.<br>Ancora oggi, camminando tra i sentieri della tenuta, si ha la sensazione che quel legame non si sia mai spezzato. L\u2019Agnata conserva una presenza discreta, quasi trattenuta, che non ha bisogno di essere raccontata ad alta voce. Ed \u00e8 proprio questo equilibrio tra memoria e natura a rendere la scelta della location particolarmente significativa: una serata dedicata alla bellezza che incontra un luogo dove la bellezza \u00e8 sempre stata vissuta, pi\u00f9 che esibita.<\/p>\n\n\n\n<p>Per Salvina Pinna, direttrice de L\u2019Agnata: \u201cSar\u00e0 un onore ospitare questa finale in quella che considero a tutti gli effetti casa mia, un luogo di cultura, poesia e magia. Credo che l\u2019Agnata sia il posto perfetto per dare vita a una serata all\u2019insegna della bellezza sotto ogni punto di vista, e per regalare a tutti momenti indimenticabili\u201d.<br>Per Alessia Ghisoni, imprenditrice affermata nel mondo della moda, recentemente definita dalla stampa nazionale \u201cregina dei grandi eventi\u201d, che ha portato in Sardegna manifestazioni di respiro internazionale come Miss Mondo e Miss Universo, l\u2019ultimo atto della kermesse rappresenta il punto pi\u00f9 alto degli appuntamenti che si sono tenuti negli ultimi mesi: \u201cPer la finale non potevamo scegliere luogo migliore, essere ospitati nella casa che parla d\u2019arte sar\u00e0 davvero emozionante. L\u2019Agnata di De Andr\u00e9 \u00e8 un luogo sospeso tra natura e poesia, dove il silenzio della Gallura incontra il respiro del vento tra i graniti e i profumi della macchia mediterranea. Qui ogni angolo racconta la presenza di Fabrizio De Andr\u00e9, tra ulivi, sentieri e cieli limpidi. \u00c8 un rifugio autentico, capace di accogliere e ispirare, dove il tempo rallenta e la bellezza si fa esperienza profonda\u201d.<br>In accordo con la propriet\u00e0, in occasione della finale regionale di Miss Mondo sar\u00e0 possibile visitare L\u2019Agnata, luogo di grande fascino che ispir\u00f2 la produzione artistica di Fabrizio De Andr\u00e8.<br>La partecipazione alla finale regionale di Miss Mondo sar\u00e0 gratuita, ma si potr\u00e0 accedere solo con accredito, prenotando il proprio posto al numero 351 5873607.<\/p>\n","protected":false},"excerpt":{"rendered":"<p>La dimora dell\u2019indimenticato artista, patrimonio della cultura italiana, ospiter\u00e0 la manifestazione il 26 aprile per scegliere la ragazza che rappresenter\u00e0 [&hellip;]<\/p>\n","protected":false},"author":1,"featured_media":0,"comment_status":"open","ping_status":"open","sticky":false,"template":"","format":"standard","meta":{"footnotes":""},"categories":[2],"tags":[],"class_list":["post-89308","post","type-post","status-publish","format-standard","hentry","category-informacion"],"_links":{"self":[{"href":"https:\/\/www.ecoitaliano.com.ar\/index.php?rest_route=\/wp\/v2\/posts\/89308","targetHints":{"allow":["GET"]}}],"collection":[{"href":"https:\/\/www.ecoitaliano.com.ar\/index.php?rest_route=\/wp\/v2\/posts"}],"about":[{"href":"https:\/\/www.ecoitaliano.com.ar\/index.php?rest_route=\/wp\/v2\/types\/post"}],"author":[{"embeddable":true,"href":"https:\/\/www.ecoitaliano.com.ar\/index.php?rest_route=\/wp\/v2\/users\/1"}],"replies":[{"embeddable":true,"href":"https:\/\/www.ecoitaliano.com.ar\/index.php?rest_route=%2Fwp%2Fv2%2Fcomments&post=89308"}],"version-history":[{"count":2,"href":"https:\/\/www.ecoitaliano.com.ar\/index.php?rest_route=\/wp\/v2\/posts\/89308\/revisions"}],"predecessor-version":[{"id":89312,"href":"https:\/\/www.ecoitaliano.com.ar\/index.php?rest_route=\/wp\/v2\/posts\/89308\/revisions\/89312"}],"wp:attachment":[{"href":"https:\/\/www.ecoitaliano.com.ar\/index.php?rest_route=%2Fwp%2Fv2%2Fmedia&parent=89308"}],"wp:term":[{"taxonomy":"category","embeddable":true,"href":"https:\/\/www.ecoitaliano.com.ar\/index.php?rest_route=%2Fwp%2Fv2%2Fcategories&post=89308"},{"taxonomy":"post_tag","embeddable":true,"href":"https:\/\/www.ecoitaliano.com.ar\/index.php?rest_route=%2Fwp%2Fv2%2Ftags&post=89308"}],"curies":[{"name":"wp","href":"https:\/\/api.w.org\/{rel}","templated":true}]}}