{"id":89361,"date":"2026-04-26T10:56:20","date_gmt":"2026-04-26T10:56:20","guid":{"rendered":"https:\/\/www.ecoitaliano.com.ar\/?p=89361"},"modified":"2026-04-26T10:56:20","modified_gmt":"2026-04-26T10:56:20","slug":"lagnese-va-a-morire-il-volto-femminile-e-necessario-della-resistenza","status":"publish","type":"post","link":"https:\/\/www.ecoitaliano.com.ar\/?p=89361","title":{"rendered":"L&#8217;agnese va a morire: il volto femminile e necessario della resistenza"},"content":{"rendered":"\n<figure class=\"wp-block-table\"><table class=\"has-fixed-layout\"><tbody><tr><td><em>Carlo Di Stanislao<\/em><\/td><\/tr><\/tbody><\/table><\/figure>\n\n\n<div class=\"wp-block-image\">\n<figure class=\"aligncenter size-full\"><a href=\"http:\/\/www.ecoitaliano.com.ar\/wp-content\/uploads\/2026\/04\/descarga-3-1.jpeg\"><img decoding=\"async\" width=\"225\" height=\"225\" src=\"http:\/\/www.ecoitaliano.com.ar\/wp-content\/uploads\/2026\/04\/descarga-3-1.jpeg\" alt=\"\" class=\"wp-image-88875\" srcset=\"https:\/\/www.ecoitaliano.com.ar\/wp-content\/uploads\/2026\/04\/descarga-3-1.jpeg 225w, https:\/\/www.ecoitaliano.com.ar\/wp-content\/uploads\/2026\/04\/descarga-3-1-150x150.jpeg 150w\" sizes=\"(max-width: 225px) 100vw, 225px\" \/><\/a><\/figure><\/div>\n\n\n<blockquote class=\"wp-block-quote is-layout-flow wp-block-quote-is-layout-flow\">\n<p><br>\u200b\u00bb<em>La resistenza non \u00e8 stata solo una guerra di uomini, ma un\u2019epopea di popolo in cui le donne hanno inventato un unico modo di combattere.\u00bb<\/em><\/p>\n\n\n\n<p><em>\u2014 Italo Nostromo<\/em><\/p>\n<\/blockquote>\n\n\n\n<p>\u200bLa straordinaria potenza narrativa contenuta nel romanzo&nbsp;<strong>L&#8217;agnese va a morire<\/strong>&nbsp;di Renata Vigan\u00f2 rappresenta, ancora oggi, uno dei vertici pi\u00f9 autentici della letteratura neorealista italiana. Pubblicato nel 1949 e vincitore del Premio Viareggio, il libro non \u00e8 soltanto una cronaca partigiana, ma una dichiarazione d\u2019esistenza. In un panorama letterario dominato da figure maschili \u2014 si pensi a Calvino, Pavese o Fenoglio \u2014 l\u2019opera della Vigan\u00f2 irrompe con la forza di una verit\u00e0 contadina, fatta di fango, biciclette, silenzi e un coraggio che non nasce dall&#8217;ideologia astratta, ma da una necessit\u00e0 etica profonda.<\/p>\n\n\n\n<p>\u200bNon \u00e8 un caso che la critica contemporanea stia riscoprendo la centralit\u00e0 di questo testo. Per troppo tempo, la narrazione della lotta di liberazione \u00e8 stata declinata quasi esclusivamente al maschile, relegando la partecipazione femminile a ruoli di supporto o di cura. Agnese, invece, incarna una rottura drastica con questo schema, offrendo una prospettiva dove il corpo della donna non \u00e8 pi\u00f9 solo oggetto di attesa, ma soggetto attivo della Storia.<\/p>\n\n\n\n<h3 class=\"wp-block-heading\">\u200bUna protagonista fuori dagli schemi<\/h3>\n\n\n\n<p>\u200bAgnese non \u00e8 l&#8217;eroina romantica o l&#8217;intellettuale che sceglie l&#8217;impegno politico dopo un lungo tormento interiore. \u00c8 una lavandaia, una donna di mezza et\u00e0, corpulenta, che vive nelle valli di Comacchio insieme al marito Palita, un uomo fragile ma colto, deportato dai tedeschi e destinato a morire lontano da casa. \u00c8 la scomparsa di Palita a innescare la trasformazione: Agnese, mossa da una ribellione istintiva contro l&#8217;ingiustizia e l&#8217;oppressione nazifascista, diventa una&nbsp;<strong>staffetta partigiana<\/strong>.<\/p>\n\n\n\n<p>\u200bIl suo personaggio scardina l&#8217;immagine stereotipata della donna nella Resistenza. Agnese agisce, decide, rischia. La sua \u00e8 una scelta di campo totale che la porta ad abitare il paesaggio nebbioso e ostile delle paludi, diventando \u00abmamma\u00bb e guida per i giovani partigiani, pur rimanendo una figura solitaria, tragica e immensa nella sua semplicit\u00e0. Lei non combatte per una medaglia, ma perch\u00e9 sente che l&#8217;equilibrio del mondo \u00e8 stato spezzato.<\/p>\n\n\n\n<p>\u200bLa sua trasformazione \u00e8 lenta ma inesorabile. Dapprima mossa dal dolore personale per la perdita del marito, Agnese comprende gradualmente che il suo gesto individuale fa parte di un movimento collettivo. La sua forza risiede nella sua apparente ordinariet\u00e0: \u00e8 una donna del popolo che, senza aver mai letto un trattato di politica, comprende perfettamente la differenza tra oppressore e oppresso.<\/p>\n\n\n\n<h3 class=\"wp-block-heading\">\u200bLo stile e il paesaggio come specchio dell&#8217;anima<\/h3>\n\n\n\n<p>\u200bRenata Vigan\u00f2 utilizza una lingua asciutta, priva di fronzoli retorici, che Natalia Ginzburg defin\u00ec dotata di un \u00abmagnifico stile misurato\u00bb. La narrazione si sposa perfettamente con l&#8217;ambiente delle&nbsp;<strong>valli di Comacchio<\/strong>: un labirinto di canneti e acqua dove il freddo e la fame sono nemici tangibili quanto le pattuglie nemiche. Il paesaggio non \u00e8 solo uno sfondo, ma un protagonista aggiunto che riflette lo stato d&#8217;animo dei personaggi.<\/p>\n\n\n\n<p>\u200bIn questo contesto, il corpo di Agnese diventa il fulcro della narrazione. \u00c8 un corpo che fatica, che pedala per chilometri sotto la pioggia, che si nasconde e che, alla fine, si immola. La Vigan\u00f2 riesce a trasmettere la fisicit\u00e0 della guerra: non ci sono solo i grandi ideali, ci sono le scarpe rotte, il pane scarso e la costante paura che si annida nel battito del cuore.<\/p>\n\n\n\n<p>\u200bLa scrittura si fa visiva, quasi cinematografica, anticipando quella sensibilit\u00e0 che avrebbe trovato pieno compimento nel cinema neorealista. Ogni capitolo \u00e8 costruito come una sequenza, dove il dettaglio materiale \u2014 una bicicletta, un cesto di biancheria, una divisa sporca \u2014 assume un valore simbolico universale.<\/p>\n\n\n\n<h3 class=\"wp-block-heading\">\u200bDalla carta alla pellicola: il film di Giuliano Montaldo<\/h3>\n\n\n\n<p>\u200bL&#8217;impatto del romanzo fu tale che, nel 1976, il regista&nbsp;<strong>Giuliano Montaldo<\/strong>&nbsp;decise di trasporre la storia sul grande schermo. Il film&nbsp;<em>L&#8217;agnese va a morire<\/em>&nbsp;\u00e8 considerato uno dei capisaldi del cinema di impegno civile italiano. A dare il volto alla protagonista fu l&#8217;attrice svedese&nbsp;<strong>Ingrid Thulin<\/strong>, una scelta che all&#8217;epoca fece discutere per via delle origini dell&#8217;interprete, ma che si rivel\u00f2 magistrale.<\/p>\n\n\n\n<p>\u200bLa Thulin, spogliata di ogni glamour, offr\u00ec un&#8217;interpretazione di straordinaria intensit\u00e0, riuscendo a restituire la fermezza e la malinconia del personaggio letterario. Il film di Montaldo non si limita a illustrare le pagine del libro, ma ne potenzia il messaggio visivo, mostrando la Resistenza come una guerra di sguardi, di attese e di paesaggi desolati.<\/p>\n\n\n\n<p>\u200bLa colonna sonora, curata da Ennio Morricone, contribuisce a creare quell&#8217;atmosfera di sospensione e ineluttabilit\u00e0 che accompagna la protagonista verso il suo destino finale. Il legame tra il libro e il film ha contribuito a mantenere viva la memoria di un&#8217;opera che, per decenni, \u00e8 stata erroneamente confinata alle sole letture scolastiche, rischiando di perdere la sua carica rivoluzionaria e la sua capacit\u00e0 di scuotere le coscienze.<\/p>\n\n\n\n<h3 class=\"wp-block-heading\">\u200bL&#8217;attualit\u00e0 di un classico nel ventunesimo secolo<\/h3>\n\n\n\n<p>\u200bPerch\u00e9 leggere oggi questo romanzo, magari nella nuova edizione Einaudi curata da Daniela Brogi? La risposta risiede nella capacit\u00e0 della Vigan\u00f2 di raccontare la&nbsp;<strong>scoperta della politica<\/strong>&nbsp;come atto di dignit\u00e0 umana. Agnese non legge manifesti, ma capisce da che parte stare guardando il dolore del mondo e la prepotenza dei fascisti.<\/p>\n\n\n\n<p>\u200bMentre il canone tradizionale ha spesso taciuto o minimizzato il ruolo attivo delle donne nella liberazione dell&#8217;Italia, Agnese resta l\u00ec, ferma nel fango della valle, a ricordare che la storia \u00e8 fatta anche di nomi dimenticati e di \u00abcorpi di donne che corrono\u00bb. La sua morte non \u00e8 una sconfitta, ma il suggello di un&#8217;appartenenza collettiva che avrebbe portato, di l\u00ec a poco, alla nascita di una nuova Italia basata sulla democrazia.<\/p>\n\n\n\n<p>\u200bAttraverso la riscoperta di questo testo e la visione della sua controparte cinematografica, emerge un ritratto della Resistenza pi\u00f9 umano, meno celebrativo e, proprio per questo, infinitamente pi\u00f9 potente. Renata Vigan\u00f2 ci ha consegnato un&#8217;eredit\u00e0 che non \u00e8 solo letteraria, ma civile: la consapevolezza che anche l&#8217;individuo pi\u00f9 umile pu\u00f2 diventare il motore del cambiamento storico.<\/p>\n\n\n\n<p>\u200bIn un&#8217;epoca in cui la memoria storica rischia di sbiadirsi,&nbsp;<em>L&#8217;agnese va a morire<\/em>&nbsp;ci costringe a guardare in faccia la realt\u00e0 del sacrificio e l&#8217;importanza della scelta. Non \u00e8 solo un libro sulla guerra, ma un inno alla resistenza dello spirito umano contro ogni forma di prevaricazione. La storia di Agnese \u00e8 la storia di tutte le donne che, nel silenzio e lontano dai riflettori, hanno reso possibile la libert\u00e0 di cui godiamo oggi.<\/p>\n\n\n\n<p><strong><em>Tutte l\u2019opinioni versati nel sito correspondono solo a chi la manifesta. Non e necessariamente l\u2019opinione della Direzione<\/em><\/strong><\/p>\n","protected":false},"excerpt":{"rendered":"<p>Carlo Di Stanislao \u200b\u00bbLa resistenza non \u00e8 stata solo una guerra di uomini, ma un\u2019epopea di popolo in cui le [&hellip;]<\/p>\n","protected":false},"author":1,"featured_media":0,"comment_status":"open","ping_status":"open","sticky":false,"template":"","format":"standard","meta":{"footnotes":""},"categories":[35],"tags":[],"class_list":["post-89361","post","type-post","status-publish","format-standard","hentry","category-opiniones"],"_links":{"self":[{"href":"https:\/\/www.ecoitaliano.com.ar\/index.php?rest_route=\/wp\/v2\/posts\/89361","targetHints":{"allow":["GET"]}}],"collection":[{"href":"https:\/\/www.ecoitaliano.com.ar\/index.php?rest_route=\/wp\/v2\/posts"}],"about":[{"href":"https:\/\/www.ecoitaliano.com.ar\/index.php?rest_route=\/wp\/v2\/types\/post"}],"author":[{"embeddable":true,"href":"https:\/\/www.ecoitaliano.com.ar\/index.php?rest_route=\/wp\/v2\/users\/1"}],"replies":[{"embeddable":true,"href":"https:\/\/www.ecoitaliano.com.ar\/index.php?rest_route=%2Fwp%2Fv2%2Fcomments&post=89361"}],"version-history":[{"count":1,"href":"https:\/\/www.ecoitaliano.com.ar\/index.php?rest_route=\/wp\/v2\/posts\/89361\/revisions"}],"predecessor-version":[{"id":89362,"href":"https:\/\/www.ecoitaliano.com.ar\/index.php?rest_route=\/wp\/v2\/posts\/89361\/revisions\/89362"}],"wp:attachment":[{"href":"https:\/\/www.ecoitaliano.com.ar\/index.php?rest_route=%2Fwp%2Fv2%2Fmedia&parent=89361"}],"wp:term":[{"taxonomy":"category","embeddable":true,"href":"https:\/\/www.ecoitaliano.com.ar\/index.php?rest_route=%2Fwp%2Fv2%2Fcategories&post=89361"},{"taxonomy":"post_tag","embeddable":true,"href":"https:\/\/www.ecoitaliano.com.ar\/index.php?rest_route=%2Fwp%2Fv2%2Ftags&post=89361"}],"curies":[{"name":"wp","href":"https:\/\/api.w.org\/{rel}","templated":true}]}}