{"id":89378,"date":"2026-04-27T08:41:56","date_gmt":"2026-04-27T08:41:56","guid":{"rendered":"https:\/\/www.ecoitaliano.com.ar\/?p=89378"},"modified":"2026-04-27T08:41:56","modified_gmt":"2026-04-27T08:41:56","slug":"artevento-festival-internazionale-dellaquilone-il-programma-di-lunedi-27-martedi-28-mercoledi-29-e-giovedi-30-aprile-spiaggia-di-pinarella-di-cervia-ra","status":"publish","type":"post","link":"https:\/\/www.ecoitaliano.com.ar\/?p=89378","title":{"rendered":"ARTEVENTO &#8211; Festival Internazionale dell&#8217;Aquilone | Il programma di luned\u00ec 27, marted\u00ec 28, mercoled\u00ec 29 e gioved\u00ec 30 aprile | Spiaggia di Pinarella di Cervia (RA"},"content":{"rendered":"\n<figure class=\"wp-block-table\"><table class=\"has-fixed-layout\"><tbody><tr><td><img decoding=\"async\" src=\"https:\/\/ci3.googleusercontent.com\/meips\/ADKq_Nb0zq7MuPKiwOi3EIxnv8E0h1clwFSZKfMpd6PVbuL3NFBPVjq5m6lq_MPJfq27wARyaOeBoVrOzG3d-0aGcKFmaW6xNC-_WE2e_ItBxBGniIhQbbTtZ-oxZMTBz7MPYyQUm_enpb91D5Fkl0EhbWsMpAySfw=s0-d-e1-ft#https:\/\/culturaliart.img.musvc2.net\/static\/91342\/images\/1\/LOGO%20ARTEVENTO%20APS-azzurro(0).png\" width=\"177\" alt=\"\" height=\"auto\"><strong>Prosegue ARTEVENTO 2026&nbsp;<\/strong><strong>Laboratori, voli diurni, esibizioni di volo acrobatico, l\u2019incontro con gli ospiti della Cooperativa Sociale Il Cigno e spettacoli di circo contemporaneo alla Flying Circus Arena<\/strong><strong>&nbsp;<\/strong><strong>Il programma di<\/strong><strong>LUNED\u00cc 27, MARTED\u00cc 28, MERCOLED\u00cc 29 e GIOVED\u00cc 30 APRILE<\/strong><img decoding=\"async\" src=\"https:\/\/ci3.googleusercontent.com\/meips\/ADKq_NbVDuETyTlPeD5xmf0mA3S1p-NLlDS4Da8c0B1FB-E0PDDgaoe2HcQDptUuYrOhpmy03ACHTSdZYGbSdQSNCu9hIVlV9kbZcfneb1HPoE4Cuk3UkiWLxv-E96h7TH5sbkyrHgf1aPNeZXsU0KADPAYBKawrmbF4EKI=s0-d-e1-ft#https:\/\/culturaliart.img.musvc2.net\/static\/91342\/images\/1\/45B6C1B5-1895-4887-8D67-52583A323730.jpeg\" width=\"472\" alt=\"\" height=\"auto\"><em>Artevento \u2013 Foto Repertorio<\/em><strong>Dal 23 Aprile al 3 Maggio \u2013 46\u00b0 ARTEVENTO Festival Internazionale dell\u2019Aquilone<\/strong>Cervia \u2013 Spiaggia di Pinarella, Magazzino del Sale e altre location&nbsp;<a href=\"https:\/\/culturaliart.musvc2.net\/e\/tr?q=8%3dDWQY7%26H%3dO%26I%3d6aTY%26t%3dXXbEe%26I%3dCyPDN_wwqu_8g_FvXv_Pk_wwqu_7lKR2.9IGyQF6qEyMy.9CH_wwqu_7l3QjJHD_wwqu_7lRa-j07UnKB0-iE-yMyAJ0sPC-8jNJDf-E0-KnQ-0JsC3Qt-B3NyEJ6q-EBOjNB65ECIfH3-9jH-AJs0C-9j078fPC-6qHyLzE0JsA-HJwJy-6-hAFQn7-10qAzMfJ2J-nH-1JsJI7nK-HMf-7FOj-A-B6yQF6_wwqu_7l_FvXv_QkzPA_NtQF8j_NoxU_YbIjSGGjPH0w_NoxU_XTPy6f7yI_A0iEIH_wwqu_8j3HfE0_MVyn_WAQHH_h7AKfE5I_wwqu_8jA6nHIK%26i%3dIIN19P.IjP%267N%3d6ZOVE%26PG%3dWEXTe9XUeBZXZB%26D%3d4YiAW9BeR8BZTX6Xyd0eRd0dVeAd4bjc29E7R0CbSXgePA8YXXjZ2bgbTc80PVAd&amp;mupckp=mupAtu4m8OiX0wt\" target=\"_blank\" rel=\"noreferrer noopener\"><strong>CARTELLA STAMPA E IMMAGINI<\/strong><\/a><strong>Artevento \u2013 Festival Internazionale dell\u2019Aquilone<\/strong>&nbsp;prosegue con successo il suo percorso tra arte eolica, tradizione, grandi ospiti e anniversari. Le giornate del 25 e 26 aprile hanno visto la partecipazione, sulla spiaggia di Pinarella di Cervia, di&nbsp;<strong>un pubblico numeroso e di tutte le et\u00e0<\/strong>, insieme a&nbsp;<strong>troupe televisive provenienti anche dall\u2019estero<\/strong>, a testimonianza dell\u2019interesse verso una manifestazione di fama mondiale capace di unire, dal 1981,&nbsp;<strong>cultura, divertimento, sensibilizzazione sui temi legati al rispetto per l\u2019ambiente, libert\u00e0<\/strong>,&nbsp;<strong>fratellanza, unione fra popoli e pace.<\/strong>Nella settimana che va&nbsp;<strong>dal 27 al 30 aprile<\/strong>, antecedente l\u2019atteso ponte festivo del 1\u00b0 maggio, il programma si snoda nel segno degli elementi che da sempre caratterizzano Artevento:&nbsp;<strong>creativit\u00e0<\/strong>&nbsp;\u2013 grazie a laboratori e workshop \u2013 e voli mozzafiato, realizzati da&nbsp;<strong>oltre 200 artisti di fama mondiale, professionisti, campioni internazionali e veri e propri talenti dell\u2019arte eolica&nbsp;<\/strong>che ogni anno si ritrovano a Cervia per celebrare insieme lo spettacolo della natura, custodendo e tramandando questa pratica millenaria.&nbsp;<strong>IL PROGRAMMA DI LUNED\u00cc 27, MARTED\u00cc 28, MERCOLED\u00cc 29 E GIOVED\u00cc 30 APRILE<\/strong>La giornata di&nbsp;<strong>luned\u00ec 27 aprile<\/strong>&nbsp;si aprir\u00e0 alle ore 10.00 con un doppio appuntamento pensato per soddisfare interessi diversi: per chi desidera mettersi in gioco in prima persona, presso la Fiera del Vento Nord si svolge&nbsp;<strong><em>\u00abFratello Vento\u00bb sewing kite workshop<\/em><\/strong>,<strong><em>&nbsp;<\/em><\/strong>corso di costruzione per adulti progettato e realizzato da&nbsp;<strong>Alicja Szalska<\/strong>&nbsp;da un\u2019idea di&nbsp;<strong>Caterina Capelli<\/strong>, in collaborazione con&nbsp;<strong>Righi per Cucire. Il corso si tiene esclusivamente su prenotazione (Info su:&nbsp;<\/strong><a href=\"https:\/\/culturaliart.musvc2.net\/e\/tr?q=0%3d9S6a2%26D%3d4%26K%3d1W9a%26o%3dTCd0a%26x%3dEtLsP_rsVw_3c_uxSr_5m_rsVw_2hdOt7yBnLr.0oE_uxSr_5ml3eLr3wLrA_uxSr_5m_rsVw_3hxQm_KrRr5h_OQuS_ZDFhTsDhQt7u_OQuS_Y6MwJ_m7gFuE_uxSr_6keEdFl_JTzP_T9RtE_f8mHdFgF_uxSr_6km3lIuH%26g%3dJuKy02.FhQ%26iK%3d4a1S8a3dC%26Qs%3dTCY6b7Y7b0a0W0%26E%3dfZgYfUg0a7B018BA4aga4Zfa3XBb6T4Z7Shg0Uf834he4b508b893bfgbV0A3Zib&amp;mupckp=mupAtu4m8OiX0wt\" target=\"_blank\" rel=\"noreferrer noopener\">https:\/\/artevento.com\/<wbr>laboratori\/<\/a>)<strong>; chi, invece, preferisce concedersi un momento di relax potr\u00e0 lasciarsi incantare dal volo degli aquiloni sulla spiaggia, godendo dello spettacolo suggestivo che piano piano prende il via nel cielo sopra Cervia, proseguendo fino a sera.<\/strong><strong>Il workshop \u2013 che si ripeter\u00e0, alla stessa ora, anche nelle giornate del 28 e del 29 aprile \u2013 prevede la costruzione di un aquilone suruga \u2013 modello tradizionale giapponese \u2013 ispirato al tema del Cantico delle Creature in 6 modelli e 3 combinazioni di colore fra cui scegliere. Gli aquiloni realizzati dai corsisti nelle tre giornate saranno protagonisti di un volo dedicato che avr\u00e0 luogo il 1\u00b0 Maggio nell\u2019area centrale delle esibizioni.&nbsp;&nbsp;<\/strong>&nbsp;Nel pomeriggio, a partire dalle ore 15.00, nell\u2019Area delle Esibizioni, il pubblico verr\u00e0 deliziato dalla rassegna delle delegazioni ospiti \u201c<strong>Artisti in primo piano<\/strong>\u201d seguita, alle 16.00, da&nbsp;<strong>Pijama Party \u2013 Steffi Rauchwarter<\/strong>&nbsp;(Austria.Chiuder\u00e0 la giornata lo&nbsp;<strong>Sport Kite Show<\/strong>, la rassegna di esibizioni di volo acrobatico a ritmo di musica in solo, coppia e team.<img decoding=\"async\" src=\"https:\/\/ci3.googleusercontent.com\/meips\/ADKq_NbvI4cMS_GP7931-saEK00xMSo9V8QpS6sk9xFMmn2yz-JKv4jhFNy6e-pDca-3Jxy_7yZnMnlZYccKhoYsz6CsR4mSrrSYW-eFCpKotxhuGvpeQ3TI3nTnozByP_zkSvB30iBOT3RQVth_5v0UosKQnLkM5QbuIoqh1dO-=s0-d-e1-ft#https:\/\/culturaliart.img.musvc2.net\/static\/91342\/images\/1\/Screenshot%202026-04-23%20alle%2013.43.31.png\" width=\"270\" alt=\"\" height=\"auto\"><em>Aquilone suruga &#8211; Giappone<\/em>La grande festa tra le saline, la pineta e il mare prosegue&nbsp;<strong>marted\u00ec 28 aprile<\/strong>&nbsp;con un highlight da non perdere: a partire dalle 14.30, nell\u2019Area delle Esibizioni si terr\u00e0 \u201c<strong>We Are Family\u201d<\/strong>, l\u2019incontro con gli ospiti della&nbsp;<strong>Cooperativa Sociale Il Cigno<\/strong>&nbsp;in visita al festival nell\u2019ambito del progetto promosso dall\u2019<strong>Associazione Artevento Cervia Aquiloni dal Mondo APS<\/strong>&nbsp;in collaborazione con&nbsp;<strong>Romagna Solidale<\/strong>.&nbsp;Alle ore 16.00 torna la rassegna \u201c<strong>Artisti in primo piano<\/strong>\u201d, sempre nell\u2019Area delle Esibizioni, seguita alle 17.00 dalla rassegna&nbsp;<strong>Sport Kite Show<\/strong>, che chiuder\u00e0 in bellezza la giornata.&nbsp;<strong>Mercoled\u00ec 29 aprile<\/strong>&nbsp;riproporr\u00e0 lo stesso ricco programma, confermando gli appuntamenti che hanno gi\u00e0 conquistato il pubblico nelle giornate precedenti, con un\u2019unica variazione: alle ore 15.00, nell\u2019Area delle Esibizioni \u00e8 prevista \u201c<strong>Sky Gallery: One Sky One World Display<\/strong>\u201d, un volo collettivo dal forte valore simbolico, che unir\u00e0 gli aquilonisti che quest\u2019anno partecipano al Festival.&nbsp;Il programma di&nbsp;<strong>gioved\u00ec 30 aprile<\/strong>&nbsp;si arricchisce di nuovi momenti di spettacolo e intrattenimento. Nell\u2019Area delle Esibizioni, a partire dalle ore 14.00, si terr\u00e0 l\u2019esibizione di volo di&nbsp;<strong>Marten Bondestam<\/strong>&nbsp;(Finlandia), seguito alle ore 14.30 da un secondo appuntamento che vedr\u00e0 protagonista&nbsp;<strong>Sarah Lucas&nbsp;<\/strong>(USA).&nbsp;In parallelo, sempre alle 14.30, per chi volesse vivere un pomeriggio all\u2019insegna della meraviglia e della contaminazione tra le arti, torna il&nbsp;<strong>circo contemporaneo<\/strong>&nbsp;alla&nbsp;<strong>Flying Circus Arena&nbsp;<\/strong>\u2013 area performativa diretta da&nbsp;<strong>SIC \u2013 Stabile di Innovazione Circense&nbsp;<\/strong>e ARTEVENTO, in collaborazione con&nbsp;<strong>ATER Fondazione<\/strong>&nbsp;e il Festival Internazionale dell\u2019Aquilone di Cervia \u2013con lo spettacolo \u201c<strong>Mago per svago<\/strong>\u201d de&nbsp;<strong>L\u2019Abile Teatro<\/strong>, che replicher\u00e0 alle 16.00.<img decoding=\"async\" src=\"https:\/\/ci3.googleusercontent.com\/meips\/ADKq_NYt0diKBoPmosZkODrdsX2rzHGwqEyXjigPVhHKZ-Cktu6l59bIZNLgpwfeJUN1n8sPxw-DQfA3HphOiswZjeNgQVWbXNzp5LHDcW0nmq-zv2IDaK1qPe24E2hnNpjPqg=s0-d-e1-ft#https:\/\/culturaliart.img.musvc2.net\/static\/91342\/images\/1\/Szymon%20ka.jpeg\" width=\"285\" alt=\"\" height=\"auto\"><em>Campioni internazionali di volo acrobatico &#8211; Artevento<\/em>La giornata rinnover\u00e0 alcuni degli appuntamenti gi\u00e0 proposti nelle giornate precedenti: alle ore 15.00 si terr\u00e0&nbsp;<strong>\u201cPijama Party\u201d con Steffi Rauchwarter&nbsp;<\/strong>(Austria), seguito alle ore 15.30 dalla rassegna \u201cArtisti in primo piano\u201d con&nbsp;<strong>Iqbal Husain<\/strong>&nbsp;(Pakistan); alle ore 16.00 torner\u00e0 la rassegna&nbsp;<strong>Sport Kite Show<\/strong>&nbsp;con le esibizioni di volo acrobatico a ritmo di musica in solo, coppia e team, che continua a rappresentare uno dei momenti pi\u00f9 spettacolari e partecipati del festival.A seguire, altri due appuntamenti sempre alla Flying Circus Arena: alle ore 17.30 andr\u00e0 in scena \u201c<strong>La vertigine del desiderio<\/strong>\u201d di&nbsp;<strong>Giacomo Costantini<\/strong>, che torner\u00e0 con una replica alle ore 19.00, accompagnando il pubblico verso la conclusione della giornata.&nbsp;Il programma completo di ARTEVENTO CERVIA \u00e8 consultabile sul sito della manifestazione:&nbsp;<a href=\"https:\/\/culturaliart.musvc2.net\/e\/tr?q=6%3d9XMW2%26I%3dK%26G%3d1bPW%26o%3dYTZ0f%26E%3dAtQ0L_rxms_3h_BtSw_Li_rxms_2muKtBF8nQ9.6oJ_BtSw_Li_rxms_3mEMm_P9Nr0y_KQzj_VDKyPsIyMtBB_KQzj_U6RDF_mBxBuJ_BtSw_MgeJuBl_OkvP_YPNtJ_w4mMuBgK_BtSw_Mgm83EuM%26x%3dFuPF62.KyM%26iP%3dKW1XT%26Ms%3dYTU6gNU7gQW0b4a8uQ%26A%3d6ex74dM7bXT629K7cbRWfcP5eXua5ZSW6By70cO4f8L59ay5ddO4c0y5fcP8adzX&amp;mupckp=mupAtu4m8OiX0wt\" target=\"_blank\" rel=\"noreferrer noopener\">https:\/\/artevento.com\/<\/a><strong>INFORMAZIONI UTILI<\/strong>DOVE:&nbsp;<strong>Cervia \u2013 Spiaggia di Pinarella, Magazzino del Sale e altre location<\/strong>QUANDO:&nbsp;<strong>D<\/strong><strong>al 4 Aprile al 3 Maggio<\/strong>Mostra \u201c<em>The Hague Air Gallery \u2013 Vento Dipinto<\/em>\u201d Magazzino del Sale TorreDal 23 Aprile al 3 Maggio aperto tutti i giorni&nbsp;<strong>Dal 23 Aprile al 3 Maggio<\/strong>46\u00b0 ARTEVENTO Festival Internazionale dell\u2019AquiloneSpiaggia di Pinarella, Magazzino del Sale e altre location&nbsp;<strong>Dal 27 al 29 Aprile<\/strong>Workshop aquiloni per adulti<em>&nbsp;<\/em><strong>1\u00b0 Maggio<\/strong>3\u00b0 annullo celebrativo Filatelia Poste Italiane<em>&nbsp;<\/em><strong>Dall\u20191 al 3 Maggio<\/strong><em>STACK Cervia\u2019s Cup Campionato Italiano di volo acrobatico sportivo<\/em><em>&nbsp;<\/em><strong>2 Maggio<\/strong>4\u00b0 annullo celebrativo Filatelia Poste Italiane<em>La Notte dei Miracoli<\/em>&nbsp;\u2013 Spettacolo multidisciplinare &#8211; Spiaggia di Pinarella&nbsp;<strong>Per prenotazione laboratori:&nbsp;<\/strong><a href=\"mailto:info@artevento.com\" target=\"_blank\" rel=\"noreferrer noopener\">info@artevento.com<\/a>&nbsp;&nbsp;<strong>CONTATTI<\/strong>&nbsp;<strong>ARTEVENTO:<\/strong><a href=\"https:\/\/culturaliart.musvc2.net\/e\/tr?q=3%3dTX3TM%26I%3d1%26D%3dLb6T%260%3dY0WUf%26u%3d8EQpI_CxSp_Nh_rqnw_2f_CxSp_MmwMH.Ca3z9oE6.0oC_CxSp_Mmf5DQiLvIaGFFlE9Bc5CSi1_CxSp_Mm_rqnw_3fFQm_I0Rr3z_OQsk_ZDDzTsBzQt5C_OQsk_Y6KEJ_m5yFuC_CxSp_NkeCvFl_HlzP_RQRtC_x8mFvFgD_CxSp_Nkm14IuF%26y%3dJuIG02.DzQ%26iI%3dLa1QU%26Qs%3dRUY6ZOY7ZRa0UR%26E%3d8Zv8351Z4XNb6Qx9a3xgd5LceR1C9ZLB6Vvb9TOC4SMXe6R0931X5UT1v8afd6O9c11d&amp;mupckp=mupAtu4m8OiX0wt\" target=\"_blank\" rel=\"noreferrer noopener\"><\/a><a href=\"https:\/\/culturaliart.musvc2.net\/e\/tr?q=4%3dHVJUA%26G%3dH%26E%3d0ZMU%26x%3dWQXId%26B%3d93O7J_1vjq_Bf_9rbu_Ig_1vjq_AkDN6.D5J36xIjH.tFv_MhtY_WW21OvMnIAF_l09Mr6_2030_w62OzMjG_9rbu_Ig_1vjq_BkBKv_N6L18v_IZxg_TMIvN2GvK309_IZxg_SEPAD_v0u04H_9rbu_JenHr0u_MhtY_WML3H_t2vKr0pI_9rbu_Jev6zC4K%26u%3dD4NC4A.IvK%26rN%3dHU0VQ%26K2%3dWQSEeKSFeNUIZN%269%3dGWwXn9KaHYuRkcJ7kXIWD6v4n0v3E0MToAITBYJ5BVL7E02j6rOSmWP4BdNWEWt3AWN3&amp;mupckp=mupAtu4m8OiX0wt\" target=\"_blank\" rel=\"noreferrer noopener\"><\/a><a href=\"https:\/\/culturaliart.musvc2.net\/e\/tr?q=5%3dVWOVO%26H%3dM%26F%3dNaRV%26B%3dXVYWe%26G%3d0GPBK_Ewor_Pg_Dspv_Nh_Ewor_OlIOJ.UAMGQx7.zK9_Jnyl_Tc943AJ1D_Ewor_OlqeZwH-WjgfgL-XZvflQY-SlI_Jnyl_TcB13GQD71_Nmum_YbMGI_EGHNy7_Ewor_Pj07JO87GP1J_Ewor_ObGL0_I166Q9_Jnyl_UaA936H_Dspv_NXHP9_5xIB36C0_Jnyl_UaIwA9QB%266%3d0QENzX.07G%26EE%3dSQWMb%26GO%3dNbObVVOcVYQfQY%265%3d723VYNXPZN8N7QW2AwYRcV4NXTbU0OU3x7wOZM3R9Q7N8Qay914QX23PBMZVAUTR91bV&amp;mupckp=mupAtu4m8OiX0wt\" target=\"_blank\" rel=\"noreferrer noopener\"><\/a><a href=\"https:\/\/culturaliart.musvc2.net\/e\/tr?q=7%3dMWKXF%26H%3dI%26H%3dEaNX%263%3dXRaNe%26C%3dB8P8M_6wkt_Gg_0ugv_Jj_6wkt_FlsL8AD92P7.73I_0ugv_Jj_6wkt_GlCN1_O7O69w_Leyh_WRJwQ7HwN8A0_Leyh_VJQBG_1AvC9I_0ugv_KhsIsCz_Niwd_XNO8I_u51LsCuJ_0ugv_Kh171F9L%26v%3dG9OD7F.JwN%26wO%3dIXEWR%26N7%3dXRVJfLVKfOXNa5o7sO%26B%3dJdv8HcK8pWR7F8I8qaPXtbN6sWsbIYQXJAw8NbM5t7J6MZw6rcM5q9w6tbN9ocxY&amp;mupckp=mupAtu4m8OiX0wt\" target=\"_blank\" rel=\"noreferrer noopener\"><\/a><\/td><\/tr><\/tbody><\/table><\/figure>\n","protected":false},"excerpt":{"rendered":"<p>Prosegue ARTEVENTO 2026&nbsp;Laboratori, voli diurni, esibizioni di volo acrobatico, l\u2019incontro con gli ospiti della Cooperativa Sociale Il Cigno e spettacoli [&hellip;]<\/p>\n","protected":false},"author":1,"featured_media":0,"comment_status":"open","ping_status":"open","sticky":false,"template":"","format":"standard","meta":{"footnotes":""},"categories":[2],"tags":[],"class_list":["post-89378","post","type-post","status-publish","format-standard","hentry","category-informacion"],"_links":{"self":[{"href":"https:\/\/www.ecoitaliano.com.ar\/index.php?rest_route=\/wp\/v2\/posts\/89378","targetHints":{"allow":["GET"]}}],"collection":[{"href":"https:\/\/www.ecoitaliano.com.ar\/index.php?rest_route=\/wp\/v2\/posts"}],"about":[{"href":"https:\/\/www.ecoitaliano.com.ar\/index.php?rest_route=\/wp\/v2\/types\/post"}],"author":[{"embeddable":true,"href":"https:\/\/www.ecoitaliano.com.ar\/index.php?rest_route=\/wp\/v2\/users\/1"}],"replies":[{"embeddable":true,"href":"https:\/\/www.ecoitaliano.com.ar\/index.php?rest_route=%2Fwp%2Fv2%2Fcomments&post=89378"}],"version-history":[{"count":1,"href":"https:\/\/www.ecoitaliano.com.ar\/index.php?rest_route=\/wp\/v2\/posts\/89378\/revisions"}],"predecessor-version":[{"id":89379,"href":"https:\/\/www.ecoitaliano.com.ar\/index.php?rest_route=\/wp\/v2\/posts\/89378\/revisions\/89379"}],"wp:attachment":[{"href":"https:\/\/www.ecoitaliano.com.ar\/index.php?rest_route=%2Fwp%2Fv2%2Fmedia&parent=89378"}],"wp:term":[{"taxonomy":"category","embeddable":true,"href":"https:\/\/www.ecoitaliano.com.ar\/index.php?rest_route=%2Fwp%2Fv2%2Fcategories&post=89378"},{"taxonomy":"post_tag","embeddable":true,"href":"https:\/\/www.ecoitaliano.com.ar\/index.php?rest_route=%2Fwp%2Fv2%2Ftags&post=89378"}],"curies":[{"name":"wp","href":"https:\/\/api.w.org\/{rel}","templated":true}]}}