{"id":89384,"date":"2026-04-27T11:59:02","date_gmt":"2026-04-27T11:59:02","guid":{"rendered":"https:\/\/www.ecoitaliano.com.ar\/?p=89384"},"modified":"2026-04-27T11:59:03","modified_gmt":"2026-04-27T11:59:03","slug":"giornalismo-per-bambini-torna-dall8-al-10-maggio-il-festival-di-internazionale-kids-a-reggio-emilia","status":"publish","type":"post","link":"https:\/\/www.ecoitaliano.com.ar\/?p=89384","title":{"rendered":"Giornalismo per bambini. Torna dall&#8217;8 al 10 maggio il festival di Internazionale Kids a Reggio Emilia"},"content":{"rendered":"\n<figure class=\"wp-block-table\"><table class=\"has-fixed-layout\"><tbody><tr><td><img decoding=\"async\" src=\"https:\/\/ci3.googleusercontent.com\/meips\/ADKq_NZV9QwiAvk6V1WhVIW2OL84xAEKBVi6D-BlVFT3X_dntmEOfbmlTXlSa_hAfhensj_TkHNbIlfOl5bb-ZpKv5w0MiybhVui6krmmsHNPuRR3g9CaiwhvwVnC5qwkJjJi2WQ63S5NX9Jf3b91-fuUU5gZ3bB0GZBMr7OZc4nZPM=s0-d-e1-ft#https:\/\/customer67052g.img.musvc4.net\/static\/167051\/assets\/1\/Schermata%202026-04-27%20alle%2011.34.43.png\" width=\"500\" alt=\"\" height=\"auto\"><strong>Torna Internazionale Kids a Reggio Emilia.<\/strong><strong><br><\/strong><strong>Dall\u20198 al 10 maggio appuntamento con la sesta edizione del primo festival di giornalismo per bambine e bambini<\/strong>&nbsp;<strong>Tre giorni di incontri e laboratori dedicati a ragazzi e ragazze dai 7 ai 14 anni. Al festival anche appuntamenti di formazione per adulti: genitori, insegnanti ed educatori<\/strong>&nbsp;<a href=\"https:\/\/customer67052g.musvc4.net\/e\/tr?q=3%3dCYLZGT%261%3dQ%26z%3dUOZD%26H%3dFSJWF%26K%3dtM9F5_Kfsb_VP_Hcve_RR_Kfsb_UUM9P.xD687DmSxEz415.uM_7qes_GfzH99BBt_Hcve_RRUORH_Kfsb_UUZE_Kfsb_UURL_Kfsb_UU6qL99841-9zMtHz4E91GpBq-Dx45-4-75s0xE-qFxBu4-GZDY%26s%3dC7LA3F.GtJ%26uL%3dIZFY%269I%3dDcGVLWGWCT1m4pOUEY%26w%3d6FWLTHTs1H9JWqaF5CYJ6p4t6rUpSnTH6DVpWE8JVrWsZm5pVL4u5CZtTr9GTH7O&amp;mupckp=mupAtu4m8OiX0wt\" target=\"_blank\" rel=\"noreferrer noopener\"><strong>Link al programma<\/strong><\/a><img decoding=\"async\" src=\"https:\/\/ci3.googleusercontent.com\/meips\/ADKq_NbGpVduCkyudw0Q01ZBdK1E4qsXB7fMqqP6mEX5jxYNJKYL2Fh7LnL-3gnoiDnGpRRBT0C57Opq2Jih1f7W0kXFB8HRPsUx5arC23lQsv-RZl-BH4MDXp_2xAQpr7l_0MN-fgIGegcUcM7RvjCXIfc=s0-d-e1-ft#https:\/\/customer67052g.img.musvc4.net\/static\/167051\/assets\/1\/_S7A2460%20(2).jpg%20(1).jpeg\" width=\"500\" alt=\"\" height=\"auto\"><a href=\"https:\/\/customer67052g.musvc4.net\/e\/tr?q=4%3dHa9aLV%26n%3dR%265%3dWBaI%26J%3d3TOY3%26L%3dyOvG0_MStg_XC_IhxR_SW_MStg_WH4BNvF40tWNe7Sx.Do8.4PuMtY.p6A_MStg_WHJA6v0t_MStg_WHRMbBVH_MStg_WH20NgK0_MStg_WHR_9vUq_Ik34Pb6aHY-fWre-67JW-A5IZ-daradTOa6WKY_trju_4VIe_trju_4YH_MStg_WA.A7B.lGvB%26f%3dDBNx4K.IgK%26zN%3d6aKa%26vJ%3dIe4WQY4XHVBVJa%26j%3d3Jdg5Qbh4Q835uZBRP9faLW57L7eVJb7WPacXtXd5seh4Obe4s2r6ca8Su9AWub6Xrd0&amp;mupckp=mupAtu4m8OiX0wt\" target=\"_blank\" rel=\"noreferrer noopener\">Scarica l&#8217;immagine<\/a>Al via la sesta edizione di&nbsp;<strong>Internazionale Kids a Reggio Emilia<\/strong>,&nbsp;<strong>il primo festival italiano di giornalismo per bambini e bambine<\/strong>, promosso dall\u2019omonimo mensile che porta in Italia il meglio della stampa straniera per lettrici e lettori tra i 7 e i 14 anni. Di fronte a un&#8217;attualit\u00e0 spesso complessa da capire e raccontare, il festival vuole offrire ai pi\u00f9 piccoli, ma anche a chi li accompagna, gli strumenti per orientarsi: non risposte preconfezionate, ma incontri, laboratori e storie che allenano la curiosit\u00e0 nel fare le domande e lo sguardo critico nel cercare le risposte.<strong>Tutti in redazione.<\/strong>&nbsp;Sabato alle 10 in Aula Magna si tiene l&#8217;incontro&nbsp;<em>Una risposta per<\/em>, dove i pi\u00f9 curiosi potranno chiedere alla redazione tutto quello che riguarda il dietro le quinte del giornale. A rispondere a tutte le domande ci sar\u00e0 il direttore di Internazionale,&nbsp;<strong>Giovanni de Mauro<\/strong>, la caporedattrice di Internazionale Kids&nbsp;<strong>Martina Recchiuti<\/strong>&nbsp;e il giornalista di Internazionale Kids&nbsp;<strong>Alberto Emiletti.&nbsp;<\/strong>La giornata prosegue con&nbsp;<em>Domande incrociate,<\/em>&nbsp;alle 14.30 al Teatro Valli, un confronto sul tema della scuola, dell&#8217;amicizia e della famiglia con&nbsp;<strong>Susanna Mattiangeli,&nbsp;<\/strong>scrittrice e curatrice della rubrica \u201cEsercizi di scrittura\u201d di Internazionale Kids, insieme al gruppo di lettura&nbsp;<strong>Storie di citt\u00e0.<\/strong>&nbsp;Sempre con Susanna Mattiangeli, alle 17.30, in Aula Magna, il laboratorio&nbsp;<em>Esercizi di democrazia<\/em>, un incontro che vuole celebrare l\u2019anniversario degli ottant\u2019anni dell\u2019Assemblea Costituente, coinvolgendo i ragazzi nella scrittura dei principi fondamentali della \u201cRepubblica di Internazionale Kids\u201d, dove ogni voce conta. Domenica alle 11.30, al Teatro Cavallerizza, va in scena&nbsp;<em>Ultimo marted\u00ec del mese<\/em>: il pubblico scoprir\u00e0 cosa succede in redazione il giorno in cui il giornale va in stampa. Per l&#8217;occasione, alla chiusura del numero daranno una mano anche i ragazzi delle<strong>&nbsp;classi IE e ID<\/strong>&nbsp;della scuola&nbsp;<strong>Don Borghi di Reggio Emilia<\/strong>. Evento in collaborazione con&nbsp;<strong>Eduiren<\/strong>. Sempre domenica alle 14 in Aula Magna, un laboratorio dedicato alla creativit\u00e0 e alle emozioni scomode:&nbsp;<em>Un momento imbarazzante,&nbsp;<\/em>con&nbsp;<strong>Cristina Portolano<\/strong>,<strong>&nbsp;<\/strong>illustratrice e autrice dell\u2019omonima rubrica su Internazionale Kids. L\u2019incontro<strong>&nbsp;<\/strong>sar\u00e0 l\u2019occasione per i pi\u00f9 piccoli di raccontare senza vergogna la propria peggiore figuraccia.&nbsp;<strong>A caccia di storie.&nbsp;<\/strong>Protagonista del festival \u00e8 anche quest\u2019anno la letteratura con tante presentazioni di libri. Venerd\u00ec alle 17 al Teatro Valli ci sar\u00e0 la presentazione del fumetto di&nbsp;<strong>Alterales<\/strong>&nbsp;&nbsp;<em>Al lago, al lago!<\/em>, edito da Hopi Edizioni, che racconta la nascita di un \u201clago resistente\u201d che riconquista il suo spazio sottraendolo a un abuso edilizio e diventato oasi di biodiversit\u00e0 in uno dei quartieri pi\u00f9 popolosi di Roma (incontro in collaborazione con&nbsp;<strong>Eduiren<\/strong>). Sabato alle 12, sempre al Teatro Valli, verr\u00e0 presentato&nbsp;<strong><em>Il tasso e la bambina<\/em><\/strong>, un libro che racconta nuove e poetiche possibilit\u00e0 di convivenza tra uomini e animali, scritto dall\u2019etologa&nbsp;<strong>Chiara Grasso<\/strong>&nbsp;e illustrato dalla disegnatrice&nbsp;<strong>Irene Penazzi&nbsp;<\/strong>per Aboca Edizioni. L\u2019incontro con l\u2019autrice Chiara Grasso aiuter\u00e0 i ragazzi e le ragazze a riflettere sul rapporto tra gli esseri umani e la natura. I percorsi narrativi continuano anche domenica. Alle 10.30 in Aula Magna, presentazione del libro&nbsp;<em>La lunga notte dei rospi&nbsp;<\/em>(Canicola)<em>,&nbsp;<\/em>il primo fumetto per l&#8217;infanzia scritto e illustrato da&nbsp;<strong>Noemi Vola<\/strong>. \u00c8 la storia di una piccola comunit\u00e0 di animali abitanti del bosco alle prese con i rospi, animali notturni che hanno rapito il sole per allungare le loro giornate. Con l\u2019autrice al festival, la libraia Deborah Soria che scrive le recensioni dei libri su Internazionale Kids. A chiudere gli incontri letterari, la giornalista di Internazionale<strong>&nbsp;Annalisa Camilli<\/strong>&nbsp;con il libro&nbsp;<em>L\u2019Atlante delle frontiere&nbsp;<\/em>(La nuova frontiera junior). Un libro-laboratorio per comprendere attraverso le storie personali e familiari cosa sono le frontiere, le rotte migratorie, il diritto di viaggiare, la cittadinanza. Appuntamento domenica alle 14.30 al Teatro Cavallerizza.<strong>Fotografia e fumetti.&nbsp;<\/strong>Al Teatro Cavallerizza si terranno due appuntamenti per esplorare il linguaggio visivo contemporaneo. Si comincia con&nbsp;<em>Abitare<\/em>&nbsp;<em>il corpo<\/em>&nbsp;(venerd\u00ec 19.30), la proiezione di fotografie da tutto il mondo sul corpo, un luogo pieno di storie, incontri e trasformazioni, con la photo editor&nbsp;<strong>Daria Scolamacchia<\/strong>, in collaborazione con E80 Group e Valorugby Emilia. E ancora, i migliori reportage fotografici da tutto il mondo saranno al centro dell\u2019incontro&nbsp;<em>Sgranate gli Occhi<\/em>, con la photo editor di Internazionale,&nbsp;<strong>M\u00e9lissa Jollivet<\/strong>&nbsp;(sabato alle 18.30). Mentre domenica alle 12 nell\u2019Aula Magna dell\u2019universit\u00e0 di Modena e Reggio Emilia si parler\u00e0 di manga e fumetto giapponese nell\u2019incontro&nbsp;<em>Molto pi\u00f9 di un fumetto,&nbsp;<\/em>offrendo uno sguardo su uno dei linguaggi pi\u00f9 amati dalle nuove generazioni, con la fumettista&nbsp;<strong>Mara Famularo<\/strong>. All\u2019universit\u00e0 anche la mostra a cura di&nbsp;<strong>Save the Children<\/strong>,<em>&nbsp;Nuove energie urbane,&nbsp;<\/em>con le fotografie per raccontare le citt\u00e0 di Napoli e Prato, scattate da ragazzi e ragazze dei Comitati permanenti dei giovani, cuore pulsante dei progetti di innovazione sociale dell\u2019Organizzazione in alcune aree del paese. La mostra rientra nel programma di IMPOSSIBILE 2026, la Biennale dell\u2019infanzia e dell\u2019adolescenza di Save the Children, quest\u2019anno dedicata al tema delle periferie che si terr\u00e0 a Roma il 21 maggio.&nbsp;<strong>Cinema, teatro e musica.&nbsp;<\/strong>Venerd\u00ec alle 21 al Teatro Cavallerizza si parte con la proiezione del film&nbsp;<em>Sisters: the Summer we found our superpowers<\/em>, di&nbsp;<strong>Silje Salomonsen<\/strong>&nbsp;e&nbsp;<strong>Arild \u00d8stin Ommundsen<\/strong>. Al centro la storia di due sorelle in escursione nei boschi con il padre, un viaggio magico ma anche pauroso che racconta il coraggio e la sorellanza. Il film sar\u00e0 proiettato in lingua norvegese, con sottotitoli in italiano (Evento realizzato con il contributo della Reale ambasciata di Norvegia in Italia). Sabato alle 21 al Teatro Cavallerizza, appuntamento con lo spettacolo&nbsp;<em>Alla ricerca della meraviglia&nbsp;<\/em>che propone l\u2019anteprima di tre studi coreografici. Solo uno di loro diventer\u00e0 un nuovo spettacolo pronto a viaggiare nei teatri, a decidere quale sar\u00e0 il pubblico del festival. L\u2019evento \u00e8 in collaborazione con Aterballetto. Spazio anche all\u2019intrattenimento da serie TV con la giornalista&nbsp;<strong>Valentina Pigmei&nbsp;<\/strong>che domenica alle 11 al Mapei Stadium condurr\u00e0&nbsp;<em>Il bene e il male<\/em>:&nbsp; da Stranger Things al Signore delle Mosche, al festival si parler\u00e0 di storie di avventura e amicizia. A seguire sar\u00e0 possibile partecipare anche a&nbsp;<em>Domenica sugli spalti,&nbsp;<\/em>gita di mezz\u2019ora dagli spogliatoi alle tribune per scoprire i segreti di uno stadio, a cura di Generazione S e in collaborazione con Mapei Stadium. Anche quest\u2019anno incontro di chiusura con un cantautore d\u2019eccezione, appuntamento alle 16 al Teatro Cavallerizza con&nbsp;<strong>Giorgio Poi&nbsp;<\/strong>per&nbsp;<em>Le note giuste,&nbsp;<\/em>l\u2019incontro<em>&nbsp;<\/em>per scoprire come nasce una canzone. Insieme al cantante, Giovanni Ansaldo della redazione di Internazionale.<strong>Laboratori e workshop, per imparare facendo.&nbsp;<\/strong>Tornano i laboratori esperienziali tanto amati dai pi\u00f9 piccoli. Quasi 40 appuntamenti animeranno le giornate di Internazionale Kids a Reggio Emilia. Fra questi&nbsp;<strong><em>Facciamo facce<\/em><\/strong>, l\u2019attivit\u00e0, ideata da Patrimoine \u00e0 roulettes e dall\u2019illustratrice&nbsp;<strong>Teresa Sdralevich<\/strong>, che invita i ragazzi a ritrarre la persona che hanno di fronte e&nbsp;<strong><em>Il viaggio dell\u2019acqua,<\/em><\/strong>&nbsp;il laboratorio ideato da Agricola Villa Canali, in collaborazione con Iren, per osservare il mondo microscopico a partire dall\u2019alga spirulina. E ancora, per chi ama la matematica, c\u2019\u00e8&nbsp;<strong><em>Capire il mondo con i numeri&nbsp;<\/em><\/strong>(a cura del corso di laurea magistrale in Scienze della formazione primaria dell\u2019Universit\u00e0 di Modena e Reggio Emilia). Di scienza parleremo nel laboratorio&nbsp;<em>Le forme della Luna &#8211;&nbsp;<\/em>curato dal festival di astronomia&nbsp;<strong><em>L\u2019universo in tutti i sensi &#8211;&nbsp;&nbsp;<\/em><\/strong>che metter\u00e0 a disposizione del pubblico un lunatario per capire perch\u00e9 la luna cambia forma nel cielo. Staffette e quiz, invece, per scoprire Paesi, culture e tradizioni del nostro continente e progettare la citt\u00e0 europea che vorremmo, con&nbsp;<strong><em>L\u2019Europa in gioco<\/em><\/strong><em>,<\/em>&nbsp;a cura di Fondazione E35. Per scoprire come si guida un treno facendo attenzione a velocit\u00e0, segnaletica proveremo la tecnica che usano nella formazione dei macchinisti nel laboratorio&nbsp;<strong><em>In cabina di guida&nbsp;<\/em><\/strong>a cura del Gruppo FS.&nbsp;<strong><em>Decoriamo i laggioni<\/em><\/strong><em>&nbsp;sar\u00e0<\/em>&nbsp;un workshop per trasformare una piastrella in cotto in un\u2019opera d\u2019arte: per questo appuntamento, curato dalla Fondazione Museo della ceramica di Savona e in collaborazione con Zerodiciannove, festival delle storie di Savona, si prender\u00e0&nbsp; spunto da preziosi reperti storici. Spazio allo sport con&nbsp;<strong><em>Insieme alla meta&nbsp;<\/em><\/strong>per imparare a fare mischia, placcaggio e touche e scoprire le strategie e i valori del Rugby<em>,&nbsp;<\/em>in collaborazione con E80 Group e Valorugby Emilia. Sar\u00e0 invece il calcio al centro di&nbsp;<em>Dribbling, controllo palla, tiro di precisione&nbsp;<\/em>il laboratorio, a cura di Generazione S e in collaborazione con Mapei Stadium.&nbsp;<strong>Inciampi verdi<\/strong>, poi, invita a una passeggiata urbana per osservare il territorio con occhi nuovi, a cura dei Girareggio di progetto STRADE, di Consorzio Romero in collaborazione con Universit\u00e0 21.&nbsp;<strong><em>Diversi da chi?<\/em><\/strong><strong>&nbsp;<\/strong>\u00e8 il laboratorio per scoprire il mondo del DNA&nbsp; e dell\u2019evoluzione a cura di Fondazione AIRC per la ricerca sul cancro. Partner dei laboratori&nbsp;<strong>Vinavil<\/strong>&nbsp;che fornir\u00e0 alle bambine e ai bambini di Internazionale Kids a Reggio Emilia la colla per realizzare i propri lavori.<strong>Come si diventa.&nbsp;<\/strong>Tornano anche quest\u2019anno gli incontri dedicati ai mestieri. Sabato alle 10.30 al Teatro Valli, in&nbsp;<em>Come si diventa drammaturgo<\/em>&nbsp;<strong>Emanuele Aldrovandi<\/strong>&nbsp;approfondisce il processo creativo della scrittura teatrale.<strong>&nbsp;<\/strong>Alle 16, sempre al Teatro Valli,&nbsp;<strong>Marco Isaia,<\/strong>&nbsp;in collaborazione con Zerodiciannove festival delle storie di Savona, racconta&nbsp;<em>Come si diventa ceramista<\/em>. Domenica scopriremo&nbsp;<em>Come si diventa macchinista<\/em>&nbsp;in un incontro in collaborazione con Gruppo FS.<strong>Gli incontri per i \u201cgrandi\u201d<\/strong>. Non solo ragazzi. Internazionale Kids ha previsto anche quest\u2019anno una serie di incontri di formazione per adulti, genitori, formatori, insegnanti ed educatori. Si inizia sabato 9 maggio, alle 10.30, nella Biblioteca delle arti, con l\u2019evento a cura dello staff educativo dei Musei civici di Reggio Emilia,&nbsp;<strong><em>Allenare lo sguardo<\/em><\/strong>, albi illustrati in dialogo con la storia dell\u2019arte per sviluppare curiosit\u00e0, attenzione e nuovi modi di osservare. A seguire, alle 12,&nbsp;<strong><em>Famiglie digitali<\/em><\/strong><em>,&nbsp;<\/em>con la presentazione della newsletter SharedTime, un progetto cofinanziato&nbsp; dall\u2019Unione europea e nato per ridurre il divario digitale tra genitori e figli e offrire alle famiglie strumenti concreti per apprendere insieme i temi della sicurezza online e della disinformazione. Alle 14.30, la rassegna dei libri migliori per parlare ai ragazzi di corpi, educazione di genere e sessualit\u00e0:&nbsp;<strong><em>Senza Tab\u00f9<\/em><\/strong>, a cura di Fammi Capire. Nell\u2019ambito dell\u2019informazione digitale, alle 16 si terr\u00e0 l\u2019incontro&nbsp;<strong><em>Ma \u00e8 vero?<\/em><\/strong><em>&nbsp;a cura di Facta,&nbsp;<\/em>un momento di confronto tra adulti per conoscere metodi e strumenti adatti a guidare i ragazzi a riconoscere le fake news. Gli appuntamenti dedicati agli adulti terminano nella giornata di domenica 10 maggio alle 11 con&nbsp;<strong><em>Crescere tra le intelligenze artificiali,&nbsp;<\/em><\/strong>dove si parler\u00e0 di usi consapevoli dell\u2019intelligenza artificiale, discutendone le potenzialit\u00e0 e imparando a tracciarne regole e confini chiari per non farsi guidare dagli algoritmi.&nbsp;<strong>Dall\u2019AI alla sostenibilit\u00e0.&nbsp;<\/strong>Anche scienza, innovazione tecnologica e&nbsp; sostenibilit\u00e0 al festival di Internazionale Kids. Si parte parlando di uso consapevole dell\u2019intelligenza artificiale, venerd\u00ec al Teatro Cavallerizza alle 17 con il giornalista&nbsp;<strong>Alberto Puliafito<\/strong>&nbsp;nell&#8217;incontro&nbsp;<strong><em>Alleniamoci al futuro<\/em><\/strong>. Particolare attenzione \u00e8 dedicata all\u2019educazione ai media: sabato sempre al Teatro Cavallerizza si affronta il tema delle fake news nell\u2019incontro&nbsp;<strong><em>Non ci casco<\/em><\/strong><em>,&nbsp;<\/em>alle 15.30 a cura di Verificat. E domenica alle 10 al Teatro Cavallerizza sar\u00e0 la volta di&nbsp;<strong><em>Chi educa gli algoritmi<\/em><\/strong>, un incontro per riconoscere e affrontare le disuguaglianze di genere nella tecnologia, con la ricercatrice Chiara Gius, in collaborazione con InGenere. A Internazionale Kids a Reggio Emilia si parler\u00e0 poi di&nbsp;<strong>energia pulita<\/strong>: sabato al Teatro Cavallerizza, alle 14, nell\u2019incontro&nbsp;<strong><em>Grandi invenzioni<\/em><\/strong>, con la scienziata Sabrina Presto, per scoprire cosa accade in un laboratorio di ricerca.&nbsp;<strong>Impariamo a guardare fuori.<\/strong>&nbsp;A Internazionale Kids a Reggio Emilia si parla anche di quello che succede fuori dall\u2019Italia. Sabato alle 10 al Teatro Cavallerizza l\u2019incontro<em>&nbsp;<\/em><strong><em>Quanto ne sai dell\u2019Islam?<\/em><\/strong><em>,&nbsp;<\/em>un momento di conoscenza e confronto per avvicinarsi a una delle principali religioni del mondo, superando stereotipi e semplificazioni in un dialogo con la giornalista di Internazionale&nbsp;<strong>Catherine Cornet&nbsp;<\/strong>in collaborazione con Fondazione Beta<strong>.&nbsp;<\/strong>A seguire, alle 14 in Aula Magna, l\u2019incontro a tema attivismo:&nbsp;<strong><em>Generazione in rivolta<\/em><\/strong><em>,&nbsp;<\/em>con la giornalista di Internazionale&nbsp;<strong>Francesca Sibani<\/strong>, dove si scopriranno nomi e simboli di chi a vent\u2019anni \u00e8 riuscito a smuovere i governi di vari paesi dall\u2019Asia all\u2019Africa. Infine, un viaggio nella storia dell&#8217;Iran con l\u2019incontro<em>&nbsp;<\/em><strong><em>Il paese al centro della storia<\/em><\/strong>&nbsp;ancora sabato alle 17, al Teatro Cavallerizza, con&nbsp;<strong>Francesca Gnetti<\/strong>, giornalista di Internazionale, che racconter\u00e0 la cultura e l\u2019arte dell\u2019Iran tra passato e presente in collaborazione con Fondazione Beta.<strong>Podcast, una mini rassegna per i pi\u00f9 piccoli.<\/strong>&nbsp;Spazio all\u2019ascolto e alla narrazione sonora con la mini rassegna di podcast che esplorano il corpo, la natura e la quotidianit\u00e0. Sabato alle 10 allo spazio Agor\u00e0 del Palazzo dei Musei, il podcast&nbsp;<em>Amici per la pelle<\/em>. E ancora, alle 12 sempre al Palazzo dei Musei, il podcast&nbsp;<em>Pane<\/em>, con i racconti di chi ha vissuto i campi profughi e non ha dimenticato, ma vuole ricordare. Infine,&nbsp;<em>Botanismi<\/em>, il podcast su tre strabilianti viaggi nel mondo vegetale, alle 17:30 alla Biblioteca delle arti.&nbsp;<strong>Spazi per giocare, riposare e imparare<\/strong><strong>.&nbsp;<\/strong>Per tutta la durata dell\u2019evento,&nbsp;<strong>Piazza Martiri<\/strong>&nbsp;si trasforma in uno spazio aperto e informale dove fermarsi, giocare e rilassarsi: tavoli da ping pong, biliardini, rompicapo, piste di biglie, dama e scacchi convivono con aree dedicate alla lettura su sdraio. Ci saranno anche momenti dedicati allo sport con il rugby, il calcio ma anche lo yoga grazie alla Uisp Reggio Emilia APS e il wushu a cura di Taiji Wushu Reggio Emilia Asd. Non mancano esperienze sensoriali come le passeggiate a piedi scalzi nel pratino installato per la manifestazione in collaborazione con&nbsp;<em>Paradello Green<\/em>, n\u00e9 occasioni di partecipazione attiva come il&nbsp;<em>Questionario Acqua<\/em>&nbsp;curato dalla redazione dei ragazzi e delle ragazze della scuola don Borghi di Reggio Emilia in collaborazione con Eduiren ed Officina Educativa. Domenica dalle 10.30 alle 13, senza prenotazione, laboratorio&nbsp;<em>Ricamiamoci, io, te e il resto.&nbsp;<\/em>Un\u2019opera collettiva a cura di Remida.<strong>La mostra.&nbsp;<\/strong>Durante tutti e tre i giorni di festival sar\u00e0 possibile vedere la mostra&nbsp;<em>Nuove energie urbane<\/em>&nbsp;a cura di Save the Children e l\u2019installazione&nbsp;<em>Oltre il rubinetto&nbsp;<\/em>in collaborazione con&nbsp;<strong>Eduiren&nbsp;<\/strong>invitano a riflettere su citt\u00e0, risorse e sostenibilit\u00e0, intrecciando creativit\u00e0 e consapevolezza ambientale. Un insieme di proposte pensate per lasciare spazio anche al tempo libero, alla curiosit\u00e0 e all\u2019esplorazione autonoma, trasformando ogni angolo in un luogo di scoperta.&nbsp;Il festival \u00e8 organizzato dal mensile Internazionale Kids, dal Comune di Reggio Emilia e dalla Fondazione Palazzo Magnani.\u00c8 realizzato grazie allo sponsor Iren, con il sostegno di E80 Group, Valorugby Emilia, Mapei stadium, Generazione S, Gruppo FS, Save the Children, Fondazione Beta, Fondazione Airc per la ricerca sul cancro Ets, Paradello e Vinavil. \u00c8 realizzato in collaborazione con la Reale ambasciata di Norvegia in Italia, Musei civici di Reggio Emilia, Fondazione I Teatri Reggio Emilia, dipartimento di educazione e scienze umane dell\u2019Universit\u00e0 di Modena e Reggio Emilia, Fondazione Reggio Children, Remida, Farmacie Comunali Riunite, Reggio Emilia Citt\u00e0 Senza Barriere<img decoding=\"async\" src=\"https:\/\/ci3.googleusercontent.com\/meips\/ADKq_Na71Uzw9p3hC5EqUlG6wv536w7WMqT64f7mwONZlhXaNYkOjiWVKYHDjkojq6YUXhv7rFS2rAyXcesHHq9Xn2TfI1IiVbjgx9RgmgcJYWjggaH1fomqPT8r0-jxTRypngzjjbQcPBaX8Tht=s0-d-e1-ft#https:\/\/customer67052g.img.musvc4.net\/static\/167051\/assets\/1\/Serotonina%20logo(0).jpg\" width=\"250\" alt=\"\" height=\"auto\"><strong>Elena Giacchino<\/strong>+39 340 268 2776<strong>Florentina Ricciarelli<\/strong>+39 329 234 8154<strong>Silvia Bellucci<\/strong>+39 346 156 1637<\/td><\/tr><\/tbody><\/table><\/figure>\n","protected":false},"excerpt":{"rendered":"<p>Torna Internazionale Kids a Reggio Emilia.Dall\u20198 al 10 maggio appuntamento con la sesta edizione del primo festival di giornalismo per [&hellip;]<\/p>\n","protected":false},"author":1,"featured_media":0,"comment_status":"open","ping_status":"open","sticky":false,"template":"","format":"standard","meta":{"footnotes":""},"categories":[2],"tags":[],"class_list":["post-89384","post","type-post","status-publish","format-standard","hentry","category-informacion"],"_links":{"self":[{"href":"https:\/\/www.ecoitaliano.com.ar\/index.php?rest_route=\/wp\/v2\/posts\/89384","targetHints":{"allow":["GET"]}}],"collection":[{"href":"https:\/\/www.ecoitaliano.com.ar\/index.php?rest_route=\/wp\/v2\/posts"}],"about":[{"href":"https:\/\/www.ecoitaliano.com.ar\/index.php?rest_route=\/wp\/v2\/types\/post"}],"author":[{"embeddable":true,"href":"https:\/\/www.ecoitaliano.com.ar\/index.php?rest_route=\/wp\/v2\/users\/1"}],"replies":[{"embeddable":true,"href":"https:\/\/www.ecoitaliano.com.ar\/index.php?rest_route=%2Fwp%2Fv2%2Fcomments&post=89384"}],"version-history":[{"count":1,"href":"https:\/\/www.ecoitaliano.com.ar\/index.php?rest_route=\/wp\/v2\/posts\/89384\/revisions"}],"predecessor-version":[{"id":89385,"href":"https:\/\/www.ecoitaliano.com.ar\/index.php?rest_route=\/wp\/v2\/posts\/89384\/revisions\/89385"}],"wp:attachment":[{"href":"https:\/\/www.ecoitaliano.com.ar\/index.php?rest_route=%2Fwp%2Fv2%2Fmedia&parent=89384"}],"wp:term":[{"taxonomy":"category","embeddable":true,"href":"https:\/\/www.ecoitaliano.com.ar\/index.php?rest_route=%2Fwp%2Fv2%2Fcategories&post=89384"},{"taxonomy":"post_tag","embeddable":true,"href":"https:\/\/www.ecoitaliano.com.ar\/index.php?rest_route=%2Fwp%2Fv2%2Ftags&post=89384"}],"curies":[{"name":"wp","href":"https:\/\/api.w.org\/{rel}","templated":true}]}}