{"id":89393,"date":"2026-04-27T21:16:06","date_gmt":"2026-04-27T21:16:06","guid":{"rendered":"https:\/\/www.ecoitaliano.com.ar\/?p=89393"},"modified":"2026-04-27T21:16:07","modified_gmt":"2026-04-27T21:16:07","slug":"serena-conduce-operaclassica-eco-italiano-5178","status":"publish","type":"post","link":"https:\/\/www.ecoitaliano.com.ar\/?p=89393","title":{"rendered":"Serena conduce operaclassica eco italiano"},"content":{"rendered":"<div class=\"wp-block-image\">\n<figure class=\"aligncenter size-full\"><a href=\"http:\/\/www.ecoitaliano.com.ar\/wp-content\/uploads\/2026\/04\/Screenshot-280.png\"><img decoding=\"async\" width=\"432\" height=\"117\" src=\"http:\/\/www.ecoitaliano.com.ar\/wp-content\/uploads\/2026\/04\/Screenshot-280.png\" alt=\"\" class=\"wp-image-89314\" srcset=\"https:\/\/www.ecoitaliano.com.ar\/wp-content\/uploads\/2026\/04\/Screenshot-280.png 432w, https:\/\/www.ecoitaliano.com.ar\/wp-content\/uploads\/2026\/04\/Screenshot-280-300x81.png 300w\" sizes=\"(max-width: 432px) 100vw, 432px\" \/><\/a><\/figure><\/div>\n\n\n<p><strong>comunicato stampa<\/strong><\/p>\n\n\n\n<p><strong>Tradizione, contemporaneit\u00e0 e futuro in<\/strong><strong> <em>Beethoven 7<\/em> di Sasha Waltz,<\/strong><\/p>\n\n\n\n<p><strong>per <\/strong><strong>la Stagione di danza 2025-2026 del Teatro Lirico di Cagliari<\/strong><\/p>\n\n\n\n<p><strong>Mercoled\u00ec 29 aprile alle 20<\/strong> (turno P), per quattro imperdibili serate, <strong>debutta<\/strong> finalmente a Cagliari <strong>Sasha Waltz<\/strong>, coreografa, danzatrice e regista tedesca, considerata unanimemente erede artistica di Pina Bausch, che presenta, quale terzo titolo della <strong>Stagione di danza 2025-2026<\/strong> del Teatro Lirico di Cagliari, il \u201csuo\u201d <strong><em>Beethoven 7<\/em><\/strong> nell\u2019interpretazione audace e contemporanea del <strong>Sasha Waltz &amp; Guests<\/strong>, compagnia di danza da lei fondata nel 1993.<\/p>\n\n\n\n<p><a><\/a>Con <em>Beethoven 7<\/em>, coreografia eseguita per la prima volta l\u201911 marzo 2023 al Radialsystem di Berlino, Sasha Waltz prosegue la sua ricerca sulla relazione tra danza e musica. Quattordici danzatrici e danzatori della sua compagnia si confrontano con la <em>Settima Sinfonia in La maggiore, op. 92<\/em> di <strong>Ludwig van Beethoven<\/strong> (scritta nel 1811-1812) e con una nuova composizione <em>Freiheit\/Exstasis<\/em>, appositamente commissionata al compositore cileno di musica elettronica <strong>Diego Noguera<\/strong>, che viene eseguita dal vivo dallo stesso autore in apertura di spettacolo, cercando risposte a temi e domande poste dal capolavoro musicale beethoveniano.<\/p>\n\n\n\n<p>Richard Wagner, della <em>Settima <\/em>di Beethoven, scriveva \u00ab<em>\u00e8 l\u2019apoteosi della danza: \u00e8 la danza nella sua suprema essenza, la pi\u00f9 beata attuazione del movimento del corpo quasi idealmente concentrato nei suoni<\/em>\u00bb.<\/p>\n\n\n\n<p><em>Beethoven 7<\/em> \u00e8 uno spettacolo che, grazie anche a musica, luci, costumi e bravura dei danzatori, \u00e8 di forte impatto visivo, di grande forza scenografica ed intensit\u00e0 emotiva.<\/p>\n\n\n\n<p>L\u2019<strong>Orchestra del Teatro Lirico di Cagliari<\/strong> \u00e8 diretta dall\u2019americano <strong>Ido Arad<\/strong>, al suo <strong>debutto<\/strong> a Cagliari.<\/p>\n\n\n\n<p>I costumi sono di <strong>Federico Polucci<\/strong> e <strong>Bernd Skodzig<\/strong>, le luci di <strong>Martin Hauk<\/strong> e <strong>J\u00f6rg Bittner<\/strong> e la drammaturgia di <strong>Jochen Sandig<\/strong>.<\/p>\n\n\n\n<p><a><strong>Lo spettacolo ha una durata complessiva di 1 ora e 40 minuti circa, compreso l\u2019intervallo.<\/strong><\/a><\/p>\n\n\n\n<p><strong><em>Beethoven 7<\/em><\/strong> viene replicato: <strong>gioved\u00ec 30 aprile alle 20<\/strong> (turno S), <strong>sabato 2 maggio alle 19<\/strong> (turno R), <strong>domenica 3 maggio alle 17<\/strong> (turno Q).<\/p>\n\n\n\n<p>\u00c8 prevedibile un aumento del livello di rumore durante la prima parte della <em>Settima Sinfonia<\/em> di Beethoven. Inoltre, i toni bassi, nella gamma delle basse frequenze, possono provocare vibrazioni fisicamente percepibili.<\/p>\n\n\n\n<p><strong>Domenica 3 maggio<\/strong>, <strong>dalle 10.30 alle 12.30<\/strong> (livello Intermedio), nella <strong>Sala Reg\u00eca del Teatro Lirico di Cagliari<\/strong>, \u00e8 in programma il <strong><em>workshop<\/em><\/strong> di danza tenuto dalla danzatrice <strong>Cl\u00e9mentine Deluy<\/strong> del Sasha Waltz &amp; Guests. Il laboratorio \u00e8 il terzo appuntamento del <strong>Progetto \u201cOltre la scena\u201d<\/strong> che intende rafforzare il rapporto di collaborazione con le scuole di danza attive nel territorio della Sardegna per diffondere, in modo sinergico, la passione per la danza e per il teatro. Per informazioni e iscrizioni: <a href=\"mailto:danza@tldc.it\">danza@tldc.it<\/a>. La partecipazione \u00e8 gratuita per i possessori di abbonamento alla Stagione di danza 2025-2026 o del biglietto per lo spettacolo <em>Beethoven 7<\/em>.<\/p>\n\n\n\n<p>I posti in teatro sono identificati, come sempre, per ordine (platea, prima e seconda loggia) e per settore (giallo, rosso e blu). Ad ogni settore corrisponde un prezzo, secondo il diverso valore dei posti.<\/p>\n\n\n\n<p>Da <strong>mercoled\u00ec 3 dicembre 2025<\/strong> si possono acquistare i <strong>biglietti<\/strong> per tutti gli spettacoli della Stagione di danza; lo stesso servizio \u00e8 possibile anche <em>online<\/em> attraverso il circuito di prevendita www.vivaticket.it.<\/p>\n\n\n\n<p>Ai disabili (con disabilit\u00e0 al 100%) e ai loro eventuali accompagnatori, sono applicate riduzioni del 50% sull\u2019acquisto di biglietti, mentre ai giovani <em>under<\/em> 30 sono applicate riduzioni del 30%. Ulteriori agevolazioni sono previste per gruppi organizzati.<\/p>\n\n\n\n<p><strong>Gli abbonati alle Stagioni d\u2019opera, di danza e dei concerti 2025-2026 hanno la riduzione del 30% sul prezzo dei biglietti per le recite di <em>Beethoven 7<\/em> di gioved\u00ec 30 aprile alle 20 e sabato 2 maggio alle 19.<\/strong><\/p>\n\n\n\n<p><strong>Prezzi biglietti<\/strong>: platea \u20ac 60 (settore giallo), \u20ac 50 (settore rosso), \u20ac 40 (settore blu); I loggia \u20ac 50 (settore giallo), \u20ac 40 (settore rosso), \u20ac 35 (settore blu); II loggia (visibilit\u00e0 ridotta) \u20ac 30 (settore giallo), \u20ac 20 (settore rosso), \u20ac 15 (settore blu).<\/p>\n\n\n\n<p>La Biglietteria del Teatro Lirico \u00e8 aperta luned\u00ec, marted\u00ec, mercoled\u00ec, venerd\u00ec e sabato dalle 9 alle 13, gioved\u00ec dalle 16 alle 20 e, nei giorni di spettacolo, anche da due ore prima dell\u2019inizio, unicamente per operazioni legate allo spettacolo stesso. \u00c8 chiusa, invece, i giorni festivi e i luned\u00ec successivi alle domeniche di spettacolo.<\/p>\n\n\n\n<p>Per informazioni: Biglietteria del Teatro Lirico, via Sant\u2019Alenixedda, 09128 Cagliari, telefono 0704082230 &#8211; 0704082249, <a href=\"mailto:biglietteria@teatroliricodicagliari.it;\">biglietteria@teatroliricodicagliari.it<\/a>, <a href=\"http:\/\/www.teatroliricodicagliari.it\/\">www.teatroliricodicagliari.it<\/a>. Servizio promozione culturale: educational@tldc.it. Il Teatro Lirico di Cagliari si pu\u00f2 seguire anche su Facebook, Twitter, YouTube, Instagram, Linkedin.<\/p>\n\n\n\n<p>La Direzione si riserva di apportare al programma le modifiche che si rendessero necessarie per esigenze tecniche o per cause di forza maggiore. Eventuali modifiche al cartellone saranno indicate nel sito internet del teatro www.teatroliricodicagliari.it.<\/p>\n\n\n\n<p>Cagliari, 27 aprile 2026<\/p>\n\n\n\n<p>Pierluigi Corona<\/p>\n\n\n\n<p>Responsabile Ufficio Stampa<\/p>\n\n\n\n<p>Teatro Lirico di Cagliari, via Efisio Cao di San Marco, 09128 Cagliari &#8211; Italia telefono +39 0704082209 &#8211; <a href=\"mailto:stampa@teatroliricodicagliari.it\">stampa@teatroliricodicagliari.it<\/a> &#8211; <a href=\"http:\/\/www.teatroliricodicagliari.it\/\">www.teatroliricodicagliari.it<\/a><\/p>\n\n\n\n<p>foto<\/p>\n\n\n\n<figure class=\"wp-block-gallery has-nested-images columns-default is-cropped wp-block-gallery-1 is-layout-flex wp-block-gallery-is-layout-flex\">\n<figure class=\"wp-block-image size-large\"><a href=\"https:\/\/www.ecoitaliano.com.ar\/wp-content\/uploads\/2026\/04\/Beethoven-7-Freiheit-Extasis-Ensemble-foto-Sebastian-Bolesch.jpg\"><img decoding=\"async\" width=\"1024\" height=\"683\" data-id=\"89394\" src=\"https:\/\/www.ecoitaliano.com.ar\/wp-content\/uploads\/2026\/04\/Beethoven-7-Freiheit-Extasis-Ensemble-foto-Sebastian-Bolesch-1024x683.jpg\" alt=\"\" class=\"wp-image-89394\" srcset=\"https:\/\/www.ecoitaliano.com.ar\/wp-content\/uploads\/2026\/04\/Beethoven-7-Freiheit-Extasis-Ensemble-foto-Sebastian-Bolesch-1024x683.jpg 1024w, https:\/\/www.ecoitaliano.com.ar\/wp-content\/uploads\/2026\/04\/Beethoven-7-Freiheit-Extasis-Ensemble-foto-Sebastian-Bolesch-300x200.jpg 300w, https:\/\/www.ecoitaliano.com.ar\/wp-content\/uploads\/2026\/04\/Beethoven-7-Freiheit-Extasis-Ensemble-foto-Sebastian-Bolesch-768x512.jpg 768w, https:\/\/www.ecoitaliano.com.ar\/wp-content\/uploads\/2026\/04\/Beethoven-7-Freiheit-Extasis-Ensemble-foto-Sebastian-Bolesch-1536x1024.jpg 1536w, https:\/\/www.ecoitaliano.com.ar\/wp-content\/uploads\/2026\/04\/Beethoven-7-Freiheit-Extasis-Ensemble-foto-Sebastian-Bolesch-2048x1366.jpg 2048w\" sizes=\"(max-width: 1024px) 100vw, 1024px\" \/><\/a><\/figure>\n\n\n\n<figure class=\"wp-block-image size-large\"><a href=\"https:\/\/www.ecoitaliano.com.ar\/wp-content\/uploads\/2026\/04\/Beethoven-7-Freiheit-Extasis-Hwanhee-Hwang-foto-Sebastian-Bolesch.jpg\"><img decoding=\"async\" width=\"1024\" height=\"682\" data-id=\"89395\" src=\"https:\/\/www.ecoitaliano.com.ar\/wp-content\/uploads\/2026\/04\/Beethoven-7-Freiheit-Extasis-Hwanhee-Hwang-foto-Sebastian-Bolesch-1024x682.jpg\" alt=\"\" class=\"wp-image-89395\" srcset=\"https:\/\/www.ecoitaliano.com.ar\/wp-content\/uploads\/2026\/04\/Beethoven-7-Freiheit-Extasis-Hwanhee-Hwang-foto-Sebastian-Bolesch-1024x682.jpg 1024w, https:\/\/www.ecoitaliano.com.ar\/wp-content\/uploads\/2026\/04\/Beethoven-7-Freiheit-Extasis-Hwanhee-Hwang-foto-Sebastian-Bolesch-300x200.jpg 300w, https:\/\/www.ecoitaliano.com.ar\/wp-content\/uploads\/2026\/04\/Beethoven-7-Freiheit-Extasis-Hwanhee-Hwang-foto-Sebastian-Bolesch-768x511.jpg 768w, https:\/\/www.ecoitaliano.com.ar\/wp-content\/uploads\/2026\/04\/Beethoven-7-Freiheit-Extasis-Hwanhee-Hwang-foto-Sebastian-Bolesch-1536x1022.jpg 1536w, https:\/\/www.ecoitaliano.com.ar\/wp-content\/uploads\/2026\/04\/Beethoven-7-Freiheit-Extasis-Hwanhee-Hwang-foto-Sebastian-Bolesch-2048x1363.jpg 2048w\" sizes=\"(max-width: 1024px) 100vw, 1024px\" \/><\/a><\/figure>\n\n\n\n<figure class=\"wp-block-image size-large\"><a href=\"https:\/\/www.ecoitaliano.com.ar\/wp-content\/uploads\/2026\/04\/Beethoven-7-Settima-Sinfonia-di-Beethoven-Sasha-Waltz-Guests-Clementine-Deluy-foto-Sebastian-Bolesch.jpg\"><img decoding=\"async\" width=\"1024\" height=\"681\" data-id=\"89396\" src=\"https:\/\/www.ecoitaliano.com.ar\/wp-content\/uploads\/2026\/04\/Beethoven-7-Settima-Sinfonia-di-Beethoven-Sasha-Waltz-Guests-Clementine-Deluy-foto-Sebastian-Bolesch-1024x681.jpg\" alt=\"\" class=\"wp-image-89396\" srcset=\"https:\/\/www.ecoitaliano.com.ar\/wp-content\/uploads\/2026\/04\/Beethoven-7-Settima-Sinfonia-di-Beethoven-Sasha-Waltz-Guests-Clementine-Deluy-foto-Sebastian-Bolesch-1024x681.jpg 1024w, https:\/\/www.ecoitaliano.com.ar\/wp-content\/uploads\/2026\/04\/Beethoven-7-Settima-Sinfonia-di-Beethoven-Sasha-Waltz-Guests-Clementine-Deluy-foto-Sebastian-Bolesch-300x200.jpg 300w, https:\/\/www.ecoitaliano.com.ar\/wp-content\/uploads\/2026\/04\/Beethoven-7-Settima-Sinfonia-di-Beethoven-Sasha-Waltz-Guests-Clementine-Deluy-foto-Sebastian-Bolesch-768x511.jpg 768w, https:\/\/www.ecoitaliano.com.ar\/wp-content\/uploads\/2026\/04\/Beethoven-7-Settima-Sinfonia-di-Beethoven-Sasha-Waltz-Guests-Clementine-Deluy-foto-Sebastian-Bolesch-1536x1022.jpg 1536w, https:\/\/www.ecoitaliano.com.ar\/wp-content\/uploads\/2026\/04\/Beethoven-7-Settima-Sinfonia-di-Beethoven-Sasha-Waltz-Guests-Clementine-Deluy-foto-Sebastian-Bolesch-2048x1362.jpg 2048w\" sizes=\"(max-width: 1024px) 100vw, 1024px\" \/><\/a><\/figure>\n\n\n\n<figure class=\"wp-block-image size-large\"><a href=\"https:\/\/www.ecoitaliano.com.ar\/wp-content\/uploads\/2026\/04\/Beethoven-7-Settima-Sinfonia-di-Beethoven-Sasha-Waltz-Guests-Annapaola-Leso-ensemble-foto-Sebastian-Bolesch.jpg\"><img decoding=\"async\" width=\"1024\" height=\"683\" data-id=\"89397\" src=\"https:\/\/www.ecoitaliano.com.ar\/wp-content\/uploads\/2026\/04\/Beethoven-7-Settima-Sinfonia-di-Beethoven-Sasha-Waltz-Guests-Annapaola-Leso-ensemble-foto-Sebastian-Bolesch-1024x683.jpg\" alt=\"\" class=\"wp-image-89397\" srcset=\"https:\/\/www.ecoitaliano.com.ar\/wp-content\/uploads\/2026\/04\/Beethoven-7-Settima-Sinfonia-di-Beethoven-Sasha-Waltz-Guests-Annapaola-Leso-ensemble-foto-Sebastian-Bolesch-1024x683.jpg 1024w, https:\/\/www.ecoitaliano.com.ar\/wp-content\/uploads\/2026\/04\/Beethoven-7-Settima-Sinfonia-di-Beethoven-Sasha-Waltz-Guests-Annapaola-Leso-ensemble-foto-Sebastian-Bolesch-300x200.jpg 300w, https:\/\/www.ecoitaliano.com.ar\/wp-content\/uploads\/2026\/04\/Beethoven-7-Settima-Sinfonia-di-Beethoven-Sasha-Waltz-Guests-Annapaola-Leso-ensemble-foto-Sebastian-Bolesch-768x512.jpg 768w, https:\/\/www.ecoitaliano.com.ar\/wp-content\/uploads\/2026\/04\/Beethoven-7-Settima-Sinfonia-di-Beethoven-Sasha-Waltz-Guests-Annapaola-Leso-ensemble-foto-Sebastian-Bolesch-1536x1024.jpg 1536w, https:\/\/www.ecoitaliano.com.ar\/wp-content\/uploads\/2026\/04\/Beethoven-7-Settima-Sinfonia-di-Beethoven-Sasha-Waltz-Guests-Annapaola-Leso-ensemble-foto-Sebastian-Bolesch-2048x1366.jpg 2048w\" sizes=\"(max-width: 1024px) 100vw, 1024px\" \/><\/a><\/figure>\n\n\n\n<figure class=\"wp-block-image size-large\"><a href=\"https:\/\/www.ecoitaliano.com.ar\/wp-content\/uploads\/2026\/04\/complesso-artistico-Beethoven-7.jpg\"><img decoding=\"async\" width=\"724\" height=\"1024\" data-id=\"89398\" src=\"https:\/\/www.ecoitaliano.com.ar\/wp-content\/uploads\/2026\/04\/complesso-artistico-Beethoven-7-724x1024.jpg\" alt=\"\" class=\"wp-image-89398\" srcset=\"https:\/\/www.ecoitaliano.com.ar\/wp-content\/uploads\/2026\/04\/complesso-artistico-Beethoven-7-724x1024.jpg 724w, https:\/\/www.ecoitaliano.com.ar\/wp-content\/uploads\/2026\/04\/complesso-artistico-Beethoven-7-212x300.jpg 212w, https:\/\/www.ecoitaliano.com.ar\/wp-content\/uploads\/2026\/04\/complesso-artistico-Beethoven-7-768x1086.jpg 768w, https:\/\/www.ecoitaliano.com.ar\/wp-content\/uploads\/2026\/04\/complesso-artistico-Beethoven-7-1086x1536.jpg 1086w, https:\/\/www.ecoitaliano.com.ar\/wp-content\/uploads\/2026\/04\/complesso-artistico-Beethoven-7-1448x2048.jpg 1448w, https:\/\/www.ecoitaliano.com.ar\/wp-content\/uploads\/2026\/04\/complesso-artistico-Beethoven-7.jpg 1654w\" sizes=\"(max-width: 724px) 100vw, 724px\" \/><\/a><\/figure>\n\n\n\n<figure class=\"wp-block-image size-large\"><a href=\"https:\/\/www.ecoitaliano.com.ar\/wp-content\/uploads\/2026\/04\/locandina-Beethoven-7.jpg\"><img decoding=\"async\" width=\"724\" height=\"1024\" data-id=\"89399\" src=\"https:\/\/www.ecoitaliano.com.ar\/wp-content\/uploads\/2026\/04\/locandina-Beethoven-7-724x1024.jpg\" alt=\"\" class=\"wp-image-89399\" srcset=\"https:\/\/www.ecoitaliano.com.ar\/wp-content\/uploads\/2026\/04\/locandina-Beethoven-7-724x1024.jpg 724w, https:\/\/www.ecoitaliano.com.ar\/wp-content\/uploads\/2026\/04\/locandina-Beethoven-7-212x300.jpg 212w, https:\/\/www.ecoitaliano.com.ar\/wp-content\/uploads\/2026\/04\/locandina-Beethoven-7-768x1086.jpg 768w, https:\/\/www.ecoitaliano.com.ar\/wp-content\/uploads\/2026\/04\/locandina-Beethoven-7-1086x1536.jpg 1086w, https:\/\/www.ecoitaliano.com.ar\/wp-content\/uploads\/2026\/04\/locandina-Beethoven-7-1448x2048.jpg 1448w, https:\/\/www.ecoitaliano.com.ar\/wp-content\/uploads\/2026\/04\/locandina-Beethoven-7.jpg 1654w\" sizes=\"(max-width: 724px) 100vw, 724px\" \/><\/a><\/figure>\n\n\n\n<figure class=\"wp-block-image size-large\"><a href=\"https:\/\/www.ecoitaliano.com.ar\/wp-content\/uploads\/2026\/04\/tempi-Beethoven-7.jpg\"><img decoding=\"async\" width=\"724\" height=\"1024\" data-id=\"89400\" src=\"https:\/\/www.ecoitaliano.com.ar\/wp-content\/uploads\/2026\/04\/tempi-Beethoven-7-724x1024.jpg\" alt=\"\" class=\"wp-image-89400\" srcset=\"https:\/\/www.ecoitaliano.com.ar\/wp-content\/uploads\/2026\/04\/tempi-Beethoven-7-724x1024.jpg 724w, https:\/\/www.ecoitaliano.com.ar\/wp-content\/uploads\/2026\/04\/tempi-Beethoven-7-212x300.jpg 212w, https:\/\/www.ecoitaliano.com.ar\/wp-content\/uploads\/2026\/04\/tempi-Beethoven-7-768x1086.jpg 768w, https:\/\/www.ecoitaliano.com.ar\/wp-content\/uploads\/2026\/04\/tempi-Beethoven-7-1086x1536.jpg 1086w, https:\/\/www.ecoitaliano.com.ar\/wp-content\/uploads\/2026\/04\/tempi-Beethoven-7-1448x2048.jpg 1448w, https:\/\/www.ecoitaliano.com.ar\/wp-content\/uploads\/2026\/04\/tempi-Beethoven-7.jpg 1654w\" sizes=\"(max-width: 724px) 100vw, 724px\" \/><\/a><\/figure>\n\n\n\n<figure class=\"wp-block-image size-large\"><a href=\"https:\/\/www.ecoitaliano.com.ar\/wp-content\/uploads\/2026\/04\/6557ec90ec644ed042bb817380aef8a6-0.jpg\"><img decoding=\"async\" width=\"724\" height=\"1024\" data-id=\"89401\" src=\"https:\/\/www.ecoitaliano.com.ar\/wp-content\/uploads\/2026\/04\/6557ec90ec644ed042bb817380aef8a6-0-724x1024.jpg\" alt=\"\" class=\"wp-image-89401\" srcset=\"https:\/\/www.ecoitaliano.com.ar\/wp-content\/uploads\/2026\/04\/6557ec90ec644ed042bb817380aef8a6-0-724x1024.jpg 724w, https:\/\/www.ecoitaliano.com.ar\/wp-content\/uploads\/2026\/04\/6557ec90ec644ed042bb817380aef8a6-0-212x300.jpg 212w, https:\/\/www.ecoitaliano.com.ar\/wp-content\/uploads\/2026\/04\/6557ec90ec644ed042bb817380aef8a6-0-768x1086.jpg 768w, https:\/\/www.ecoitaliano.com.ar\/wp-content\/uploads\/2026\/04\/6557ec90ec644ed042bb817380aef8a6-0-1086x1536.jpg 1086w, https:\/\/www.ecoitaliano.com.ar\/wp-content\/uploads\/2026\/04\/6557ec90ec644ed042bb817380aef8a6-0-1448x2048.jpg 1448w, https:\/\/www.ecoitaliano.com.ar\/wp-content\/uploads\/2026\/04\/6557ec90ec644ed042bb817380aef8a6-0.jpg 1654w\" sizes=\"(max-width: 724px) 100vw, 724px\" \/><\/a><\/figure>\n\n\n\n<figure class=\"wp-block-image size-large\"><a href=\"https:\/\/www.ecoitaliano.com.ar\/wp-content\/uploads\/2026\/04\/6557ec90ec644ed042bb817380aef8a6-1.jpg\"><img decoding=\"async\" width=\"724\" height=\"1024\" data-id=\"89402\" src=\"https:\/\/www.ecoitaliano.com.ar\/wp-content\/uploads\/2026\/04\/6557ec90ec644ed042bb817380aef8a6-1-724x1024.jpg\" alt=\"\" class=\"wp-image-89402\" srcset=\"https:\/\/www.ecoitaliano.com.ar\/wp-content\/uploads\/2026\/04\/6557ec90ec644ed042bb817380aef8a6-1-724x1024.jpg 724w, https:\/\/www.ecoitaliano.com.ar\/wp-content\/uploads\/2026\/04\/6557ec90ec644ed042bb817380aef8a6-1-212x300.jpg 212w, https:\/\/www.ecoitaliano.com.ar\/wp-content\/uploads\/2026\/04\/6557ec90ec644ed042bb817380aef8a6-1-768x1086.jpg 768w, https:\/\/www.ecoitaliano.com.ar\/wp-content\/uploads\/2026\/04\/6557ec90ec644ed042bb817380aef8a6-1-1086x1536.jpg 1086w, https:\/\/www.ecoitaliano.com.ar\/wp-content\/uploads\/2026\/04\/6557ec90ec644ed042bb817380aef8a6-1-1448x2048.jpg 1448w, https:\/\/www.ecoitaliano.com.ar\/wp-content\/uploads\/2026\/04\/6557ec90ec644ed042bb817380aef8a6-1.jpg 1654w\" sizes=\"(max-width: 724px) 100vw, 724px\" \/><\/a><\/figure>\n\n\n\n<figure class=\"wp-block-image size-large\"><a href=\"https:\/\/www.ecoitaliano.com.ar\/wp-content\/uploads\/2026\/04\/6557ec90ec644ed042bb817380aef8a6-2.jpg\"><img decoding=\"async\" width=\"724\" height=\"1024\" data-id=\"89403\" src=\"https:\/\/www.ecoitaliano.com.ar\/wp-content\/uploads\/2026\/04\/6557ec90ec644ed042bb817380aef8a6-2-724x1024.jpg\" alt=\"\" class=\"wp-image-89403\" srcset=\"https:\/\/www.ecoitaliano.com.ar\/wp-content\/uploads\/2026\/04\/6557ec90ec644ed042bb817380aef8a6-2-724x1024.jpg 724w, https:\/\/www.ecoitaliano.com.ar\/wp-content\/uploads\/2026\/04\/6557ec90ec644ed042bb817380aef8a6-2-212x300.jpg 212w, https:\/\/www.ecoitaliano.com.ar\/wp-content\/uploads\/2026\/04\/6557ec90ec644ed042bb817380aef8a6-2-768x1086.jpg 768w, https:\/\/www.ecoitaliano.com.ar\/wp-content\/uploads\/2026\/04\/6557ec90ec644ed042bb817380aef8a6-2-1086x1536.jpg 1086w, https:\/\/www.ecoitaliano.com.ar\/wp-content\/uploads\/2026\/04\/6557ec90ec644ed042bb817380aef8a6-2-1448x2048.jpg 1448w, https:\/\/www.ecoitaliano.com.ar\/wp-content\/uploads\/2026\/04\/6557ec90ec644ed042bb817380aef8a6-2.jpg 1654w\" sizes=\"(max-width: 724px) 100vw, 724px\" \/><\/a><\/figure>\n\n\n\n<figure class=\"wp-block-image size-large\"><a href=\"https:\/\/www.ecoitaliano.com.ar\/wp-content\/uploads\/2026\/04\/6557ec90ec644ed042bb817380aef8a6-3.jpg\"><img decoding=\"async\" width=\"724\" height=\"1024\" data-id=\"89404\" src=\"https:\/\/www.ecoitaliano.com.ar\/wp-content\/uploads\/2026\/04\/6557ec90ec644ed042bb817380aef8a6-3-724x1024.jpg\" alt=\"\" class=\"wp-image-89404\" srcset=\"https:\/\/www.ecoitaliano.com.ar\/wp-content\/uploads\/2026\/04\/6557ec90ec644ed042bb817380aef8a6-3-724x1024.jpg 724w, https:\/\/www.ecoitaliano.com.ar\/wp-content\/uploads\/2026\/04\/6557ec90ec644ed042bb817380aef8a6-3-212x300.jpg 212w, https:\/\/www.ecoitaliano.com.ar\/wp-content\/uploads\/2026\/04\/6557ec90ec644ed042bb817380aef8a6-3-768x1086.jpg 768w, https:\/\/www.ecoitaliano.com.ar\/wp-content\/uploads\/2026\/04\/6557ec90ec644ed042bb817380aef8a6-3-1086x1536.jpg 1086w, https:\/\/www.ecoitaliano.com.ar\/wp-content\/uploads\/2026\/04\/6557ec90ec644ed042bb817380aef8a6-3-1448x2048.jpg 1448w, https:\/\/www.ecoitaliano.com.ar\/wp-content\/uploads\/2026\/04\/6557ec90ec644ed042bb817380aef8a6-3.jpg 1654w\" sizes=\"(max-width: 724px) 100vw, 724px\" \/><\/a><\/figure>\n\n\n\n<figure class=\"wp-block-image size-large\"><a href=\"https:\/\/www.ecoitaliano.com.ar\/wp-content\/uploads\/2026\/04\/6557ec90ec644ed042bb817380aef8a6-4.jpg\"><img decoding=\"async\" width=\"724\" height=\"1024\" data-id=\"89405\" src=\"https:\/\/www.ecoitaliano.com.ar\/wp-content\/uploads\/2026\/04\/6557ec90ec644ed042bb817380aef8a6-4-724x1024.jpg\" alt=\"\" class=\"wp-image-89405\" srcset=\"https:\/\/www.ecoitaliano.com.ar\/wp-content\/uploads\/2026\/04\/6557ec90ec644ed042bb817380aef8a6-4-724x1024.jpg 724w, https:\/\/www.ecoitaliano.com.ar\/wp-content\/uploads\/2026\/04\/6557ec90ec644ed042bb817380aef8a6-4-212x300.jpg 212w, https:\/\/www.ecoitaliano.com.ar\/wp-content\/uploads\/2026\/04\/6557ec90ec644ed042bb817380aef8a6-4-768x1086.jpg 768w, https:\/\/www.ecoitaliano.com.ar\/wp-content\/uploads\/2026\/04\/6557ec90ec644ed042bb817380aef8a6-4-1086x1536.jpg 1086w, https:\/\/www.ecoitaliano.com.ar\/wp-content\/uploads\/2026\/04\/6557ec90ec644ed042bb817380aef8a6-4-1448x2048.jpg 1448w, https:\/\/www.ecoitaliano.com.ar\/wp-content\/uploads\/2026\/04\/6557ec90ec644ed042bb817380aef8a6-4.jpg 1654w\" sizes=\"(max-width: 724px) 100vw, 724px\" \/><\/a><\/figure>\n\n\n\n<figure class=\"wp-block-image size-large\"><a href=\"https:\/\/www.ecoitaliano.com.ar\/wp-content\/uploads\/2026\/04\/6557ec90ec644ed042bb817380aef8a6-5.jpg\"><img decoding=\"async\" width=\"724\" height=\"1024\" data-id=\"89406\" src=\"https:\/\/www.ecoitaliano.com.ar\/wp-content\/uploads\/2026\/04\/6557ec90ec644ed042bb817380aef8a6-5-724x1024.jpg\" alt=\"\" class=\"wp-image-89406\" srcset=\"https:\/\/www.ecoitaliano.com.ar\/wp-content\/uploads\/2026\/04\/6557ec90ec644ed042bb817380aef8a6-5-724x1024.jpg 724w, https:\/\/www.ecoitaliano.com.ar\/wp-content\/uploads\/2026\/04\/6557ec90ec644ed042bb817380aef8a6-5-212x300.jpg 212w, https:\/\/www.ecoitaliano.com.ar\/wp-content\/uploads\/2026\/04\/6557ec90ec644ed042bb817380aef8a6-5-768x1086.jpg 768w, https:\/\/www.ecoitaliano.com.ar\/wp-content\/uploads\/2026\/04\/6557ec90ec644ed042bb817380aef8a6-5-1086x1536.jpg 1086w, https:\/\/www.ecoitaliano.com.ar\/wp-content\/uploads\/2026\/04\/6557ec90ec644ed042bb817380aef8a6-5-1448x2048.jpg 1448w, https:\/\/www.ecoitaliano.com.ar\/wp-content\/uploads\/2026\/04\/6557ec90ec644ed042bb817380aef8a6-5.jpg 1654w\" sizes=\"(max-width: 724px) 100vw, 724px\" \/><\/a><\/figure>\n<\/figure>\n","protected":false},"excerpt":{"rendered":"<p>comunicato stampa Tradizione, contemporaneit\u00e0 e futuro in Beethoven 7 di Sasha Waltz, per la Stagione di danza 2025-2026 del Teatro [&hellip;]<\/p>\n","protected":false},"author":1,"featured_media":0,"comment_status":"open","ping_status":"open","sticky":false,"template":"","format":"standard","meta":{"footnotes":""},"categories":[1],"tags":[],"class_list":["post-89393","post","type-post","status-publish","format-standard","hentry","category-sin-categoria"],"_links":{"self":[{"href":"https:\/\/www.ecoitaliano.com.ar\/index.php?rest_route=\/wp\/v2\/posts\/89393","targetHints":{"allow":["GET"]}}],"collection":[{"href":"https:\/\/www.ecoitaliano.com.ar\/index.php?rest_route=\/wp\/v2\/posts"}],"about":[{"href":"https:\/\/www.ecoitaliano.com.ar\/index.php?rest_route=\/wp\/v2\/types\/post"}],"author":[{"embeddable":true,"href":"https:\/\/www.ecoitaliano.com.ar\/index.php?rest_route=\/wp\/v2\/users\/1"}],"replies":[{"embeddable":true,"href":"https:\/\/www.ecoitaliano.com.ar\/index.php?rest_route=%2Fwp%2Fv2%2Fcomments&post=89393"}],"version-history":[{"count":1,"href":"https:\/\/www.ecoitaliano.com.ar\/index.php?rest_route=\/wp\/v2\/posts\/89393\/revisions"}],"predecessor-version":[{"id":89407,"href":"https:\/\/www.ecoitaliano.com.ar\/index.php?rest_route=\/wp\/v2\/posts\/89393\/revisions\/89407"}],"wp:attachment":[{"href":"https:\/\/www.ecoitaliano.com.ar\/index.php?rest_route=%2Fwp%2Fv2%2Fmedia&parent=89393"}],"wp:term":[{"taxonomy":"category","embeddable":true,"href":"https:\/\/www.ecoitaliano.com.ar\/index.php?rest_route=%2Fwp%2Fv2%2Fcategories&post=89393"},{"taxonomy":"post_tag","embeddable":true,"href":"https:\/\/www.ecoitaliano.com.ar\/index.php?rest_route=%2Fwp%2Fv2%2Ftags&post=89393"}],"curies":[{"name":"wp","href":"https:\/\/api.w.org\/{rel}","templated":true}]}}