{"id":89408,"date":"2026-04-27T21:29:10","date_gmt":"2026-04-27T21:29:10","guid":{"rendered":"https:\/\/www.ecoitaliano.com.ar\/?p=89408"},"modified":"2026-04-27T21:29:12","modified_gmt":"2026-04-27T21:29:12","slug":"serena-conduce-operaclassica-eco-italiano-5179","status":"publish","type":"post","link":"https:\/\/www.ecoitaliano.com.ar\/?p=89408","title":{"rendered":"Serena conduce operaclassica eco italiano"},"content":{"rendered":"<div class=\"wp-block-image\">\n<figure class=\"aligncenter size-full is-resized\"><a href=\"http:\/\/www.ecoitaliano.com.ar\/wp-content\/uploads\/2026\/04\/Screenshot-1609.png\"><img decoding=\"async\" width=\"672\" height=\"186\" src=\"http:\/\/www.ecoitaliano.com.ar\/wp-content\/uploads\/2026\/04\/Screenshot-1609.png\" alt=\"\" class=\"wp-image-89409\" style=\"width:468px;height:auto\" srcset=\"https:\/\/www.ecoitaliano.com.ar\/wp-content\/uploads\/2026\/04\/Screenshot-1609.png 672w, https:\/\/www.ecoitaliano.com.ar\/wp-content\/uploads\/2026\/04\/Screenshot-1609-300x83.png 300w\" sizes=\"(max-width: 672px) 100vw, 672px\" \/><\/a><\/figure><\/div>\n\n\n<figure class=\"wp-block-table\"><table class=\"has-fixed-layout\"><tbody><tr><td><strong>COMUNICATO STAMPA<\/strong>\u00a0<strong><em>BURN:\u00a0<\/em>DAL TESTO CULT DI LANFORD WILSON IL PROGETTO DI DANZA PER TEATRO<\/strong><strong>DI A.J. WEISSBARD<\/strong>\u00a0<strong>Dal 28 al 30 aprile 2026<\/strong>\u00a0<strong>all\u2019Auditorium Parco della Musica Ennio Morricone il nuovo allestimento dell\u2019Opera di Roma in coproduzione con Fondazione Musica per Roma<\/strong>\u00a0<strong>con le musiche di Michael Galasso, i costumi di Anna Biagiotti<\/strong><strong>e la voce di John Malkovich<\/strong>\u00a0\u00a0\u00a0Debutta dal\u00a0<strong>28 al 30 aprile 2026<\/strong>\u00a0nella\u00a0<strong>Sala Petrassi dell\u2019Auditorium Parco della Musica Ennio Morricone<\/strong>\u00a0di Roma\u00a0<strong><em>BURN<\/em><\/strong>, un progetto visionario di danza per teatro che attraversa la complessit\u00e0 dell\u2019animo umano, concepito dal celebre artista americano\u00a0<strong>A.J. Weissbard<\/strong>. Lo spettacolo \u00e8 un nuovo allestimento del Teatro dell\u2019Opera di Roma, realizzato in coproduzione con Fondazione Musica per Roma e il supporto di Orsolina28 Art Foundation.\u00a0<em>Burn<\/em>\u00a0\u00e8 liberamente ispirato al dramma\u00a0<em>Burn This<\/em>\u00a0di Lanford Wilson \u2014 opera di riferimento del teatro americano contemporaneo \u2014 \u00a0andato in scena a New York nel 1987 con\u00a0<strong>John Malkovich<\/strong>\u00a0nel ruolo di Pale. In questa versione Malkovich torna ad abitare il racconto come voice-over narrante, cucendo insieme passato e presente. \u00ab<em>Pensata per spingere oltre i confini del processo creativo, l\u2019opera si compone di conversazioni fisiche tra i personaggi, dialoghi in forma di danza, interazioni ispirate al dramma. Nella vita discutiamo, dialoghiamo e ci confrontiamo con persone di opinioni ed esperienze diverse. In BURN, invece di un unico linguaggio coreografico, quattro espressioni forti si combinano e si scontrano per generare nuove forme di fisicit\u00e0, approcci inediti alla comunicazione e una nuova, intensa bellezza cinetica<\/em>.\u00bb Con queste parole A.J. Weissbard, ideatore del progetto, spiega lo spirito performativo multidisciplinare di BURN, \u00a0che affronta temi universali quali identit\u00e0, desiderio, perdita, trasformazione, crescita e sviluppo personale. I rapporti tra i personaggi si traducono in espressioni fisiche che sostituiscono la parola, generando veri e propri \u201clinguaggi danzati\u201d.\u00a0Al centro della creazione quattro personaggi \u2014 Anna, Pale, Larry e Burton \u2014 affidati a coreografi-interpreti di rilievo internazionale, ciascuno autore di una scrittura coreografica distinta, plasmata sulla specificit\u00e0 emotiva e drammaturgica del personaggio originale della pi\u00e8ce.\u00a0<strong>\u00c8ve-Marie Dalcourt<\/strong>\u00a0(Canada) disegna e balla il personaggio di Anna,\u00a0<strong>Brandon Lagaert<\/strong>\u00a0(Belgio) costruisce e porta in scena il movimento scenico di Pale,\u00a0<strong>Damiano Ottavio Bigi<\/strong>\u00a0(Italia) sviluppa e interpreta la coreografia di Larry e\u00a0<strong>Jonah Bokaer<\/strong>\u00a0(USA\/Tunisia) d\u00e0 espressione corporea a Burton. Partecipa al progetto il\u00a0<strong>Corpo di Ballo del Teatro dell\u2019Opera di Roma<\/strong>\u00a0diretto da\u00a0<strong>Eleonora Abbagnato<\/strong>, promotrice con A.J. Weissbard e il lirico capitolino di una collaborazione internazionale significativa nel sostenere le idee creative di coreografi emergenti, la danza contemporanea e in generale la comunit\u00e0 coreutica.\u00a0<strong>A.J. Weissbard<\/strong>, artista eclettico noto per i suoi progetti transmediali fra danza, teatro, moda e architettura. Il suo lavoro ha attraversato pi\u00f9 di 50 paesi \u2014 dal Lincoln Center di New York alla Scala di Milano, dall\u2019Op\u00e9ra Garnier di Parigi al Bolshoi di Mosca \u2014 collaborando, fra gli altri, con artisti quali Robert Wilson, Marina Abramovi\u0107, Peter Greenaway e William Kentridge. Program Director del Watermill Summer Program di Robert Wilson, ha ricevuto importanti riconoscimenti internazionali tra cui la Golden Mask per il light design e il primo IFSArts Award. In\u00a0<em>BURN<\/em>\u00a0cura anche regia, scene e luci.\u00a0Le musiche originali su base registrata sono del compositore\u00a0<strong>Michael Galasso<\/strong>, con arrangiamento musicale di\u00a0<strong>Peter Cerone<\/strong>. Galasso \u2014 violinista virtuoso nato a Hammond, Louisiana nel 1949, autore di colonne sonore per Wong Kar-wai e vincitore del C\u00e9sar 2009 per la migliore musica originale per il film\u00a0<em>S\u00e9raphine<\/em>\u00a0diretto da Martin Provost \u2014 ha collaborato per decenni con i pi\u00f9 importanti nomi del teatro internazionale. Le sue musiche, specificamente adattate per\u00a0<em>BURN<\/em>, rappresentano un omaggio postumo alla sua straordinaria creativit\u00e0.\u00a0<strong>\u00c8ve-Marie Dalcourt\u00a0<\/strong>coreografa e performer, attiva in Canada, ha danzato con il Nederlands Dans Theater II, interpretando lavori di coreografi come Alexander Ekman, Marco Goecke e Johan Inger. \u00c8 stata inoltre assistente e r\u00e9p\u00e9titeur per Ekman e Juliano Nunes, rimontando lavori per compagnie come il Ballet de l\u2019Op\u00e9ra de Paris, il Royal Swedish Ballet e lo Staatsballett Berlin.\u00a0<strong>Jonah Bokaer\u00a0<\/strong>coreografo e artista visivo statunitense di origine tunisina, sviluppa una ricerca che integra danza, arti visive e design. Ha collaborato con artisti come Robert Wilson, Merce Cunningham e Daniel Arsham, firmando coreografie per produzioni operistiche e teatrali internazionali.\u00a0<strong>Damiano Ottavio Bigi\u00a0<\/strong>danzatore e coreografo italiano, ha collaborato con importanti realt\u00e0 della danza contemporanea europea, tra cui il Tanztheater Wuppertal di Pina Bausch, di cui \u00e8 stato membro dal 2005. Ha lavorato con Dimitris Papaioannou e con il CCN de Nantes di Claude Brumachon, partecipando anche al film\u00a0<em>Pina<\/em>\u00a0di Wim Wenders. Nel 2020 ha fondato la compagnia Fritz Company Bigi Paoletti, sviluppando un linguaggio che integra danza, teatro e arti visive.<strong>\u00a0Brandon Lagaert\u00a0<\/strong>coreografo e performer belga, ha collaborato con la compagnia Peeping Tom, partecipando a creazioni come\u00a0<em>Vader<\/em>,\u00a0<em>Moeder<\/em>\u00a0e\u00a0<em>Kind<\/em>. La sua ricerca si caratterizza per un approccio multidisciplinare che combina danza contemporanea, teatro e linguaggi visivi. \u00c8 fondatore della compagnia KAIHO, con cui sviluppa progetti per compagnie professionali e istituzioni formative internazionali, affiancando all\u2019attivit\u00e0 creativa quella pedagogica.\u00a0La prima rappresentazione di\u00a0<em>BURN<\/em>\u00a0andr\u00e0 in scena marted\u00ec 28 aprile alle ore 20.00. Seguono le repliche di mercoled\u00ec 29 aprile (ore 20.00) e gioved\u00ec 30 aprile (ore 20.00).\u00a0<strong>Info:\u00a0<\/strong><a href=\"https:\/\/fondazioneteatrodelloperadirom.musvc2.net\/e\/tr?q=6%3dGZWaE%26C%3dO%26G%3dDYWX%26z%3dRQbGYV%26N%3dsKGI_3rps_Db_Etdq_Oi_3rps_CgJP8.FC832EHx2.6M%26o%3dDHL74O.GpK%266L%3dHTTb%265J%3dOcCWWWCXNTEVRb%26s%3dZ4l2xO7K6SWBTyUG52aJUN5mYP6nYO4p539I3W6DUSXqRW8naTXIUOYI4PTGWxboV3cH&amp;mupckp=mupAtu4m8OiX0wt\" target=\"_blank\" rel=\"noreferrer noopener\">www.operaroma.it<\/a><strong>Biglietti:\u00a0<\/strong><a href=\"https:\/\/fondazioneteatrodelloperadirom.musvc2.net\/e\/tr?q=8%3dDgLcB%26J%3dD%26I%3dAfLZ%26w%3dYFdDfK%26P%3dpR6K1_PcxX_aM_MY1b_WN_PcxX_ZRR5U.1KmPmMwKm.D2_PcxX_ZRNxC6OiA1Gq_PcxX_ZR73Pz_MY1b_WN%26B%3dy6i9mP1ToW.vC6%26D1%3deEbG%26R5%3dWHZHeBZIV9bGZG%26F%3dEeiDGaAAq9H9m0nfpXicmXkcHA9hK7ngpdBYrdC9EWGhr8khpbEYFbmbI0mCC6HD&amp;mupckp=mupAtu4m8OiX0wt\" target=\"_blank\" rel=\"noreferrer noopener\">https:\/\/www.operaroma.it\/spettacoli\/burn\/\u00a0<\/a>e al Botteghino dell\u2019Opera di Roma <strong>Cosimo Manicone<\/strong>Responsabile Ufficio Stampa<a href=\"mailto:cosimo.manicone@operaroma.it\" target=\"_blank\" rel=\"noreferrer noopener\">cosimo.manicone@operaroma.it<\/a>\u00a0\u00a0\u00a0<strong>DOPPIO SOGNO \u2013 STAGIONE 2025\/2026 DEL TEATRO DELL\u2019OPERA DI ROMA<\/strong>\u00a0<strong><em>BURN<\/em><\/strong><strong>\u00a0\u2014 a dance project for the theater<\/strong>\u00a0<strong>Concept, regia, scene e luci\u00a0<\/strong>\u00a0A.J. Weissbard<strong>Musica\u00a0\u00a0<\/strong>Michael Galasso<strong>Arrangiamento musicale\u00a0\u00a0<\/strong>Peter Cerone<strong>Costumi\u00a0\u00a0<\/strong>Anna Biagiotti\u00a0<strong>COREOGRAFIA E INTERPRETAZIONE<\/strong><strong><em>Anna\u00a0\u00a0<\/em><\/strong>\u00c8ve-Marie Dalcourt<strong><em>Burton\u00a0\u00a0<\/em><\/strong>Jonah Bokaer<strong><em>Larry\u00a0\u00a0<\/em><\/strong>Damiano Ottavio Bigi<strong><em>Pale\u00a0\u00a0<\/em><\/strong>Brandon Lagaert\u00a0<strong>Voce\u00a0\u00a0<\/strong>John Malkovich\u00a0<strong>Corpo di Ballo del Teatro dell\u2019Opera di Roma<\/strong><strong>\u00a0<\/strong><strong>Nuovo allestimento Teatro dell\u2019Opera di Roma<\/strong>\u00a0in coproduzione con\u00a0<strong>Fondazione Musica per Roma<\/strong>\u00a0con il supporto di\u00a0<strong>Orsolina28 Art Foundation<\/strong><strong>\u00a0<\/strong><strong>Musica su base registrata<\/strong>\u00a0\u00a0SALA PETRASSI \u2014 AUDITORIUM PARCO DELLA MUSICA ENNIO MORRICONEPRIMA RAPPRESENTAZIONE marted\u00ec 28 aprile, ore 20.00REPLICHEmercoled\u00ec 29 aprile, ore 20.00gioved\u00ec 30 aprile, ore 20.00<strong>\u00a0<\/strong><strong>\u00a0<\/strong><\/td><\/tr><\/tbody><\/table><\/figure>\n\n\n\n<figure class=\"wp-block-table\"><table class=\"has-fixed-layout\"><tbody><tr><td><img decoding=\"async\" src=\"https:\/\/fondazioneteatrodelloperadirom.img.musvc2.net\/static\/69084\/images\/2\/51111a50cb0b42a6bcd886505ddbf941.jpg\" width=\"300\" alt=\"Image\" height=\"auto\"><\/td><\/tr><\/tbody><\/table><\/figure>\n\n\n\n<p>foto<\/p>\n\n\n\n<figure class=\"wp-block-gallery has-nested-images columns-default is-cropped wp-block-gallery-1 is-layout-flex wp-block-gallery-is-layout-flex\">\n<figure class=\"wp-block-image size-large\"><a href=\"https:\/\/www.ecoitaliano.com.ar\/wp-content\/uploads\/2026\/04\/BURN-Alessandro-Burini-Valeria-Scalisi-Giovanni-Castelli_ph-Fabrizio-Sansoni-Teatro-dell_Opera-di-Roma_5160.jpg\"><img decoding=\"async\" width=\"1024\" height=\"684\" data-id=\"89410\" src=\"https:\/\/www.ecoitaliano.com.ar\/wp-content\/uploads\/2026\/04\/BURN-Alessandro-Burini-Valeria-Scalisi-Giovanni-Castelli_ph-Fabrizio-Sansoni-Teatro-dell_Opera-di-Roma_5160-1024x684.jpg\" alt=\"\" class=\"wp-image-89410\" srcset=\"https:\/\/www.ecoitaliano.com.ar\/wp-content\/uploads\/2026\/04\/BURN-Alessandro-Burini-Valeria-Scalisi-Giovanni-Castelli_ph-Fabrizio-Sansoni-Teatro-dell_Opera-di-Roma_5160-1024x684.jpg 1024w, https:\/\/www.ecoitaliano.com.ar\/wp-content\/uploads\/2026\/04\/BURN-Alessandro-Burini-Valeria-Scalisi-Giovanni-Castelli_ph-Fabrizio-Sansoni-Teatro-dell_Opera-di-Roma_5160-300x200.jpg 300w, https:\/\/www.ecoitaliano.com.ar\/wp-content\/uploads\/2026\/04\/BURN-Alessandro-Burini-Valeria-Scalisi-Giovanni-Castelli_ph-Fabrizio-Sansoni-Teatro-dell_Opera-di-Roma_5160-768x513.jpg 768w, https:\/\/www.ecoitaliano.com.ar\/wp-content\/uploads\/2026\/04\/BURN-Alessandro-Burini-Valeria-Scalisi-Giovanni-Castelli_ph-Fabrizio-Sansoni-Teatro-dell_Opera-di-Roma_5160-1536x1025.jpg 1536w, https:\/\/www.ecoitaliano.com.ar\/wp-content\/uploads\/2026\/04\/BURN-Alessandro-Burini-Valeria-Scalisi-Giovanni-Castelli_ph-Fabrizio-Sansoni-Teatro-dell_Opera-di-Roma_5160-2048x1367.jpg 2048w\" sizes=\"(max-width: 1024px) 100vw, 1024px\" \/><\/a><\/figure>\n\n\n\n<figure class=\"wp-block-image size-large\"><a href=\"https:\/\/www.ecoitaliano.com.ar\/wp-content\/uploads\/2026\/04\/BURN-Brandon-Lagaert-Pale_ph-Fabrizio-Sansoni-Teatro-dell_Opera-di-Roma_9770.jpg\"><img decoding=\"async\" width=\"1024\" height=\"684\" data-id=\"89411\" src=\"https:\/\/www.ecoitaliano.com.ar\/wp-content\/uploads\/2026\/04\/BURN-Brandon-Lagaert-Pale_ph-Fabrizio-Sansoni-Teatro-dell_Opera-di-Roma_9770-1024x684.jpg\" alt=\"\" class=\"wp-image-89411\" srcset=\"https:\/\/www.ecoitaliano.com.ar\/wp-content\/uploads\/2026\/04\/BURN-Brandon-Lagaert-Pale_ph-Fabrizio-Sansoni-Teatro-dell_Opera-di-Roma_9770-1024x684.jpg 1024w, https:\/\/www.ecoitaliano.com.ar\/wp-content\/uploads\/2026\/04\/BURN-Brandon-Lagaert-Pale_ph-Fabrizio-Sansoni-Teatro-dell_Opera-di-Roma_9770-300x200.jpg 300w, https:\/\/www.ecoitaliano.com.ar\/wp-content\/uploads\/2026\/04\/BURN-Brandon-Lagaert-Pale_ph-Fabrizio-Sansoni-Teatro-dell_Opera-di-Roma_9770-768x513.jpg 768w, https:\/\/www.ecoitaliano.com.ar\/wp-content\/uploads\/2026\/04\/BURN-Brandon-Lagaert-Pale_ph-Fabrizio-Sansoni-Teatro-dell_Opera-di-Roma_9770-1536x1025.jpg 1536w, https:\/\/www.ecoitaliano.com.ar\/wp-content\/uploads\/2026\/04\/BURN-Brandon-Lagaert-Pale_ph-Fabrizio-Sansoni-Teatro-dell_Opera-di-Roma_9770-2048x1367.jpg 2048w\" sizes=\"(max-width: 1024px) 100vw, 1024px\" \/><\/a><\/figure>\n\n\n\n<figure class=\"wp-block-image size-large\"><a href=\"https:\/\/www.ecoitaliano.com.ar\/wp-content\/uploads\/2026\/04\/BURN-Damiano-Ottavio-Bigi-Larry-Brandon-Lagaert-Pale_ph-Fabrizio-Sansoni-Teatro-dell_Opera-di-Roma_9804.jpg\"><img decoding=\"async\" width=\"1024\" height=\"682\" data-id=\"89412\" src=\"https:\/\/www.ecoitaliano.com.ar\/wp-content\/uploads\/2026\/04\/BURN-Damiano-Ottavio-Bigi-Larry-Brandon-Lagaert-Pale_ph-Fabrizio-Sansoni-Teatro-dell_Opera-di-Roma_9804-1024x682.jpg\" alt=\"\" class=\"wp-image-89412\" srcset=\"https:\/\/www.ecoitaliano.com.ar\/wp-content\/uploads\/2026\/04\/BURN-Damiano-Ottavio-Bigi-Larry-Brandon-Lagaert-Pale_ph-Fabrizio-Sansoni-Teatro-dell_Opera-di-Roma_9804-1024x682.jpg 1024w, https:\/\/www.ecoitaliano.com.ar\/wp-content\/uploads\/2026\/04\/BURN-Damiano-Ottavio-Bigi-Larry-Brandon-Lagaert-Pale_ph-Fabrizio-Sansoni-Teatro-dell_Opera-di-Roma_9804-300x200.jpg 300w, https:\/\/www.ecoitaliano.com.ar\/wp-content\/uploads\/2026\/04\/BURN-Damiano-Ottavio-Bigi-Larry-Brandon-Lagaert-Pale_ph-Fabrizio-Sansoni-Teatro-dell_Opera-di-Roma_9804-768x511.jpg 768w, https:\/\/www.ecoitaliano.com.ar\/wp-content\/uploads\/2026\/04\/BURN-Damiano-Ottavio-Bigi-Larry-Brandon-Lagaert-Pale_ph-Fabrizio-Sansoni-Teatro-dell_Opera-di-Roma_9804-1536x1022.jpg 1536w, https:\/\/www.ecoitaliano.com.ar\/wp-content\/uploads\/2026\/04\/BURN-Damiano-Ottavio-Bigi-Larry-Brandon-Lagaert-Pale_ph-Fabrizio-Sansoni-Teatro-dell_Opera-di-Roma_9804-2048x1363.jpg 2048w\" sizes=\"(max-width: 1024px) 100vw, 1024px\" \/><\/a><\/figure>\n\n\n\n<figure class=\"wp-block-image size-large\"><a href=\"https:\/\/www.ecoitaliano.com.ar\/wp-content\/uploads\/2026\/04\/BURN-Damiano-Ottavio-Bigi-Larry-Eve-Marie-Dalcourt-Anna_ph-Fabrizio-Sansoni-Teatro-dell_Opera-di-Roma_9748.jpg\"><img decoding=\"async\" width=\"1024\" height=\"682\" data-id=\"89413\" src=\"https:\/\/www.ecoitaliano.com.ar\/wp-content\/uploads\/2026\/04\/BURN-Damiano-Ottavio-Bigi-Larry-Eve-Marie-Dalcourt-Anna_ph-Fabrizio-Sansoni-Teatro-dell_Opera-di-Roma_9748-1024x682.jpg\" alt=\"\" class=\"wp-image-89413\" srcset=\"https:\/\/www.ecoitaliano.com.ar\/wp-content\/uploads\/2026\/04\/BURN-Damiano-Ottavio-Bigi-Larry-Eve-Marie-Dalcourt-Anna_ph-Fabrizio-Sansoni-Teatro-dell_Opera-di-Roma_9748-1024x682.jpg 1024w, https:\/\/www.ecoitaliano.com.ar\/wp-content\/uploads\/2026\/04\/BURN-Damiano-Ottavio-Bigi-Larry-Eve-Marie-Dalcourt-Anna_ph-Fabrizio-Sansoni-Teatro-dell_Opera-di-Roma_9748-300x200.jpg 300w, https:\/\/www.ecoitaliano.com.ar\/wp-content\/uploads\/2026\/04\/BURN-Damiano-Ottavio-Bigi-Larry-Eve-Marie-Dalcourt-Anna_ph-Fabrizio-Sansoni-Teatro-dell_Opera-di-Roma_9748-768x511.jpg 768w, https:\/\/www.ecoitaliano.com.ar\/wp-content\/uploads\/2026\/04\/BURN-Damiano-Ottavio-Bigi-Larry-Eve-Marie-Dalcourt-Anna_ph-Fabrizio-Sansoni-Teatro-dell_Opera-di-Roma_9748-1536x1022.jpg 1536w, https:\/\/www.ecoitaliano.com.ar\/wp-content\/uploads\/2026\/04\/BURN-Damiano-Ottavio-Bigi-Larry-Eve-Marie-Dalcourt-Anna_ph-Fabrizio-Sansoni-Teatro-dell_Opera-di-Roma_9748-2048x1363.jpg 2048w\" sizes=\"(max-width: 1024px) 100vw, 1024px\" \/><\/a><\/figure>\n\n\n\n<figure class=\"wp-block-image size-large\"><a href=\"https:\/\/www.ecoitaliano.com.ar\/wp-content\/uploads\/2026\/04\/BURN-Damiano-Ottavio-Bigi-Larry_ph-Fabrizio-Sansoni-Teatro-dell_Opera-di-Roma_9742.jpg\"><img decoding=\"async\" width=\"1024\" height=\"682\" data-id=\"89414\" src=\"https:\/\/www.ecoitaliano.com.ar\/wp-content\/uploads\/2026\/04\/BURN-Damiano-Ottavio-Bigi-Larry_ph-Fabrizio-Sansoni-Teatro-dell_Opera-di-Roma_9742-1024x682.jpg\" alt=\"\" class=\"wp-image-89414\" srcset=\"https:\/\/www.ecoitaliano.com.ar\/wp-content\/uploads\/2026\/04\/BURN-Damiano-Ottavio-Bigi-Larry_ph-Fabrizio-Sansoni-Teatro-dell_Opera-di-Roma_9742-1024x682.jpg 1024w, https:\/\/www.ecoitaliano.com.ar\/wp-content\/uploads\/2026\/04\/BURN-Damiano-Ottavio-Bigi-Larry_ph-Fabrizio-Sansoni-Teatro-dell_Opera-di-Roma_9742-300x200.jpg 300w, https:\/\/www.ecoitaliano.com.ar\/wp-content\/uploads\/2026\/04\/BURN-Damiano-Ottavio-Bigi-Larry_ph-Fabrizio-Sansoni-Teatro-dell_Opera-di-Roma_9742-768x511.jpg 768w, https:\/\/www.ecoitaliano.com.ar\/wp-content\/uploads\/2026\/04\/BURN-Damiano-Ottavio-Bigi-Larry_ph-Fabrizio-Sansoni-Teatro-dell_Opera-di-Roma_9742-1536x1022.jpg 1536w, https:\/\/www.ecoitaliano.com.ar\/wp-content\/uploads\/2026\/04\/BURN-Damiano-Ottavio-Bigi-Larry_ph-Fabrizio-Sansoni-Teatro-dell_Opera-di-Roma_9742-2048x1363.jpg 2048w\" sizes=\"(max-width: 1024px) 100vw, 1024px\" \/><\/a><\/figure>\n\n\n\n<figure class=\"wp-block-image size-large\"><a href=\"https:\/\/www.ecoitaliano.com.ar\/wp-content\/uploads\/2026\/04\/BURN-Eve-Marie-Dalcourt-Anna-Giovanni-Castelli-Alessandro-Burini_ph-Fabrizio-Sansoni-Teatro-dell_Opera-di-Roma_9794.jpg\"><img decoding=\"async\" width=\"1024\" height=\"682\" data-id=\"89415\" src=\"https:\/\/www.ecoitaliano.com.ar\/wp-content\/uploads\/2026\/04\/BURN-Eve-Marie-Dalcourt-Anna-Giovanni-Castelli-Alessandro-Burini_ph-Fabrizio-Sansoni-Teatro-dell_Opera-di-Roma_9794-1024x682.jpg\" alt=\"\" class=\"wp-image-89415\" srcset=\"https:\/\/www.ecoitaliano.com.ar\/wp-content\/uploads\/2026\/04\/BURN-Eve-Marie-Dalcourt-Anna-Giovanni-Castelli-Alessandro-Burini_ph-Fabrizio-Sansoni-Teatro-dell_Opera-di-Roma_9794-1024x682.jpg 1024w, https:\/\/www.ecoitaliano.com.ar\/wp-content\/uploads\/2026\/04\/BURN-Eve-Marie-Dalcourt-Anna-Giovanni-Castelli-Alessandro-Burini_ph-Fabrizio-Sansoni-Teatro-dell_Opera-di-Roma_9794-300x200.jpg 300w, https:\/\/www.ecoitaliano.com.ar\/wp-content\/uploads\/2026\/04\/BURN-Eve-Marie-Dalcourt-Anna-Giovanni-Castelli-Alessandro-Burini_ph-Fabrizio-Sansoni-Teatro-dell_Opera-di-Roma_9794-768x511.jpg 768w, https:\/\/www.ecoitaliano.com.ar\/wp-content\/uploads\/2026\/04\/BURN-Eve-Marie-Dalcourt-Anna-Giovanni-Castelli-Alessandro-Burini_ph-Fabrizio-Sansoni-Teatro-dell_Opera-di-Roma_9794-1536x1022.jpg 1536w, https:\/\/www.ecoitaliano.com.ar\/wp-content\/uploads\/2026\/04\/BURN-Eve-Marie-Dalcourt-Anna-Giovanni-Castelli-Alessandro-Burini_ph-Fabrizio-Sansoni-Teatro-dell_Opera-di-Roma_9794-2048x1363.jpg 2048w\" sizes=\"(max-width: 1024px) 100vw, 1024px\" \/><\/a><\/figure>\n\n\n\n<figure class=\"wp-block-image size-large\"><a href=\"https:\/\/www.ecoitaliano.com.ar\/wp-content\/uploads\/2026\/04\/BURN-Eve-Marie-Dalcourt-Anna-Jonah-Bokaer-Burton_ph-Fabrizio-Sansoni-Teatro-dell_Opera-di-Roma_5183.jpg\"><img decoding=\"async\" width=\"1024\" height=\"684\" data-id=\"89416\" src=\"https:\/\/www.ecoitaliano.com.ar\/wp-content\/uploads\/2026\/04\/BURN-Eve-Marie-Dalcourt-Anna-Jonah-Bokaer-Burton_ph-Fabrizio-Sansoni-Teatro-dell_Opera-di-Roma_5183-1024x684.jpg\" alt=\"\" class=\"wp-image-89416\" srcset=\"https:\/\/www.ecoitaliano.com.ar\/wp-content\/uploads\/2026\/04\/BURN-Eve-Marie-Dalcourt-Anna-Jonah-Bokaer-Burton_ph-Fabrizio-Sansoni-Teatro-dell_Opera-di-Roma_5183-1024x684.jpg 1024w, https:\/\/www.ecoitaliano.com.ar\/wp-content\/uploads\/2026\/04\/BURN-Eve-Marie-Dalcourt-Anna-Jonah-Bokaer-Burton_ph-Fabrizio-Sansoni-Teatro-dell_Opera-di-Roma_5183-300x200.jpg 300w, https:\/\/www.ecoitaliano.com.ar\/wp-content\/uploads\/2026\/04\/BURN-Eve-Marie-Dalcourt-Anna-Jonah-Bokaer-Burton_ph-Fabrizio-Sansoni-Teatro-dell_Opera-di-Roma_5183-768x513.jpg 768w, https:\/\/www.ecoitaliano.com.ar\/wp-content\/uploads\/2026\/04\/BURN-Eve-Marie-Dalcourt-Anna-Jonah-Bokaer-Burton_ph-Fabrizio-Sansoni-Teatro-dell_Opera-di-Roma_5183-1536x1025.jpg 1536w, https:\/\/www.ecoitaliano.com.ar\/wp-content\/uploads\/2026\/04\/BURN-Eve-Marie-Dalcourt-Anna-Jonah-Bokaer-Burton_ph-Fabrizio-Sansoni-Teatro-dell_Opera-di-Roma_5183-2048x1367.jpg 2048w\" sizes=\"(max-width: 1024px) 100vw, 1024px\" \/><\/a><\/figure>\n\n\n\n<figure class=\"wp-block-image size-large\"><a href=\"https:\/\/www.ecoitaliano.com.ar\/wp-content\/uploads\/2026\/04\/BURN-Eve-Marie-Dalcourt-Anna_-ph-Fabrizio-Sansoni-Teatro-dell_Opera-di-Roma_5086.jpg\"><img decoding=\"async\" width=\"1024\" height=\"684\" data-id=\"89417\" src=\"https:\/\/www.ecoitaliano.com.ar\/wp-content\/uploads\/2026\/04\/BURN-Eve-Marie-Dalcourt-Anna_-ph-Fabrizio-Sansoni-Teatro-dell_Opera-di-Roma_5086-1024x684.jpg\" alt=\"\" class=\"wp-image-89417\" srcset=\"https:\/\/www.ecoitaliano.com.ar\/wp-content\/uploads\/2026\/04\/BURN-Eve-Marie-Dalcourt-Anna_-ph-Fabrizio-Sansoni-Teatro-dell_Opera-di-Roma_5086-1024x684.jpg 1024w, https:\/\/www.ecoitaliano.com.ar\/wp-content\/uploads\/2026\/04\/BURN-Eve-Marie-Dalcourt-Anna_-ph-Fabrizio-Sansoni-Teatro-dell_Opera-di-Roma_5086-300x200.jpg 300w, https:\/\/www.ecoitaliano.com.ar\/wp-content\/uploads\/2026\/04\/BURN-Eve-Marie-Dalcourt-Anna_-ph-Fabrizio-Sansoni-Teatro-dell_Opera-di-Roma_5086-768x513.jpg 768w, https:\/\/www.ecoitaliano.com.ar\/wp-content\/uploads\/2026\/04\/BURN-Eve-Marie-Dalcourt-Anna_-ph-Fabrizio-Sansoni-Teatro-dell_Opera-di-Roma_5086-1536x1025.jpg 1536w, https:\/\/www.ecoitaliano.com.ar\/wp-content\/uploads\/2026\/04\/BURN-Eve-Marie-Dalcourt-Anna_-ph-Fabrizio-Sansoni-Teatro-dell_Opera-di-Roma_5086-2048x1367.jpg 2048w\" sizes=\"(max-width: 1024px) 100vw, 1024px\" \/><\/a><\/figure>\n\n\n\n<figure class=\"wp-block-image size-large\"><a href=\"https:\/\/www.ecoitaliano.com.ar\/wp-content\/uploads\/2026\/04\/BURN-Jacopo-Giarda-Valeria-Scalisi-Giovanni-Castelli-Alessandro-Burini_ph-Fabrizio-Sansoni-Teatro-dell_Opera-di-Roma_5120.jpg\"><img decoding=\"async\" width=\"1024\" height=\"684\" data-id=\"89418\" src=\"https:\/\/www.ecoitaliano.com.ar\/wp-content\/uploads\/2026\/04\/BURN-Jacopo-Giarda-Valeria-Scalisi-Giovanni-Castelli-Alessandro-Burini_ph-Fabrizio-Sansoni-Teatro-dell_Opera-di-Roma_5120-1024x684.jpg\" alt=\"\" class=\"wp-image-89418\" srcset=\"https:\/\/www.ecoitaliano.com.ar\/wp-content\/uploads\/2026\/04\/BURN-Jacopo-Giarda-Valeria-Scalisi-Giovanni-Castelli-Alessandro-Burini_ph-Fabrizio-Sansoni-Teatro-dell_Opera-di-Roma_5120-1024x684.jpg 1024w, https:\/\/www.ecoitaliano.com.ar\/wp-content\/uploads\/2026\/04\/BURN-Jacopo-Giarda-Valeria-Scalisi-Giovanni-Castelli-Alessandro-Burini_ph-Fabrizio-Sansoni-Teatro-dell_Opera-di-Roma_5120-300x200.jpg 300w, https:\/\/www.ecoitaliano.com.ar\/wp-content\/uploads\/2026\/04\/BURN-Jacopo-Giarda-Valeria-Scalisi-Giovanni-Castelli-Alessandro-Burini_ph-Fabrizio-Sansoni-Teatro-dell_Opera-di-Roma_5120-768x513.jpg 768w, https:\/\/www.ecoitaliano.com.ar\/wp-content\/uploads\/2026\/04\/BURN-Jacopo-Giarda-Valeria-Scalisi-Giovanni-Castelli-Alessandro-Burini_ph-Fabrizio-Sansoni-Teatro-dell_Opera-di-Roma_5120-1536x1025.jpg 1536w, https:\/\/www.ecoitaliano.com.ar\/wp-content\/uploads\/2026\/04\/BURN-Jacopo-Giarda-Valeria-Scalisi-Giovanni-Castelli-Alessandro-Burini_ph-Fabrizio-Sansoni-Teatro-dell_Opera-di-Roma_5120-2048x1367.jpg 2048w\" sizes=\"(max-width: 1024px) 100vw, 1024px\" \/><\/a><\/figure>\n\n\n\n<figure class=\"wp-block-image size-large\"><a href=\"https:\/\/www.ecoitaliano.com.ar\/wp-content\/uploads\/2026\/04\/BURN-Jonah-Bokaer-Burton-ph-Fabrizio-Sansoni-Teatro-dell_Opera-di-Roma_5193.jpg\"><img decoding=\"async\" width=\"1024\" height=\"684\" data-id=\"89419\" src=\"https:\/\/www.ecoitaliano.com.ar\/wp-content\/uploads\/2026\/04\/BURN-Jonah-Bokaer-Burton-ph-Fabrizio-Sansoni-Teatro-dell_Opera-di-Roma_5193-1024x684.jpg\" alt=\"\" class=\"wp-image-89419\" srcset=\"https:\/\/www.ecoitaliano.com.ar\/wp-content\/uploads\/2026\/04\/BURN-Jonah-Bokaer-Burton-ph-Fabrizio-Sansoni-Teatro-dell_Opera-di-Roma_5193-1024x684.jpg 1024w, https:\/\/www.ecoitaliano.com.ar\/wp-content\/uploads\/2026\/04\/BURN-Jonah-Bokaer-Burton-ph-Fabrizio-Sansoni-Teatro-dell_Opera-di-Roma_5193-300x200.jpg 300w, https:\/\/www.ecoitaliano.com.ar\/wp-content\/uploads\/2026\/04\/BURN-Jonah-Bokaer-Burton-ph-Fabrizio-Sansoni-Teatro-dell_Opera-di-Roma_5193-768x513.jpg 768w, https:\/\/www.ecoitaliano.com.ar\/wp-content\/uploads\/2026\/04\/BURN-Jonah-Bokaer-Burton-ph-Fabrizio-Sansoni-Teatro-dell_Opera-di-Roma_5193-1536x1025.jpg 1536w, https:\/\/www.ecoitaliano.com.ar\/wp-content\/uploads\/2026\/04\/BURN-Jonah-Bokaer-Burton-ph-Fabrizio-Sansoni-Teatro-dell_Opera-di-Roma_5193-2048x1367.jpg 2048w\" sizes=\"(max-width: 1024px) 100vw, 1024px\" \/><\/a><\/figure>\n\n\n\n<figure class=\"wp-block-image size-large\"><a href=\"https:\/\/www.ecoitaliano.com.ar\/wp-content\/uploads\/2026\/04\/BURN-Jonah-Bokaer-Burton-Brandon-Lagaert-Pale_ph-Fabrizio-Sansoni-Teatro-dell_Opera-di-Roma_9814.jpg\"><img decoding=\"async\" width=\"1024\" height=\"682\" data-id=\"89420\" src=\"https:\/\/www.ecoitaliano.com.ar\/wp-content\/uploads\/2026\/04\/BURN-Jonah-Bokaer-Burton-Brandon-Lagaert-Pale_ph-Fabrizio-Sansoni-Teatro-dell_Opera-di-Roma_9814-1024x682.jpg\" alt=\"\" class=\"wp-image-89420\" srcset=\"https:\/\/www.ecoitaliano.com.ar\/wp-content\/uploads\/2026\/04\/BURN-Jonah-Bokaer-Burton-Brandon-Lagaert-Pale_ph-Fabrizio-Sansoni-Teatro-dell_Opera-di-Roma_9814-1024x682.jpg 1024w, https:\/\/www.ecoitaliano.com.ar\/wp-content\/uploads\/2026\/04\/BURN-Jonah-Bokaer-Burton-Brandon-Lagaert-Pale_ph-Fabrizio-Sansoni-Teatro-dell_Opera-di-Roma_9814-300x200.jpg 300w, https:\/\/www.ecoitaliano.com.ar\/wp-content\/uploads\/2026\/04\/BURN-Jonah-Bokaer-Burton-Brandon-Lagaert-Pale_ph-Fabrizio-Sansoni-Teatro-dell_Opera-di-Roma_9814-768x511.jpg 768w, https:\/\/www.ecoitaliano.com.ar\/wp-content\/uploads\/2026\/04\/BURN-Jonah-Bokaer-Burton-Brandon-Lagaert-Pale_ph-Fabrizio-Sansoni-Teatro-dell_Opera-di-Roma_9814-1536x1022.jpg 1536w, https:\/\/www.ecoitaliano.com.ar\/wp-content\/uploads\/2026\/04\/BURN-Jonah-Bokaer-Burton-Brandon-Lagaert-Pale_ph-Fabrizio-Sansoni-Teatro-dell_Opera-di-Roma_9814-2048x1363.jpg 2048w\" sizes=\"(max-width: 1024px) 100vw, 1024px\" \/><\/a><\/figure>\n\n\n\n<figure class=\"wp-block-image size-large\"><a href=\"https:\/\/www.ecoitaliano.com.ar\/wp-content\/uploads\/2026\/04\/BURN-Jonah-Bokaer-Burton_ph-Fabrizio-Sansoni-Teatro-dell_Opera-di-Roma_ph-Fabrizio-Sansoni-Teatro-dell_Opera-di-Roma_5190.jpg\"><img decoding=\"async\" width=\"1024\" height=\"684\" data-id=\"89421\" src=\"https:\/\/www.ecoitaliano.com.ar\/wp-content\/uploads\/2026\/04\/BURN-Jonah-Bokaer-Burton_ph-Fabrizio-Sansoni-Teatro-dell_Opera-di-Roma_ph-Fabrizio-Sansoni-Teatro-dell_Opera-di-Roma_5190-1024x684.jpg\" alt=\"\" class=\"wp-image-89421\" srcset=\"https:\/\/www.ecoitaliano.com.ar\/wp-content\/uploads\/2026\/04\/BURN-Jonah-Bokaer-Burton_ph-Fabrizio-Sansoni-Teatro-dell_Opera-di-Roma_ph-Fabrizio-Sansoni-Teatro-dell_Opera-di-Roma_5190-1024x684.jpg 1024w, https:\/\/www.ecoitaliano.com.ar\/wp-content\/uploads\/2026\/04\/BURN-Jonah-Bokaer-Burton_ph-Fabrizio-Sansoni-Teatro-dell_Opera-di-Roma_ph-Fabrizio-Sansoni-Teatro-dell_Opera-di-Roma_5190-300x200.jpg 300w, https:\/\/www.ecoitaliano.com.ar\/wp-content\/uploads\/2026\/04\/BURN-Jonah-Bokaer-Burton_ph-Fabrizio-Sansoni-Teatro-dell_Opera-di-Roma_ph-Fabrizio-Sansoni-Teatro-dell_Opera-di-Roma_5190-768x513.jpg 768w, https:\/\/www.ecoitaliano.com.ar\/wp-content\/uploads\/2026\/04\/BURN-Jonah-Bokaer-Burton_ph-Fabrizio-Sansoni-Teatro-dell_Opera-di-Roma_ph-Fabrizio-Sansoni-Teatro-dell_Opera-di-Roma_5190-1536x1025.jpg 1536w, https:\/\/www.ecoitaliano.com.ar\/wp-content\/uploads\/2026\/04\/BURN-Jonah-Bokaer-Burton_ph-Fabrizio-Sansoni-Teatro-dell_Opera-di-Roma_ph-Fabrizio-Sansoni-Teatro-dell_Opera-di-Roma_5190-2048x1367.jpg 2048w\" sizes=\"(max-width: 1024px) 100vw, 1024px\" \/><\/a><\/figure>\n\n\n\n<figure class=\"wp-block-image size-large\"><a href=\"https:\/\/www.ecoitaliano.com.ar\/wp-content\/uploads\/2026\/04\/Prove-BURN-Alessandro-Burini-Giovanni-Castelli-Jacopo-Giarda-Valeria-Scalisi_-ph-Fabrizio-Sansoni-Teatro-dell_Opera-di-Roma_ASR_4834.jpg\"><img decoding=\"async\" width=\"1024\" height=\"684\" data-id=\"89422\" src=\"https:\/\/www.ecoitaliano.com.ar\/wp-content\/uploads\/2026\/04\/Prove-BURN-Alessandro-Burini-Giovanni-Castelli-Jacopo-Giarda-Valeria-Scalisi_-ph-Fabrizio-Sansoni-Teatro-dell_Opera-di-Roma_ASR_4834-1024x684.jpg\" alt=\"\" class=\"wp-image-89422\" srcset=\"https:\/\/www.ecoitaliano.com.ar\/wp-content\/uploads\/2026\/04\/Prove-BURN-Alessandro-Burini-Giovanni-Castelli-Jacopo-Giarda-Valeria-Scalisi_-ph-Fabrizio-Sansoni-Teatro-dell_Opera-di-Roma_ASR_4834-1024x684.jpg 1024w, https:\/\/www.ecoitaliano.com.ar\/wp-content\/uploads\/2026\/04\/Prove-BURN-Alessandro-Burini-Giovanni-Castelli-Jacopo-Giarda-Valeria-Scalisi_-ph-Fabrizio-Sansoni-Teatro-dell_Opera-di-Roma_ASR_4834-300x200.jpg 300w, https:\/\/www.ecoitaliano.com.ar\/wp-content\/uploads\/2026\/04\/Prove-BURN-Alessandro-Burini-Giovanni-Castelli-Jacopo-Giarda-Valeria-Scalisi_-ph-Fabrizio-Sansoni-Teatro-dell_Opera-di-Roma_ASR_4834-768x513.jpg 768w, https:\/\/www.ecoitaliano.com.ar\/wp-content\/uploads\/2026\/04\/Prove-BURN-Alessandro-Burini-Giovanni-Castelli-Jacopo-Giarda-Valeria-Scalisi_-ph-Fabrizio-Sansoni-Teatro-dell_Opera-di-Roma_ASR_4834-1536x1025.jpg 1536w, https:\/\/www.ecoitaliano.com.ar\/wp-content\/uploads\/2026\/04\/Prove-BURN-Alessandro-Burini-Giovanni-Castelli-Jacopo-Giarda-Valeria-Scalisi_-ph-Fabrizio-Sansoni-Teatro-dell_Opera-di-Roma_ASR_4834-2048x1367.jpg 2048w\" sizes=\"(max-width: 1024px) 100vw, 1024px\" \/><\/a><\/figure>\n\n\n\n<figure class=\"wp-block-image size-large\"><a href=\"https:\/\/www.ecoitaliano.com.ar\/wp-content\/uploads\/2026\/04\/Prove-BURN-Alessandro-Burini-Giovanni-Castelli-Jacopo-Giarda-Valeria-Scalisi_-ph-Fabrizio-Sansoni-Teatro-dell_Opera-di-Roma_DSC_9031.jpg\"><img decoding=\"async\" width=\"1024\" height=\"684\" data-id=\"89423\" src=\"https:\/\/www.ecoitaliano.com.ar\/wp-content\/uploads\/2026\/04\/Prove-BURN-Alessandro-Burini-Giovanni-Castelli-Jacopo-Giarda-Valeria-Scalisi_-ph-Fabrizio-Sansoni-Teatro-dell_Opera-di-Roma_DSC_9031-1024x684.jpg\" alt=\"\" class=\"wp-image-89423\" srcset=\"https:\/\/www.ecoitaliano.com.ar\/wp-content\/uploads\/2026\/04\/Prove-BURN-Alessandro-Burini-Giovanni-Castelli-Jacopo-Giarda-Valeria-Scalisi_-ph-Fabrizio-Sansoni-Teatro-dell_Opera-di-Roma_DSC_9031-1024x684.jpg 1024w, https:\/\/www.ecoitaliano.com.ar\/wp-content\/uploads\/2026\/04\/Prove-BURN-Alessandro-Burini-Giovanni-Castelli-Jacopo-Giarda-Valeria-Scalisi_-ph-Fabrizio-Sansoni-Teatro-dell_Opera-di-Roma_DSC_9031-300x200.jpg 300w, https:\/\/www.ecoitaliano.com.ar\/wp-content\/uploads\/2026\/04\/Prove-BURN-Alessandro-Burini-Giovanni-Castelli-Jacopo-Giarda-Valeria-Scalisi_-ph-Fabrizio-Sansoni-Teatro-dell_Opera-di-Roma_DSC_9031-768x513.jpg 768w, https:\/\/www.ecoitaliano.com.ar\/wp-content\/uploads\/2026\/04\/Prove-BURN-Alessandro-Burini-Giovanni-Castelli-Jacopo-Giarda-Valeria-Scalisi_-ph-Fabrizio-Sansoni-Teatro-dell_Opera-di-Roma_DSC_9031-1536x1025.jpg 1536w, https:\/\/www.ecoitaliano.com.ar\/wp-content\/uploads\/2026\/04\/Prove-BURN-Alessandro-Burini-Giovanni-Castelli-Jacopo-Giarda-Valeria-Scalisi_-ph-Fabrizio-Sansoni-Teatro-dell_Opera-di-Roma_DSC_9031-2048x1367.jpg 2048w\" sizes=\"(max-width: 1024px) 100vw, 1024px\" \/><\/a><\/figure>\n\n\n\n<figure class=\"wp-block-image size-large\"><a href=\"https:\/\/www.ecoitaliano.com.ar\/wp-content\/uploads\/2026\/04\/Prove-BURN-A.J.-Weissbard_ph-Fabrizio-Sansoni-Teatro-dell_Opera-di-Roma_8963.jpg\"><img decoding=\"async\" width=\"1024\" height=\"682\" data-id=\"89424\" src=\"https:\/\/www.ecoitaliano.com.ar\/wp-content\/uploads\/2026\/04\/Prove-BURN-A.J.-Weissbard_ph-Fabrizio-Sansoni-Teatro-dell_Opera-di-Roma_8963-1024x682.jpg\" alt=\"\" class=\"wp-image-89424\" srcset=\"https:\/\/www.ecoitaliano.com.ar\/wp-content\/uploads\/2026\/04\/Prove-BURN-A.J.-Weissbard_ph-Fabrizio-Sansoni-Teatro-dell_Opera-di-Roma_8963-1024x682.jpg 1024w, https:\/\/www.ecoitaliano.com.ar\/wp-content\/uploads\/2026\/04\/Prove-BURN-A.J.-Weissbard_ph-Fabrizio-Sansoni-Teatro-dell_Opera-di-Roma_8963-300x200.jpg 300w, https:\/\/www.ecoitaliano.com.ar\/wp-content\/uploads\/2026\/04\/Prove-BURN-A.J.-Weissbard_ph-Fabrizio-Sansoni-Teatro-dell_Opera-di-Roma_8963-768x511.jpg 768w, https:\/\/www.ecoitaliano.com.ar\/wp-content\/uploads\/2026\/04\/Prove-BURN-A.J.-Weissbard_ph-Fabrizio-Sansoni-Teatro-dell_Opera-di-Roma_8963-1536x1022.jpg 1536w, https:\/\/www.ecoitaliano.com.ar\/wp-content\/uploads\/2026\/04\/Prove-BURN-A.J.-Weissbard_ph-Fabrizio-Sansoni-Teatro-dell_Opera-di-Roma_8963-2048x1363.jpg 2048w\" sizes=\"(max-width: 1024px) 100vw, 1024px\" \/><\/a><\/figure>\n\n\n\n<figure class=\"wp-block-image size-large\"><a href=\"https:\/\/www.ecoitaliano.com.ar\/wp-content\/uploads\/2026\/04\/Prove-BURN-A.J.-Weissbard_ph-Fabrizio-Sansoni-Teatro-dell_Opera-di-Roma_8970.jpg\"><img decoding=\"async\" width=\"1024\" height=\"682\" data-id=\"89425\" src=\"https:\/\/www.ecoitaliano.com.ar\/wp-content\/uploads\/2026\/04\/Prove-BURN-A.J.-Weissbard_ph-Fabrizio-Sansoni-Teatro-dell_Opera-di-Roma_8970-1024x682.jpg\" alt=\"\" class=\"wp-image-89425\" srcset=\"https:\/\/www.ecoitaliano.com.ar\/wp-content\/uploads\/2026\/04\/Prove-BURN-A.J.-Weissbard_ph-Fabrizio-Sansoni-Teatro-dell_Opera-di-Roma_8970-1024x682.jpg 1024w, https:\/\/www.ecoitaliano.com.ar\/wp-content\/uploads\/2026\/04\/Prove-BURN-A.J.-Weissbard_ph-Fabrizio-Sansoni-Teatro-dell_Opera-di-Roma_8970-300x200.jpg 300w, https:\/\/www.ecoitaliano.com.ar\/wp-content\/uploads\/2026\/04\/Prove-BURN-A.J.-Weissbard_ph-Fabrizio-Sansoni-Teatro-dell_Opera-di-Roma_8970-768x511.jpg 768w, https:\/\/www.ecoitaliano.com.ar\/wp-content\/uploads\/2026\/04\/Prove-BURN-A.J.-Weissbard_ph-Fabrizio-Sansoni-Teatro-dell_Opera-di-Roma_8970-1536x1022.jpg 1536w, https:\/\/www.ecoitaliano.com.ar\/wp-content\/uploads\/2026\/04\/Prove-BURN-A.J.-Weissbard_ph-Fabrizio-Sansoni-Teatro-dell_Opera-di-Roma_8970-2048x1363.jpg 2048w\" sizes=\"(max-width: 1024px) 100vw, 1024px\" \/><\/a><\/figure>\n\n\n\n<figure class=\"wp-block-image size-large\"><a href=\"https:\/\/www.ecoitaliano.com.ar\/wp-content\/uploads\/2026\/04\/Prove-BURN-A.J.-Weissbard_ph-Fabrizio-Sansoni-Teatro-dell_Opera-di-Roma_8981.jpg\"><img decoding=\"async\" width=\"1024\" height=\"682\" data-id=\"89426\" src=\"https:\/\/www.ecoitaliano.com.ar\/wp-content\/uploads\/2026\/04\/Prove-BURN-A.J.-Weissbard_ph-Fabrizio-Sansoni-Teatro-dell_Opera-di-Roma_8981-1024x682.jpg\" alt=\"\" class=\"wp-image-89426\" srcset=\"https:\/\/www.ecoitaliano.com.ar\/wp-content\/uploads\/2026\/04\/Prove-BURN-A.J.-Weissbard_ph-Fabrizio-Sansoni-Teatro-dell_Opera-di-Roma_8981-1024x682.jpg 1024w, https:\/\/www.ecoitaliano.com.ar\/wp-content\/uploads\/2026\/04\/Prove-BURN-A.J.-Weissbard_ph-Fabrizio-Sansoni-Teatro-dell_Opera-di-Roma_8981-300x200.jpg 300w, https:\/\/www.ecoitaliano.com.ar\/wp-content\/uploads\/2026\/04\/Prove-BURN-A.J.-Weissbard_ph-Fabrizio-Sansoni-Teatro-dell_Opera-di-Roma_8981-768x511.jpg 768w, https:\/\/www.ecoitaliano.com.ar\/wp-content\/uploads\/2026\/04\/Prove-BURN-A.J.-Weissbard_ph-Fabrizio-Sansoni-Teatro-dell_Opera-di-Roma_8981-1536x1022.jpg 1536w, https:\/\/www.ecoitaliano.com.ar\/wp-content\/uploads\/2026\/04\/Prove-BURN-A.J.-Weissbard_ph-Fabrizio-Sansoni-Teatro-dell_Opera-di-Roma_8981-2048x1363.jpg 2048w\" sizes=\"(max-width: 1024px) 100vw, 1024px\" \/><\/a><\/figure>\n\n\n\n<figure class=\"wp-block-image size-large\"><a href=\"https:\/\/www.ecoitaliano.com.ar\/wp-content\/uploads\/2026\/04\/Prove-BURN-A.J.-Weissbard_ph-Fabrizio-Sansoni-Teatro-dell_Opera-di-Roma_8999.jpg\"><img decoding=\"async\" width=\"1024\" height=\"682\" data-id=\"89427\" src=\"https:\/\/www.ecoitaliano.com.ar\/wp-content\/uploads\/2026\/04\/Prove-BURN-A.J.-Weissbard_ph-Fabrizio-Sansoni-Teatro-dell_Opera-di-Roma_8999-1024x682.jpg\" alt=\"\" class=\"wp-image-89427\" srcset=\"https:\/\/www.ecoitaliano.com.ar\/wp-content\/uploads\/2026\/04\/Prove-BURN-A.J.-Weissbard_ph-Fabrizio-Sansoni-Teatro-dell_Opera-di-Roma_8999-1024x682.jpg 1024w, https:\/\/www.ecoitaliano.com.ar\/wp-content\/uploads\/2026\/04\/Prove-BURN-A.J.-Weissbard_ph-Fabrizio-Sansoni-Teatro-dell_Opera-di-Roma_8999-300x200.jpg 300w, https:\/\/www.ecoitaliano.com.ar\/wp-content\/uploads\/2026\/04\/Prove-BURN-A.J.-Weissbard_ph-Fabrizio-Sansoni-Teatro-dell_Opera-di-Roma_8999-768x511.jpg 768w, https:\/\/www.ecoitaliano.com.ar\/wp-content\/uploads\/2026\/04\/Prove-BURN-A.J.-Weissbard_ph-Fabrizio-Sansoni-Teatro-dell_Opera-di-Roma_8999-1536x1022.jpg 1536w, https:\/\/www.ecoitaliano.com.ar\/wp-content\/uploads\/2026\/04\/Prove-BURN-A.J.-Weissbard_ph-Fabrizio-Sansoni-Teatro-dell_Opera-di-Roma_8999-2048x1363.jpg 2048w\" sizes=\"(max-width: 1024px) 100vw, 1024px\" \/><\/a><\/figure>\n\n\n\n<figure class=\"wp-block-image size-large\"><a href=\"https:\/\/www.ecoitaliano.com.ar\/wp-content\/uploads\/2026\/04\/Prove-BURN-A.J.-Weissbard_ph-Fabrizio-Sansoni-Teatro-dell_Opera-di-Roma_9005.jpg\"><img decoding=\"async\" width=\"1024\" height=\"682\" data-id=\"89428\" src=\"https:\/\/www.ecoitaliano.com.ar\/wp-content\/uploads\/2026\/04\/Prove-BURN-A.J.-Weissbard_ph-Fabrizio-Sansoni-Teatro-dell_Opera-di-Roma_9005-1024x682.jpg\" alt=\"\" class=\"wp-image-89428\" srcset=\"https:\/\/www.ecoitaliano.com.ar\/wp-content\/uploads\/2026\/04\/Prove-BURN-A.J.-Weissbard_ph-Fabrizio-Sansoni-Teatro-dell_Opera-di-Roma_9005-1024x682.jpg 1024w, https:\/\/www.ecoitaliano.com.ar\/wp-content\/uploads\/2026\/04\/Prove-BURN-A.J.-Weissbard_ph-Fabrizio-Sansoni-Teatro-dell_Opera-di-Roma_9005-300x200.jpg 300w, https:\/\/www.ecoitaliano.com.ar\/wp-content\/uploads\/2026\/04\/Prove-BURN-A.J.-Weissbard_ph-Fabrizio-Sansoni-Teatro-dell_Opera-di-Roma_9005-768x511.jpg 768w, https:\/\/www.ecoitaliano.com.ar\/wp-content\/uploads\/2026\/04\/Prove-BURN-A.J.-Weissbard_ph-Fabrizio-Sansoni-Teatro-dell_Opera-di-Roma_9005-1536x1022.jpg 1536w, https:\/\/www.ecoitaliano.com.ar\/wp-content\/uploads\/2026\/04\/Prove-BURN-A.J.-Weissbard_ph-Fabrizio-Sansoni-Teatro-dell_Opera-di-Roma_9005-2048x1363.jpg 2048w\" sizes=\"(max-width: 1024px) 100vw, 1024px\" \/><\/a><\/figure>\n\n\n\n<figure class=\"wp-block-image size-large\"><a href=\"https:\/\/www.ecoitaliano.com.ar\/wp-content\/uploads\/2026\/04\/Prove-BURN-A.J.-Weissbard_ph-Fabrizio-Sansoni-Teatro-dell_Opera-di-Roma_DSC_8953.jpg\"><img decoding=\"async\" width=\"1024\" height=\"682\" data-id=\"89429\" src=\"https:\/\/www.ecoitaliano.com.ar\/wp-content\/uploads\/2026\/04\/Prove-BURN-A.J.-Weissbard_ph-Fabrizio-Sansoni-Teatro-dell_Opera-di-Roma_DSC_8953-1024x682.jpg\" alt=\"\" class=\"wp-image-89429\" srcset=\"https:\/\/www.ecoitaliano.com.ar\/wp-content\/uploads\/2026\/04\/Prove-BURN-A.J.-Weissbard_ph-Fabrizio-Sansoni-Teatro-dell_Opera-di-Roma_DSC_8953-1024x682.jpg 1024w, https:\/\/www.ecoitaliano.com.ar\/wp-content\/uploads\/2026\/04\/Prove-BURN-A.J.-Weissbard_ph-Fabrizio-Sansoni-Teatro-dell_Opera-di-Roma_DSC_8953-300x200.jpg 300w, https:\/\/www.ecoitaliano.com.ar\/wp-content\/uploads\/2026\/04\/Prove-BURN-A.J.-Weissbard_ph-Fabrizio-Sansoni-Teatro-dell_Opera-di-Roma_DSC_8953-768x511.jpg 768w, https:\/\/www.ecoitaliano.com.ar\/wp-content\/uploads\/2026\/04\/Prove-BURN-A.J.-Weissbard_ph-Fabrizio-Sansoni-Teatro-dell_Opera-di-Roma_DSC_8953-1536x1022.jpg 1536w, https:\/\/www.ecoitaliano.com.ar\/wp-content\/uploads\/2026\/04\/Prove-BURN-A.J.-Weissbard_ph-Fabrizio-Sansoni-Teatro-dell_Opera-di-Roma_DSC_8953-2048x1363.jpg 2048w\" sizes=\"(max-width: 1024px) 100vw, 1024px\" \/><\/a><\/figure>\n\n\n\n<figure class=\"wp-block-image size-large\"><a href=\"https:\/\/www.ecoitaliano.com.ar\/wp-content\/uploads\/2026\/04\/Prove-BURN-A.J.-Weissbard_ph-Fabrizio-Sansoni-Teatro-dell_Opera-di-Roma_DSC_8957.jpg\"><img decoding=\"async\" width=\"1024\" height=\"682\" data-id=\"89430\" src=\"https:\/\/www.ecoitaliano.com.ar\/wp-content\/uploads\/2026\/04\/Prove-BURN-A.J.-Weissbard_ph-Fabrizio-Sansoni-Teatro-dell_Opera-di-Roma_DSC_8957-1024x682.jpg\" alt=\"\" class=\"wp-image-89430\" srcset=\"https:\/\/www.ecoitaliano.com.ar\/wp-content\/uploads\/2026\/04\/Prove-BURN-A.J.-Weissbard_ph-Fabrizio-Sansoni-Teatro-dell_Opera-di-Roma_DSC_8957-1024x682.jpg 1024w, https:\/\/www.ecoitaliano.com.ar\/wp-content\/uploads\/2026\/04\/Prove-BURN-A.J.-Weissbard_ph-Fabrizio-Sansoni-Teatro-dell_Opera-di-Roma_DSC_8957-300x200.jpg 300w, https:\/\/www.ecoitaliano.com.ar\/wp-content\/uploads\/2026\/04\/Prove-BURN-A.J.-Weissbard_ph-Fabrizio-Sansoni-Teatro-dell_Opera-di-Roma_DSC_8957-768x511.jpg 768w, https:\/\/www.ecoitaliano.com.ar\/wp-content\/uploads\/2026\/04\/Prove-BURN-A.J.-Weissbard_ph-Fabrizio-Sansoni-Teatro-dell_Opera-di-Roma_DSC_8957-1536x1022.jpg 1536w, https:\/\/www.ecoitaliano.com.ar\/wp-content\/uploads\/2026\/04\/Prove-BURN-A.J.-Weissbard_ph-Fabrizio-Sansoni-Teatro-dell_Opera-di-Roma_DSC_8957-2048x1363.jpg 2048w\" sizes=\"(max-width: 1024px) 100vw, 1024px\" \/><\/a><\/figure>\n\n\n\n<figure class=\"wp-block-image size-large\"><a href=\"https:\/\/www.ecoitaliano.com.ar\/wp-content\/uploads\/2026\/04\/Prove-BURN-Brandon-Lagaert-Pale-Domenico-Gibaldo-Andrea-D_Ottavio_-ph-Fabrizio-Sansoni-Teatro-dell_Opera-di-Roma_4850.jpg\"><img decoding=\"async\" width=\"1024\" height=\"684\" data-id=\"89431\" src=\"https:\/\/www.ecoitaliano.com.ar\/wp-content\/uploads\/2026\/04\/Prove-BURN-Brandon-Lagaert-Pale-Domenico-Gibaldo-Andrea-D_Ottavio_-ph-Fabrizio-Sansoni-Teatro-dell_Opera-di-Roma_4850-1024x684.jpg\" alt=\"\" class=\"wp-image-89431\" srcset=\"https:\/\/www.ecoitaliano.com.ar\/wp-content\/uploads\/2026\/04\/Prove-BURN-Brandon-Lagaert-Pale-Domenico-Gibaldo-Andrea-D_Ottavio_-ph-Fabrizio-Sansoni-Teatro-dell_Opera-di-Roma_4850-1024x684.jpg 1024w, https:\/\/www.ecoitaliano.com.ar\/wp-content\/uploads\/2026\/04\/Prove-BURN-Brandon-Lagaert-Pale-Domenico-Gibaldo-Andrea-D_Ottavio_-ph-Fabrizio-Sansoni-Teatro-dell_Opera-di-Roma_4850-300x200.jpg 300w, https:\/\/www.ecoitaliano.com.ar\/wp-content\/uploads\/2026\/04\/Prove-BURN-Brandon-Lagaert-Pale-Domenico-Gibaldo-Andrea-D_Ottavio_-ph-Fabrizio-Sansoni-Teatro-dell_Opera-di-Roma_4850-768x513.jpg 768w, https:\/\/www.ecoitaliano.com.ar\/wp-content\/uploads\/2026\/04\/Prove-BURN-Brandon-Lagaert-Pale-Domenico-Gibaldo-Andrea-D_Ottavio_-ph-Fabrizio-Sansoni-Teatro-dell_Opera-di-Roma_4850-1536x1025.jpg 1536w, https:\/\/www.ecoitaliano.com.ar\/wp-content\/uploads\/2026\/04\/Prove-BURN-Brandon-Lagaert-Pale-Domenico-Gibaldo-Andrea-D_Ottavio_-ph-Fabrizio-Sansoni-Teatro-dell_Opera-di-Roma_4850-2048x1367.jpg 2048w\" sizes=\"(max-width: 1024px) 100vw, 1024px\" \/><\/a><\/figure>\n\n\n\n<figure class=\"wp-block-image size-large\"><a href=\"https:\/\/www.ecoitaliano.com.ar\/wp-content\/uploads\/2026\/04\/Prove-BURN-Brandon-Lagaert-Pale_-ph-Fabrizio-Sansoni-Teatro-dell_Opera-di-Roma_4854.jpg\"><img decoding=\"async\" width=\"1024\" height=\"684\" data-id=\"89432\" src=\"https:\/\/www.ecoitaliano.com.ar\/wp-content\/uploads\/2026\/04\/Prove-BURN-Brandon-Lagaert-Pale_-ph-Fabrizio-Sansoni-Teatro-dell_Opera-di-Roma_4854-1024x684.jpg\" alt=\"\" class=\"wp-image-89432\" srcset=\"https:\/\/www.ecoitaliano.com.ar\/wp-content\/uploads\/2026\/04\/Prove-BURN-Brandon-Lagaert-Pale_-ph-Fabrizio-Sansoni-Teatro-dell_Opera-di-Roma_4854-1024x684.jpg 1024w, https:\/\/www.ecoitaliano.com.ar\/wp-content\/uploads\/2026\/04\/Prove-BURN-Brandon-Lagaert-Pale_-ph-Fabrizio-Sansoni-Teatro-dell_Opera-di-Roma_4854-300x200.jpg 300w, https:\/\/www.ecoitaliano.com.ar\/wp-content\/uploads\/2026\/04\/Prove-BURN-Brandon-Lagaert-Pale_-ph-Fabrizio-Sansoni-Teatro-dell_Opera-di-Roma_4854-768x513.jpg 768w, https:\/\/www.ecoitaliano.com.ar\/wp-content\/uploads\/2026\/04\/Prove-BURN-Brandon-Lagaert-Pale_-ph-Fabrizio-Sansoni-Teatro-dell_Opera-di-Roma_4854-1536x1025.jpg 1536w, https:\/\/www.ecoitaliano.com.ar\/wp-content\/uploads\/2026\/04\/Prove-BURN-Brandon-Lagaert-Pale_-ph-Fabrizio-Sansoni-Teatro-dell_Opera-di-Roma_4854-2048x1367.jpg 2048w\" sizes=\"(max-width: 1024px) 100vw, 1024px\" \/><\/a><\/figure>\n\n\n\n<figure class=\"wp-block-image size-large\"><a href=\"https:\/\/www.ecoitaliano.com.ar\/wp-content\/uploads\/2026\/04\/Prove-BURN-da-sin.-Valeria-Scalisi-Alessandro-Burini-Giovanni-Castelli-Jiacopo-Giarda-Damiano-Ottavio-Bigi-Larry_-ph-Fabrizio-Sansoni-Teatro-dell_Opera-di-Roma_4804.jpg\"><img decoding=\"async\" width=\"1024\" height=\"684\" data-id=\"89433\" src=\"https:\/\/www.ecoitaliano.com.ar\/wp-content\/uploads\/2026\/04\/Prove-BURN-da-sin.-Valeria-Scalisi-Alessandro-Burini-Giovanni-Castelli-Jiacopo-Giarda-Damiano-Ottavio-Bigi-Larry_-ph-Fabrizio-Sansoni-Teatro-dell_Opera-di-Roma_4804-1024x684.jpg\" alt=\"\" class=\"wp-image-89433\" srcset=\"https:\/\/www.ecoitaliano.com.ar\/wp-content\/uploads\/2026\/04\/Prove-BURN-da-sin.-Valeria-Scalisi-Alessandro-Burini-Giovanni-Castelli-Jiacopo-Giarda-Damiano-Ottavio-Bigi-Larry_-ph-Fabrizio-Sansoni-Teatro-dell_Opera-di-Roma_4804-1024x684.jpg 1024w, https:\/\/www.ecoitaliano.com.ar\/wp-content\/uploads\/2026\/04\/Prove-BURN-da-sin.-Valeria-Scalisi-Alessandro-Burini-Giovanni-Castelli-Jiacopo-Giarda-Damiano-Ottavio-Bigi-Larry_-ph-Fabrizio-Sansoni-Teatro-dell_Opera-di-Roma_4804-300x200.jpg 300w, https:\/\/www.ecoitaliano.com.ar\/wp-content\/uploads\/2026\/04\/Prove-BURN-da-sin.-Valeria-Scalisi-Alessandro-Burini-Giovanni-Castelli-Jiacopo-Giarda-Damiano-Ottavio-Bigi-Larry_-ph-Fabrizio-Sansoni-Teatro-dell_Opera-di-Roma_4804-768x513.jpg 768w, https:\/\/www.ecoitaliano.com.ar\/wp-content\/uploads\/2026\/04\/Prove-BURN-da-sin.-Valeria-Scalisi-Alessandro-Burini-Giovanni-Castelli-Jiacopo-Giarda-Damiano-Ottavio-Bigi-Larry_-ph-Fabrizio-Sansoni-Teatro-dell_Opera-di-Roma_4804-1536x1025.jpg 1536w, https:\/\/www.ecoitaliano.com.ar\/wp-content\/uploads\/2026\/04\/Prove-BURN-da-sin.-Valeria-Scalisi-Alessandro-Burini-Giovanni-Castelli-Jiacopo-Giarda-Damiano-Ottavio-Bigi-Larry_-ph-Fabrizio-Sansoni-Teatro-dell_Opera-di-Roma_4804-2048x1367.jpg 2048w\" sizes=\"(max-width: 1024px) 100vw, 1024px\" \/><\/a><\/figure>\n\n\n\n<figure class=\"wp-block-image size-large\"><a href=\"https:\/\/www.ecoitaliano.com.ar\/wp-content\/uploads\/2026\/04\/Prove-BURN-Eve-Marie-Dalcourt-Anna-ph-Fabrizio-Sansoni-Teatro-dell_Opera-di-Roma_8943.jpg\"><img decoding=\"async\" width=\"1024\" height=\"682\" data-id=\"89434\" src=\"https:\/\/www.ecoitaliano.com.ar\/wp-content\/uploads\/2026\/04\/Prove-BURN-Eve-Marie-Dalcourt-Anna-ph-Fabrizio-Sansoni-Teatro-dell_Opera-di-Roma_8943-1024x682.jpg\" alt=\"\" class=\"wp-image-89434\" srcset=\"https:\/\/www.ecoitaliano.com.ar\/wp-content\/uploads\/2026\/04\/Prove-BURN-Eve-Marie-Dalcourt-Anna-ph-Fabrizio-Sansoni-Teatro-dell_Opera-di-Roma_8943-1024x682.jpg 1024w, https:\/\/www.ecoitaliano.com.ar\/wp-content\/uploads\/2026\/04\/Prove-BURN-Eve-Marie-Dalcourt-Anna-ph-Fabrizio-Sansoni-Teatro-dell_Opera-di-Roma_8943-300x200.jpg 300w, https:\/\/www.ecoitaliano.com.ar\/wp-content\/uploads\/2026\/04\/Prove-BURN-Eve-Marie-Dalcourt-Anna-ph-Fabrizio-Sansoni-Teatro-dell_Opera-di-Roma_8943-768x511.jpg 768w, https:\/\/www.ecoitaliano.com.ar\/wp-content\/uploads\/2026\/04\/Prove-BURN-Eve-Marie-Dalcourt-Anna-ph-Fabrizio-Sansoni-Teatro-dell_Opera-di-Roma_8943-1536x1022.jpg 1536w, https:\/\/www.ecoitaliano.com.ar\/wp-content\/uploads\/2026\/04\/Prove-BURN-Eve-Marie-Dalcourt-Anna-ph-Fabrizio-Sansoni-Teatro-dell_Opera-di-Roma_8943-2048x1363.jpg 2048w\" sizes=\"(max-width: 1024px) 100vw, 1024px\" \/><\/a><\/figure>\n\n\n\n<figure class=\"wp-block-image size-large\"><a href=\"https:\/\/www.ecoitaliano.com.ar\/wp-content\/uploads\/2026\/04\/Prove-BURN-Eve-Marie-Dalcourt-Anna-da-sin.-Giovanni-Castelli-Jacopo-Giarda-Alessandro-Burini-ph-Fabrizio-Sansoni-Teatro-dell_Opera-di-Roma_4836.jpg\"><img decoding=\"async\" width=\"1024\" height=\"684\" data-id=\"89435\" src=\"https:\/\/www.ecoitaliano.com.ar\/wp-content\/uploads\/2026\/04\/Prove-BURN-Eve-Marie-Dalcourt-Anna-da-sin.-Giovanni-Castelli-Jacopo-Giarda-Alessandro-Burini-ph-Fabrizio-Sansoni-Teatro-dell_Opera-di-Roma_4836-1024x684.jpg\" alt=\"\" class=\"wp-image-89435\" srcset=\"https:\/\/www.ecoitaliano.com.ar\/wp-content\/uploads\/2026\/04\/Prove-BURN-Eve-Marie-Dalcourt-Anna-da-sin.-Giovanni-Castelli-Jacopo-Giarda-Alessandro-Burini-ph-Fabrizio-Sansoni-Teatro-dell_Opera-di-Roma_4836-1024x684.jpg 1024w, https:\/\/www.ecoitaliano.com.ar\/wp-content\/uploads\/2026\/04\/Prove-BURN-Eve-Marie-Dalcourt-Anna-da-sin.-Giovanni-Castelli-Jacopo-Giarda-Alessandro-Burini-ph-Fabrizio-Sansoni-Teatro-dell_Opera-di-Roma_4836-300x200.jpg 300w, https:\/\/www.ecoitaliano.com.ar\/wp-content\/uploads\/2026\/04\/Prove-BURN-Eve-Marie-Dalcourt-Anna-da-sin.-Giovanni-Castelli-Jacopo-Giarda-Alessandro-Burini-ph-Fabrizio-Sansoni-Teatro-dell_Opera-di-Roma_4836-768x513.jpg 768w, https:\/\/www.ecoitaliano.com.ar\/wp-content\/uploads\/2026\/04\/Prove-BURN-Eve-Marie-Dalcourt-Anna-da-sin.-Giovanni-Castelli-Jacopo-Giarda-Alessandro-Burini-ph-Fabrizio-Sansoni-Teatro-dell_Opera-di-Roma_4836-1536x1025.jpg 1536w, https:\/\/www.ecoitaliano.com.ar\/wp-content\/uploads\/2026\/04\/Prove-BURN-Eve-Marie-Dalcourt-Anna-da-sin.-Giovanni-Castelli-Jacopo-Giarda-Alessandro-Burini-ph-Fabrizio-Sansoni-Teatro-dell_Opera-di-Roma_4836-2048x1367.jpg 2048w\" sizes=\"(max-width: 1024px) 100vw, 1024px\" \/><\/a><\/figure>\n\n\n\n<figure class=\"wp-block-image size-large\"><a href=\"https:\/\/www.ecoitaliano.com.ar\/wp-content\/uploads\/2026\/04\/Prove-BURN-Eve-Marie-Dalcourt-Anna-da-sin.-Giovanni-Castelli-Jacopo-Giarda-Alessandro-Burini-ph-Fabrizio-Sansoni-Teatro-dell_Opera-di-Roma_ASR_4838.jpg\"><img decoding=\"async\" width=\"1024\" height=\"684\" data-id=\"89436\" src=\"https:\/\/www.ecoitaliano.com.ar\/wp-content\/uploads\/2026\/04\/Prove-BURN-Eve-Marie-Dalcourt-Anna-da-sin.-Giovanni-Castelli-Jacopo-Giarda-Alessandro-Burini-ph-Fabrizio-Sansoni-Teatro-dell_Opera-di-Roma_ASR_4838-1024x684.jpg\" alt=\"\" class=\"wp-image-89436\" srcset=\"https:\/\/www.ecoitaliano.com.ar\/wp-content\/uploads\/2026\/04\/Prove-BURN-Eve-Marie-Dalcourt-Anna-da-sin.-Giovanni-Castelli-Jacopo-Giarda-Alessandro-Burini-ph-Fabrizio-Sansoni-Teatro-dell_Opera-di-Roma_ASR_4838-1024x684.jpg 1024w, https:\/\/www.ecoitaliano.com.ar\/wp-content\/uploads\/2026\/04\/Prove-BURN-Eve-Marie-Dalcourt-Anna-da-sin.-Giovanni-Castelli-Jacopo-Giarda-Alessandro-Burini-ph-Fabrizio-Sansoni-Teatro-dell_Opera-di-Roma_ASR_4838-300x200.jpg 300w, https:\/\/www.ecoitaliano.com.ar\/wp-content\/uploads\/2026\/04\/Prove-BURN-Eve-Marie-Dalcourt-Anna-da-sin.-Giovanni-Castelli-Jacopo-Giarda-Alessandro-Burini-ph-Fabrizio-Sansoni-Teatro-dell_Opera-di-Roma_ASR_4838-768x513.jpg 768w, https:\/\/www.ecoitaliano.com.ar\/wp-content\/uploads\/2026\/04\/Prove-BURN-Eve-Marie-Dalcourt-Anna-da-sin.-Giovanni-Castelli-Jacopo-Giarda-Alessandro-Burini-ph-Fabrizio-Sansoni-Teatro-dell_Opera-di-Roma_ASR_4838-1536x1025.jpg 1536w, https:\/\/www.ecoitaliano.com.ar\/wp-content\/uploads\/2026\/04\/Prove-BURN-Eve-Marie-Dalcourt-Anna-da-sin.-Giovanni-Castelli-Jacopo-Giarda-Alessandro-Burini-ph-Fabrizio-Sansoni-Teatro-dell_Opera-di-Roma_ASR_4838-2048x1367.jpg 2048w\" sizes=\"(max-width: 1024px) 100vw, 1024px\" \/><\/a><\/figure>\n\n\n\n<figure class=\"wp-block-image size-large\"><a href=\"https:\/\/www.ecoitaliano.com.ar\/wp-content\/uploads\/2026\/04\/Prove-BURN-in-fondo-Giovanni-Castelli-Damiano-Ottavio-Bigi-Larry-Alessandro-Burini-in-primo-piano-Jiacopo-Giarda_-ph-Fabrizio-Sansoni-Teatro-dell_Opera-di-Roma__4811.jpg\"><img decoding=\"async\" width=\"1024\" height=\"684\" data-id=\"89437\" src=\"https:\/\/www.ecoitaliano.com.ar\/wp-content\/uploads\/2026\/04\/Prove-BURN-in-fondo-Giovanni-Castelli-Damiano-Ottavio-Bigi-Larry-Alessandro-Burini-in-primo-piano-Jiacopo-Giarda_-ph-Fabrizio-Sansoni-Teatro-dell_Opera-di-Roma__4811-1024x684.jpg\" alt=\"\" class=\"wp-image-89437\" srcset=\"https:\/\/www.ecoitaliano.com.ar\/wp-content\/uploads\/2026\/04\/Prove-BURN-in-fondo-Giovanni-Castelli-Damiano-Ottavio-Bigi-Larry-Alessandro-Burini-in-primo-piano-Jiacopo-Giarda_-ph-Fabrizio-Sansoni-Teatro-dell_Opera-di-Roma__4811-1024x684.jpg 1024w, https:\/\/www.ecoitaliano.com.ar\/wp-content\/uploads\/2026\/04\/Prove-BURN-in-fondo-Giovanni-Castelli-Damiano-Ottavio-Bigi-Larry-Alessandro-Burini-in-primo-piano-Jiacopo-Giarda_-ph-Fabrizio-Sansoni-Teatro-dell_Opera-di-Roma__4811-300x200.jpg 300w, https:\/\/www.ecoitaliano.com.ar\/wp-content\/uploads\/2026\/04\/Prove-BURN-in-fondo-Giovanni-Castelli-Damiano-Ottavio-Bigi-Larry-Alessandro-Burini-in-primo-piano-Jiacopo-Giarda_-ph-Fabrizio-Sansoni-Teatro-dell_Opera-di-Roma__4811-768x513.jpg 768w, https:\/\/www.ecoitaliano.com.ar\/wp-content\/uploads\/2026\/04\/Prove-BURN-in-fondo-Giovanni-Castelli-Damiano-Ottavio-Bigi-Larry-Alessandro-Burini-in-primo-piano-Jiacopo-Giarda_-ph-Fabrizio-Sansoni-Teatro-dell_Opera-di-Roma__4811-1536x1025.jpg 1536w, https:\/\/www.ecoitaliano.com.ar\/wp-content\/uploads\/2026\/04\/Prove-BURN-in-fondo-Giovanni-Castelli-Damiano-Ottavio-Bigi-Larry-Alessandro-Burini-in-primo-piano-Jiacopo-Giarda_-ph-Fabrizio-Sansoni-Teatro-dell_Opera-di-Roma__4811-2048x1367.jpg 2048w\" sizes=\"(max-width: 1024px) 100vw, 1024px\" \/><\/a><\/figure>\n\n\n\n<figure class=\"wp-block-image size-large\"><a href=\"https:\/\/www.ecoitaliano.com.ar\/wp-content\/uploads\/2026\/04\/Prove-BURN-Jonah-Bokaer-Burton-ph-Fabrizio-Sansoni-Teatro-dell_Opera-di-Roma_4856.jpg\"><img decoding=\"async\" width=\"1024\" height=\"684\" data-id=\"89438\" src=\"https:\/\/www.ecoitaliano.com.ar\/wp-content\/uploads\/2026\/04\/Prove-BURN-Jonah-Bokaer-Burton-ph-Fabrizio-Sansoni-Teatro-dell_Opera-di-Roma_4856-1024x684.jpg\" alt=\"\" class=\"wp-image-89438\" srcset=\"https:\/\/www.ecoitaliano.com.ar\/wp-content\/uploads\/2026\/04\/Prove-BURN-Jonah-Bokaer-Burton-ph-Fabrizio-Sansoni-Teatro-dell_Opera-di-Roma_4856-1024x684.jpg 1024w, https:\/\/www.ecoitaliano.com.ar\/wp-content\/uploads\/2026\/04\/Prove-BURN-Jonah-Bokaer-Burton-ph-Fabrizio-Sansoni-Teatro-dell_Opera-di-Roma_4856-300x200.jpg 300w, https:\/\/www.ecoitaliano.com.ar\/wp-content\/uploads\/2026\/04\/Prove-BURN-Jonah-Bokaer-Burton-ph-Fabrizio-Sansoni-Teatro-dell_Opera-di-Roma_4856-768x513.jpg 768w, https:\/\/www.ecoitaliano.com.ar\/wp-content\/uploads\/2026\/04\/Prove-BURN-Jonah-Bokaer-Burton-ph-Fabrizio-Sansoni-Teatro-dell_Opera-di-Roma_4856-1536x1025.jpg 1536w, https:\/\/www.ecoitaliano.com.ar\/wp-content\/uploads\/2026\/04\/Prove-BURN-Jonah-Bokaer-Burton-ph-Fabrizio-Sansoni-Teatro-dell_Opera-di-Roma_4856-2048x1367.jpg 2048w\" sizes=\"(max-width: 1024px) 100vw, 1024px\" \/><\/a><\/figure>\n\n\n\n<figure class=\"wp-block-image size-large\"><a href=\"https:\/\/www.ecoitaliano.com.ar\/wp-content\/uploads\/2026\/04\/Prove-BURN-Jonah-Bokaer-Burton-ph-Fabrizio-Sansoni-Teatro-dell_Opera-di-Roma_DSC_9027.jpg\"><img decoding=\"async\" width=\"1024\" height=\"684\" data-id=\"89439\" src=\"https:\/\/www.ecoitaliano.com.ar\/wp-content\/uploads\/2026\/04\/Prove-BURN-Jonah-Bokaer-Burton-ph-Fabrizio-Sansoni-Teatro-dell_Opera-di-Roma_DSC_9027-1024x684.jpg\" alt=\"\" class=\"wp-image-89439\" srcset=\"https:\/\/www.ecoitaliano.com.ar\/wp-content\/uploads\/2026\/04\/Prove-BURN-Jonah-Bokaer-Burton-ph-Fabrizio-Sansoni-Teatro-dell_Opera-di-Roma_DSC_9027-1024x684.jpg 1024w, https:\/\/www.ecoitaliano.com.ar\/wp-content\/uploads\/2026\/04\/Prove-BURN-Jonah-Bokaer-Burton-ph-Fabrizio-Sansoni-Teatro-dell_Opera-di-Roma_DSC_9027-300x200.jpg 300w, https:\/\/www.ecoitaliano.com.ar\/wp-content\/uploads\/2026\/04\/Prove-BURN-Jonah-Bokaer-Burton-ph-Fabrizio-Sansoni-Teatro-dell_Opera-di-Roma_DSC_9027-768x513.jpg 768w, https:\/\/www.ecoitaliano.com.ar\/wp-content\/uploads\/2026\/04\/Prove-BURN-Jonah-Bokaer-Burton-ph-Fabrizio-Sansoni-Teatro-dell_Opera-di-Roma_DSC_9027-1536x1025.jpg 1536w, https:\/\/www.ecoitaliano.com.ar\/wp-content\/uploads\/2026\/04\/Prove-BURN-Jonah-Bokaer-Burton-ph-Fabrizio-Sansoni-Teatro-dell_Opera-di-Roma_DSC_9027-2048x1367.jpg 2048w\" sizes=\"(max-width: 1024px) 100vw, 1024px\" \/><\/a><\/figure>\n\n\n\n<figure class=\"wp-block-image size-large\"><a href=\"https:\/\/www.ecoitaliano.com.ar\/wp-content\/uploads\/2026\/04\/Prove-BURN_-ph-Fabrizio-Sansoni-Teatro-dell_Opera-di-Roma_9049.jpg\"><img decoding=\"async\" width=\"681\" height=\"1024\" data-id=\"89440\" src=\"https:\/\/www.ecoitaliano.com.ar\/wp-content\/uploads\/2026\/04\/Prove-BURN_-ph-Fabrizio-Sansoni-Teatro-dell_Opera-di-Roma_9049-681x1024.jpg\" alt=\"\" class=\"wp-image-89440\" srcset=\"https:\/\/www.ecoitaliano.com.ar\/wp-content\/uploads\/2026\/04\/Prove-BURN_-ph-Fabrizio-Sansoni-Teatro-dell_Opera-di-Roma_9049-681x1024.jpg 681w, https:\/\/www.ecoitaliano.com.ar\/wp-content\/uploads\/2026\/04\/Prove-BURN_-ph-Fabrizio-Sansoni-Teatro-dell_Opera-di-Roma_9049-200x300.jpg 200w, https:\/\/www.ecoitaliano.com.ar\/wp-content\/uploads\/2026\/04\/Prove-BURN_-ph-Fabrizio-Sansoni-Teatro-dell_Opera-di-Roma_9049-768x1154.jpg 768w, https:\/\/www.ecoitaliano.com.ar\/wp-content\/uploads\/2026\/04\/Prove-BURN_-ph-Fabrizio-Sansoni-Teatro-dell_Opera-di-Roma_9049-1022x1536.jpg 1022w, https:\/\/www.ecoitaliano.com.ar\/wp-content\/uploads\/2026\/04\/Prove-BURN_-ph-Fabrizio-Sansoni-Teatro-dell_Opera-di-Roma_9049-1362x2048.jpg 1362w, https:\/\/www.ecoitaliano.com.ar\/wp-content\/uploads\/2026\/04\/Prove-BURN_-ph-Fabrizio-Sansoni-Teatro-dell_Opera-di-Roma_9049.jpg 1437w\" sizes=\"(max-width: 681px) 100vw, 681px\" \/><\/a><\/figure>\n\n\n\n<figure class=\"wp-block-image size-large\"><a href=\"https:\/\/www.ecoitaliano.com.ar\/wp-content\/uploads\/2026\/04\/Prove-BURN_-ph-Fabrizio-Sansoni-Teatro-dell_Opera-di-Roma_ASR_4826.jpg\"><img decoding=\"async\" width=\"1024\" height=\"684\" data-id=\"89441\" src=\"https:\/\/www.ecoitaliano.com.ar\/wp-content\/uploads\/2026\/04\/Prove-BURN_-ph-Fabrizio-Sansoni-Teatro-dell_Opera-di-Roma_ASR_4826-1024x684.jpg\" alt=\"\" class=\"wp-image-89441\" srcset=\"https:\/\/www.ecoitaliano.com.ar\/wp-content\/uploads\/2026\/04\/Prove-BURN_-ph-Fabrizio-Sansoni-Teatro-dell_Opera-di-Roma_ASR_4826-1024x684.jpg 1024w, https:\/\/www.ecoitaliano.com.ar\/wp-content\/uploads\/2026\/04\/Prove-BURN_-ph-Fabrizio-Sansoni-Teatro-dell_Opera-di-Roma_ASR_4826-300x200.jpg 300w, https:\/\/www.ecoitaliano.com.ar\/wp-content\/uploads\/2026\/04\/Prove-BURN_-ph-Fabrizio-Sansoni-Teatro-dell_Opera-di-Roma_ASR_4826-768x513.jpg 768w, https:\/\/www.ecoitaliano.com.ar\/wp-content\/uploads\/2026\/04\/Prove-BURN_-ph-Fabrizio-Sansoni-Teatro-dell_Opera-di-Roma_ASR_4826-1536x1025.jpg 1536w, https:\/\/www.ecoitaliano.com.ar\/wp-content\/uploads\/2026\/04\/Prove-BURN_-ph-Fabrizio-Sansoni-Teatro-dell_Opera-di-Roma_ASR_4826-2048x1367.jpg 2048w\" sizes=\"(max-width: 1024px) 100vw, 1024px\" \/><\/a><\/figure>\n<\/figure>\n\n\n\n<p>credito fotografico: Fabrizio Sansoni &#8211; teatro dell&#8217;opera di Roma<\/p>\n\n\n\n<figure class=\"wp-block-embed is-type-video is-provider-youtube wp-block-embed-youtube wp-embed-aspect-16-9 wp-has-aspect-ratio\"><div class=\"wp-block-embed__wrapper\">\n<iframe loading=\"lazy\" title=\"&#039;BURN&#039; - intervista ad A.J. Weissbard\" width=\"500\" height=\"281\" src=\"https:\/\/www.youtube.com\/embed\/HIOQDghPx8g?feature=oembed\" frameborder=\"0\" allow=\"accelerometer; autoplay; clipboard-write; encrypted-media; gyroscope; picture-in-picture; web-share\" referrerpolicy=\"strict-origin-when-cross-origin\" allowfullscreen><\/iframe>\n<\/div><\/figure>\n\n\n\n<p><strong>Intervista ad A.J. Weissbard&nbsp;<\/strong><\/p>\n\n\n\n<p><strong>video di Francesco Siciliano<\/strong><\/p>\n","protected":false},"excerpt":{"rendered":"<p>COMUNICATO STAMPA\u00a0BURN:\u00a0DAL TESTO CULT DI LANFORD WILSON IL PROGETTO DI DANZA PER TEATRODI A.J. WEISSBARD\u00a0Dal 28 al 30 aprile 2026\u00a0all\u2019Auditorium [&hellip;]<\/p>\n","protected":false},"author":1,"featured_media":0,"comment_status":"open","ping_status":"open","sticky":false,"template":"","format":"standard","meta":{"footnotes":""},"categories":[1],"tags":[],"class_list":["post-89408","post","type-post","status-publish","format-standard","hentry","category-sin-categoria"],"_links":{"self":[{"href":"https:\/\/www.ecoitaliano.com.ar\/index.php?rest_route=\/wp\/v2\/posts\/89408","targetHints":{"allow":["GET"]}}],"collection":[{"href":"https:\/\/www.ecoitaliano.com.ar\/index.php?rest_route=\/wp\/v2\/posts"}],"about":[{"href":"https:\/\/www.ecoitaliano.com.ar\/index.php?rest_route=\/wp\/v2\/types\/post"}],"author":[{"embeddable":true,"href":"https:\/\/www.ecoitaliano.com.ar\/index.php?rest_route=\/wp\/v2\/users\/1"}],"replies":[{"embeddable":true,"href":"https:\/\/www.ecoitaliano.com.ar\/index.php?rest_route=%2Fwp%2Fv2%2Fcomments&post=89408"}],"version-history":[{"count":1,"href":"https:\/\/www.ecoitaliano.com.ar\/index.php?rest_route=\/wp\/v2\/posts\/89408\/revisions"}],"predecessor-version":[{"id":89442,"href":"https:\/\/www.ecoitaliano.com.ar\/index.php?rest_route=\/wp\/v2\/posts\/89408\/revisions\/89442"}],"wp:attachment":[{"href":"https:\/\/www.ecoitaliano.com.ar\/index.php?rest_route=%2Fwp%2Fv2%2Fmedia&parent=89408"}],"wp:term":[{"taxonomy":"category","embeddable":true,"href":"https:\/\/www.ecoitaliano.com.ar\/index.php?rest_route=%2Fwp%2Fv2%2Fcategories&post=89408"},{"taxonomy":"post_tag","embeddable":true,"href":"https:\/\/www.ecoitaliano.com.ar\/index.php?rest_route=%2Fwp%2Fv2%2Ftags&post=89408"}],"curies":[{"name":"wp","href":"https:\/\/api.w.org\/{rel}","templated":true}]}}