{"id":89463,"date":"2026-04-28T10:59:11","date_gmt":"2026-04-28T10:59:11","guid":{"rendered":"https:\/\/www.ecoitaliano.com.ar\/?p=89463"},"modified":"2026-04-28T10:59:25","modified_gmt":"2026-04-28T10:59:25","slug":"tulipani-di-seta-nera-2026-tutti-i-finalisti-della-diciannovesima-edizione","status":"publish","type":"post","link":"https:\/\/www.ecoitaliano.com.ar\/?p=89463","title":{"rendered":"Tulipani di Seta Nera 2026 | Tutti i finalisti della diciannovesima edizione"},"content":{"rendered":"\n<figure class=\"wp-block-image\"><img decoding=\"async\" src=\"https:\/\/mail.google.com\/mail\/u\/3?ui=2&amp;ik=a91c2962d6&amp;attid=0.0.1&amp;permmsgid=msg-f:1863707768843526438&amp;th=19dd3857670de126&amp;view=fimg&amp;fur=ip&amp;permmsgid=msg-f:1863707768843526438&amp;sz=s0-l75-ft&amp;attbid=ANGjdJ-IKzjDCu642OF7Ms8t0RAsNve6VKf6v6mehNKP31HXU_cBY6PJ2egnYu4ZySmpRcWXSQwZoaXgLZnVznxaJO3G1682-yZh6W3EkF5FGhUaf5gILYvxraUUBPA&amp;disp=emb&amp;realattid=ii_mohqp03l0&amp;zw\" alt=\"Logo TSN 2026.png\"\/><\/figure>\n\n\n\n<figure class=\"wp-block-gallery has-nested-images columns-default is-cropped wp-block-gallery-1 is-layout-flex wp-block-gallery-is-layout-flex\">\n<figure class=\"wp-block-image size-large\"><a href=\"https:\/\/www.ecoitaliano.com.ar\/wp-content\/uploads\/2026\/04\/Diego-Righini_Lorena-Bianchetti_Paola-Tassone_TSN-2026_Ph.-Leila-Leam.jpg\"><img decoding=\"async\" width=\"1024\" height=\"683\" data-id=\"89464\" src=\"https:\/\/www.ecoitaliano.com.ar\/wp-content\/uploads\/2026\/04\/Diego-Righini_Lorena-Bianchetti_Paola-Tassone_TSN-2026_Ph.-Leila-Leam-1024x683.jpg\" alt=\"\" class=\"wp-image-89464\" srcset=\"https:\/\/www.ecoitaliano.com.ar\/wp-content\/uploads\/2026\/04\/Diego-Righini_Lorena-Bianchetti_Paola-Tassone_TSN-2026_Ph.-Leila-Leam-1024x683.jpg 1024w, https:\/\/www.ecoitaliano.com.ar\/wp-content\/uploads\/2026\/04\/Diego-Righini_Lorena-Bianchetti_Paola-Tassone_TSN-2026_Ph.-Leila-Leam-300x200.jpg 300w, https:\/\/www.ecoitaliano.com.ar\/wp-content\/uploads\/2026\/04\/Diego-Righini_Lorena-Bianchetti_Paola-Tassone_TSN-2026_Ph.-Leila-Leam-768x513.jpg 768w, https:\/\/www.ecoitaliano.com.ar\/wp-content\/uploads\/2026\/04\/Diego-Righini_Lorena-Bianchetti_Paola-Tassone_TSN-2026_Ph.-Leila-Leam.jpg 1500w\" sizes=\"(max-width: 1024px) 100vw, 1024px\" \/><\/a><\/figure>\n\n\n\n<figure class=\"wp-block-image size-large\"><a href=\"https:\/\/www.ecoitaliano.com.ar\/wp-content\/uploads\/2026\/04\/Simone-Manetti_Silvia-Salemi_Massimiliano-Bruno_TSN-2026_Ph.-Leila-Leam.jpg\"><img decoding=\"async\" width=\"1024\" height=\"683\" data-id=\"89465\" src=\"https:\/\/www.ecoitaliano.com.ar\/wp-content\/uploads\/2026\/04\/Simone-Manetti_Silvia-Salemi_Massimiliano-Bruno_TSN-2026_Ph.-Leila-Leam-1024x683.jpg\" alt=\"\" class=\"wp-image-89465\" srcset=\"https:\/\/www.ecoitaliano.com.ar\/wp-content\/uploads\/2026\/04\/Simone-Manetti_Silvia-Salemi_Massimiliano-Bruno_TSN-2026_Ph.-Leila-Leam-1024x683.jpg 1024w, https:\/\/www.ecoitaliano.com.ar\/wp-content\/uploads\/2026\/04\/Simone-Manetti_Silvia-Salemi_Massimiliano-Bruno_TSN-2026_Ph.-Leila-Leam-300x200.jpg 300w, https:\/\/www.ecoitaliano.com.ar\/wp-content\/uploads\/2026\/04\/Simone-Manetti_Silvia-Salemi_Massimiliano-Bruno_TSN-2026_Ph.-Leila-Leam-768x513.jpg 768w, https:\/\/www.ecoitaliano.com.ar\/wp-content\/uploads\/2026\/04\/Simone-Manetti_Silvia-Salemi_Massimiliano-Bruno_TSN-2026_Ph.-Leila-Leam.jpg 1500w\" sizes=\"(max-width: 1024px) 100vw, 1024px\" \/><\/a><\/figure>\n<\/figure>\n\n\n\n<p><strong>Il Festival Internazionale della Cinematografia Sociale<\/strong><\/p>\n\n\n\n<p><strong><em>Tulipani di Seta Nera&nbsp;<\/em><\/strong><strong>celebra storie che parlano all\u2019anima<\/strong><\/p>\n\n\n\n<p><strong>Tutti i finalisti della 19\u00aa edizione<\/strong><\/p>\n\n\n\n<p><strong>Oltre settanta titoli tra cortometraggi, documentari e #socialclip<\/strong><\/p>\n\n\n\n<p><strong>in concorso e fuori concorso, dal 7 al 10 maggio<\/strong><\/p>\n\n\n\n<p><strong>al The Space Cinema Moderno di Roma<\/strong><\/p>\n\n\n\n<p><em>Roma, 28 aprile 2026<\/em>&nbsp;\u2013 Torna nella Capitale, per la sua diciannovesima edizione, il&nbsp;<strong>Festival Internazionale della Cinematografia Sociale&nbsp;<em>Tulipani di Seta Nera<\/em><\/strong>, presieduto da Diego Righini e diretto da Paola Tassone. L\u2019appuntamento \u00e8 dal&nbsp;<strong>7 al 10 maggio<\/strong>&nbsp;presso il&nbsp;<strong>The Space Cinema Moderno di Roma<\/strong>, per quattro giornate di proiezioni, incontri e occasioni di confronto dedicate al cinema che racconta il sociale.<\/p>\n\n\n\n<p>Un Festival che, nel corso degli anni, ha saputo evolversi ampliando il proprio sguardo sul mondo, portando sul grande schermo storie spesso invisibili ma profondamente necessarie. Al centro, la volont\u00e0 di esplorare la complessit\u00e0 dell\u2019esperienza umana attraverso il linguaggio universale del cinema.<\/p>\n\n\n\n<p><strong>Sono oltre settanta le opere in programma<\/strong>&nbsp;tra&nbsp;<strong>Cortometraggi<\/strong>,&nbsp;<strong>Documentari<\/strong>&nbsp;e&nbsp;<strong>#SocialClip<\/strong>. Un\u2019edizione che mette al centro le persone, nella loro unicit\u00e0 e nelle molteplici esperienze di vita, valorizzando pluralit\u00e0 di contesti e prospettive. I titoli selezionati, provenienti da tutto il mondo, affrontano temi di grande attualit\u00e0 come legalit\u00e0, inclusione, disagio giovanile, violenza di genere, sicurezza sul lavoro e sostenibilit\u00e0.<\/p>\n\n\n\n<p>\u201c<em>Tulipani di Seta Nera<\/em>&nbsp;\u00e8 un Festival che ha saputo anticipare il cambiamento, portando sullo schermo temi sociali prima che diventassero centrali nel dibattito pubblico e istituzionale \u2013 dichiara il Presidente Diego Righini. Ogni edizione rappresenta una fotografia del presente: uno spazio in cui il cinema d\u00e0 voce a realt\u00e0 spesso invisibili e interpreta le urgenze del nostro tempo. Attraverso le storie raccontate, promuoviamo uno sguardo pi\u00f9 consapevole, inclusivo e partecipe, capace di generare emozione e riflessione. \u00c8 nel racconto, infatti, che risiede la possibilit\u00e0 di una reale evoluzione culturale. Oggi, i conflitti in Ucraina e in Iran, insieme alle conseguenze economiche che ne derivano, impongono ai governi europei \u2013 e quindi anche a quello italiano di Giorgia Meloni \u2013 una rinnovata attenzione verso le fasce pi\u00f9 fragili della societ\u00e0. In questo contesto, la nostra rassegna si fa interprete del presente, raccontando attraverso il cinema ci\u00f2 di cui c\u2019\u00e8 concretamente bisogno e offrendo uno sguardo capace di orientare il cambiamento\u201d.<\/p>\n\n\n\n<p>Soddisfazione anche da parte di Paola Tassone, direttrice artistica della sezione cortometraggi: \u201cLa qualit\u00e0 delle opere selezionate \u00e8 particolarmente elevata e restituisce una proposta ricca e articolata, capace di attraversare generi diversi. Tra i finalisti figura anche un musical, scelta ancora poco frequente nel panorama del cortometraggio italiano, sostenuta con convinzione dalla giuria e dal Maestro Vince Tempera. Il programma della 19\u00aa edizione si distingue per ampiezza e qualit\u00e0 cinematografica, con la presenza di opere internazionali di grande rilievo, come&nbsp;<em>Mistake<\/em>&nbsp;di Honey Lauren, presentato in anteprima europea. Un racconto intenso e personale che invita a riflettere sul significato dell\u2019accettazione e della complessit\u00e0 umana. Elemento distintivo di questa edizione \u00e8 inoltre la significativa presenza delle nuove generazioni, sia tra le persone che dirigono le opere sia tra il pubblico in sala: sguardi freschi e linguaggi espressivi contemporanei, con numerose opere prime. A questo si affianca la partecipazione attiva di studenti e studentesse, protagonisti di un importante percorso di alfabetizzazione al cinema sociale\u201d.<\/p>\n\n\n\n<p>Sono&nbsp;<strong>540<\/strong>&nbsp;le opere iscritte al concorso, suddivise in tre sezioni:&nbsp;<strong>400 cortometraggi<\/strong>,&nbsp;<strong>80 documentari<\/strong>&nbsp;e&nbsp;<strong>60 #socialclip<\/strong>, provenienti dall\u2019Italia e da numerosi Paesi del mondo. Un dato che conferma la crescente dimensione internazionale del Festival.<\/p>\n\n\n\n<p>Le proiezioni, in concorso e fuori concorso, saranno articolate in tre sezioni:&nbsp;<strong>Cortometraggi<\/strong>, con la direzione artistica di&nbsp;<strong>Paola Tassone<\/strong>&nbsp;e la giuria presieduta da&nbsp;<strong>Massimiliano Bruno<\/strong>;&nbsp;<strong>Documentari<\/strong>, diretti da&nbsp;<strong>Christian Carmosino Mereu<\/strong>&nbsp;con giuria presieduta da&nbsp;<strong>Simone Manetti<\/strong>;&nbsp;<strong>#SocialClip<\/strong>, con la direzione artistica di&nbsp;<strong>Igor Righetti<\/strong>&nbsp;e la giuria presieduta da&nbsp;<strong>Silvia Salemi<\/strong>.<\/p>\n\n\n\n<p><strong>Le giurie di sezione<\/strong>,&nbsp;<strong>i finalisti, le nomination, le serate evento e gli appuntamenti collaterali sono riportati nel file in allegato<\/strong>.<\/p>\n\n\n\n<p>Il programma completo, che verr\u00e0 reso noto nei prossimi giorni, sar\u00e0 arricchito dalla partecipazione di protagonisti del cinema, dello spettacolo e della cultura, con incontri, dibattiti e momenti di approfondimento. Durante la rassegna verranno assegnati i Premi tecnici, i Premi Sorriso legati ai partner culturali e il Premio Sorriso Rai Cinema Channel, consegnato dai testimonial 2026 Antonia Liskova e Alessio Vassallo.<\/p>\n\n\n\n<p>Ampio spazio \u00e8 dedicato anche alle nuove generazioni con \u201c<strong>Tulipani Fuoriclasse \u2013 Talenti in Erba<\/strong>\u201d, progetto realizzato nell\u2019ambito del Piano Nazionale Cinema e Immagini per la Scuola promosso da MiC e MI. L\u2019iniziativa coinvolge studenti e studentesse dell\u2019Istituto Cine-TV Roberto Rossellini, dell\u2019Istituto Amerigo Vespucci di Roma e, per la scuola primaria, dell\u2019IP Giovanni Merlini di Viterbo. La fase finale vedr\u00e0 i partecipanti protagonisti durante il Festival, con la consegna dei riconoscimenti \u201cSorriso Tulipani Fuoriclasse \u2013 Talenti in Erba Giovani\u201d e \u201cGiovanissimi\u201d. Un percorso che conferma il valore del cinema come strumento di cittadinanza attiva, crescita personale e consapevolezza sociale.<\/p>\n\n\n\n<p><strong>I vincitori della 19\u00aa edizione<\/strong>&nbsp;saranno premiati&nbsp;<strong>domenica 10 maggio nel corso del Gran Gal\u00e0 del Sociale<\/strong>, condotto da&nbsp;<strong>Lorena Bianchetti<\/strong>&nbsp;e trasmesso&nbsp;<strong>marted\u00ec 17 luglio in seconda serata su Rai 2<\/strong>. Durante la serata saranno inoltre assegnati riconoscimenti a personalit\u00e0 e opere distintesi per il loro impegno sociale.<\/p>\n\n\n\n<p>Presieduto da Diego Righini e realizzato dall\u2019associazione di promozione sociale \u201cUniversit\u00e0 Cerca Lavoro\u201d, su idea di Paola Tassone, il Festival nasce con l\u2019obiettivo di promuovere e diffondere una cultura dell\u2019inclusione, della tutela dei diritti e della valorizzazione delle diversit\u00e0.<\/p>\n\n\n\n<p><strong><u>Comunicato stampa, tutti i finalisti e le foto in allegato<\/u><\/strong><\/p>\n\n\n\n<p>Con il patrocinio di<\/p>\n\n\n\n<p>Presidenza del Consiglio dei Ministri, MiC Ministero della Cultura,<\/p>\n\n\n\n<p>Ministero del Lavoro e delle Politiche Sociali, Ministro per le Disabilit\u00e0,<\/p>\n\n\n\n<p>Ministero dell\u2019Ambiente e della Sicurezza energetica,<\/p>\n\n\n\n<p>MASAF Ministero dell\u2019Agricoltura, della Sovranit\u00e0 alimentare e delle Foreste,<\/p>\n\n\n\n<p>Ministero degli Affari Esteri e della Cooperazione Internazionale,<\/p>\n\n\n\n<p>Regione Lazio, Municipio Roma I, Ordine Nazionale dei Giornalisti, Inail, Comitato Italiano Paralimpico, Federmanager Roma, Rai Cinema, Rai per la Sostenibilit\u00e0 ESG<\/p>\n\n\n\n<p>Partner culturali<\/p>\n\n\n\n<p>Anmil,&nbsp;ASviS, Fondazione UniVerde,&nbsp;ANCoS Aps,&nbsp;Movimento per la Giustizia &#8211; Art. 3 ETS,<\/p>\n\n\n\n<p>Unicef Italia, Sophia Societ\u00e0 Cooperativa<\/p>\n\n\n\n<p>Media partner<\/p>\n\n\n\n<p>Rai Pubblica Utilit\u00e0,&nbsp;Rai Isoradio, Rai Play Sound, No Name Radio, Rai Radio Tutta Italiana, Taxi Drivers<\/p>\n\n\n\n<p>Frecciarossa \u00e8 il treno ufficiale del Festival<\/p>\n\n\n\n<p>Sponsor 2026<\/p>\n\n\n\n<p>Geosintesi S.p.A.<\/p>\n\n\n\n<p>Sponsor tecnici<\/p>\n\n\n\n<p>Antica Norcineria Lattanzi Franco, Autonoleggio Sferrazza<\/p>\n\n\n\n<p><strong><a href=\"http:\/\/www.tulipanidisetanera.it\/\" target=\"_blank\" rel=\"noreferrer noopener\">www.tulipanidisetanera.it<\/a><\/strong>&nbsp;&#8211;&nbsp;<strong><a href=\"http:\/\/www.tulipanidisetanera.rai.it\/\" target=\"_blank\" rel=\"noreferrer noopener\">www.tulipanidisetanera.rai.it<\/a>&nbsp;&#8211;&nbsp;<a href=\"http:\/\/www.raiplay.it\/\" target=\"_blank\" rel=\"noreferrer noopener\">www.raiplay.it<\/a><\/strong><\/p>\n\n\n\n<p>Ufficio stampa<\/p>\n\n\n\n<p>Antonio Naselli<\/p>\n\n\n\n<p><a href=\"mailto:antonionaselli.press@gmail.com\" target=\"_blank\" rel=\"noreferrer noopener\">antonionaselli.press@gmail.com<\/a>&nbsp;\/\/ +39 333 1865970<\/p>\n\n\n\n<p>Lionella Fiorillo<\/p>\n\n\n\n<p><a href=\"mailto:lionella.fiorillo@storyfinders.it\" target=\"_blank\" rel=\"noreferrer noopener\">lionella.fiorillo@storyfinders.it<\/a>&nbsp;\/\/ +39 340 7364203<\/p>\n","protected":false},"excerpt":{"rendered":"<p>Il Festival Internazionale della Cinematografia Sociale Tulipani di Seta Nera&nbsp;celebra storie che parlano all\u2019anima Tutti i finalisti della 19\u00aa edizione [&hellip;]<\/p>\n","protected":false},"author":1,"featured_media":0,"comment_status":"open","ping_status":"open","sticky":false,"template":"","format":"standard","meta":{"footnotes":""},"categories":[2],"tags":[],"class_list":["post-89463","post","type-post","status-publish","format-standard","hentry","category-informacion"],"_links":{"self":[{"href":"https:\/\/www.ecoitaliano.com.ar\/index.php?rest_route=\/wp\/v2\/posts\/89463","targetHints":{"allow":["GET"]}}],"collection":[{"href":"https:\/\/www.ecoitaliano.com.ar\/index.php?rest_route=\/wp\/v2\/posts"}],"about":[{"href":"https:\/\/www.ecoitaliano.com.ar\/index.php?rest_route=\/wp\/v2\/types\/post"}],"author":[{"embeddable":true,"href":"https:\/\/www.ecoitaliano.com.ar\/index.php?rest_route=\/wp\/v2\/users\/1"}],"replies":[{"embeddable":true,"href":"https:\/\/www.ecoitaliano.com.ar\/index.php?rest_route=%2Fwp%2Fv2%2Fcomments&post=89463"}],"version-history":[{"count":1,"href":"https:\/\/www.ecoitaliano.com.ar\/index.php?rest_route=\/wp\/v2\/posts\/89463\/revisions"}],"predecessor-version":[{"id":89466,"href":"https:\/\/www.ecoitaliano.com.ar\/index.php?rest_route=\/wp\/v2\/posts\/89463\/revisions\/89466"}],"wp:attachment":[{"href":"https:\/\/www.ecoitaliano.com.ar\/index.php?rest_route=%2Fwp%2Fv2%2Fmedia&parent=89463"}],"wp:term":[{"taxonomy":"category","embeddable":true,"href":"https:\/\/www.ecoitaliano.com.ar\/index.php?rest_route=%2Fwp%2Fv2%2Fcategories&post=89463"},{"taxonomy":"post_tag","embeddable":true,"href":"https:\/\/www.ecoitaliano.com.ar\/index.php?rest_route=%2Fwp%2Fv2%2Ftags&post=89463"}],"curies":[{"name":"wp","href":"https:\/\/api.w.org\/{rel}","templated":true}]}}