{"id":89467,"date":"2026-04-28T11:00:24","date_gmt":"2026-04-28T11:00:24","guid":{"rendered":"https:\/\/www.ecoitaliano.com.ar\/?p=89467"},"modified":"2026-04-28T11:00:35","modified_gmt":"2026-04-28T11:00:35","slug":"educazione-digitale-a-internazionale-kids-a-reggio-emilia-il-progetto-europeo-per-famiglie-e-bambini","status":"publish","type":"post","link":"https:\/\/www.ecoitaliano.com.ar\/?p=89467","title":{"rendered":"Educazione digitale &#8211; A Internazionale Kids a Reggio Emilia il progetto europeo per famiglie e bambini"},"content":{"rendered":"\n<figure class=\"wp-block-table\"><table class=\"has-fixed-layout\"><tbody><tr><td><img decoding=\"async\" width=\"500\" height=\"auto\" src=\"https:\/\/ci3.googleusercontent.com\/meips\/ADKq_NZRhvgZ8LBDghAWVJAvKaNmVdcb8f3FmdqhKeOEzDRmgr9fnBhp6oEYBAq2dq_JiqXwkzM2cBlKiAW6N1BX5WXiRtNzpW8yOpy6pxy4TJXXT5AOLFs6LjzOEnq8Vgk-4WdvRoxuD5TN1FHmW5EpWcFJOcXQI4hedMfPo02aLOc=s0-d-e1-ft#https:\/\/customer67052g.img.musvc4.net\/static\/167051\/assets\/1\/Schermata%202026-04-28%20alle%2011.42.23.png\" alt=\"\"><br><strong>A Internazionale Kids a Reggio Emilia presentato il progetto SharedTime, una newsletter dedicata alle famiglie per lo sviluppo dell\u2019alfabetizzazione digitale<br><\/strong><a href=\"https:\/\/customer67052g.musvc4.net\/e\/tr?q=9%3d4dUf8Y%260%3dW%26q%3dZXf6%26M%3dOYAbO%26Q%3dkRHLv_PoyS_aY_NT1n_XI_PoyS_Zd9xQHKpCFb0hSXj.GAC.pSGRfb.BAw_PoyS_ZdOw9HEf_PoyS_ZdW9eXa4_PoyS_Zd7vQ3Pv_PoyS_ZdW_uyqv_5nuDdRGgsN_FwVx_Pa5hgIdE3_NT1n_X8ZXXCZT-f7-ZV_NT1n_X8ZX7w_PoyS_ZSXCYO.fA.cQ.FsC5%260%3dpSGRfb.BAw%26GG%3dZCbW%26Pv%3dZXX9hRXAYXa8bP%26D%3d7Z2AgaXZCBQ8fDTXieye5dPXhB3aAdUagYyWgg28gCzZ7d9yieQ7CgPa7ZUZ8gU7gbV0&amp;mupckp=mupAtu4m8OiX0wt\" target=\"_blank\" rel=\"noreferrer noopener\">Scarica l&#8217;immagine<\/a><strong>&#8211; L\u2019iniziativa coinvolge tre paesi &#8211; Spagna, Italia e Irlanda &#8211; ma ha l\u2019ambizione di estendersi a tutta l\u2019Unione europea- L\u2019obiettivo \u00e8 formare una nuova generazione di cittadini informati e responsabili<\/strong>Una newsletter per dare alle famiglie gli strumenti per esplorare e conoscere la sfera digitale e permettere ai bambini e alle bambine tra gli 8 e i 12 anni di sviluppare abitudini critiche e sicure. \u00c8 questo\u00a0<a href=\"https:\/\/customer67052g.musvc4.net\/e\/tr?q=8%3dGVAeKQ%26p%3dV%264%3dRDeI%26E%3d5XNT5%26P%3dxJxK9_HUxf_SE_MgsT_WV_HUxf_RJNx1v0tJmHu.5y_MgsT_WV%264%3dqP9LgY.45x%26D9%3dTDYO%26Jw%3dWPR0eJRBVPU96q1eYH%268%3diXLV5bqX56MT7Ar67eI6D0N3C8HTC7K18XGSjaMXi0t3D9O57dO469GQDaMRg6r3&amp;mupckp=mupAtu4m8OiX0wt\" target=\"_blank\" rel=\"noreferrer noopener\"><strong>SharedTime<\/strong><\/a>, il progetto finanziato dall\u2019Unione europea e dedicato agli adulti e ai pi\u00f9 piccoli per navigare insieme il mondo digitale, sviluppando competenze di alfabetizzazione mediatica e pensiero critico, che sar\u00e0\u00a0<strong>presentato per la prima volta a Internazionale Kids a Reggio Emilia<\/strong>.\u00a0<strong>Il progetto<\/strong>. Il progetto, che coinvolge tre Paesi &#8211; Spagna, Italia e Irlanda &#8211; si sviluppa attraverso una\u00a0<strong>newsletter mensile abbinata a una piattaforma web<\/strong>\u00a0che, nell\u2019arco di\u00a0<strong>dieci numeri<\/strong>, consentir\u00e0 alle famiglie di riconoscere la disinformazione e di discutere della sicurezza online con notizie, video, attivit\u00e0, giochi ed esercizi di fact-checking. L&#8217;obiettivo principale \u00e8 dunque quello di favorire esperienze di apprendimento condiviso che contrastino la disinformazione e rafforzino la consapevolezza digitale, connettendo famiglie, scuole e comunit\u00e0, con l\u2019ambizione di estendere il progetto a tutti i Paesi dell\u2019Unione europea per formare una nuova generazione di cittadini informati e responsabili.\u00a0<strong>I partner<\/strong>. Partner del progetto SharedTime sono:\u00a0<a href=\"https:\/\/customer67052g.musvc4.net\/e\/tr?q=4%3dLYTaPT%269%3dR%269%3dUWaN%26H%3dNTSWN%26L%3d3MGGD_Kntk_VX_Ilvm_Sa_Kntk_UcNHP.I6CB30x4G.4vM_Erns_Og%26y%3dFHJG6Q.EzM%266J%3dOcQZ%26EL%3dOaMYWUMa2v4xNaPXQS%263%3d826v73UxVzT1X2YP7R2PZy2wW22zVWSz52WUZzX1b27U5zSN9OYTXN5vU24TZ1Uy&amp;mupckp=mupAtu4m8OiX0wt\" target=\"_blank\" rel=\"noreferrer noopener\">Verificat<\/a>, associazione non profit con sede a Barcellona che si occupa di alfabetizzazione mediatica e fact-checking,\u00a0<a href=\"https:\/\/customer67052g.musvc4.net\/e\/tr?q=9%3dCXGfGS%26v%3dW%26z%3dTJfE%26G%3dAYJVA%26Q%3dtL4L5_Jayb_UK_NcuZ_XR_Jayb_TPS9O.sJ672JmRsKz3vA.uL_2wer_BlwAnO%26p%3dE5O85D.JqL%26sO%3dFbDe%266K%3d7m3kBfDXJZDZAfGWDX%26t%3dTJYHbIbCamYJalYq8H0CZB7DbF0rYCfJTCAmTlXo7pYGZJXGYkAmTFAFaIWr6ocC&amp;mupckp=mupAtu4m8OiX0wt\" target=\"_blank\" rel=\"noreferrer noopener\">Internazionale Kids<\/a>, il mensile per bambine e bambini dai 7 ai 13 anni che pubblica in italiano i migliori articoli, fumetti e giochi dai giornali per ragazzi di tutto il mondo,\u00a0<a href=\"https:\/\/customer67052g.musvc4.net\/e\/tr?q=9%3d8ZKfBU%26z%3dW%26u%3dVNf0%26I%3dEYEXE%26Q%3doN8Lz_LeyW_WO_NXwd_XM_LeyW_VTS4Q.7IpFs7u8zAhL2.9vG_6wZt_Fl%26k%3dG9O37H.JlN%26wO%3dAdHe%261M%3dFf9Z7h5oNZ9bEfBYHX%26o%3dVsZF6N9katc0ctblUJBE5MBkdsABUrZiULYG7qYicKADcMBiWGXEWtfm0oZ8dHB9&amp;mupckp=mupAtu4m8OiX0wt\" target=\"_blank\" rel=\"noreferrer noopener\">Smile and Learn<\/a>, piattaforma spagnola di contenuti digitali educativi per bambini dai 3 ai 12 anni,\u00a0<a href=\"https:\/\/customer67052g.musvc4.net\/e\/tr?q=4%3dCdFaGY%26u%3dR%26z%3dZIaE%26M%3d0TJb0%26L%3dtR3G5_PZtb_aJ_Ic1Y_SR_PZtb_ZON9U.o2oRj.EqU2_Ic1Y_SR%26B%3dvL5TlU.zC3%2605%3dbIUK%26R2%3dSLZEaFZGRLc2m9jDUD%26F%3dC6IDE7FbC6qDHRIgo2DcDXpeARnDEVEal6KYIWpBjUrDBWDCI5Ib03GYk3rZn4Dc&amp;mupckp=mupAtu4m8OiX0wt\" target=\"_blank\" rel=\"noreferrer noopener\">Facta<\/a>, testata italiana indipendente di fact-checking e debunking e\u00a0<a href=\"https:\/\/customer67052g.musvc4.net\/e\/tr?q=A%3dOVThSQ%269%3dY%26B%3dRWhQ%26E%3dNaVTN%26S%3d6JGNG_Hn1n_SX_Posm_Zd_Hn1n_RcUKM.zWz5EQy62I74F.G3_Hn1n_Rc%26B%3dAKFT1T.ACH%269F%3dbXTV%26RG%3dRWZTZ9y1xQZVQWcSTO%26F%3dUQPgUT1DUVRczVyY11yY2SxYUQSbRRWYzV1YVWUaW4xD15xfXW3BP129zZzC352b&amp;mupckp=mupAtu4m8OiX0wt\" target=\"_blank\" rel=\"noreferrer noopener\">CyberSafeKids<\/a>\u00a0organizzazione benefica irlandese che lavora per garantire ai bambini, genitori ed educatori di interagire con il mondo online in modo sicuro e consapevole.\u201c<em>L\u2019informazione che consumiamo ha un ruolo centrale nel modo in cui guardiamo il mondo e impariamo a vivere in una realt\u00e0 complessa. E il ruolo della famiglia \u00e8 fondamentale per sviluppare un rapporto sano e consapevole con l\u2019informazione. Fino a non molto tempo fa, in molte famiglie si guardavano insieme i telegiornali e i quotidiani giravano per casa, pronti per essere letti e commentati insieme. Oggi questo accade sempre meno, perci\u00f2 abbiamo voluto creare uno spazio condiviso di riflessione e di uso dell\u2019informazione: un momento comune in cui bambini e genitori possano informarsi su temi importanti e imparare a riconoscere ed evitare la disinformazione\u201d\u00a0<\/em>dice<strong>\u00a0Lorenzo Marini<\/strong>, cofondatore di Verificat.\u00a0<strong>Presentazione e incontri.\u00a0<\/strong>La presentazione ufficiale del progetto sar\u00e0 a Internazionale Kids a Reggio Emilia\u00a0<strong>sabato 9 maggio alle 12<\/strong>, alla Biblioteca delle arti, nell\u2019incontro dedicato agli adulti\u00a0<strong>Famiglie digitali<\/strong>. Ma al festival di Internazionale Kids ci saranno anche altri due incontri per entrare fin da subito nel vivo dell\u2019iniziativa: sempre\u00a0<strong>sabato alle 15.30<\/strong>, al Teatro Cavallerizza, ci sar\u00e0 l\u2019incontro rivolto a bambine e bambini, a cura di Verificat,\u00a0<strong>Non ci casco<\/strong>, per allenarsi a imparare a riconoscere le notizie false online e si<strong>\u00a0prosegue alle 16<\/strong>, alla Biblioteca delle arti, con un incontro per genitori e insegnanti<strong>\u00a0Ma \u00e8 vero?<\/strong>, a cura di Facta, in cui si discuter\u00e0 di strumenti e strategie per aiutare ragazze e ragazzi a distinguere il vero dal falso online, creando cos\u00ec un immaginario \u201clibretto d\u2019istruzioni\u201d per Internet.<img decoding=\"async\" width=\"250\" height=\"auto\" src=\"https:\/\/ci3.googleusercontent.com\/meips\/ADKq_Na71Uzw9p3hC5EqUlG6wv536w7WMqT64f7mwONZlhXaNYkOjiWVKYHDjkojq6YUXhv7rFS2rAyXcesHHq9Xn2TfI1IiVbjgx9RgmgcJYWjggaH1fomqPT8r0-jxTRypngzjjbQcPBaX8Tht=s0-d-e1-ft#https:\/\/customer67052g.img.musvc4.net\/static\/167051\/assets\/1\/Serotonina%20logo(0).jpg\" alt=\"\"><strong>Elena Giacchino<\/strong>+39 340 268 2776<strong>Florentina Ricciarelli<\/strong>+39 329 234 8154<strong>Silvia Bellucci<\/strong>+39 346 156 1637<\/td><\/tr><\/tbody><\/table><\/figure>\n","protected":false},"excerpt":{"rendered":"<p>A Internazionale Kids a Reggio Emilia presentato il progetto SharedTime, una newsletter dedicata alle famiglie per lo sviluppo dell\u2019alfabetizzazione digitaleScarica [&hellip;]<\/p>\n","protected":false},"author":1,"featured_media":0,"comment_status":"open","ping_status":"open","sticky":false,"template":"","format":"standard","meta":{"footnotes":""},"categories":[76],"tags":[],"class_list":["post-89467","post","type-post","status-publish","format-standard","hentry","category-education"],"_links":{"self":[{"href":"https:\/\/www.ecoitaliano.com.ar\/index.php?rest_route=\/wp\/v2\/posts\/89467","targetHints":{"allow":["GET"]}}],"collection":[{"href":"https:\/\/www.ecoitaliano.com.ar\/index.php?rest_route=\/wp\/v2\/posts"}],"about":[{"href":"https:\/\/www.ecoitaliano.com.ar\/index.php?rest_route=\/wp\/v2\/types\/post"}],"author":[{"embeddable":true,"href":"https:\/\/www.ecoitaliano.com.ar\/index.php?rest_route=\/wp\/v2\/users\/1"}],"replies":[{"embeddable":true,"href":"https:\/\/www.ecoitaliano.com.ar\/index.php?rest_route=%2Fwp%2Fv2%2Fcomments&post=89467"}],"version-history":[{"count":1,"href":"https:\/\/www.ecoitaliano.com.ar\/index.php?rest_route=\/wp\/v2\/posts\/89467\/revisions"}],"predecessor-version":[{"id":89468,"href":"https:\/\/www.ecoitaliano.com.ar\/index.php?rest_route=\/wp\/v2\/posts\/89467\/revisions\/89468"}],"wp:attachment":[{"href":"https:\/\/www.ecoitaliano.com.ar\/index.php?rest_route=%2Fwp%2Fv2%2Fmedia&parent=89467"}],"wp:term":[{"taxonomy":"category","embeddable":true,"href":"https:\/\/www.ecoitaliano.com.ar\/index.php?rest_route=%2Fwp%2Fv2%2Fcategories&post=89467"},{"taxonomy":"post_tag","embeddable":true,"href":"https:\/\/www.ecoitaliano.com.ar\/index.php?rest_route=%2Fwp%2Fv2%2Ftags&post=89467"}],"curies":[{"name":"wp","href":"https:\/\/api.w.org\/{rel}","templated":true}]}}