{"id":89474,"date":"2026-04-28T15:52:33","date_gmt":"2026-04-28T15:52:33","guid":{"rendered":"https:\/\/www.ecoitaliano.com.ar\/?p=89474"},"modified":"2026-04-28T15:52:34","modified_gmt":"2026-04-28T15:52:34","slug":"miss-mondo-anna-chessa-vince-la-finale-sarda-a-lagnata-di-tempio","status":"publish","type":"post","link":"https:\/\/www.ecoitaliano.com.ar\/?p=89474","title":{"rendered":"Miss Mondo: Anna Chessa vince la finale sarda a L\u2019Agnata di Tempio"},"content":{"rendered":"\n<p><strong>Con lei alla fase nazionale anche Nicole Monni, Daiana Batzella, Asia Concas, Ilaria Adelina Mura e Ginevra Stella De Petrini<\/strong><\/p>\n\n\n\n<figure class=\"wp-block-gallery has-nested-images columns-default is-cropped wp-block-gallery-1 is-layout-flex wp-block-gallery-is-layout-flex\">\n<figure class=\"wp-block-image size-large\"><a href=\"https:\/\/www.ecoitaliano.com.ar\/wp-content\/uploads\/2026\/04\/7b497dff-d1d0-44bc-9bc5-87addd656f4c.jpeg\"><img decoding=\"async\" width=\"1024\" height=\"790\" data-id=\"89475\" src=\"https:\/\/www.ecoitaliano.com.ar\/wp-content\/uploads\/2026\/04\/7b497dff-d1d0-44bc-9bc5-87addd656f4c-1024x790.jpeg\" alt=\"\" class=\"wp-image-89475\" srcset=\"https:\/\/www.ecoitaliano.com.ar\/wp-content\/uploads\/2026\/04\/7b497dff-d1d0-44bc-9bc5-87addd656f4c-1024x790.jpeg 1024w, https:\/\/www.ecoitaliano.com.ar\/wp-content\/uploads\/2026\/04\/7b497dff-d1d0-44bc-9bc5-87addd656f4c-300x231.jpeg 300w, https:\/\/www.ecoitaliano.com.ar\/wp-content\/uploads\/2026\/04\/7b497dff-d1d0-44bc-9bc5-87addd656f4c-768x592.jpeg 768w, https:\/\/www.ecoitaliano.com.ar\/wp-content\/uploads\/2026\/04\/7b497dff-d1d0-44bc-9bc5-87addd656f4c.jpeg 1290w\" sizes=\"(max-width: 1024px) 100vw, 1024px\" \/><\/a><\/figure>\n\n\n\n<figure class=\"wp-block-image size-large\"><a href=\"https:\/\/www.ecoitaliano.com.ar\/wp-content\/uploads\/2026\/04\/a8013ba8-b3fd-4f44-ace7-06f9c125b9cf.jpeg\"><img decoding=\"async\" width=\"1024\" height=\"666\" data-id=\"89476\" src=\"https:\/\/www.ecoitaliano.com.ar\/wp-content\/uploads\/2026\/04\/a8013ba8-b3fd-4f44-ace7-06f9c125b9cf-1024x666.jpeg\" alt=\"\" class=\"wp-image-89476\" srcset=\"https:\/\/www.ecoitaliano.com.ar\/wp-content\/uploads\/2026\/04\/a8013ba8-b3fd-4f44-ace7-06f9c125b9cf-1024x666.jpeg 1024w, https:\/\/www.ecoitaliano.com.ar\/wp-content\/uploads\/2026\/04\/a8013ba8-b3fd-4f44-ace7-06f9c125b9cf-300x195.jpeg 300w, https:\/\/www.ecoitaliano.com.ar\/wp-content\/uploads\/2026\/04\/a8013ba8-b3fd-4f44-ace7-06f9c125b9cf-768x499.jpeg 768w, https:\/\/www.ecoitaliano.com.ar\/wp-content\/uploads\/2026\/04\/a8013ba8-b3fd-4f44-ace7-06f9c125b9cf.jpeg 1290w\" sizes=\"(max-width: 1024px) 100vw, 1024px\" \/><\/a><\/figure>\n<\/figure>\n\n\n\n<p>Tempio 27 aprile, Anna Chessa \u00e8 la nuova Miss Mondo Sardegna: la giovane ventenne cagliaritana, studentessa universitaria, si \u00e8 aggiudicata la finale andata in scena domenica sera a L\u2019Agnata di De Andr\u00e8, e rappresenter\u00e0 l\u2019Isola all\u2019ultimo atto del concorso che si terr\u00e0 a partire dal 3 giugno a Gallipoli.<br>Con Anna Chessa parteciperanno alla fase finale del concorso anche Nicole Monni<br>Daiana Batzella, Asia Concas, Ilaria Adelina Mura, e Ginevra Stella De Petrini.<br>Tanti gli ospiti presenti alla serata, condotta ancora una volta da Anthony Peth, volto noto di vari programmi delle emittenti nazionali. Madrina d\u2019eccezione dell\u2019ultimo atto del concorso in Sardegna Sofia Viola, 22 anni, Miss Mondo Italia 2025, eletta lo scorso anno nella finale nazionale di Gallipoli, pronta a rappresentare il nostro Paese alla 75^ finale mondiale del concorso.<\/p>\n\n\n\n<p>La neo Miss Mondo Sardegna Anna Chessa \u00e8 pronta a rappresentare l\u2019Isola alla fase nazionale: \u201cVincere questo titolo \u00e8 un\u2019emozione indescrivibile: un insieme di felicit\u00e0, gratitudine e incredulit\u00e0. Portare la mia terra nel cuore e rappresentarla a Gallipoli \u00e8 per me un grande onore e una responsabilit\u00e0 che affronto con orgoglio. Dar\u00f2 il massimo per rendere fiera la Sardegna e vivere questa esperienza unica fino in fondo\u201d.<br>Per Alessia Ghisoni, l\u2019imprenditrice che da quest\u2019anno organizza Miss Mondo, e dal 2025 anche Miss Universo, non poteva esserci epilogo migliore: \u201c\u00c8 stato tutto perfetto, la finale non poteva che tenersi in un luogo magico e suggestivo come L\u2019Agnata di De Andr\u00e8, vorrei ringraziare Anthony Peth che ha condotto magistralmente tutte le tappe del concorso, tutte le persone che hanno lavorato a questo progetto, e le persone che ci hanno ospitato in questi mesi. Auguro alle nostre ragazze di fare tanta strada alla fase finale di Gallipoli, ma soprattutto di divertirsi\u201d.<\/p>\n\n\n\n<p>Ph Davide Atzei&nbsp;<\/p>\n","protected":false},"excerpt":{"rendered":"<p>Con lei alla fase nazionale anche Nicole Monni, Daiana Batzella, Asia Concas, Ilaria Adelina Mura e Ginevra Stella De Petrini [&hellip;]<\/p>\n","protected":false},"author":1,"featured_media":0,"comment_status":"open","ping_status":"open","sticky":false,"template":"","format":"standard","meta":{"footnotes":""},"categories":[33],"tags":[],"class_list":["post-89474","post","type-post","status-publish","format-standard","hentry","category-espectaculo"],"_links":{"self":[{"href":"https:\/\/www.ecoitaliano.com.ar\/index.php?rest_route=\/wp\/v2\/posts\/89474","targetHints":{"allow":["GET"]}}],"collection":[{"href":"https:\/\/www.ecoitaliano.com.ar\/index.php?rest_route=\/wp\/v2\/posts"}],"about":[{"href":"https:\/\/www.ecoitaliano.com.ar\/index.php?rest_route=\/wp\/v2\/types\/post"}],"author":[{"embeddable":true,"href":"https:\/\/www.ecoitaliano.com.ar\/index.php?rest_route=\/wp\/v2\/users\/1"}],"replies":[{"embeddable":true,"href":"https:\/\/www.ecoitaliano.com.ar\/index.php?rest_route=%2Fwp%2Fv2%2Fcomments&post=89474"}],"version-history":[{"count":1,"href":"https:\/\/www.ecoitaliano.com.ar\/index.php?rest_route=\/wp\/v2\/posts\/89474\/revisions"}],"predecessor-version":[{"id":89477,"href":"https:\/\/www.ecoitaliano.com.ar\/index.php?rest_route=\/wp\/v2\/posts\/89474\/revisions\/89477"}],"wp:attachment":[{"href":"https:\/\/www.ecoitaliano.com.ar\/index.php?rest_route=%2Fwp%2Fv2%2Fmedia&parent=89474"}],"wp:term":[{"taxonomy":"category","embeddable":true,"href":"https:\/\/www.ecoitaliano.com.ar\/index.php?rest_route=%2Fwp%2Fv2%2Fcategories&post=89474"},{"taxonomy":"post_tag","embeddable":true,"href":"https:\/\/www.ecoitaliano.com.ar\/index.php?rest_route=%2Fwp%2Fv2%2Ftags&post=89474"}],"curies":[{"name":"wp","href":"https:\/\/api.w.org\/{rel}","templated":true}]}}