{"id":89490,"date":"2026-04-28T21:13:24","date_gmt":"2026-04-28T21:13:24","guid":{"rendered":"https:\/\/www.ecoitaliano.com.ar\/?p=89490"},"modified":"2026-04-28T21:13:29","modified_gmt":"2026-04-28T21:13:29","slug":"serena-conduce-operaclassica-eco-italiano-5183","status":"publish","type":"post","link":"https:\/\/www.ecoitaliano.com.ar\/?p=89490","title":{"rendered":"Serena conduce operaclassica eco italiano"},"content":{"rendered":"\n<figure class=\"wp-block-image size-large is-resized\"><a href=\"https:\/\/www.ecoitaliano.com.ar\/wp-content\/uploads\/2026\/04\/image-37.png\"><img decoding=\"async\" width=\"1024\" height=\"331\" src=\"https:\/\/www.ecoitaliano.com.ar\/wp-content\/uploads\/2026\/04\/image-37-1024x331.png\" alt=\"\" class=\"wp-image-89491\" style=\"width:266px;height:auto\" srcset=\"https:\/\/www.ecoitaliano.com.ar\/wp-content\/uploads\/2026\/04\/image-37-1024x331.png 1024w, https:\/\/www.ecoitaliano.com.ar\/wp-content\/uploads\/2026\/04\/image-37-300x97.png 300w, https:\/\/www.ecoitaliano.com.ar\/wp-content\/uploads\/2026\/04\/image-37-768x248.png 768w, https:\/\/www.ecoitaliano.com.ar\/wp-content\/uploads\/2026\/04\/image-37-1536x496.png 1536w, https:\/\/www.ecoitaliano.com.ar\/wp-content\/uploads\/2026\/04\/image-37.png 1771w\" sizes=\"(max-width: 1024px) 100vw, 1024px\" \/><\/a><\/figure>\n\n\n\n<p>comunicato stampa<\/p>\n\n\n\n<p><strong>RAINER HONECK PRIMO VIOLINO DEI WIENER PHILHARMONIKER OSPITE DEI POMERIGGI MUSICALI CON IL SUO STRADIVARI<\/strong><\/p>\n\n\n\n<p><em>Una prima assoluta di Galante, una sinfonia Haydn e il concerto di Beethoven nel programma degli appuntamenti diretti da Alessandro Cadario al Teatro Dal Verme a Milano e al Teatro Giuditta Pasta a Saronno per il Circuito Sinfonico Lombardo<\/em><\/p>\n\n\n\n<p><strong>Milano, Teatro Dal Verme \/ 81a Stagione dei Pomeriggi Musicali<\/strong><\/p>\n\n\n\n<p>gioved\u00ec 30 aprile 2026, ore 10 (in anteprima) e ore 20<\/p>\n\n\n\n<p>sabato 2 maggio 2026, ore 17<\/p>\n\n\n\n<p><strong>Saronno (MB), Teatro Giuditta Pasta \/ Circuito Sinfonico Lombardo<\/strong><\/p>\n\n\n\n<p>Domenica 3 maggio 2026, ore 16<\/p>\n\n\n\n<p><\/p>\n\n\n\n<p>Un ospite di eccezione per i prossimi concerti dei Pomeriggi Musicali:&nbsp;<strong>Rainer Honeck, Konzertmeister dei Wiener Philharmoniker,&nbsp;<\/strong>sar\u00e0 interprete con l\u2019Orchestra diretta da&nbsp;<strong>Alessandro Cadario&nbsp;<\/strong>di un programma che affianca una prima esecuzione assoluta a due capisaldi del repertorio sinfonico e concertistico tra Sette e Ottocento.<\/p>\n\n\n\n<p>I concerti sono in programma&nbsp;<strong>gioved\u00ec 30 aprile (ore 20) &nbsp;e sabato 2 maggio (ore 17) al Teatro Dal Verme di Milano<\/strong>&nbsp;per l\u201981\u00b0 stagione della Fondazione I Pomeriggi Musicali, con anteprima per le scuole la mattina del 30 aprile (ore 10), e in replica&nbsp;<strong>domenica 3 maggio al Teatro Giuditta Pasta di Saronno nell\u2019ambito del Circuito Sinfonico Lombardo<\/strong>, progetto che vede l\u2019istituzione milanese impegnata nella diffusione del repertorio sinfonico sul territorio regionale, rafforzando il proprio ruolo di riferimento per l\u2019intera regione.<\/p>\n\n\n\n<p>Il programma si apre con&nbsp;<em>Liza<\/em>&nbsp;di Carlo Galante, commissione dei Pomeriggi Musicali in prima assoluta. Compositore tra i pi\u00f9 significativi della scena italiana contemporanea, Galante costruisce qui una pagina che nasce da un riferimento volutamente riconoscibile: l\u2019inciso della celebre bagattella beethoveniana Per Elisa, assunto come nucleo generativo di un percorso musicale in continua trasformazione. Lontano da ogni intento citazionistico, il frammento originario viene sottoposto a variazioni, sviluppi e metamorfosi che ne amplificano il potenziale espressivo, dando vita a una sorta di racconto sinfonico, sospeso tra memoria e reinvenzione, fino a una conclusione rarefatta e quasi immobile.<\/p>\n\n\n\n<p>Dal presente si torna al cuore del classicismo con la&nbsp;<em>Sinfonia n. 64 in La maggiore<\/em>&nbsp;Hob. I:64 \u201cTempora mutantur\u201d di Franz Joseph Haydn, pagina meno frequentata ma esemplare della maturit\u00e0 del compositore. Scritta negli anni Settanta del Settecento, durante il lungo servizio presso la corte degli Esterh\u00e1zy, la sinfonia rivela una straordinaria coerenza formale e una raffinata capacit\u00e0 di costruire contrasti dinamici e timbrici. Il titolo \u2013 probabilmente apocrifo ma suggestivo \u2013 richiama l\u2019idea del mutamento, che si traduce musicalmente in un continuo gioco di opposizioni tra piani sonori, registri e caratteri, culminando nel finale vivace e imprevedibile.<\/p>\n\n\n\n<p>La seconda parte \u00e8 interamente dedicata al&nbsp;<em>Concerto per violino e orchestra in Re maggiore&nbsp;<\/em>op. 61 di Ludwig van Beethoven, uno dei vertici assoluti della letteratura violinistica. Composto nel 1806 per il virtuoso Franz Clement, il brano si distingue per l\u2019ampiezza della forma e per una scrittura che privilegia il lirismo e la continuit\u00e0 del discorso musicale rispetto al virtuosismo spettacolare. Fin dall\u2019incipit, affidato ai celebri colpi di timpano, l\u2019opera sviluppa un linguaggio di grande respiro, in cui il violino dialoga con l\u2019orchestra in un rapporto di equilibrio e complicit\u00e0, culminando in un finale di carattere brillante e cantabile.<\/p>\n\n\n\n<p>Interprete di questo capolavoro sar\u00e0 Rainer Honeck, primo violino dei Wiener Philharmoniker dal 1992, protagonista di una carriera internazionale che lo vede esibirsi regolarmente come solista e camerista nelle principali sale da concerto del mondo. Collaboratore di direttori quali Muti, Gergiev, Mehta e Jansons, Honeck \u00e8 riconosciuto per la qualit\u00e0 del suono e la profondit\u00e0 interpretativa, caratteristiche che lo rendono uno degli interpreti pi\u00f9 autorevoli del repertorio classico e romantico.<\/p>\n\n\n\n<p>Sul podio Alessandro Cadario, presenza ben nota al pubblico dei Pomeriggi Musicali, di cui \u00e8 stato direttore ospite principale per diversi anni. Musicista eclettico e attento alla prassi esecutiva dei diversi repertori, Cadario affianca abitualmente il grande repertorio alla musica contemporanea, dirigendo prime assolute e progetti di nuova creazione.<\/p>\n\n\n\n<p><strong>CAMBIO SOLISTA<\/strong><\/p>\n\n\n\n<p>A causa di un infortunio, Alexander Lonquich non potr\u00e0 essere presente nei prossimi concerti del 7-9-10 maggio; sar\u00e0 sostituito da Louis Lortie.<\/p>\n\n\n\n<p>Milano, Teatro Dal Verme<\/p>\n\n\n\n<p>gioved\u00ec 30 aprile 2026, ore 10 (in anteprima) e ore 20<\/p>\n\n\n\n<p>sabato 2 maggio 2026, ore 17<\/p>\n\n\n\n<p>Saronno (MB), Teatro Giuditta Pasta<\/p>\n\n\n\n<p>domenica 3 maggio 2026 ore 16<\/p>\n\n\n\n<p>Violino Rainer Honeck<\/p>\n\n\n\n<p>Direttore Alessandro Cadario<\/p>\n\n\n\n<p>Orchestra I Pomeriggi Musicali<\/p>\n\n\n\n<p>Carlo Galante (1959)<\/p>\n\n\n\n<p>Liza<\/p>\n\n\n\n<p>prima esecuzione assoluta commissione dei Pomeriggi Musicali<\/p>\n\n\n\n<p>Franz Joseph Haydn (1732 \u20131809)<\/p>\n\n\n\n<p>Sinfonia n. 64 in La maggiore Hob. I:64 \u201cTempora mutantur<\/p>\n\n\n\n<p>Allegro con spirito<\/p>\n\n\n\n<p>Largo\u2013 Minuetto e Trio<\/p>\n\n\n\n<p>Finale: Presto<\/p>\n\n\n\n<p>Ludwig van Beethoven (1770 \u2013 1827)<\/p>\n\n\n\n<p>Concerto per violino e orchestra in Re maggiore op. 61<\/p>\n\n\n\n<p>Allegro ma non troppo<\/p>\n\n\n\n<p>Larghetto<\/p>\n\n\n\n<p>Rond\u00f2: Allegro<\/p>\n\n\n\n<p>Rainer Honeck violino<\/p>\n\n\n\n<p>Formatosi all\u2019Universit\u00e0 di Musica e Arti performative di Vienna, nel 1981 \u00e8 entrato come primo violino nell\u2019orchestra della Staatsoper e nel 1984 \u00e8 diventato membro dei Wiener Philharmoniker, dove nel 1992 \u00e8 stato nominato Konzertmeister. Accanto all\u2019attivit\u00e0 orchestrale, si esibisce come solista nelle maggiori sale da concerto in Europa, America e Asia. Tra gli impegni pi\u00f9 significativi figurano collaborazioni solistiche con i Wiener Philharmoniker, la London Symphony Orchestra, l\u2019Orchestra del Teatro Mariinskij e la Pittsburgh Symphony Orchestra, con direttori come&nbsp; Blomstedt, Bychkov, Dohn\u00e1nyi, Gatti, Gergiev, Jansons, Mehta, Muti, Petrenko e Tilson Thomas. Come leader dei Wiener Virtuosen e primo violino dell\u2019Ensemble Wien e della Chamber Orchestra Wien-Berlin, si dedica intensamente a progetti di musica da camera. Viene regolarmente invitato a dirigere complessi quali la Malm\u00f6 Symphony Orchestra, la Yomiuri Nippon Symphony Orchestra e la Nagoya Philharmonic Orchestra. La sua discografia comprende i Concerti per violino di Dvo\u0159\u00e1k e Mendelssohn, l\u2019integrale delle opere per violino e pianoforte di Schubert e i Concerti per violino di Mozart. Come Konzertmeister dei Wiener Philharmoniker, lo si pu\u00f2 ascoltare in Ein Heldenleben di Strauss diretto da Thielemann, in Sheherazade di Rimskij-Korsakov diretta da Ozawa e nella Missa solemnis di Beethoven diretta da Muti. Suona il violino Stradivari \u201cChaconne\u201d del 1725, messogli a disposizione dalla Banca Nazionale Austriaca.<\/p>\n\n\n\n<p>Alessandro Cadario direttore<\/p>\n\n\n\n<p>Formatosi al Conservatorio di Milano e all\u2019Accademia Chigiana di Siena, \u00e8 un musicista eclettico nel repertorio e attento alla prassi esecutiva dei diversi stili. Dirige concerti sinfonici, opere e balletti nelle stagioni dei principali enti lirici e festival italiani ed internazionali, salendo sul podio di importanti orchestre come quella del Teatro Mariinskij, del Teatro Regio di Torino, la Filarmonica di Monte-Carlo, la Filarmonica della Fenice, quelle del Comunale di Bologna, del Carlo Felice di Genova, del Massimo di Palermo, del Petruzzelli di Bari, l\u2019Orchestra Regionale della Toscana, l\u2019Orchestra Haydn, la Filarmonica Toscanini. Nel 2015 ha diretto alla Scala e, dal 2016 al 2024, \u00e8 stato Direttore ospite principale dell\u2019Orchestra I Pomeriggi Musicali. Nel 2017 \u00e8 stato scelto per dirigere il concerto istituzionale, trasmesso in diretta su Rai 1 dall\u2019Aula del Senato. Nella stagione 2020-2021 ha debuttato al Rossini Opera Festival con Il viaggio a Reims e ha diretto al Carlo Felice L\u2019elisir d\u2019amore e la Serva padrona abbinata a Trouble in Tahiti. Fra gli impegni recenti, la prima assoluta di Jeanne Dark di Fabio Vacchi al Maggio Musicale Fiorentino e impegni al Festival MiTo SettembreMusica, al Petruzzelli, al Massimo, alla Royal Opera House di Muscat, debutti al Bellini di Catania, all\u2019Op\u00e9ra Royal de Wallonie, a Caracalla, con la Filarmonica di Zagabria e con l\u2019Accademia della Scala, il ritorno all\u2019Opera di Roma per il Pipistrello di Johann Strauss. Rivolge molta attenzione anche alla musica contemporanea dirigendo prime assolute di autori come Fedele, Galante, Tutino, Campogrande, Vacchi, D\u2019Amico, Antonioni, Dardust.<\/p>\n\n\n\n<p>81a stagione 2025\/2026<\/p>\n\n\n\n<p>I biglietti per i singoli concerti hanno un costo da 13 a 23,50 euro (intero) e da 11 a 19 euro (ridotto). I biglietti per le prove generali \u201cIn anteprima\u201d hanno un costo unico di 12 euro.<\/p>\n\n\n\n<p>La riduzione \u00e8 valida per gli under 30, per gli over 60, gruppi, associazioni ed enti convenzionati.<\/p>\n\n\n\n<p>&nbsp;Biglietteria TicketOne &#8211; Teatro Dal Verme<\/p>\n\n\n\n<p>via San Giovanni sul Muro, 2 &#8211; 20121, Milano<\/p>\n\n\n\n<p>Tel.&nbsp;<a href=\"tel:+39%2002%2087%20905\">+39 02 87 905<\/a>&nbsp;\u2013&nbsp;<a href=\"https:\/\/florianatessitore.us12.list-manage.com\/track\/click?u=9aecf99759cc1d6c0a0ef9c1d&amp;id=a2cc9fd814&amp;e=cceb3c1a2f\" target=\"_blank\" rel=\"noreferrer noopener\">www.ipomeriggi.it<\/a><\/p>\n\n\n\n<p>La biglietteria del Teatro Dal Verme \u00e8 aperta da marted\u00ec a sabato ore 10-18<\/p>\n\n\n\n<p><a href=\"mailto:biglietteria@ipomeriggi.it\">biglietteria@ipomeriggi.it<\/a>&nbsp;\/ Tel.&nbsp;<a href=\"tel:+39%2002%2087905%20201\">+39 02 87905 201<\/a><\/p>\n\n\n\n<p>Acquista online&nbsp;<a href=\"https:\/\/florianatessitore.us12.list-manage.com\/track\/click?u=9aecf99759cc1d6c0a0ef9c1d&amp;id=763370f62f&amp;e=cceb3c1a2f\" target=\"_blank\" rel=\"noreferrer noopener\">www.ipomeriggi.it\/acquista<\/a>&nbsp;\/ &nbsp;<a href=\"https:\/\/florianatessitore.us12.list-manage.com\/track\/click?u=9aecf99759cc1d6c0a0ef9c1d&amp;id=cca9c35b3f&amp;e=cceb3c1a2f\" target=\"_blank\" rel=\"noreferrer noopener\">www.ticketone.it<\/a><\/p>\n\n\n\n<p><strong><em>Ufficio stampa<\/em><\/strong><br>Floriana Tessitore&nbsp;<a href=\"tel:+39%203387339981\">+39 3387339981<\/a><br>stampa@ipomeriggi.it<br>Fondazione I Pomeriggi Musicali<br>www.ipomeriggi.it<br>&nbsp;<\/p>\n\n\n\n<p>Milano, 28 aprile 2025 (f.t.)<\/p>\n\n\n\n<p>FONDAZIONE I POMERIGGI MUSICALI<br>Ufficio stampa<br>Via San Giovanni sul Muro, 2 &#8211; 20121 Milano<br>T. 02 87905; F. 02 87905291<br>www.ipomeriggi.it<\/p>\n\n\n\n<p><em>copyright \u00a9 2026 Tessitore Vitale, All rights reserved.<\/em><\/p>\n\n\n\n<p>foto<\/p>\n\n\n\n<figure class=\"wp-block-gallery has-nested-images columns-default is-cropped wp-block-gallery-1 is-layout-flex wp-block-gallery-is-layout-flex\">\n<figure class=\"wp-block-image\"><img decoding=\"async\" width=\"1550\" height=\"1242\" data-id=\"89492\" src=\"http:\/\/www.ecoitaliano.com.ar\/wp-content\/uploads\/2026\/04\/Honeck-Rainer.jpg\" alt=\"\" class=\"wp-image-89492\" srcset=\"https:\/\/www.ecoitaliano.com.ar\/wp-content\/uploads\/2026\/04\/Honeck-Rainer.jpg 1550w, https:\/\/www.ecoitaliano.com.ar\/wp-content\/uploads\/2026\/04\/Honeck-Rainer-300x240.jpg 300w, https:\/\/www.ecoitaliano.com.ar\/wp-content\/uploads\/2026\/04\/Honeck-Rainer-1024x821.jpg 1024w, https:\/\/www.ecoitaliano.com.ar\/wp-content\/uploads\/2026\/04\/Honeck-Rainer-768x615.jpg 768w, https:\/\/www.ecoitaliano.com.ar\/wp-content\/uploads\/2026\/04\/Honeck-Rainer-1536x1231.jpg 1536w\" sizes=\"(max-width: 1550px) 100vw, 1550px\" \/><\/figure>\n\n\n\n<figure class=\"wp-block-image\"><img decoding=\"async\" width=\"2560\" height=\"1707\" data-id=\"89493\" src=\"http:\/\/www.ecoitaliano.com.ar\/wp-content\/uploads\/2026\/04\/Foto-Orchestra-2022-ph-lorenza-daverio.jpg\" alt=\"\" class=\"wp-image-89493\" srcset=\"https:\/\/www.ecoitaliano.com.ar\/wp-content\/uploads\/2026\/04\/Foto-Orchestra-2022-ph-lorenza-daverio.jpg 2560w, https:\/\/www.ecoitaliano.com.ar\/wp-content\/uploads\/2026\/04\/Foto-Orchestra-2022-ph-lorenza-daverio-300x200.jpg 300w, https:\/\/www.ecoitaliano.com.ar\/wp-content\/uploads\/2026\/04\/Foto-Orchestra-2022-ph-lorenza-daverio-1024x683.jpg 1024w, https:\/\/www.ecoitaliano.com.ar\/wp-content\/uploads\/2026\/04\/Foto-Orchestra-2022-ph-lorenza-daverio-768x512.jpg 768w, https:\/\/www.ecoitaliano.com.ar\/wp-content\/uploads\/2026\/04\/Foto-Orchestra-2022-ph-lorenza-daverio-1536x1024.jpg 1536w, https:\/\/www.ecoitaliano.com.ar\/wp-content\/uploads\/2026\/04\/Foto-Orchestra-2022-ph-lorenza-daverio-2048x1366.jpg 2048w\" sizes=\"(max-width: 2560px) 100vw, 2560px\" \/><\/figure>\n\n\n\n<figure class=\"wp-block-image\"><img decoding=\"async\" width=\"1707\" height=\"2560\" data-id=\"89494\" src=\"http:\/\/www.ecoitaliano.com.ar\/wp-content\/uploads\/2026\/04\/alessandro-cadario11-ph-Lorenza-Daverio-1.jpg\" alt=\"\" class=\"wp-image-89494\" srcset=\"https:\/\/www.ecoitaliano.com.ar\/wp-content\/uploads\/2026\/04\/alessandro-cadario11-ph-Lorenza-Daverio-1.jpg 1707w, https:\/\/www.ecoitaliano.com.ar\/wp-content\/uploads\/2026\/04\/alessandro-cadario11-ph-Lorenza-Daverio-1-200x300.jpg 200w, https:\/\/www.ecoitaliano.com.ar\/wp-content\/uploads\/2026\/04\/alessandro-cadario11-ph-Lorenza-Daverio-1-683x1024.jpg 683w, https:\/\/www.ecoitaliano.com.ar\/wp-content\/uploads\/2026\/04\/alessandro-cadario11-ph-Lorenza-Daverio-1-768x1152.jpg 768w, https:\/\/www.ecoitaliano.com.ar\/wp-content\/uploads\/2026\/04\/alessandro-cadario11-ph-Lorenza-Daverio-1-1024x1536.jpg 1024w, https:\/\/www.ecoitaliano.com.ar\/wp-content\/uploads\/2026\/04\/alessandro-cadario11-ph-Lorenza-Daverio-1-1366x2048.jpg 1366w\" sizes=\"(max-width: 1707px) 100vw, 1707px\" \/><\/figure>\n<\/figure>\n","protected":false},"excerpt":{"rendered":"<p>comunicato stampa RAINER HONECK PRIMO VIOLINO DEI WIENER PHILHARMONIKER OSPITE DEI POMERIGGI MUSICALI CON IL SUO STRADIVARI Una prima assoluta [&hellip;]<\/p>\n","protected":false},"author":1,"featured_media":0,"comment_status":"open","ping_status":"open","sticky":false,"template":"","format":"standard","meta":{"footnotes":""},"categories":[1],"tags":[],"class_list":["post-89490","post","type-post","status-publish","format-standard","hentry","category-sin-categoria"],"_links":{"self":[{"href":"https:\/\/www.ecoitaliano.com.ar\/index.php?rest_route=\/wp\/v2\/posts\/89490","targetHints":{"allow":["GET"]}}],"collection":[{"href":"https:\/\/www.ecoitaliano.com.ar\/index.php?rest_route=\/wp\/v2\/posts"}],"about":[{"href":"https:\/\/www.ecoitaliano.com.ar\/index.php?rest_route=\/wp\/v2\/types\/post"}],"author":[{"embeddable":true,"href":"https:\/\/www.ecoitaliano.com.ar\/index.php?rest_route=\/wp\/v2\/users\/1"}],"replies":[{"embeddable":true,"href":"https:\/\/www.ecoitaliano.com.ar\/index.php?rest_route=%2Fwp%2Fv2%2Fcomments&post=89490"}],"version-history":[{"count":1,"href":"https:\/\/www.ecoitaliano.com.ar\/index.php?rest_route=\/wp\/v2\/posts\/89490\/revisions"}],"predecessor-version":[{"id":89495,"href":"https:\/\/www.ecoitaliano.com.ar\/index.php?rest_route=\/wp\/v2\/posts\/89490\/revisions\/89495"}],"wp:attachment":[{"href":"https:\/\/www.ecoitaliano.com.ar\/index.php?rest_route=%2Fwp%2Fv2%2Fmedia&parent=89490"}],"wp:term":[{"taxonomy":"category","embeddable":true,"href":"https:\/\/www.ecoitaliano.com.ar\/index.php?rest_route=%2Fwp%2Fv2%2Fcategories&post=89490"},{"taxonomy":"post_tag","embeddable":true,"href":"https:\/\/www.ecoitaliano.com.ar\/index.php?rest_route=%2Fwp%2Fv2%2Ftags&post=89490"}],"curies":[{"name":"wp","href":"https:\/\/api.w.org\/{rel}","templated":true}]}}