{"id":89505,"date":"2026-04-29T11:04:10","date_gmt":"2026-04-29T11:04:10","guid":{"rendered":"https:\/\/www.ecoitaliano.com.ar\/?p=89505"},"modified":"2026-04-29T11:04:10","modified_gmt":"2026-04-29T11:04:10","slug":"tra-la-gente-2","status":"publish","type":"post","link":"https:\/\/www.ecoitaliano.com.ar\/?p=89505","title":{"rendered":"TRA LA GENTE"},"content":{"rendered":"<div class=\"wp-block-image\">\n<figure class=\"aligncenter size-large is-resized\"><a href=\"http:\/\/www.ecoitaliano.com.ar\/wp-content\/uploads\/2026\/04\/stefano-pucci-com.jpg\"><img decoding=\"async\" width=\"858\" height=\"1024\" src=\"http:\/\/www.ecoitaliano.com.ar\/wp-content\/uploads\/2026\/04\/stefano-pucci-com-858x1024.jpg\" alt=\"\" class=\"wp-image-89506\" style=\"width:357px;height:auto\" srcset=\"https:\/\/www.ecoitaliano.com.ar\/wp-content\/uploads\/2026\/04\/stefano-pucci-com-858x1024.jpg 858w, https:\/\/www.ecoitaliano.com.ar\/wp-content\/uploads\/2026\/04\/stefano-pucci-com-251x300.jpg 251w, https:\/\/www.ecoitaliano.com.ar\/wp-content\/uploads\/2026\/04\/stefano-pucci-com-768x916.jpg 768w, https:\/\/www.ecoitaliano.com.ar\/wp-content\/uploads\/2026\/04\/stefano-pucci-com.jpg 1284w\" sizes=\"(max-width: 858px) 100vw, 858px\" \/><\/a><\/figure><\/div>\n\n\n<p>Comitato tra la gente: sicurezza e vivibilit\u00e0 si costruiscono con il dialogo, non con le chiusure<\/p>\n\n\n\n<p>Negli ultimi tempi si sta parlando molto del futuro del nostro territorio, spesso per\u00f2 senza ascoltare davvero chi lo vive ogni giorno. Come comitato, sentiamo il dovere di riportare l\u2019attenzione su un punto fondamentale: le soluzioni non possono essere calate dall\u2019alto, ma devono nascere dal confronto diretto con cittadini, lavoratori e realt\u00e0 locali.<\/p>\n\n\n\n<p>In questo senso, riteniamo importante valorizzare tutte quelle persone che si stanno impegnando concretamente. Questi momenti di confronto dimostrano che esiste una volont\u00e0 reale di costruire ponti, affrontare i problemi alla radice e trovare soluzioni condivise, invece di limitarsi a interventi superficiali.<\/p>\n\n\n\n<p>Proprio per questo motivo, non possiamo condividere scelte come la chiusura anticipata delle attivit\u00e0. Si tratta di provvedimenti che, oltre a non risolvere i problemi di sicurezza, finiscono per colpire duramente il tessuto economico locale. I commercianti e gli esercenti sono parte integrante della vita del quartiere: penalizzarli significa indebolire la presenza sul territorio e, paradossalmente, ridurre proprio quel presidio sociale che contribuisce alla sicurezza.<\/p>\n\n\n\n<p>Una citt\u00e0 vissuta, frequentata e attiva \u00e8 una citt\u00e0 pi\u00f9 controllata, pi\u00f9 viva e pi\u00f9 sicura. Al contrario, svuotare le strade rischia di creare spazi di degrado, aumentando le criticit\u00e0 invece di ridurle.<\/p>\n\n\n\n<p>Crediamo invece che la strada giusta sia un\u2019altra: investire su una maggiore presenza e collaborazione con le forze dell\u2019ordine, rafforzando il dialogo tra istituzioni, cittadini e attivit\u00e0 commerciali. Quando esiste un lavoro coordinato e condiviso, i risultati si vedono davvero. La sicurezza non si ottiene con divieti generalizzati, ma con presenza, ascolto e interventi mirati.<\/p>\n\n\n\n<p>Decisioni affrettate, prese senza un reale confronto, rischiano solo di peggiorare la situazione. Generano sfiducia, tensioni e difficolt\u00e0 economiche, senza portare benefici concreti alla collettivit\u00e0.<\/p>\n\n\n\n<p>Come comitato vogliamo essere, prima di tutto, tra la gente. Il nostro obiettivo \u00e8 ascoltare, raccogliere le esigenze reali e trasformarle in proposte concrete. Crediamo in un modello di partecipazione attiva, dove ogni voce conta e dove le soluzioni nascono dal basso, attraverso il confronto e la collaborazione.<\/p>\n\n\n\n<p>Il territorio ha bisogno di equilibrio, non di misure drastiche. Ha bisogno di presenza, non di vuoti. Ha bisogno di dialogo, non di imposizioni.<\/p>\n\n\n\n<p>Noi continueremo a lavorare in questa direzione.<\/p>\n\n\n\n<blockquote class=\"wp-block-quote is-layout-flow wp-block-quote-is-layout-flow\">\n<blockquote class=\"wp-block-quote is-layout-flow wp-block-quote-is-layout-flow\">\n<blockquote class=\"wp-block-quote is-layout-flow wp-block-quote-is-layout-flow\">\n<blockquote class=\"wp-block-quote is-layout-flow wp-block-quote-is-layout-flow\">\n<blockquote class=\"wp-block-quote is-layout-flow wp-block-quote-is-layout-flow\">\n<blockquote class=\"wp-block-quote is-layout-flow wp-block-quote-is-layout-flow\">\n<blockquote class=\"wp-block-quote is-layout-flow wp-block-quote-is-layout-flow\">\n<blockquote class=\"wp-block-quote is-layout-flow wp-block-quote-is-layout-flow\">\n<blockquote class=\"wp-block-quote is-layout-flow wp-block-quote-is-layout-flow\">\n<blockquote class=\"wp-block-quote is-layout-flow wp-block-quote-is-layout-flow\">\n<p>&nbsp;Tara comunicazione&nbsp;<\/p>\n<\/blockquote>\n<\/blockquote>\n<\/blockquote>\n<\/blockquote>\n<\/blockquote>\n<\/blockquote>\n<\/blockquote>\n<\/blockquote>\n<\/blockquote>\n<\/blockquote>\n","protected":false},"excerpt":{"rendered":"<p>Comitato tra la gente: sicurezza e vivibilit\u00e0 si costruiscono con il dialogo, non con le chiusure Negli ultimi tempi si [&hellip;]<\/p>\n","protected":false},"author":1,"featured_media":0,"comment_status":"open","ping_status":"open","sticky":false,"template":"","format":"standard","meta":{"footnotes":""},"categories":[2],"tags":[],"class_list":["post-89505","post","type-post","status-publish","format-standard","hentry","category-informacion"],"_links":{"self":[{"href":"https:\/\/www.ecoitaliano.com.ar\/index.php?rest_route=\/wp\/v2\/posts\/89505","targetHints":{"allow":["GET"]}}],"collection":[{"href":"https:\/\/www.ecoitaliano.com.ar\/index.php?rest_route=\/wp\/v2\/posts"}],"about":[{"href":"https:\/\/www.ecoitaliano.com.ar\/index.php?rest_route=\/wp\/v2\/types\/post"}],"author":[{"embeddable":true,"href":"https:\/\/www.ecoitaliano.com.ar\/index.php?rest_route=\/wp\/v2\/users\/1"}],"replies":[{"embeddable":true,"href":"https:\/\/www.ecoitaliano.com.ar\/index.php?rest_route=%2Fwp%2Fv2%2Fcomments&post=89505"}],"version-history":[{"count":1,"href":"https:\/\/www.ecoitaliano.com.ar\/index.php?rest_route=\/wp\/v2\/posts\/89505\/revisions"}],"predecessor-version":[{"id":89507,"href":"https:\/\/www.ecoitaliano.com.ar\/index.php?rest_route=\/wp\/v2\/posts\/89505\/revisions\/89507"}],"wp:attachment":[{"href":"https:\/\/www.ecoitaliano.com.ar\/index.php?rest_route=%2Fwp%2Fv2%2Fmedia&parent=89505"}],"wp:term":[{"taxonomy":"category","embeddable":true,"href":"https:\/\/www.ecoitaliano.com.ar\/index.php?rest_route=%2Fwp%2Fv2%2Fcategories&post=89505"},{"taxonomy":"post_tag","embeddable":true,"href":"https:\/\/www.ecoitaliano.com.ar\/index.php?rest_route=%2Fwp%2Fv2%2Ftags&post=89505"}],"curies":[{"name":"wp","href":"https:\/\/api.w.org\/{rel}","templated":true}]}}