{"id":89541,"date":"2026-04-30T22:33:25","date_gmt":"2026-04-30T22:33:25","guid":{"rendered":"https:\/\/www.ecoitaliano.com.ar\/?p=89541"},"modified":"2026-04-30T22:33:27","modified_gmt":"2026-04-30T22:33:27","slug":"serena-conduce-operaclassica-eco-italiano-5185","status":"publish","type":"post","link":"https:\/\/www.ecoitaliano.com.ar\/?p=89541","title":{"rendered":"Serena conduce operaclassica eco italiano"},"content":{"rendered":"\n<figure class=\"wp-block-image size-full is-resized\"><a href=\"https:\/\/www.ecoitaliano.com.ar\/wp-content\/uploads\/2026\/04\/image-38.png\"><img decoding=\"async\" width=\"756\" height=\"115\" src=\"https:\/\/www.ecoitaliano.com.ar\/wp-content\/uploads\/2026\/04\/image-38.png\" alt=\"\" class=\"wp-image-89542\" style=\"width:389px;height:auto\" srcset=\"https:\/\/www.ecoitaliano.com.ar\/wp-content\/uploads\/2026\/04\/image-38.png 756w, https:\/\/www.ecoitaliano.com.ar\/wp-content\/uploads\/2026\/04\/image-38-300x46.png 300w\" sizes=\"(max-width: 756px) 100vw, 756px\" \/><\/a><\/figure>\n\n\n\n<p>Comunicato stampa&nbsp;<\/p>\n\n\n\n<p><strong>XIV EDIZIONE DEL PREMIO CANTELLI: PROROGATO AL 20 MAGGIO IL TERMINE PER ISCRIVERSI<\/strong>&nbsp;<\/p>\n\n\n\n<p><em>\u00c8 stata estesa la scadenza per candidarsi al concorso internazionale di direzione d\u2019orchestra che si svolger\u00e0 tra Milano e Novara dal 1\u00b0 al 4 ottobre<\/em>&nbsp;<\/p>\n\n\n\n<p>Giovani direttori e direttrici d\u2019orchestra&nbsp;<strong>avranno tempo fino al 20 maggio per iscriversi alla<\/strong>&nbsp;<strong>XIV edizione del Premio Internazionale di Direzione d\u2019Orchestra \u201cGuido Cantelli\u201d<\/strong>&nbsp;promosso dalla Fondazione Teatro Coccia di Novara. Tra i pi\u00f9 prestigiosi concorsi dedicati ai talenti del podio, l\u2019edizione 2026 \u2013 che si svolger\u00e0 dal 1\u00b0 al 4 ottobre \u2013 ricorre nel settantesimo anniversario della scomparsa del grande direttore novarese a cui il Premio \u00e8 dedicato, pupillo ed erede artistico di Arturo Toscanini e figura ancora oggi di riferimento per generazioni di musicisti. Il termine per le candidature&nbsp;era inizialmente fissato al 30 aprile.&nbsp;<strong>Possono partecipare direttori d\u2019orchestra di ambo i sessi di qualsiasi nazionalit\u00e0 e con un\u2019et\u00e0 compresa tra i diciotto e i trentacinque anni.&nbsp;<\/strong>La fase di preselezione avverr\u00e0 sulla base di registrazioni video inviate dai candidati secondo le modalit\u00e0 indicate nel bando disponibile sul sito&nbsp;<a href=\"https:\/\/www.premiocantelli.it\/\" target=\"_blank\" rel=\"noreferrer noopener\">www.premiocantelli.it<\/a>, mentre i nominativi dei concorrenti ammessi alle prove eliminatorie saranno annunciati, sempre sul sito del Premio, nella settimana del 21 giugno.&nbsp;<\/p>\n\n\n\n<p>Le diverse fasi del concorso si svolgeranno cos\u00ec suddivise:&nbsp;<strong>dal&nbsp;1\u00b0 al 3 ottobre<\/strong>, le prove eliminatorie e semifinali, a Milano presso l\u2019Auditorium Fondazione Cariplo; la finale si svolger\u00e0 invece il&nbsp;<strong>4 ottobre<\/strong>&nbsp;al Teatro Coccia di Novara, e sar\u00e0 un concerto aperto al pubblico. I concorrenti affronteranno tutte le prove sul podio dell\u2019Orchestra Sinfonica di Milano, partner del Premio Cantelli. Per il&nbsp;<strong>Primo Premio la somma \u00e8 di 12.000 euro, per il Secondo premio \u00e8 di 8.000 euro e per il Terzo premio di 5.000 euro<\/strong>.&nbsp;<\/p>\n\n\n\n<p>I concorrenti ammessi alle prove eliminatorie della XIV edizione del Premio Cantelli saranno valutati da una&nbsp;<strong>giuria internazionale di altissimo profilo<\/strong>, composta da personalit\u00e0 provenienti da&nbsp;<strong>sette nazioni e tre continenti<\/strong>&nbsp;e rappresentative di&nbsp;<strong>alcune delle pi\u00f9 prestigiose istituzioni musicali al mondo<\/strong>. A presiederla sar\u00e0&nbsp;<strong>Donato Renzetti<\/strong>, gi\u00e0 vincitore del Premio nel 1980, affiancato da&nbsp;<strong>Roanna&nbsp;Gibson&nbsp;<\/strong>(Concerts&nbsp;&amp; Planning Director della London Philharmonic Orchestra),&nbsp;<strong>Didier de&nbsp;Cottignies<\/strong>&nbsp;(Direttore artistico dell\u2019Orchestre&nbsp;Philharmonique&nbsp;de Monte-Carlo),&nbsp;<strong>Riccardo Frizza<\/strong>&nbsp;(Direttore musicale e direttore artistico del Donizetti Opera di Bergamo oltre che direttore onorario della Hungarian Radio Symphony Orchestra and Choir),&nbsp;<strong>Patrick&nbsp;Fournillier&nbsp;<\/strong>(Direttore musicale dell\u2019Opera Nazionale di Varsavia),&nbsp;<strong>Cristina Rocca<\/strong>&nbsp;(Vice presidente della Chicago Symphony Orchestra),&nbsp;<strong>Corrado Rovaris<\/strong>&nbsp;(Direttore musicale dell\u2019Opera Philadelphia) e&nbsp;<strong>Ryuichiro&nbsp;Sonoda<\/strong>&nbsp;(Direttore artistico della Fujisawa City Opera e Direttore principale della Pacific Philharmonia Tokyo).&nbsp;&nbsp;<\/p>\n\n\n\n<p>Accanto a questa giuria principale operano altre cinque giurie, che assegneranno ciascuna un premio dedicato. La&nbsp;<strong>Giuria della Critica, la Giuria del Management e delle Agenzie, la Giuria della Citt\u00e0, la Giuria degli Amici del Teatro Coccia, Giuria Giovani &#8211; Empatia<\/strong>, composta da studenti del Conservatorio e da giovani appassionati del progetto \u201cGiovani dietro le quinte\u201d, ambasciatori under 35 del Teatro Coccia di Novara.&nbsp;<\/p>\n\n\n\n<p>Il programma delle semifinali e delle finali includer\u00e0 anche quest\u2019anno un brano inedito, selezionato attraverso una Call per compositori aperta a candidati di qualsiasi nazionalit\u00e0 e senza limiti di et\u00e0. La nuova composizione sinfonica dovr\u00e0 rispettare l\u2019organico indicato nel regolamento e avere una durata compresa tra 8 e 12 minuti. Tutte le informazioni relative alla Call sono disponibili sul sito&nbsp;<a href=\"https:\/\/www.premiocantelli.it\/\" target=\"_blank\" rel=\"noreferrer noopener\">www.premiocantelli.it<\/a>. Le iscrizioni chiuderanno il 12 giugno.&nbsp;<br>&nbsp;<br>Regolamenti e informazioni disponibili su:&nbsp;<\/p>\n\n\n\n<p><a href=\"https:\/\/www.premiocantelli.it\/\" target=\"_blank\" rel=\"noreferrer noopener\">www.premiocantelli.it<\/a>&nbsp;<\/p>\n\n\n\n<p>29.04.2026&nbsp;<\/p>\n\n\n\n<p><\/p>\n\n\n\n<p><em>Skill&amp;Music&nbsp;&#8211; ufficio stampa<\/em>&nbsp;<\/p>\n\n\n\n<p><em>Alissa Balocco<\/em>&nbsp;<\/p>\n\n\n\n<p><a href=\"mailto:alissa@skillandmusic.com\" target=\"_blank\" rel=\"noreferrer noopener\"><em>alissa@skillandmusic.com<\/em><\/a><em>&nbsp;<\/em>&nbsp;<\/p>\n\n\n\n<p><a href=\"mailto:info@skillandmusic.com\" target=\"_blank\" rel=\"noreferrer noopener\"><em>info@skillandmusic.com<\/em><\/a><em>&nbsp;<\/em>&nbsp;<\/p>\n\n\n\n<p>foto di Min\u00a0Gyu\u00a0Song, vincitore della XIII edizione (2024)<\/p>\n\n\n\n<p>credito di Mario Finotti\u00a0<\/p>\n\n\n\n<figure class=\"wp-block-gallery has-nested-images columns-default is-cropped wp-block-gallery-1 is-layout-flex wp-block-gallery-is-layout-flex\">\n<figure class=\"wp-block-image size-large\"><a href=\"https:\/\/www.ecoitaliano.com.ar\/wp-content\/uploads\/2026\/04\/Min-Gyu-Song_ph.-Mario-Finotti.jpg\"><img decoding=\"async\" width=\"1024\" height=\"664\" data-id=\"89543\" src=\"https:\/\/www.ecoitaliano.com.ar\/wp-content\/uploads\/2026\/04\/Min-Gyu-Song_ph.-Mario-Finotti-1024x664.jpg\" alt=\"\" class=\"wp-image-89543\" srcset=\"https:\/\/www.ecoitaliano.com.ar\/wp-content\/uploads\/2026\/04\/Min-Gyu-Song_ph.-Mario-Finotti-1024x664.jpg 1024w, https:\/\/www.ecoitaliano.com.ar\/wp-content\/uploads\/2026\/04\/Min-Gyu-Song_ph.-Mario-Finotti-300x194.jpg 300w, https:\/\/www.ecoitaliano.com.ar\/wp-content\/uploads\/2026\/04\/Min-Gyu-Song_ph.-Mario-Finotti-768x498.jpg 768w, https:\/\/www.ecoitaliano.com.ar\/wp-content\/uploads\/2026\/04\/Min-Gyu-Song_ph.-Mario-Finotti-1536x995.jpg 1536w, https:\/\/www.ecoitaliano.com.ar\/wp-content\/uploads\/2026\/04\/Min-Gyu-Song_ph.-Mario-Finotti-2048x1327.jpg 2048w\" sizes=\"(max-width: 1024px) 100vw, 1024px\" \/><\/a><\/figure>\n<\/figure>\n\n\n\n<p>foto di\u00a0Tianyi\u00a0Lu, vincitrice della XI edizione (2020)<\/p>\n\n\n\n<p>credito da citare obbligatoriamente: Mario Finotti\u00a0<\/p>\n\n\n\n<figure class=\"wp-block-gallery has-nested-images columns-default is-cropped wp-block-gallery-2 is-layout-flex wp-block-gallery-is-layout-flex\">\n<figure class=\"wp-block-image size-large\"><a href=\"https:\/\/www.ecoitaliano.com.ar\/wp-content\/uploads\/2026\/04\/Tianyi-Lu_ph.-Mario-Finotti.jpg\"><img decoding=\"async\" width=\"1024\" height=\"711\" data-id=\"89544\" src=\"https:\/\/www.ecoitaliano.com.ar\/wp-content\/uploads\/2026\/04\/Tianyi-Lu_ph.-Mario-Finotti-1024x711.jpg\" alt=\"\" class=\"wp-image-89544\" srcset=\"https:\/\/www.ecoitaliano.com.ar\/wp-content\/uploads\/2026\/04\/Tianyi-Lu_ph.-Mario-Finotti-1024x711.jpg 1024w, https:\/\/www.ecoitaliano.com.ar\/wp-content\/uploads\/2026\/04\/Tianyi-Lu_ph.-Mario-Finotti-300x208.jpg 300w, https:\/\/www.ecoitaliano.com.ar\/wp-content\/uploads\/2026\/04\/Tianyi-Lu_ph.-Mario-Finotti-768x533.jpg 768w, https:\/\/www.ecoitaliano.com.ar\/wp-content\/uploads\/2026\/04\/Tianyi-Lu_ph.-Mario-Finotti-1536x1067.jpg 1536w, https:\/\/www.ecoitaliano.com.ar\/wp-content\/uploads\/2026\/04\/Tianyi-Lu_ph.-Mario-Finotti-2048x1422.jpg 2048w\" sizes=\"(max-width: 1024px) 100vw, 1024px\" \/><\/a><\/figure>\n<\/figure>\n\n\n\n<figure class=\"wp-block-gallery has-nested-images columns-default is-cropped wp-block-gallery-3 is-layout-flex wp-block-gallery-is-layout-flex\">\n<figure class=\"wp-block-image size-large\"><a href=\"https:\/\/www.ecoitaliano.com.ar\/wp-content\/uploads\/2026\/04\/Guido-Cantelli-c-Foto-darchivio-del-Conservatorio-di-Novara.jpg\"><img decoding=\"async\" width=\"1024\" height=\"757\" data-id=\"89545\" src=\"https:\/\/www.ecoitaliano.com.ar\/wp-content\/uploads\/2026\/04\/Guido-Cantelli-c-Foto-darchivio-del-Conservatorio-di-Novara-1024x757.jpg\" alt=\"\" class=\"wp-image-89545\" srcset=\"https:\/\/www.ecoitaliano.com.ar\/wp-content\/uploads\/2026\/04\/Guido-Cantelli-c-Foto-darchivio-del-Conservatorio-di-Novara-1024x757.jpg 1024w, https:\/\/www.ecoitaliano.com.ar\/wp-content\/uploads\/2026\/04\/Guido-Cantelli-c-Foto-darchivio-del-Conservatorio-di-Novara-300x222.jpg 300w, https:\/\/www.ecoitaliano.com.ar\/wp-content\/uploads\/2026\/04\/Guido-Cantelli-c-Foto-darchivio-del-Conservatorio-di-Novara-768x568.jpg 768w, https:\/\/www.ecoitaliano.com.ar\/wp-content\/uploads\/2026\/04\/Guido-Cantelli-c-Foto-darchivio-del-Conservatorio-di-Novara-1536x1136.jpg 1536w, https:\/\/www.ecoitaliano.com.ar\/wp-content\/uploads\/2026\/04\/Guido-Cantelli-c-Foto-darchivio-del-Conservatorio-di-Novara-2048x1514.jpg 2048w\" sizes=\"(max-width: 1024px) 100vw, 1024px\" \/><\/a><\/figure>\n\n\n\n<figure class=\"wp-block-image size-large\"><a href=\"https:\/\/www.ecoitaliano.com.ar\/wp-content\/uploads\/2026\/04\/Guido-Cantelli-con-Arturo-Toscanini-c-Foto-darchivio-del-Conservatorio-di-Novara.jpg\"><img decoding=\"async\" width=\"903\" height=\"1024\" data-id=\"89546\" src=\"https:\/\/www.ecoitaliano.com.ar\/wp-content\/uploads\/2026\/04\/Guido-Cantelli-con-Arturo-Toscanini-c-Foto-darchivio-del-Conservatorio-di-Novara-903x1024.jpg\" alt=\"\" class=\"wp-image-89546\" srcset=\"https:\/\/www.ecoitaliano.com.ar\/wp-content\/uploads\/2026\/04\/Guido-Cantelli-con-Arturo-Toscanini-c-Foto-darchivio-del-Conservatorio-di-Novara-903x1024.jpg 903w, https:\/\/www.ecoitaliano.com.ar\/wp-content\/uploads\/2026\/04\/Guido-Cantelli-con-Arturo-Toscanini-c-Foto-darchivio-del-Conservatorio-di-Novara-265x300.jpg 265w, https:\/\/www.ecoitaliano.com.ar\/wp-content\/uploads\/2026\/04\/Guido-Cantelli-con-Arturo-Toscanini-c-Foto-darchivio-del-Conservatorio-di-Novara-768x871.jpg 768w, https:\/\/www.ecoitaliano.com.ar\/wp-content\/uploads\/2026\/04\/Guido-Cantelli-con-Arturo-Toscanini-c-Foto-darchivio-del-Conservatorio-di-Novara-1354x1536.jpg 1354w, https:\/\/www.ecoitaliano.com.ar\/wp-content\/uploads\/2026\/04\/Guido-Cantelli-con-Arturo-Toscanini-c-Foto-darchivio-del-Conservatorio-di-Novara-1806x2048.jpg 1806w\" sizes=\"(max-width: 903px) 100vw, 903px\" \/><\/a><\/figure>\n<\/figure>\n\n\n\n<p>foto di Guido Cantelli\u00a0<\/p>\n\n\n\n<p>credito da citare obbligatoriamente: archivio del Conservatorio di Novara\u00a0<\/p>\n","protected":false},"excerpt":{"rendered":"<p>Comunicato stampa&nbsp; XIV EDIZIONE DEL PREMIO CANTELLI: PROROGATO AL 20 MAGGIO IL TERMINE PER ISCRIVERSI&nbsp; \u00c8 stata estesa la scadenza [&hellip;]<\/p>\n","protected":false},"author":1,"featured_media":0,"comment_status":"open","ping_status":"open","sticky":false,"template":"","format":"standard","meta":{"footnotes":""},"categories":[1],"tags":[],"class_list":["post-89541","post","type-post","status-publish","format-standard","hentry","category-sin-categoria"],"_links":{"self":[{"href":"https:\/\/www.ecoitaliano.com.ar\/index.php?rest_route=\/wp\/v2\/posts\/89541","targetHints":{"allow":["GET"]}}],"collection":[{"href":"https:\/\/www.ecoitaliano.com.ar\/index.php?rest_route=\/wp\/v2\/posts"}],"about":[{"href":"https:\/\/www.ecoitaliano.com.ar\/index.php?rest_route=\/wp\/v2\/types\/post"}],"author":[{"embeddable":true,"href":"https:\/\/www.ecoitaliano.com.ar\/index.php?rest_route=\/wp\/v2\/users\/1"}],"replies":[{"embeddable":true,"href":"https:\/\/www.ecoitaliano.com.ar\/index.php?rest_route=%2Fwp%2Fv2%2Fcomments&post=89541"}],"version-history":[{"count":1,"href":"https:\/\/www.ecoitaliano.com.ar\/index.php?rest_route=\/wp\/v2\/posts\/89541\/revisions"}],"predecessor-version":[{"id":89547,"href":"https:\/\/www.ecoitaliano.com.ar\/index.php?rest_route=\/wp\/v2\/posts\/89541\/revisions\/89547"}],"wp:attachment":[{"href":"https:\/\/www.ecoitaliano.com.ar\/index.php?rest_route=%2Fwp%2Fv2%2Fmedia&parent=89541"}],"wp:term":[{"taxonomy":"category","embeddable":true,"href":"https:\/\/www.ecoitaliano.com.ar\/index.php?rest_route=%2Fwp%2Fv2%2Fcategories&post=89541"},{"taxonomy":"post_tag","embeddable":true,"href":"https:\/\/www.ecoitaliano.com.ar\/index.php?rest_route=%2Fwp%2Fv2%2Ftags&post=89541"}],"curies":[{"name":"wp","href":"https:\/\/api.w.org\/{rel}","templated":true}]}}