{"id":89548,"date":"2026-04-30T22:47:00","date_gmt":"2026-04-30T22:47:00","guid":{"rendered":"https:\/\/www.ecoitaliano.com.ar\/?p=89548"},"modified":"2026-04-30T22:47:02","modified_gmt":"2026-04-30T22:47:02","slug":"serena-conduce-operaclassica-eco-italiano-5186","status":"publish","type":"post","link":"https:\/\/www.ecoitaliano.com.ar\/?p=89548","title":{"rendered":"Serena conduce operaclassica eco italiano"},"content":{"rendered":"<div class=\"wp-block-image\">\n<figure class=\"aligncenter size-full is-resized\"><a href=\"https:\/\/www.ecoitaliano.com.ar\/wp-content\/uploads\/2026\/04\/image-39.png\"><img decoding=\"async\" width=\"131\" height=\"78\" src=\"https:\/\/www.ecoitaliano.com.ar\/wp-content\/uploads\/2026\/04\/image-39.png\" alt=\"\" class=\"wp-image-89549\" style=\"width:155px;height:auto\"\/><\/a><\/figure><\/div>\n\n\n<p>Comunicato stampa<\/p>\n\n\n\n<p><strong>TCBO: IL DEBUTTO BOLOGNESE DI GIOVANNI CONTI CON LA QUARTA SINFONIA DI BEETHOVEN<\/strong><\/p>\n\n\n\n<p><strong>Quarto appuntamento della rassegna \u201cGioia. Domenica con Beethoven\u201d<\/strong><\/p>\n\n\n\n<p><em>Domenica 3 maggio, ore 11, Auditorium Manzoni<\/em><\/p>\n\n\n\n<p>Sar\u00e0 Kapellmeister alla Deutsche Oper di Berlino a partire dalla stagione 2026\/27&nbsp;<strong>Giovanni Conti<\/strong>, direttore classe 1996 che con il quarto appuntamento della rassegna del&nbsp;<strong>Teatro Comunale di Bologna<\/strong>&nbsp;<strong>\u201cGioia. Domenica con Beethoven\u201d<\/strong>&nbsp;debutta nel capoluogo emiliano sul podio dell\u2019Orchestra della fondazione lirico-sinfonica felsinea. Il concerto, in programma&nbsp;<strong>domenica 3 maggio alle ore 11 all\u2019Auditorium Manzoni<\/strong>, \u00e8 interamente dedicato al grande compositore tedesco.<\/p>\n\n\n\n<p>Al centro dell\u2019appuntamento c\u2019\u00e8 la Quarta sinfonia in si bemolle maggiore op. 60 di Beethoven; eseguita per la prima volta il 5 marzo 1807 nel palazzo viennese del principe Lobkowitz e dedicata al conte Franz von Oppersdorf, l\u2019opera fu definita da Robert Schumann \u00abuna snella fanciulla greca fra due giganti nordici\u00bb, per il suo collocarsi tra le imponenti Terza e Quinta sinfonia. Completano la&nbsp;<em>matin\u00e9e&nbsp;<\/em>le Ouverture da&nbsp;<em>K\u00f6nig Stefan (Re Stefano)<\/em>&nbsp;op. 117 \u2013 musiche di scena realizzate per l&#8217;inaugurazione del nuovo Teatro Tedesco a Pest del 1812 \u2013, e da&nbsp;<em>Die Gesch\u00f6pfe des Prometheus (Le creature di Prometeo)&nbsp;<\/em>op. 43 \u2013 musica per il balletto che riprende la favola classica di Prometeo.<\/p>\n\n\n\n<p>Vincitore del secondo premio alla tredicesima edizione del Premio Guido Cantelli e tra i venti finalisti della Donatella Flick Conducting Competition 2025 con la London Symphony Orchestra, Giovanni Conti \u00e8 dalla stagione 2022\/2023 Kapellmeister presso il Teatro di Krefeld-M\u00f6nchengladbach, dove si \u00e8 confrontato con il repertorio sia sinfonico sia operistico. Formatosi in Italia e in Germania, \u00e8 salito sul podio di orchestre come quella del Maggio Musicale Fiorentino, l\u2019Orchestra della Toscana, la W\u00fcrdembergisches Kammerorchester Heilbronn, l\u2019Orchestra dell\u2019Accademia Teatro alla Scala e l\u2019Orchestra Giovanile Italiana.<\/p>\n\n\n\n<p>La rassegna \u201cGioia. Domenica con Beethoven\u00bb \u00e8 realizzata con il supporto di Rekeep.<\/p>\n\n\n\n<p>I biglietti \u2013 da 1 a 10 euro \u2013 sono in vendita online tramite&nbsp;<a href=\"https:\/\/tcbo.vivaticket.it\/it\/event\/beethoven-sinfonia-n-4\/289952?_gl=1*1xr0u1a*_ga*MTM0ODk2OTQ3NC4xNzc3NDU1NTk4*_ga_31YPVLC8YJ*czE3Nzc1NDc3MDckbzIkZzEkdDE3Nzc1NDc3MTckajUwJGwwJGgw\" target=\"_blank\" rel=\"noreferrer noopener\"><u>Vivaticket<\/u><\/a>&nbsp; e presso la biglietteria del Teatro Comunale (Largo Respighi), dal marted\u00ec al venerd\u00ec dalle 12 alle 18 e il sabato dalle 11 alle 15; il giorno del concerto presso l\u2019Auditorium Manzoni da 1 ora prima fino a 15 minuti dopo l\u2019inizio dello spettacolo.<\/p>\n\n\n\n<p>Nell\u2019ottica di avvicinare il pubblico pi\u00f9 giovane \u2013 e non solo \u2013 alla musica classica, ogni concerto \u00e8 introdotto dal divulgatore culturale Martino Ruggero Dondi.<br><\/p>\n\n\n\n<p>Info:&nbsp;<a href=\"https:\/\/www.tcbo.it\/eventi\/concerti-2026-gioia-sinfonia-n-4\/\" target=\"_blank\" rel=\"noreferrer noopener\"><u>https:\/\/www.tcbo.it\/eventi\/concerti-2026-gioia-sinfonia-n-4\/<\/u><\/a><\/p>\n\n\n\n<p>30.04.2026<\/p>\n\n\n\n<p><\/p>\n\n\n\n<p><\/p>\n\n\n\n<p><strong>Skill&amp;Music<\/strong><\/p>\n\n\n\n<p>Alissa Balocco \u2013 referente ufficio stampa<\/p>\n\n\n\n<p>Alice Castelnuovo \u2013 assistente ufficio stampa<\/p>\n\n\n\n<p>Fondazione Teatro Comunale di Bologna&nbsp;<\/p>\n\n\n\n<p>Largo Respighi, 1 &#8211; 40126 Bologna&nbsp;<\/p>\n\n\n\n<p>T. +39 051 529947&nbsp;<\/p>\n\n\n\n<p>e-mail:&nbsp;<a href=\"mailto:ufficiostampa@comunalebologna.it\" target=\"_blank\" rel=\"noreferrer noopener\"><strong><u>ufficiostampa@comunalebologna.it<\/u><\/strong><\/a>&nbsp;<\/p>\n\n\n\n<p><a href=\"http:\/\/www.tcbo.it\/\" target=\"_blank\" rel=\"noreferrer noopener\"><strong><u>www.tcbo.it<\/u><\/strong><\/a><\/p>\n\n\n\n<figure class=\"wp-block-table\"><table class=\"has-fixed-layout\"><tbody><tr><td colspan=\"3\"><strong>Ufficio Stampa Teatro Comunale di Bologna<\/strong><\/td><\/tr><tr><td rowspan=\"2\"><\/td><td rowspan=\"2\"><\/td><td><strong>Fondazione Teatro Comunale di Bologna<\/strong><br>Largo Respighi,1 &#8211; 40126 Bologna<br>Telefono:&nbsp;<a href=\"tel:051529947\" target=\"_blank\" rel=\"noreferrer noopener\">051529947<\/a><br>Fax: 051529995<br><a href=\"http:\/\/www.tcbo.it\/\" target=\"_blank\" rel=\"noreferrer noopener\">www.tcbo.it<\/a><\/td><\/tr><tr><td><a href=\"https:\/\/www.facebook.com\/TeatroComunaleBologna\/\" target=\"_blank\" rel=\"noreferrer noopener\"><\/a>&nbsp;<a href=\"https:\/\/twitter.com\/ComunaleBologna\" target=\"_blank\" rel=\"noreferrer noopener\"><\/a>&nbsp;<a href=\"https:\/\/www.linkedin.com\/company\/fondazione-teatro-comunale-di-bologna\/\" target=\"_blank\" rel=\"noreferrer noopener\"><\/a>&nbsp;<a href=\"https:\/\/www.instagram.com\/comunalebologna\/\" target=\"_blank\" rel=\"noreferrer noopener\"><\/a>&nbsp;<a href=\"https:\/\/youtube.com\/@ComunaleBolognaIt\" target=\"_blank\" rel=\"noreferrer noopener\"><\/a>&nbsp;<\/td><\/tr><tr><td colspan=\"3\"><a href=\"https:\/\/www.tcbo.it\/5-x-mille-2\/\" target=\"_blank\" rel=\"noreferrer noopener\"><\/a><\/td><\/tr><tr><td colspan=\"3\"><\/td><\/tr><\/tbody><\/table><\/figure>\n\n\n\n<p>foto<\/p>\n\n\n\n<figure class=\"wp-block-gallery has-nested-images columns-default is-cropped wp-block-gallery-1 is-layout-flex wp-block-gallery-is-layout-flex\">\n<figure class=\"wp-block-image size-large\"><a href=\"https:\/\/www.ecoitaliano.com.ar\/wp-content\/uploads\/2026\/04\/GIOVANNI-CONTI@Marco-Borrelli.jpg\"><img decoding=\"async\" width=\"683\" height=\"1024\" data-id=\"89550\" src=\"https:\/\/www.ecoitaliano.com.ar\/wp-content\/uploads\/2026\/04\/GIOVANNI-CONTI@Marco-Borrelli-683x1024.jpg\" alt=\"\" class=\"wp-image-89550\" srcset=\"https:\/\/www.ecoitaliano.com.ar\/wp-content\/uploads\/2026\/04\/GIOVANNI-CONTI@Marco-Borrelli-683x1024.jpg 683w, https:\/\/www.ecoitaliano.com.ar\/wp-content\/uploads\/2026\/04\/GIOVANNI-CONTI@Marco-Borrelli-200x300.jpg 200w, https:\/\/www.ecoitaliano.com.ar\/wp-content\/uploads\/2026\/04\/GIOVANNI-CONTI@Marco-Borrelli-768x1151.jpg 768w, https:\/\/www.ecoitaliano.com.ar\/wp-content\/uploads\/2026\/04\/GIOVANNI-CONTI@Marco-Borrelli-1025x1536.jpg 1025w, https:\/\/www.ecoitaliano.com.ar\/wp-content\/uploads\/2026\/04\/GIOVANNI-CONTI@Marco-Borrelli-1366x2048.jpg 1366w, https:\/\/www.ecoitaliano.com.ar\/wp-content\/uploads\/2026\/04\/GIOVANNI-CONTI@Marco-Borrelli.jpg 1708w\" sizes=\"(max-width: 683px) 100vw, 683px\" \/><\/a><\/figure>\n\n\n\n<figure class=\"wp-block-image size-large\"><a href=\"https:\/\/www.ecoitaliano.com.ar\/wp-content\/uploads\/2026\/04\/GIOVANNI-CONTI_006@Marco-Borrelli.jpg\"><img decoding=\"async\" width=\"683\" height=\"1024\" data-id=\"89551\" src=\"https:\/\/www.ecoitaliano.com.ar\/wp-content\/uploads\/2026\/04\/GIOVANNI-CONTI_006@Marco-Borrelli-683x1024.jpg\" alt=\"\" class=\"wp-image-89551\" srcset=\"https:\/\/www.ecoitaliano.com.ar\/wp-content\/uploads\/2026\/04\/GIOVANNI-CONTI_006@Marco-Borrelli-683x1024.jpg 683w, https:\/\/www.ecoitaliano.com.ar\/wp-content\/uploads\/2026\/04\/GIOVANNI-CONTI_006@Marco-Borrelli-200x300.jpg 200w, https:\/\/www.ecoitaliano.com.ar\/wp-content\/uploads\/2026\/04\/GIOVANNI-CONTI_006@Marco-Borrelli-768x1151.jpg 768w, https:\/\/www.ecoitaliano.com.ar\/wp-content\/uploads\/2026\/04\/GIOVANNI-CONTI_006@Marco-Borrelli-1025x1536.jpg 1025w, https:\/\/www.ecoitaliano.com.ar\/wp-content\/uploads\/2026\/04\/GIOVANNI-CONTI_006@Marco-Borrelli-1366x2048.jpg 1366w, https:\/\/www.ecoitaliano.com.ar\/wp-content\/uploads\/2026\/04\/GIOVANNI-CONTI_006@Marco-Borrelli.jpg 1708w\" sizes=\"(max-width: 683px) 100vw, 683px\" \/><\/a><\/figure>\n\n\n\n<figure class=\"wp-block-image size-large\"><a href=\"https:\/\/www.ecoitaliano.com.ar\/wp-content\/uploads\/2026\/04\/Martino-Ruggero-Dondi@Andrea-Ranzi.jpg\"><img decoding=\"async\" width=\"1024\" height=\"683\" data-id=\"89552\" src=\"https:\/\/www.ecoitaliano.com.ar\/wp-content\/uploads\/2026\/04\/Martino-Ruggero-Dondi@Andrea-Ranzi-1024x683.jpg\" alt=\"\" class=\"wp-image-89552\" srcset=\"https:\/\/www.ecoitaliano.com.ar\/wp-content\/uploads\/2026\/04\/Martino-Ruggero-Dondi@Andrea-Ranzi-1024x683.jpg 1024w, https:\/\/www.ecoitaliano.com.ar\/wp-content\/uploads\/2026\/04\/Martino-Ruggero-Dondi@Andrea-Ranzi-300x200.jpg 300w, https:\/\/www.ecoitaliano.com.ar\/wp-content\/uploads\/2026\/04\/Martino-Ruggero-Dondi@Andrea-Ranzi-768x512.jpg 768w, https:\/\/www.ecoitaliano.com.ar\/wp-content\/uploads\/2026\/04\/Martino-Ruggero-Dondi@Andrea-Ranzi-1536x1024.jpg 1536w, https:\/\/www.ecoitaliano.com.ar\/wp-content\/uploads\/2026\/04\/Martino-Ruggero-Dondi@Andrea-Ranzi-2048x1366.jpg 2048w\" sizes=\"(max-width: 1024px) 100vw, 1024px\" \/><\/a><\/figure>\n\n\n\n<figure class=\"wp-block-image size-large\"><a href=\"https:\/\/www.ecoitaliano.com.ar\/wp-content\/uploads\/2026\/04\/Orchestra-TCBO-senza-direttore-al-Manzoni-1\u00a9Andrea-Ranzi-2.jpg\"><img decoding=\"async\" width=\"1024\" height=\"683\" data-id=\"89553\" src=\"https:\/\/www.ecoitaliano.com.ar\/wp-content\/uploads\/2026\/04\/Orchestra-TCBO-senza-direttore-al-Manzoni-1\u00a9Andrea-Ranzi-2-1024x683.jpg\" alt=\"\" class=\"wp-image-89553\" srcset=\"https:\/\/www.ecoitaliano.com.ar\/wp-content\/uploads\/2026\/04\/Orchestra-TCBO-senza-direttore-al-Manzoni-1\u00a9Andrea-Ranzi-2-1024x683.jpg 1024w, https:\/\/www.ecoitaliano.com.ar\/wp-content\/uploads\/2026\/04\/Orchestra-TCBO-senza-direttore-al-Manzoni-1\u00a9Andrea-Ranzi-2-300x200.jpg 300w, https:\/\/www.ecoitaliano.com.ar\/wp-content\/uploads\/2026\/04\/Orchestra-TCBO-senza-direttore-al-Manzoni-1\u00a9Andrea-Ranzi-2-768x512.jpg 768w, https:\/\/www.ecoitaliano.com.ar\/wp-content\/uploads\/2026\/04\/Orchestra-TCBO-senza-direttore-al-Manzoni-1\u00a9Andrea-Ranzi-2-1536x1024.jpg 1536w, https:\/\/www.ecoitaliano.com.ar\/wp-content\/uploads\/2026\/04\/Orchestra-TCBO-senza-direttore-al-Manzoni-1\u00a9Andrea-Ranzi-2-2048x1366.jpg 2048w\" sizes=\"(max-width: 1024px) 100vw, 1024px\" \/><\/a><\/figure>\n\n\n\n<figure class=\"wp-block-image size-large\"><a href=\"https:\/\/www.ecoitaliano.com.ar\/wp-content\/uploads\/2026\/04\/Pubblico-allAuditorium-Manzoni-per-Gioia@Andrea-Ranzi.jpg\"><img decoding=\"async\" width=\"1024\" height=\"683\" data-id=\"89554\" src=\"https:\/\/www.ecoitaliano.com.ar\/wp-content\/uploads\/2026\/04\/Pubblico-allAuditorium-Manzoni-per-Gioia@Andrea-Ranzi-1024x683.jpg\" alt=\"\" class=\"wp-image-89554\" srcset=\"https:\/\/www.ecoitaliano.com.ar\/wp-content\/uploads\/2026\/04\/Pubblico-allAuditorium-Manzoni-per-Gioia@Andrea-Ranzi-1024x683.jpg 1024w, https:\/\/www.ecoitaliano.com.ar\/wp-content\/uploads\/2026\/04\/Pubblico-allAuditorium-Manzoni-per-Gioia@Andrea-Ranzi-300x200.jpg 300w, https:\/\/www.ecoitaliano.com.ar\/wp-content\/uploads\/2026\/04\/Pubblico-allAuditorium-Manzoni-per-Gioia@Andrea-Ranzi-768x512.jpg 768w, https:\/\/www.ecoitaliano.com.ar\/wp-content\/uploads\/2026\/04\/Pubblico-allAuditorium-Manzoni-per-Gioia@Andrea-Ranzi-1536x1024.jpg 1536w, https:\/\/www.ecoitaliano.com.ar\/wp-content\/uploads\/2026\/04\/Pubblico-allAuditorium-Manzoni-per-Gioia@Andrea-Ranzi-2048x1366.jpg 2048w\" sizes=\"(max-width: 1024px) 100vw, 1024px\" \/><\/a><\/figure>\n<\/figure>\n","protected":false},"excerpt":{"rendered":"<p>Comunicato stampa TCBO: IL DEBUTTO BOLOGNESE DI GIOVANNI CONTI CON LA QUARTA SINFONIA DI BEETHOVEN Quarto appuntamento della rassegna \u201cGioia. [&hellip;]<\/p>\n","protected":false},"author":1,"featured_media":0,"comment_status":"open","ping_status":"open","sticky":false,"template":"","format":"standard","meta":{"footnotes":""},"categories":[1],"tags":[],"class_list":["post-89548","post","type-post","status-publish","format-standard","hentry","category-sin-categoria"],"_links":{"self":[{"href":"https:\/\/www.ecoitaliano.com.ar\/index.php?rest_route=\/wp\/v2\/posts\/89548","targetHints":{"allow":["GET"]}}],"collection":[{"href":"https:\/\/www.ecoitaliano.com.ar\/index.php?rest_route=\/wp\/v2\/posts"}],"about":[{"href":"https:\/\/www.ecoitaliano.com.ar\/index.php?rest_route=\/wp\/v2\/types\/post"}],"author":[{"embeddable":true,"href":"https:\/\/www.ecoitaliano.com.ar\/index.php?rest_route=\/wp\/v2\/users\/1"}],"replies":[{"embeddable":true,"href":"https:\/\/www.ecoitaliano.com.ar\/index.php?rest_route=%2Fwp%2Fv2%2Fcomments&post=89548"}],"version-history":[{"count":1,"href":"https:\/\/www.ecoitaliano.com.ar\/index.php?rest_route=\/wp\/v2\/posts\/89548\/revisions"}],"predecessor-version":[{"id":89555,"href":"https:\/\/www.ecoitaliano.com.ar\/index.php?rest_route=\/wp\/v2\/posts\/89548\/revisions\/89555"}],"wp:attachment":[{"href":"https:\/\/www.ecoitaliano.com.ar\/index.php?rest_route=%2Fwp%2Fv2%2Fmedia&parent=89548"}],"wp:term":[{"taxonomy":"category","embeddable":true,"href":"https:\/\/www.ecoitaliano.com.ar\/index.php?rest_route=%2Fwp%2Fv2%2Fcategories&post=89548"},{"taxonomy":"post_tag","embeddable":true,"href":"https:\/\/www.ecoitaliano.com.ar\/index.php?rest_route=%2Fwp%2Fv2%2Ftags&post=89548"}],"curies":[{"name":"wp","href":"https:\/\/api.w.org\/{rel}","templated":true}]}}