{"id":89565,"date":"2026-05-01T02:14:52","date_gmt":"2026-05-01T02:14:52","guid":{"rendered":"https:\/\/www.ecoitaliano.com.ar\/?p=89565"},"modified":"2026-05-01T02:14:54","modified_gmt":"2026-05-01T02:14:54","slug":"serena-conduce-operaclassica-eco-italiano-5188","status":"publish","type":"post","link":"https:\/\/www.ecoitaliano.com.ar\/?p=89565","title":{"rendered":"Serena conduce operaclassica eco italiano"},"content":{"rendered":"<div class=\"wp-block-image\">\n<figure class=\"aligncenter size-full\"><a href=\"http:\/\/www.ecoitaliano.com.ar\/wp-content\/uploads\/2026\/05\/image004.png\"><img decoding=\"async\" width=\"143\" height=\"89\" src=\"http:\/\/www.ecoitaliano.com.ar\/wp-content\/uploads\/2026\/05\/image004.png\" alt=\"\" class=\"wp-image-89566\"\/><\/a><\/figure><\/div>\n\n\n<p>Ufficio stampa&nbsp;&nbsp;&nbsp;&nbsp;&nbsp;&nbsp;&nbsp;&nbsp;&nbsp;&nbsp;&nbsp;&nbsp;&nbsp;&nbsp;&nbsp;&nbsp;&nbsp;&nbsp;&nbsp;&nbsp;&nbsp;&nbsp;&nbsp;&nbsp;&nbsp;&nbsp;&nbsp;&nbsp;&nbsp;&nbsp;&nbsp;&nbsp;&nbsp;&nbsp;&nbsp;&nbsp;&nbsp;&nbsp;&nbsp;&nbsp;&nbsp;&nbsp;&nbsp;&nbsp;&nbsp;&nbsp;&nbsp;&nbsp;&nbsp;&nbsp;&nbsp;&nbsp;&nbsp;&nbsp;&nbsp;&nbsp;&nbsp;&nbsp;&nbsp;&nbsp;&nbsp;&nbsp;&nbsp;&nbsp;&nbsp;&nbsp;&nbsp;&nbsp;&nbsp;&nbsp;&nbsp;&nbsp;&nbsp;&nbsp;&nbsp;&nbsp;&nbsp;&nbsp;&nbsp;&nbsp;&nbsp;&nbsp;&nbsp;&nbsp;&nbsp;&nbsp;&nbsp;&nbsp;&nbsp;&nbsp;&nbsp;&nbsp;&nbsp;&nbsp;&nbsp;&nbsp;&nbsp;&nbsp;&nbsp;&nbsp;&nbsp;&nbsp;&nbsp;&nbsp;&nbsp;&nbsp;&nbsp;&nbsp;&nbsp;&nbsp;&nbsp;&nbsp;&nbsp;&nbsp;&nbsp;&nbsp;&nbsp;&nbsp;&nbsp;&nbsp;&nbsp;&nbsp;&nbsp;&nbsp;&nbsp;&nbsp;&nbsp;&nbsp;&nbsp;&nbsp;&nbsp;&nbsp;&nbsp;&nbsp;&nbsp;&nbsp;&nbsp;&nbsp;&nbsp; &nbsp;&nbsp;&nbsp;&nbsp;&nbsp;&nbsp; &nbsp;&nbsp;&nbsp;&nbsp;&nbsp; 29\/04\/2026<\/p>\n\n\n\n<p><a><\/a><strong>IN ARENA LA PRIMA OPERA PER RAGAZZI E STUDENTI<br>SABATO 9 MAGGIO VA IN SCENA <em>TURANDOT. ENIGMI AL MUSEO<\/em><\/strong><br><strong><br><\/strong><strong>Una collaborazione con AsLico, ispirata al capolavoro di Puccini che compie cent\u2019anni, conquista il palcoscenico areniano. Education Partner Generali Italia<\/strong><\/p>\n\n\n\n<p><strong>L\u2019opera in Arena a portata dei pi\u00f9 piccoli: sabato 9 maggio, alle 17, l\u2019Arena di Verona mette in scena <em>Turandot. Enigmi al Museo, <\/em>un\u2019avventura per famiglie ispirata all\u2019ultimo capolavoro di Puccini.<\/strong> Uno dei titoli pi\u00f9 noti dell\u2019intero repertorio, a cent\u2019anni dalla sua prima assoluta, ma in formato famiglia, declinato in uno spettacolo partecipativo, immersivo e inclusivo per la prima volta in Anfiteatro. Una collaborazione con <strong>AsLiCo<\/strong> resa possibile grazie a <strong>Generali Italia<\/strong>, Education partnerdi<strong> Fondazione Arena di Verona<\/strong>, checon il programma Valore Cultura sostiene il valore dell\u2019arte come esperienza educativa e inclusiva, con un\u2019attenzione particolare ai pi\u00f9 giovani e al loro incontro con la musica e il patrimonio culturale.<strong><\/strong><\/p>\n\n\n\n<p><em>Turandot. Enigmi al Museo&nbsp;<\/em>\u00e8 uno spettacolo pensato per avvicinare bambini e ragazzi, con le loro famiglie e scuole, al mondo dell\u2019opera lirica attraverso <strong>una narrazione coinvolgente, interattiva, adatta a tutte le et\u00e0.<\/strong> Tutti gli spettatori saranno infatti coinvolti: con la guida del direttore d\u2019orchestra, il pubblico sar\u00e0 invitato a cantare, eseguire semplici movimenti e utilizzare oggetti di scena, trasformando l\u2019intero anfiteatro in un grande palcoscenico condiviso.<\/p>\n\n\n\n<p><strong>Un evento unico, adatto a tutti:<\/strong> infatti, ogni piccolo spettatore potr\u00e0 entrare in Arena, <strong>senza limiti minimi d\u2019et\u00e0, <\/strong>purch\u00e9 accompagnato da una persona maggiorenne. Giovanissimi e ragazzi affolleranno la platea areniana dopo aver seguito un percorso di avvicinamento all\u2019opera con i propri insegnanti. Ma tutti possono partecipare allo spettacolo: <strong>su <\/strong><a href=\"http:\/\/www.arena.it\"><strong>arena.it<\/strong><\/a><strong> \u00e8 gi\u00e0 a disposizione il&nbsp;<\/strong><a href=\"https:\/\/www.arena.it\/site\/assets\/files\/184853\/kit_spettatore_all__2.pdf\"><strong><em>Kit dello spettatore<\/em><\/strong><\/a>, un PDF interattivo pensato per aiutare i pi\u00f9 piccoli e le loro famiglie a prepararsi alla visione: potranno imparare i canti, la coreografia e creare alcuni oggetti per diventare cos\u00ec parte attiva della rappresentazione. Anche i biglietti sono pensati per favorire la massima partecipazione, con <strong>posti disponibili <\/strong><strong>a 5 euro per i ragazzi under30 e pubblico over65 e a 10 euro per gli adulti<\/strong>, in vendita sul sito <a href=\"http:\/\/www.arena.it\">www.arena.it<\/a> e alle biglietterie dell\u2019Arena.<\/p>\n\n\n\n<p>L\u2019avventura per piccoli e grandi \u00e8 una produzione di&nbsp;AsLiCo con Op\u00e9ra Grand Avignon e Op\u00e9ra de Rouen Normandie per il progetto education Opera Domani, firmata dal regista Andrea Bernard, Premio Abbiati 2024 della critica italiana. Lo spettacolo approda in Arena grazie alle forze congiunte di Arena e AsLiCo.<\/p>\n\n\n\n<p>La musica di Giacomo Puccini accompagner\u00e0 ancora una volta la storia della principessa Turandot che diventer\u00e0 una favola ambientata in un museo. Tra i visitatori Calaf, suo padre Timur e Li\u00f9. Attraverso la lettura di un antico manoscritto, le opere d\u2019arte prenderanno vita e il museo si trasformer\u00e0 in una Cina magica e grandiosa, popolata da enigmi, principi d\u2019Oriente, gong del destino e palazzi imperiali. Un viaggio nel mondo della Principessa dal cuore di ghiaccio. Tra momenti teatrali, interventi musicali e interazioni con il pubblico, lo spettacolo offrir\u00e0 un\u2019esperienza immersiva e appassionante.<\/p>\n\n\n\n<p>Sul palcoscenico areniano, tra le scene di Alberto Beltrame, con i costumi di Elena Beccaro e le coreografie di Marta Negrini, saliranno i pi\u00f9 recenti vincitori del concorso internazionale AsLiCo per giovani cantanti lirici: Marianna Iencarelli come Turandot, Davide Battiniello come Calaf, Baopeng Wang come Timur, Aloisia De Nardis come Li\u00f9, Francesco La Gattuta, Gerardo Dell\u2019Affetto, Edoardo Manzardo come Ping, Pang e Pong, e gli attori Thomas Angarola, Davide Arena e Rosa Maria Rizzi. Nel golfo mistico, l\u2019Orchestra 1813 diretta da Sieva Borzak.<\/p>\n\n\n\n<p>Lo spettacolo, della durata di 70 minuti circa, rientra nelle iniziative di Arena Young, il progetto di Fondazione Arena per l\u2019educazione musicale delle nuove generazioni.<\/p>\n\n\n\n<p><strong>SCUOLE.<\/strong> Sabato 14 marzo si \u00e8 tenuta al Teatro Filarmonico una giornata di formazione per i docenti aderenti all\u2019iniziativa, pensata per fornire strumenti operativi e indicazioni pratiche per il lavoro in classe e per preparare i ragazzi alla partecipazione attiva. Il corso \u00e8 riconosciuto dal Ministero dell&#8217;Istruzione e del Merito e prevede il rilascio di un attestato pari a 20 ore di formazione. Successivamente, le classi sono state coinvolte in un percorso multidisciplinare, adattabile dalla scuola primaria alla secondaria di I grado, che intreccia musica, movimento, narrazione e attivit\u00e0 creative. Il lavoro \u00e8 supportato da materiali cartacei e risorse didattiche online. Ogni bambino ha ricevuto un libretto dedicato con trama e personaggi, copione dello spettacolo, spartiti dei canti<br>e schede tematiche, per accompagnare passo dopo passo la preparazione in classe.<\/p>\n\n\n\n<p><strong>FAMIGLIE.<\/strong> Grazie al <a href=\"https:\/\/www.arena.it\/site\/assets\/files\/184853\/kit_spettatore_all__2.pdf\"><strong><em>Kit dello spettatore<\/em><\/strong><\/a>, il PDF interattivo pensato per aiutare i pi\u00f9 piccoli a prepararsi alla visione, tutti potranno imparare i canti, la coreografia e creare alcuni oggetti per diventare cos\u00ec parte integrante della rappresentazione. Guidati dal direttore d\u2019orchestra, durante l\u2019opera tutto il pubblico sar\u00e0 invitato a cantare, muoversi e utilizzare oggetti di scena, trasformando tutta l\u2019Arena in un unico grande spettacolo dal palcoscenico alle gradinate.<\/p>\n\n\n\n<p><em>\u201cCon questo progetto i bambini possono vivere l\u2019emozione dell\u2019Arena da protagonisti<\/em> \u2013 ha detto in conferenza stampa <strong>Elisa La Paglia, Assessora alle <\/strong><strong>Politiche educative e scolastiche del Comune di Verona.<\/strong> <em>\u2013 Questo evento, e il percorso che sta facendo Fondazione Arena anche in sinergia con altre realt\u00e0, sottolinea quanto sia importante l\u2019attenzione all\u2019infanzia per apprendere giocando, che \u00e8 la forma pi\u00f9 di apprendimento pi\u00f9 efficace.\u201d <\/em><em><\/em><\/p>\n\n\n\n<p><em>\u201cL\u2019Opera \u00e8 di tutti e non \u00e8 mai troppo presto per scoprirla \u2013<\/em> ha dichiarato <strong>Cecilia Gasdia, Sovrintendente di Fondazione Arena di Verona.<\/strong> \u2013 <em>Siamo davvero felici di poter portare all\u2019Arena di Verona un progetto che da tempo avvicina i pi\u00f9 piccoli al teatro musicale e al canto lirico patrimonio dell\u2019umanit\u00e0. Questa particolare produzione \u00e8 frutto di una inedita collaborazione tra l\u2019Arena e AsLiCo, e tra i nostri progetti Opera Education e Arena Young. Grazie anche al supporto di Generali, migliaia di piccoli spettatori assisteranno alla magia dell\u2019opera in Arena e ne saranno parte attiva, magari scoprendo in s\u00e9 la fiamma di una vocazione alle professioni del teatro. I bambini e le loro famiglie sono gi\u00e0 il pubblico di oggi, e l\u2019Arena \u00e8 pronta ad abbracciarli con questa e altre nuove iniziative che debutteranno nel Festival 2026. \u00c8 solo l\u2019inizio di un percorso nuovo, che avviciner\u00e0 anche i pi\u00f9 grandi. Insieme possiamo fare molto.\u201d<\/em><\/p>\n\n\n\n<p>Soddisfazione \u00e8 espressa anche da <strong>Dominique Meyer, Presidente Teatro Sociale di Como AsLiCo<\/strong>: <em>\u201cAmmiro e condivido da sempre l&#8217;impegno di AsLiCo e Opera Education nei confronti del giovane pubblico. \u00c8 un grande onore e orgoglio portare un nostro spettacolo di Opera domani nel pi\u00f9 importante teatro all&#8217;aperto del mondo, all&#8217;Arena di Verona. \u00c8 il segno che il lavoro svolto in questi trent&#8217;anni per avvicinare i bambini e ragazzi all\u2019opera, attraverso percorsi partecipativi con le scuole, sta dando frutti importanti. Fondamentale \u00e8 anche il coinvolgimento delle famiglie, che condividono l\u2019esperienza con i piccoli. Il fatto che un\u2019istituzione cos\u00ec prestigiosa creda in questo progetto rappresenta un passo importante per formare nuove generazioni di spettatori curiosi, consapevoli e appassionati.\u201d<\/em><\/p>\n\n\n\n<p><em>\u201cCome regista e drammaturgo \u00e8 per me particolarmente emozionante <\/em>portare Turandot. Enigmi al Museo<em> all\u2019interno dell\u2019Arena di Verona, una cornice straordinaria che amplifica il senso di meraviglia e partecipazione del progetto di Opera domani \u2013 <\/em>spiega <strong>Andrea Bernard<\/strong>. &#8211;<em> Questa versione veronese nasce da un dialogo creativo con la Fondazione Arena di Verona, che ci ha permesso di integrare nella nostra visione gli elementi scenici della storica <\/em>Turandot<em> di Franco Zeffirelli. Le sue scene diventano cos\u00ec parte viva del racconto: il museo immaginario in cui si svolge la mia rilettura si espande, si trasforma e accoglie il pubblico in uno spazio ancora pi\u00f9 coinvolgente. Sar\u00e0 bellissimo vedere centinaia di persone cantare insieme ai solisti in un luogo cos\u00ec grande come l\u2019Arena. Arrivare in questo magico teatro all\u2019aperto, dopo due anni di tourn\u00e9e, rappresenta sicuramente un traguardo importante per lo spettacolo e per tutti gli artisti coinvolti.\u201d<\/em><\/p>\n\n\n\n<p><em>\u201cL\u2019Arena di Verona\u201d &#8211;<\/em> ha dichiarato <strong>Riccardo Acquaviva, responsabile Country Communication di Generali Italia<\/strong> &#8211; <em>\u201c\u00e8 un luogo unico, capace di unire le generazioni attraverso la forza della musica. Con questo evento dedicato alle famiglie, vogliamo offrire ai pi\u00f9 giovani un primo incontro con l\u2019opera lirica, trasformando l\u2019esperienza culturale in un momento di scoperta, partecipazione e condivisione. \u00c8 questo lo spirito di Generali Valore Cultura, il progetto che da dieci anni rende l\u2019arte sempre pi\u00f9 viva e vicina alle persone, in collaborazione con le istituzioni culturali del Paese\u201d.<\/em><\/p>\n\n\n\n<p><strong>Informazioni&nbsp;<\/strong><\/p>\n\n\n\n<p><strong>Ufficio Stampa Fondazione Arena di Verona&nbsp;<\/strong><\/p>\n\n\n\n<p>Via Roma 7\/D, 37121 Verona &#8211; <a href=\"mailto:ufficio.stampa@arenadiverona.it\">ufficio.stampa@arenadiverona.it<\/a>&nbsp;&nbsp;<\/p>\n\n\n\n<p>tel. (+39) 045 805.1861-1905-1891-1939-1847-1942<\/p>\n\n\n\n<p><strong>Biglietterie<\/strong><\/p>\n\n\n\n<p>Via Dietro Anfiteatro 6\/B, 37121 Verona<\/p>\n\n\n\n<p>Via Roma 1, 37121 Verona<\/p>\n\n\n\n<p><a href=\"mailto:biglietteria@arenadiverona.it\">biglietteria@arenadiverona.it<\/a><\/p>\n\n\n\n<p>Call center (+39) 045 800 51 51<\/p>\n\n\n\n<p><a href=\"http:\/\/www.arena.it\">www.arena.it<\/a><\/p>\n\n\n\n<p>Punti di prevendita Vivaticket<\/p>\n\n\n\n<p>foto<\/p>\n\n\n\n<figure class=\"wp-block-image size-full\"><a href=\"https:\/\/www.ecoitaliano.com.ar\/wp-content\/uploads\/2026\/05\/image-1.jpg\"><img decoding=\"async\" width=\"570\" height=\"820\" src=\"https:\/\/www.ecoitaliano.com.ar\/wp-content\/uploads\/2026\/05\/image-1.jpg\" alt=\"\" class=\"wp-image-89567\" srcset=\"https:\/\/www.ecoitaliano.com.ar\/wp-content\/uploads\/2026\/05\/image-1.jpg 570w, https:\/\/www.ecoitaliano.com.ar\/wp-content\/uploads\/2026\/05\/image-1-209x300.jpg 209w\" sizes=\"(max-width: 570px) 100vw, 570px\" \/><\/a><\/figure>\n\n\n\n<p><\/p>\n","protected":false},"excerpt":{"rendered":"<p>Ufficio stampa&nbsp;&nbsp;&nbsp;&nbsp;&nbsp;&nbsp;&nbsp;&nbsp;&nbsp;&nbsp;&nbsp;&nbsp;&nbsp;&nbsp;&nbsp;&nbsp;&nbsp;&nbsp;&nbsp;&nbsp;&nbsp;&nbsp;&nbsp;&nbsp;&nbsp;&nbsp;&nbsp;&nbsp;&nbsp;&nbsp;&nbsp;&nbsp;&nbsp;&nbsp;&nbsp;&nbsp;&nbsp;&nbsp;&nbsp;&nbsp;&nbsp;&nbsp;&nbsp;&nbsp;&nbsp;&nbsp;&nbsp;&nbsp;&nbsp;&nbsp;&nbsp;&nbsp;&nbsp;&nbsp;&nbsp;&nbsp;&nbsp;&nbsp;&nbsp;&nbsp;&nbsp;&nbsp;&nbsp;&nbsp;&nbsp;&nbsp;&nbsp;&nbsp;&nbsp;&nbsp;&nbsp;&nbsp;&nbsp;&nbsp;&nbsp;&nbsp;&nbsp;&nbsp;&nbsp;&nbsp;&nbsp;&nbsp;&nbsp;&nbsp;&nbsp;&nbsp;&nbsp;&nbsp;&nbsp;&nbsp;&nbsp;&nbsp;&nbsp;&nbsp;&nbsp;&nbsp;&nbsp;&nbsp;&nbsp;&nbsp;&nbsp;&nbsp;&nbsp;&nbsp;&nbsp;&nbsp;&nbsp;&nbsp;&nbsp;&nbsp;&nbsp;&nbsp;&nbsp;&nbsp;&nbsp;&nbsp;&nbsp;&nbsp;&nbsp;&nbsp;&nbsp;&nbsp;&nbsp;&nbsp;&nbsp;&nbsp;&nbsp;&nbsp;&nbsp;&nbsp;&nbsp;&nbsp;&nbsp;&nbsp;&nbsp;&nbsp;&nbsp;&nbsp;&nbsp; &nbsp;&nbsp;&nbsp;&nbsp;&nbsp;&nbsp; &nbsp;&nbsp;&nbsp;&nbsp;&nbsp; 29\/04\/2026 IN ARENA LA PRIMA OPERA PER RAGAZZI E STUDENTISABATO 9 MAGGIO VA IN SCENA TURANDOT. [&hellip;]<\/p>\n","protected":false},"author":1,"featured_media":0,"comment_status":"open","ping_status":"open","sticky":false,"template":"","format":"standard","meta":{"footnotes":""},"categories":[1],"tags":[],"class_list":["post-89565","post","type-post","status-publish","format-standard","hentry","category-sin-categoria"],"_links":{"self":[{"href":"https:\/\/www.ecoitaliano.com.ar\/index.php?rest_route=\/wp\/v2\/posts\/89565","targetHints":{"allow":["GET"]}}],"collection":[{"href":"https:\/\/www.ecoitaliano.com.ar\/index.php?rest_route=\/wp\/v2\/posts"}],"about":[{"href":"https:\/\/www.ecoitaliano.com.ar\/index.php?rest_route=\/wp\/v2\/types\/post"}],"author":[{"embeddable":true,"href":"https:\/\/www.ecoitaliano.com.ar\/index.php?rest_route=\/wp\/v2\/users\/1"}],"replies":[{"embeddable":true,"href":"https:\/\/www.ecoitaliano.com.ar\/index.php?rest_route=%2Fwp%2Fv2%2Fcomments&post=89565"}],"version-history":[{"count":1,"href":"https:\/\/www.ecoitaliano.com.ar\/index.php?rest_route=\/wp\/v2\/posts\/89565\/revisions"}],"predecessor-version":[{"id":89568,"href":"https:\/\/www.ecoitaliano.com.ar\/index.php?rest_route=\/wp\/v2\/posts\/89565\/revisions\/89568"}],"wp:attachment":[{"href":"https:\/\/www.ecoitaliano.com.ar\/index.php?rest_route=%2Fwp%2Fv2%2Fmedia&parent=89565"}],"wp:term":[{"taxonomy":"category","embeddable":true,"href":"https:\/\/www.ecoitaliano.com.ar\/index.php?rest_route=%2Fwp%2Fv2%2Fcategories&post=89565"},{"taxonomy":"post_tag","embeddable":true,"href":"https:\/\/www.ecoitaliano.com.ar\/index.php?rest_route=%2Fwp%2Fv2%2Ftags&post=89565"}],"curies":[{"name":"wp","href":"https:\/\/api.w.org\/{rel}","templated":true}]}}