{"id":89582,"date":"2026-05-01T08:18:01","date_gmt":"2026-05-01T08:18:01","guid":{"rendered":"https:\/\/www.ecoitaliano.com.ar\/?p=89582"},"modified":"2026-05-01T08:18:01","modified_gmt":"2026-05-01T08:18:01","slug":"lorizzonte-infranto-se-la-geopolitica-si-fa-mare-aperto","status":"publish","type":"post","link":"https:\/\/www.ecoitaliano.com.ar\/?p=89582","title":{"rendered":"L&#8217;orizzonte infranto: se la geopolitica si fa mare aperto"},"content":{"rendered":"\n<figure class=\"wp-block-table\"><table class=\"has-fixed-layout\"><tbody><tr><td><em>Carlo Di Stanislao<\/em><\/td><\/tr><\/tbody><\/table><\/figure>\n\n\n<div class=\"wp-block-image\">\n<figure class=\"aligncenter size-full\"><a href=\"http:\/\/www.ecoitaliano.com.ar\/wp-content\/uploads\/2026\/04\/descarga-3-1.jpeg\"><img decoding=\"async\" width=\"225\" height=\"225\" src=\"http:\/\/www.ecoitaliano.com.ar\/wp-content\/uploads\/2026\/04\/descarga-3-1.jpeg\" alt=\"\" class=\"wp-image-88875\" srcset=\"https:\/\/www.ecoitaliano.com.ar\/wp-content\/uploads\/2026\/04\/descarga-3-1.jpeg 225w, https:\/\/www.ecoitaliano.com.ar\/wp-content\/uploads\/2026\/04\/descarga-3-1-150x150.jpeg 150w\" sizes=\"(max-width: 225px) 100vw, 225px\" \/><\/a><\/figure><\/div>\n\n\n<blockquote class=\"wp-block-quote is-layout-flow wp-block-quote-is-layout-flow\">\n<p>\u200b\u00bb<em>\u00c8 pi\u00f9 facile fare la guerra che la pace, perch\u00e9 per fare la guerra basta l&#8217;odio, mentre per fare la pace occorre il perdono.\u00bb<\/em><\/p>\n\n\n\n<p><em>\u2014 Georges Clemenceau<\/em><\/p>\n<\/blockquote>\n\n\n\n<p>\u200bIl mondo di oggi sembra essersi risvegliato in un incubo di mappe ridisegnate e alleanze che si sgretolano sotto il peso di una retorica sempre pi\u00f9 affilata. In un momento in cui la stabilit\u00e0 globale appare come un cristallo crepato, due eventi apparentemente distanti \u2014 un&#8217;azione militare in pieno Mediterraneo e una minaccia diplomatica proveniente dallo Studio Ovale \u2014 si intrecciano per raccontare la fine di un&#8217;epoca: quella della certezza transatlantica.<\/p>\n\n\n\n<h3 class=\"wp-block-heading\">\u200bIl blitz nel mare libero<\/h3>\n\n\n\n<p>\u200bIn un tratto di acque internazionali che la legge del mare vorrebbe franche da sovranit\u00e0 e sicure per il transito civile, il silenzio della notte \u00e8 stato squarciato dai motori delle unit\u00e0 navali. Una carovana carica di aiuti umanitari e attivisti \u00e8 stata intercettata e abbordata con una rapidit\u00e0 che ha lasciato la comunit\u00e0 internazionale attonita.<\/p>\n\n\n\n<p>\u200bLa distanza dalla costa non \u00e8 solo una coordinata geografica; \u00e8 un segnale politico. Intervenire a una tale distanza dalla zona di conflitto significa estendere il raggio d&#8217;azione militare ben oltre i confini del diritto marittimo tradizionale. Le denunce di pirateria di Stato e rapimento di civili si rincorrono nei corridoi di Bruxelles e delle Nazioni Unite, mentre le comunicazioni della flotta venivano oscurate da sofisticati sistemi di disturbo elettronico. Tra i fermati figurano decine di cittadini europei, spingendo le autorit\u00e0 a una richiesta di rilascio immediato che suona come l&#8217;ennesimo attrito in un quadrante gi\u00e0 incandescente.<\/p>\n\n\n\n<h3 class=\"wp-block-heading\">\u200bTrump e lo strappo con il vecchio continente<\/h3>\n\n\n\n<p>\u200bMentre il Mediterraneo si trasforma in un teatro di tensioni dirette, dall&#8217;altra parte dell&#8217;Atlantico soffia un vento di isolazionismo che minaccia di smantellare l&#8217;architettura difensiva del secondo dopoguerra. Donald Trump, in una serie di dichiarazioni che hanno fatto tremare le cancellerie di mezza Europa, ha ventilato l&#8217;ipotesi concreta di un ritiro delle truppe americane da tre pilastri storici della Nato: Italia, Spagna e Germania.<\/p>\n\n\n\n<p>\u200bL&#8217;accusa \u00e8 frontale e priva di filtri diplomatici. Il Presidente degli Stati Uniti ha definito questi Paesi terribili e, di fatto, anti-Nato o quantomeno non collaborativi. Il casus belli diplomatico \u00e8 duplice. Da un lato, Trump rimprovera agli alleati europei una totale mancanza di supporto operativo e politico nelle recenti escalation in Medio Oriente, lamentando che gli Stati Uniti siano stati lasciati soli a gestire la sicurezza delle rotte commerciali. Dall&#8217;altro, la frustrazione di Washington per il mancato raggiungimento degli obiettivi di spesa militare \u00e8 arrivata al punto di rottura, minacciando di escludere dalle decisioni strategiche chiunque non si adegui a standard economici ritenuti insostenibili.<\/p>\n\n\n\n<h3 class=\"wp-block-heading\">\u200bL&#8217;Italia nel mirino: tra gratitudine e pragmatismo<\/h3>\n\n\n\n<p>\u200bPer l&#8217;Italia, questa minaccia \u00e8 particolarmente bruciante. La collaborazione militare tra i due Paesi \u00e8 sempre stata un&#8217;eccellenza, con basi strategiche che fungono da avamposti vitali per la sicurezza globale. Definire l&#8217;Italia un Paese che non ha dato alcun aiuto \u00e8 un&#8217;iperbole che ignora decenni di missioni internazionali e una posizione geografica che fa della penisola il fulcro naturale del Mediterraneo.<\/p>\n\n\n\n<p>\u200bTuttavia, nella logica di Trump, la lealt\u00e0 non \u00e8 un concetto astratto basato sulla storia, ma un bilancio basato sul presente. Se l&#8217;Europa non segue gli Stati Uniti nella loro strategia di contenimento globale o non finanzia in modo massiccio la propria difesa, l&#8217;ombrello americano potrebbe chiudersi improvvisamente.<\/p>\n\n\n\n<h3 class=\"wp-block-heading\">\u200bLe conseguenze di un vuoto di potere<\/h3>\n\n\n\n<p>\u200bCosa accadrebbe se le truppe americane lasciassero davvero le basi in Germania, Spagna o Italia?<\/p>\n\n\n\n<ul class=\"wp-block-list\">\n<li>\u200b<strong>Instabilit\u00e0 regionale:<\/strong>\u00a0Il ritiro americano creerebbe un vuoto che potenze regionali o avversari sistemici sarebbero lesti a colmare.<\/li>\n\n\n\n<li>\u200b<strong>La fine della Nato come la conosciamo:<\/strong>\u00a0Se i principali contributori europei vengono etichettati come nemici interni, l&#8217;Alleanza Atlantica cessa di essere un fronte compatto per diventare un condominio in lite permanente.<\/li>\n\n\n\n<li>\u200b<strong>La sovranit\u00e0 europea:<\/strong>\u00a0Per ironia della sorte, la minaccia di Trump potrebbe costringere l&#8217;Europa a quel risveglio strategico e a quella difesa comune di cui si parla da decenni, ma che finora \u00e8 rimasta una chimera burocratica.<\/li>\n<\/ul>\n\n\n\n<p>\u200bIl caso della flottiglia fermata in alto mare e le minacce di disimpegno militare di Trump sono due facce della stessa medaglia: l&#8217;erosione delle regole condivise. Quando la forza bruta supera il diritto internazionale in mare e l&#8217;interesse transazionale sostituisce i patti tra alleati, il mondo entra in una terra di nessuno.<\/p>\n\n\n\n<p>\u200bLa distanza che separa la flottiglia dalla costa \u00e8 lo specchio della distanza che oggi separa Washington dalle capitali europee. Se questo solco non verr\u00e0 colmato con il dialogo, il rischio \u00e8 che il Mediterraneo smetta di essere il mare dell&#8217;incontro per diventare il confine di un nuovo, pericoloso disordine mondiale. In questo scenario, la citazione di Clem<\/p>\n\n\n\n<p><strong><em>Tutte l\u2019opinioni versati nel sito correspondono solo a chi la manifesta. Non e necessariamente l\u2019opinione della Direzione<\/em><\/strong><\/p>\n","protected":false},"excerpt":{"rendered":"<p>Carlo Di Stanislao \u200b\u00bb\u00c8 pi\u00f9 facile fare la guerra che la pace, perch\u00e9 per fare la guerra basta l&#8217;odio, mentre [&hellip;]<\/p>\n","protected":false},"author":1,"featured_media":0,"comment_status":"open","ping_status":"open","sticky":false,"template":"","format":"standard","meta":{"footnotes":""},"categories":[35],"tags":[],"class_list":["post-89582","post","type-post","status-publish","format-standard","hentry","category-opiniones"],"_links":{"self":[{"href":"https:\/\/www.ecoitaliano.com.ar\/index.php?rest_route=\/wp\/v2\/posts\/89582","targetHints":{"allow":["GET"]}}],"collection":[{"href":"https:\/\/www.ecoitaliano.com.ar\/index.php?rest_route=\/wp\/v2\/posts"}],"about":[{"href":"https:\/\/www.ecoitaliano.com.ar\/index.php?rest_route=\/wp\/v2\/types\/post"}],"author":[{"embeddable":true,"href":"https:\/\/www.ecoitaliano.com.ar\/index.php?rest_route=\/wp\/v2\/users\/1"}],"replies":[{"embeddable":true,"href":"https:\/\/www.ecoitaliano.com.ar\/index.php?rest_route=%2Fwp%2Fv2%2Fcomments&post=89582"}],"version-history":[{"count":1,"href":"https:\/\/www.ecoitaliano.com.ar\/index.php?rest_route=\/wp\/v2\/posts\/89582\/revisions"}],"predecessor-version":[{"id":89583,"href":"https:\/\/www.ecoitaliano.com.ar\/index.php?rest_route=\/wp\/v2\/posts\/89582\/revisions\/89583"}],"wp:attachment":[{"href":"https:\/\/www.ecoitaliano.com.ar\/index.php?rest_route=%2Fwp%2Fv2%2Fmedia&parent=89582"}],"wp:term":[{"taxonomy":"category","embeddable":true,"href":"https:\/\/www.ecoitaliano.com.ar\/index.php?rest_route=%2Fwp%2Fv2%2Fcategories&post=89582"},{"taxonomy":"post_tag","embeddable":true,"href":"https:\/\/www.ecoitaliano.com.ar\/index.php?rest_route=%2Fwp%2Fv2%2Ftags&post=89582"}],"curies":[{"name":"wp","href":"https:\/\/api.w.org\/{rel}","templated":true}]}}