{"id":91232,"date":"2026-06-05T10:44:55","date_gmt":"2026-06-05T10:44:55","guid":{"rendered":"https:\/\/www.ecoitaliano.com.ar\/?p=91232"},"modified":"2026-06-05T10:44:56","modified_gmt":"2026-06-05T10:44:56","slug":"2-giugno-1946-2-giugno-2026-la-repubblica-italiana-compie-80-anni","status":"publish","type":"post","link":"https:\/\/www.ecoitaliano.com.ar\/?p=91232","title":{"rendered":"2 giugno 1946 \u2013 2 giugno 2026. La Repubblica Italiana compie 80 anni"},"content":{"rendered":"\n<p><em> Angela Casilli<\/em><\/p>\n\n\n<div class=\"wp-block-image\">\n<figure class=\"aligncenter size-large is-resized\"><a href=\"http:\/\/www.ecoitaliano.com.ar\/wp-content\/uploads\/2026\/06\/Angela-Casilli-1.jpg\"><img decoding=\"async\" width=\"818\" height=\"1024\" src=\"http:\/\/www.ecoitaliano.com.ar\/wp-content\/uploads\/2026\/06\/Angela-Casilli-1-818x1024.jpg\" alt=\"\" class=\"wp-image-91233\" style=\"width:198px;height:auto\" srcset=\"https:\/\/www.ecoitaliano.com.ar\/wp-content\/uploads\/2026\/06\/Angela-Casilli-1-818x1024.jpg 818w, https:\/\/www.ecoitaliano.com.ar\/wp-content\/uploads\/2026\/06\/Angela-Casilli-1-240x300.jpg 240w, https:\/\/www.ecoitaliano.com.ar\/wp-content\/uploads\/2026\/06\/Angela-Casilli-1-768x962.jpg 768w, https:\/\/www.ecoitaliano.com.ar\/wp-content\/uploads\/2026\/06\/Angela-Casilli-1.jpg 1094w\" sizes=\"(max-width: 818px) 100vw, 818px\" \/><\/a><\/figure><\/div>\n\n\n<p>In un mondo che vive un cambiamento epocale, fatto di guerre e mancato rispetto del diritto internazionale, dove la capacit\u00e0 dell\u2019AI di penetrare capillarmente ovunque fino a condizionare sistemi, reti, dispositivi e soprattutto menti, la nostra Repubblica, che ha attraversato momenti difficilissimi, \u00e8 ancora in piedi e merita rispetto e orgoglio per aver retto e superato tutto.<\/p>\n\n\n\n<p>Le stragi di massa, l\u2019assassinio di magistrati e giornalisti, il sequestro e l\u2019assassinio di un uomo dello Stato, Aldo Moro, sono ferite che stentano a rimarginarsi, ma le Istituzioni e la forza morale di tanti italiani e italiane che non si sono mai arresi hanno reso possibile il superamento di momenti cos\u00ec bui.<\/p>\n\n\n\n<p>Le contrapposizioni di allora continuano ad esistere, ancora si parla di fascismo e antifascismo, ma mentre la Germania con il processo di Norimberga ha affrontato e condannato il legame con il nazismo, noi abbiamo scelto l\u2019amnistia, assolutamente necessaria ma non in grado di dichiarare superato il fascismo e condannarlo.<\/p>\n\n\n\n<p>La nostra Repubblica, la nostra Costituzione e la gran maggioranza degli italiani e delle italiane, oggi, sono antifascisti e il neofascismo \u00e8 abbastanza se non del tutto marginale, mentre non si pu\u00f2 dire altrettanto della Germania, dove l\u2019Afd, nelle prossime elezioni del 6 settembre nella Sassonia-Anhalt, terra natale di Martin Lutero, rischia di avere la maggioranza assoluta creando cos\u00ec un pericoloso precedente.<\/p>\n\n\n\n<p>Tuttavia, pur avendo una Costituzione considerata tra le migliori del mondo, per averci assicurato la libert\u00e0 e la democrazia, il nostro sistema istituzionale non riesce a riformarsi, a stare al passo con i tempi che non sono pi\u00f9 quelli del 1948, quando la nostra Carta nacque.<\/p>\n\n\n\n<p>Gi\u00e0 Giuseppe Dossetti, ex membro dell\u2019Assemblea Costituente della nostra Repubblica, denunciava un sistema parlamentare incapace di scegliere tra i due schieramenti, quello filosovietico e quello filooccidentale, proprio all\u2019indomani della nascita della Costituzione, temendo &#8211; ognuno degli schieramenti &#8211; che la vittoria elettorale avrebbe portato ad una deriva autoritaria e ad un abuso consequenziale delle Istituzioni.<\/p>\n\n\n\n<p>Fu cos\u00ec sottratto il potere decisionale alle Istituzioni, preferendo darlo ai partiti, che non hanno saputo gestirlo e non hanno capito che era necessario il reciproco riconoscimento dei due schieramenti, per il superiore interesse generale e per stare al passo con i tempi.<\/p>\n\n\n\n<p>Tutti i tentativi di riforma, sono andati a vuoto: sul sistema di governo, sul superamento del bicameralismo perfetto, su una legge elettorale che dovrebbe accompagnare entrambe e non anticiparle.<\/p>\n\n\n\n<p>Il nostro \u00e8 un sistema afflitto dal \u201cComplesso del tiranno\u201d, che non \u00e8 stato mai superato dalla Costituente in poi, cio\u00e8 la paura di avere un esecutivo con maggiori poteri, come nelle altre Cancellerie europee, che fa dell\u2019Italia \u201c<em>la Repubblica del potere di veto\u201d <\/em>dove prevalgono, propaganda e tatticismi, una forma di governo che risale al 1948 e un Parlamento con due Camere che fanno le stesse cose.<\/p>\n\n\n\n<p>Il risultato, chiaro a tutti, \u00e8 quello di una paralisi istituzionale, di un\u2019incapacit\u00e0 sostanziale di riforma del nostro sistema, che ha prodotto in pochi anni ben quattro leggi elettorali e, se ce ne sar\u00e0 una quinta, poco o nulla cambier\u00e0, perch\u00e9 da sola nessuna legge elettorale sar\u00e0 in grado di assicurare stabilit\u00e0 e governabilit\u00e0 al nostro Paese.<\/p>\n\n\n\n<p>Gli italiani e le italiane si augurano, visti i tanti fallimenti, che le regole vengano cambiate insieme, da maggioranza e opposizione, come nel 1948: semplice a dirsi, difficile a farsi.<\/p>\n\n\n\n<p><strong><em>Tutte l\u2019opinioni versati nel sito correspondono solo a chi la manifesta. Non e necessariamente l\u2019opinione della Direzione<\/em><\/strong><\/p>\n","protected":false},"excerpt":{"rendered":"<p>Angela Casilli In un mondo che vive un cambiamento epocale, fatto di guerre e mancato rispetto del diritto internazionale, dove [&hellip;]<\/p>\n","protected":false},"author":1,"featured_media":0,"comment_status":"open","ping_status":"open","sticky":false,"template":"","format":"standard","meta":{"footnotes":""},"categories":[35],"tags":[],"class_list":["post-91232","post","type-post","status-publish","format-standard","hentry","category-opiniones"],"_links":{"self":[{"href":"https:\/\/www.ecoitaliano.com.ar\/index.php?rest_route=\/wp\/v2\/posts\/91232","targetHints":{"allow":["GET"]}}],"collection":[{"href":"https:\/\/www.ecoitaliano.com.ar\/index.php?rest_route=\/wp\/v2\/posts"}],"about":[{"href":"https:\/\/www.ecoitaliano.com.ar\/index.php?rest_route=\/wp\/v2\/types\/post"}],"author":[{"embeddable":true,"href":"https:\/\/www.ecoitaliano.com.ar\/index.php?rest_route=\/wp\/v2\/users\/1"}],"replies":[{"embeddable":true,"href":"https:\/\/www.ecoitaliano.com.ar\/index.php?rest_route=%2Fwp%2Fv2%2Fcomments&post=91232"}],"version-history":[{"count":1,"href":"https:\/\/www.ecoitaliano.com.ar\/index.php?rest_route=\/wp\/v2\/posts\/91232\/revisions"}],"predecessor-version":[{"id":91234,"href":"https:\/\/www.ecoitaliano.com.ar\/index.php?rest_route=\/wp\/v2\/posts\/91232\/revisions\/91234"}],"wp:attachment":[{"href":"https:\/\/www.ecoitaliano.com.ar\/index.php?rest_route=%2Fwp%2Fv2%2Fmedia&parent=91232"}],"wp:term":[{"taxonomy":"category","embeddable":true,"href":"https:\/\/www.ecoitaliano.com.ar\/index.php?rest_route=%2Fwp%2Fv2%2Fcategories&post=91232"},{"taxonomy":"post_tag","embeddable":true,"href":"https:\/\/www.ecoitaliano.com.ar\/index.php?rest_route=%2Fwp%2Fv2%2Ftags&post=91232"}],"curies":[{"name":"wp","href":"https:\/\/api.w.org\/{rel}","templated":true}]}}