{"id":9370,"date":"2020-01-27T13:06:00","date_gmt":"2020-01-27T13:06:00","guid":{"rendered":"http:\/\/www.ecoitaliano.com.ar\/?p=9370"},"modified":"2020-01-27T13:06:44","modified_gmt":"2020-01-27T13:06:44","slug":"scuole-europee-e-la-miopia-ministeriale-litalia-continuera-a-perdere-peso-posizione-posti-e-prestigio","status":"publish","type":"post","link":"https:\/\/www.ecoitaliano.com.ar\/?p=9370","title":{"rendered":"Scuole Europee e la miopia ministeriale: l&#8217;Italia continuer\u00e0 a perdere peso, posizione, posti e prestigio"},"content":{"rendered":"<p><a href=\"http:\/\/www.ecoitaliano.com.ar\/wp-content\/uploads\/2020\/01\/scuola-europea.jpg\"><img decoding=\"async\" class=\"alignnone size-full wp-image-9371\" src=\"http:\/\/www.ecoitaliano.com.ar\/wp-content\/uploads\/2020\/01\/scuola-europea.jpg\" alt=\"\" width=\"225\" height=\"225\" srcset=\"https:\/\/www.ecoitaliano.com.ar\/wp-content\/uploads\/2020\/01\/scuola-europea.jpg 225w, https:\/\/www.ecoitaliano.com.ar\/wp-content\/uploads\/2020\/01\/scuola-europea-150x150.jpg 150w\" sizes=\"(max-width: 225px) 100vw, 225px\" \/><\/a><\/p>\n<p align=\"center\"><span style=\"font-family: Georgia, serif;\"><span style=\"font-size: large;\"><span lang=\"it-IT\"><b>Scuole Europee e la miopia ministeriale: l&#8217;Italia continuer\u00e0 a perdere peso, posizione, posti e prestigio<\/b><\/span><\/span><\/span><\/p>\n<p align=\"justify\"><a name=\"_GoBack\"><\/a> <span style=\"font-family: Georgia, serif;\"><span style=\"font-size: medium;\"><span lang=\"it-IT\">Le scuole europee sono poco conosciute anche fra gli stessi docenti che di volta in volta vengono distaccati dall&#8217;Italia senza alcuna informazione adeguata. Sono scuole frequentate per la stragrande maggioranza dai figli di chi lavora nelle istituzioni europee e sono caratterizzate dalla presenza di pi\u00f9 sezioni, ciascuna delle quali rappresenta una nazione.<\/span><\/span><\/span><\/p>\n<p align=\"justify\"><span style=\"font-family: Georgia, serif;\"><span style=\"font-size: medium;\"><span lang=\"it-IT\">I nostri docenti vi insegnano grossomodo le stesse materie della cattedra italiana, con qualche adeguamento in base alle necessit\u00e0. Vogliamo per\u00f2 portare l&#8217;attenzione su un aspetto ben pi\u00f9 grande, che mostra quanto miope sia in Italia l&#8217;azione del\/i nostro\/i governo\/i in tale \u00abmercato\u00bb.<\/span><\/span><\/span><\/p>\n<p align=\"justify\"><span style=\"font-family: Georgia, serif;\"><span style=\"font-size: medium;\"><span lang=\"it-IT\"><b>Si stanno aprendo infatti nuove opportunit\u00e0 di distacco<\/b><\/span><\/span><\/span><span style=\"font-family: Georgia, serif;\"><span style=\"font-size: medium;\"><span lang=\"it-IT\"> per andare a ricoprire ruoli di responsabilit\u00e0 all&#8217;interno delle scuole europee (direzione e assistente alla direzione, per esempio), e <\/span><\/span><\/span><span style=\"font-family: Georgia, serif;\"><span style=\"font-size: medium;\"><span lang=\"it-IT\"><b>ogni Paese pu\u00f2 candidare due insegnanti per ogni scuola<\/b><\/span><\/span><\/span><span style=\"font-family: Georgia, serif;\"><span style=\"font-size: medium;\"><span lang=\"it-IT\"> (sia per la primaria sia per la secondaria). L&#8217;ufficio centrale dell&#8217;organizzazione individua i posti vacanti e invita le delegazioni di ogni Stato a presentare la candidatura di una o pi\u00f9 persone.<\/span><\/span><\/span><\/p>\n<p align=\"justify\"><span style=\"font-family: Georgia, serif;\"><span style=\"font-size: medium;\"><span lang=\"it-IT\">Ebbene<\/span><\/span><\/span><span style=\"font-family: Georgia, serif;\"><span style=\"font-size: medium;\"><span lang=\"it-IT\"><b>, in Italia gli inviti cadono a vuoto<\/b><\/span><\/span><\/span><span style=\"font-family: Georgia, serif;\"><span style=\"font-size: medium;\"><span lang=\"it-IT\">. Ci sono stati gi\u00e0 episodi in cui <\/span><\/span><\/span><span style=\"font-family: Georgia, serif;\"><span style=\"font-size: medium;\"><span lang=\"it-IT\"><b>il nostro Paese ha ignorato queste sollecitazioni negando di fatto la possibilit\u00e0 a docenti di partire o di progredire nella loro carriera all&#8217;estero.<\/b><\/span><\/span><\/span><\/p>\n<p align=\"justify\"><span style=\"font-family: Georgia, serif;\"><span style=\"font-size: medium;\"><span lang=\"it-IT\">Perch\u00e9?<\/span><\/span><\/span><\/p>\n<p align=\"justify\"><span style=\"font-family: Georgia, serif;\"><span style=\"font-size: medium;\"><span lang=\"it-IT\">1. Innanzitutto<\/span><\/span><\/span><span style=\"font-family: Georgia, serif;\"><span style=\"font-size: medium;\"><span lang=\"it-IT\"><b>, le pratiche al Miur-Maeci si accatastano<\/b><\/span><\/span><\/span><span style=\"font-family: Georgia, serif;\"><span style=\"font-size: medium;\"><span lang=\"it-IT\"> e con i continui cambi di Ministri e relativi staff, nessuno si prende la briga di sbrogliarne la matassa, figuriamoci se poi trattasi della lontana <\/span><\/span><\/span><span style=\"font-family: Georgia, serif;\"><span style=\"font-size: medium;\"><span lang=\"it-IT\"><b>Unione Europea<\/b><\/span><\/span><\/span><span style=\"font-family: Georgia, serif;\"><span style=\"font-size: medium;\"><span lang=\"it-IT\">.<\/span><\/span><\/span><\/p>\n<p align=\"justify\"><span style=\"font-family: Georgia, serif;\"><span style=\"font-size: medium;\"><span lang=\"it-IT\">2. In secondo luogo, <\/span><\/span><\/span><span style=\"font-family: Georgia, serif;\"><span style=\"font-size: medium;\"><span lang=\"it-IT\"><b>l&#8217;atteggiamento e la mentalit\u00e0 di certi impiegati<\/b><\/span><\/span><\/span><span style=\"font-family: Georgia, serif;\"><span style=\"font-size: medium;\"><span lang=\"it-IT\"> &#8211; a fronte di tanti altri coscienziosi lavoratori &#8211; che probabilmente sono invidiosi della probabile occasione per i colleghi mentre loro sono tristemente condannati a occuparsi sempre di carte impolverate o da fotocopiare.<\/span><\/span><\/span><\/p>\n<p align=\"justify\"><span style=\"font-family: Georgia, serif;\"><span style=\"font-size: medium;\"><span lang=\"it-IT\">3. E infine, <\/span><\/span><\/span><span style=\"font-family: Georgia, serif;\"><span style=\"font-size: medium;\"><span lang=\"it-IT\"><b>la poca lungimiranza degli investimenti<\/b><\/span><\/span><\/span><span style=\"font-family: Georgia, serif;\"><span style=\"font-size: medium;\"><span lang=\"it-IT\">. \u00c8 vero che tradizionalmente l&#8217;Italia destina le briciole a cultura e istruzione, ma qui c&#8217;\u00e8 qualcosa di pi\u00f9 profondo e grave. In gioco c&#8217;\u00e8 il mancato desiderio di vedere l&#8217;Italia ai posti di leadership o quanto meno di rappresentanza.<\/span><\/span><\/span><\/p>\n<p align=\"justify\"><span style=\"font-family: Georgia, serif;\"><span style=\"font-size: medium;\"><span lang=\"it-IT\">Che cosa impedisce eventuali altri distacchi verso l&#8217;estero? Al ministero nessuno sembra essere in grado (in termini di incarichi, deleghe, responsabilit\u00e0), per posizione, competenze, autorit\u00e0, di poter autorizzare (a nome dell&#8217;Italia) una o pi\u00f9 opzioni che comporterebbero l&#8217;aumento del numero di detach\u00e9 in organico, dunque un aumento di spesa<\/span><\/span><\/span><span style=\"font-family: Georgia, serif;\"><span style=\"font-size: medium;\"><span lang=\"it-IT\"><b>. <\/b><\/span><\/span><\/span><\/p>\n<p align=\"justify\"><span style=\"font-family: Georgia, serif;\"><span style=\"font-size: medium;\"><span lang=\"it-IT\"><b>Quindi, non saranno espresse opzioni a nome dell&#8217;Italia, e vedremo passare sotto il naso la possibilit\u00e0 di aumentare il peso italiano (gi\u00e0 ben ridotto) all&#8217;interno delle Scuole Europee.<\/b><\/span><\/span><\/span><\/p>\n<p align=\"justify\"><span style=\"font-family: Georgia, serif;\"><span style=\"font-size: medium;\"><span lang=\"it-IT\">Dal punto di vista del Ragioniere, il discorso non fa una piega: ci sono i soldi solo per il numero gi\u00e0 previsto di personale distaccato. <\/span><\/span><\/span><\/p>\n<p align=\"justify\"><span style=\"font-family: Georgia, serif;\"><span style=\"font-size: medium;\"><span lang=\"it-IT\">Il problema pi\u00f9 grave e triste \u00e8 che non si va al di l\u00e0 delle cifre. L&#8217;Italia non pu\u00f2 permettersi di coprire le spese di un altro professionista che rimpiazzi il distaccato, per\u00f2 di fatto continuer\u00e0 in altre forme a pagare la persona di un altro Stato per dirigere le Scuole Europee, con i contributi anche italiani versati alla UE.<\/span><\/span><\/span><\/p>\n<p><span style=\"font-family: Georgia, serif;\"><span style=\"font-size: medium;\"><span lang=\"it-IT\"><b>Giuseppe Dimora<\/b><\/span><\/span><\/span><\/p>\n<p><em>L&#8217;opinioni da chi scrivono, apartengono solo a loro. La direzione del sito non necessariamente condivide quello che si scrive.<\/em><\/p>\n","protected":false},"excerpt":{"rendered":"<p>Scuole Europee e la miopia ministeriale: l&#8217;Italia continuer\u00e0 a perdere peso, posizione, posti e prestigio Le scuole europee sono poco [&hellip;]<\/p>\n","protected":false},"author":1,"featured_media":0,"comment_status":"open","ping_status":"open","sticky":false,"template":"","format":"standard","meta":{"footnotes":""},"categories":[10,35],"tags":[],"class_list":["post-9370","post","type-post","status-publish","format-standard","hentry","category-italiano","category-opiniones"],"_links":{"self":[{"href":"https:\/\/www.ecoitaliano.com.ar\/index.php?rest_route=\/wp\/v2\/posts\/9370","targetHints":{"allow":["GET"]}}],"collection":[{"href":"https:\/\/www.ecoitaliano.com.ar\/index.php?rest_route=\/wp\/v2\/posts"}],"about":[{"href":"https:\/\/www.ecoitaliano.com.ar\/index.php?rest_route=\/wp\/v2\/types\/post"}],"author":[{"embeddable":true,"href":"https:\/\/www.ecoitaliano.com.ar\/index.php?rest_route=\/wp\/v2\/users\/1"}],"replies":[{"embeddable":true,"href":"https:\/\/www.ecoitaliano.com.ar\/index.php?rest_route=%2Fwp%2Fv2%2Fcomments&post=9370"}],"version-history":[{"count":0,"href":"https:\/\/www.ecoitaliano.com.ar\/index.php?rest_route=\/wp\/v2\/posts\/9370\/revisions"}],"wp:attachment":[{"href":"https:\/\/www.ecoitaliano.com.ar\/index.php?rest_route=%2Fwp%2Fv2%2Fmedia&parent=9370"}],"wp:term":[{"taxonomy":"category","embeddable":true,"href":"https:\/\/www.ecoitaliano.com.ar\/index.php?rest_route=%2Fwp%2Fv2%2Fcategories&post=9370"},{"taxonomy":"post_tag","embeddable":true,"href":"https:\/\/www.ecoitaliano.com.ar\/index.php?rest_route=%2Fwp%2Fv2%2Ftags&post=9370"}],"curies":[{"name":"wp","href":"https:\/\/api.w.org\/{rel}","templated":true}]}}