{"id":9374,"date":"2020-01-27T15:21:26","date_gmt":"2020-01-27T15:21:26","guid":{"rendered":"http:\/\/www.ecoitaliano.com.ar\/?p=9374"},"modified":"2020-01-27T15:21:26","modified_gmt":"2020-01-27T15:21:26","slug":"serena-conduce-operaclassica-eco-italiano-246","status":"publish","type":"post","link":"https:\/\/www.ecoitaliano.com.ar\/?p=9374","title":{"rendered":"Serena conduce Operaclassica Eco Italiano"},"content":{"rendered":"<p><a href=\"http:\/\/www.ecoitaliano.com.ar\/wp-content\/uploads\/2020\/01\/66452413_2337099943044387_7345718227462258688_n.png\"><img decoding=\"async\" class=\"alignnone size-full wp-image-9126\" src=\"http:\/\/www.ecoitaliano.com.ar\/wp-content\/uploads\/2020\/01\/66452413_2337099943044387_7345718227462258688_n.png\" alt=\"\" width=\"144\" height=\"91\" \/><\/a><\/p>\n<p>Ufficio Stampa 27\/01\/2020<\/p>\n<p>CALOROSI APPLAUSI PER LUCIA DI LAMMERMOOR,<br \/>\nTITOLO INAUGURALE DELLA STAGIONE LIRICA 2020<br \/>\nDELLA FONDAZIONE ARENA DI VERONA<br \/>\nAL TEATRO FILARMONICO<\/p>\n<p>2020 Teatro Filarmonico, Lucia di Lammermoor, \u00a9Foto Ennevi\/Fondazione Arena di Verona<\/p>\n<p>Ieri, domenica 26 gennaio alle 15.30, ha debuttato al Teatro Filarmonico di Verona Lucia di Lammermoor, titolo inaugurale della Stagione Lirica 2020 di Fondazione Arena. Il pubblico numeroso presente in Teatro ha accompagnato con calorosi applausi l\u2019intera esecuzione del capolavoro di Donizetti.<br \/>\nL\u2019allestimento \u00e8 firmato da Renzo Giacchieri per regia e costumi, le scene e il projection design sono di Alfredo Troisi, i movimenti mimici sono ideati da Barbara Pessina e le luci sono del lighting designer areniano Paolo Mazzon. Alla guida dei complessi areniani si \u00e8 distinto il maestro ucraino Andriy Yurkevych, impegnato per la prima volta in una produzione operistica sul palcoscenico veronese.<br \/>\nNel cast Ruth Iniesta ed Enkeleda Kamani si alternano nel ruolo della protagonista a fianco di Enea Scala e Pietro Adaini come Sir Edgardo di Ravenswood. Alberto Gazale e Biagio Pizzuti vestono i panni di Lord Enrico Ashton, mentre Simon Lim d\u00e0 voce a Raimondo Bidebent. Enrico Zara \u00e8 Lord Arturo Buclaw e Riccardo Rados \u00e8 Normanno; infine Lorrie Garcia interpreta il personaggio di Alisa.<br \/>\nLo spettacolo proveniente dal Teatro Verdi di Salerno replica marted\u00ec 28 gennaio alle 19.00, gioved\u00ec 30 gennaio alle 20.00 e domenica 2 febbraio alle 15.30.<br \/>\nSi ricorda l\u2019appuntamento marted\u00ec 28 gennaio alle 18.00 e gioved\u00ec 30 gennaio alle 19.00 con l\u2019iniziativa Ritorno a Teatro nell\u2019ambito del progetto Arena Young 2019-2020. La proposta \u00e8 rivolta agli studenti della scuola primaria e secondaria, ai loro familiari, insegnanti, dirigenti scolastici e al personale ATA e permette di assistere allo spettacolo a un prezzo speciale (\u20ac 6,00 per gli studenti e \u20ac 12,00 per gli adulti). L\u2019incontro propone un Preludio, momento introduttivo allo spettacolo, seguito da un aperitivo nel Bar del Teatro.<br \/>\nPer informazioni e prenotazioni:<br \/>\nUfficio Formazione della Fondazione Arena di Verona<br \/>\ntel. (+39) 045 8051933 &#8211; fax (+39) 045 590638 &#8211; scuola@arenadiverona.it<\/p>\n<p>Informazioni<br \/>\nUfficio Stampa Fondazione Arena di Verona \u2013 Via Roma 7\/D, 37121 Verona<br \/>\ntel. (+39) 045 805.1861-1905-1891 &#8211; fax (+39) 045 803.1443<br \/>\nufficio.stampa@arenadiverona.it \u2013 www.arena.it<\/p>\n<p>Biglietteria Arena di Verona<br \/>\nVia Dietro Anfiteatro 6\/b, 37121 Verona<br \/>\nTel. 045 596517 &#8211; Fax 045 8013287 &#8211; Call center 045 8005151 &#8211; Punti di prevendita Geticket<br \/>\nOrari<br \/>\nda luned\u00ec a venerd\u00ec 10:15-16:45<br \/>\nsabato 09:15-12:45<br \/>\nBiglietteria Teatro Filarmonico<br \/>\nVia dei Mutilati 4\/k, 37121 Verona<br \/>\nTel. 045 8002880 &#8211; Fax 045 8013266<br \/>\nApertura due ore prima dello spettacolo<br \/>\nbiglietteria@arenadiverona.it \u2013 www.arena.it<br \/>\nDomenica 26 gennaio &#8211; ore 15.30<br \/>\nMarted\u00ec 28 gennaio &#8211; ore 19.00<br \/>\nGioved\u00ec 30 gennaio &#8211; ore 20.00<br \/>\nDomenica 2 febbraio &#8211; ore 15.30<\/p>\n<p>LUCIA DI LAMMERMOOR<br \/>\nDramma tragico in due parti e tre atti.<br \/>\nLibretto di Salvadore Cammarano<br \/>\nMusica di Gaetano Donizetti<br \/>\nDirettore Andriy Yurkevych<br \/>\nRegia e costumi Renzo Giacchieri<br \/>\nScene e projection design Alfredo Troisi<br \/>\nMovimenti mimici Barbara Pessina<br \/>\nLuci Paolo Mazzon<\/p>\n<p>Personaggi e interpreti<\/p>\n<p>Lord Enrico Ashton Alberto Gazale (26, 28\/01)<br \/>\nBiagio Pizzuti (30\/01 \u2013 2\/02)<br \/>\nLucia Ruth Iniesta (26, 28\/01)<br \/>\nEnkeleda Kamani (30\/01 \u2013 2\/02)<br \/>\nSir Edgardo di Ravenswood Enea Scala (26\/01 &#8211; 2\/02)<br \/>\nPietro Adaini (28, 30\/01)<br \/>\nLord Arturo Bucklaw Enrico Zara<br \/>\nRaimondo Bidebent Simon Lim<br \/>\nAlisa Lorrie Garcia<br \/>\nNormanno Riccardo Rados<\/p>\n<p>ORCHESTRA, CORO E TECNICI DELL\u2019ARENA DI VERONA<br \/>\nMaestro del Coro Vito Lombardi<br \/>\nDirettore Allestimenti scenici Michele Olcese<\/p>\n<p>Allestimento del Teatro Comunale G. Verdi di Salerno<\/p>\n<div id='gallery-1' class='gallery galleryid-9374 gallery-columns-3 gallery-size-thumbnail'><figure class='gallery-item'>\n\t\t\t<div class='gallery-icon landscape'>\n\t\t\t\t<a href='https:\/\/www.ecoitaliano.com.ar\/?attachment_id=9376'><img decoding=\"async\" width=\"150\" height=\"150\" src=\"https:\/\/www.ecoitaliano.com.ar\/wp-content\/uploads\/2020\/01\/83437195_156413949126092_6868695047622098944_n-150x150.jpg\" class=\"attachment-thumbnail size-thumbnail\" alt=\"\" \/><\/a>\n\t\t\t<\/div><\/figure><figure class='gallery-item'>\n\t\t\t<div class='gallery-icon landscape'>\n\t\t\t\t<a href='https:\/\/www.ecoitaliano.com.ar\/?attachment_id=9377'><img decoding=\"async\" width=\"150\" height=\"150\" src=\"https:\/\/www.ecoitaliano.com.ar\/wp-content\/uploads\/2020\/01\/83359385_170992997465305_2986565363937837056_n-150x150.jpg\" class=\"attachment-thumbnail size-thumbnail\" alt=\"\" \/><\/a>\n\t\t\t<\/div><\/figure><figure class='gallery-item'>\n\t\t\t<div class='gallery-icon landscape'>\n\t\t\t\t<a href='https:\/\/www.ecoitaliano.com.ar\/?attachment_id=9378'><img decoding=\"async\" width=\"150\" height=\"150\" src=\"https:\/\/www.ecoitaliano.com.ar\/wp-content\/uploads\/2020\/01\/84303756_181585519729935_7731989169244733440_n-150x150.jpg\" class=\"attachment-thumbnail size-thumbnail\" alt=\"\" \/><\/a>\n\t\t\t<\/div><\/figure><figure class='gallery-item'>\n\t\t\t<div class='gallery-icon portrait'>\n\t\t\t\t<a href='https:\/\/www.ecoitaliano.com.ar\/?attachment_id=9379'><img decoding=\"async\" width=\"150\" height=\"150\" src=\"https:\/\/www.ecoitaliano.com.ar\/wp-content\/uploads\/2020\/01\/82990934_218866275815400_5743685990011109376_n-150x150.jpg\" class=\"attachment-thumbnail size-thumbnail\" alt=\"\" \/><\/a>\n\t\t\t<\/div><\/figure><figure class='gallery-item'>\n\t\t\t<div class='gallery-icon landscape'>\n\t\t\t\t<a href='https:\/\/www.ecoitaliano.com.ar\/?attachment_id=9380'><img decoding=\"async\" width=\"150\" height=\"150\" src=\"https:\/\/www.ecoitaliano.com.ar\/wp-content\/uploads\/2020\/01\/83155072_821683894910361_5971025506705866752_n-150x150.jpg\" class=\"attachment-thumbnail size-thumbnail\" alt=\"\" \/><\/a>\n\t\t\t<\/div><\/figure><figure class='gallery-item'>\n\t\t\t<div class='gallery-icon landscape'>\n\t\t\t\t<a href='https:\/\/www.ecoitaliano.com.ar\/?attachment_id=9381'><img decoding=\"async\" width=\"150\" height=\"150\" src=\"https:\/\/www.ecoitaliano.com.ar\/wp-content\/uploads\/2020\/01\/83445393_867243870361715_1259444287049826304_n-150x150.jpg\" class=\"attachment-thumbnail size-thumbnail\" alt=\"\" \/><\/a>\n\t\t\t<\/div><\/figure><figure class='gallery-item'>\n\t\t\t<div class='gallery-icon landscape'>\n\t\t\t\t<a href='https:\/\/www.ecoitaliano.com.ar\/?attachment_id=9382'><img decoding=\"async\" width=\"150\" height=\"150\" src=\"https:\/\/www.ecoitaliano.com.ar\/wp-content\/uploads\/2020\/01\/83003591_2358442404447352_3348270011910193152_n-150x150.jpg\" class=\"attachment-thumbnail size-thumbnail\" alt=\"\" \/><\/a>\n\t\t\t<\/div><\/figure><figure class='gallery-item'>\n\t\t\t<div class='gallery-icon portrait'>\n\t\t\t\t<a href='https:\/\/www.ecoitaliano.com.ar\/?attachment_id=9383'><img decoding=\"async\" width=\"150\" height=\"150\" src=\"https:\/\/www.ecoitaliano.com.ar\/wp-content\/uploads\/2020\/01\/83488247_2754301484606763_479225840933011456_n-150x150.jpg\" class=\"attachment-thumbnail size-thumbnail\" alt=\"\" \/><\/a>\n\t\t\t<\/div><\/figure><figure class='gallery-item'>\n\t\t\t<div class='gallery-icon landscape'>\n\t\t\t\t<a href='https:\/\/www.ecoitaliano.com.ar\/?attachment_id=9384'><img decoding=\"async\" width=\"150\" height=\"150\" src=\"https:\/\/www.ecoitaliano.com.ar\/wp-content\/uploads\/2020\/01\/84225477_2760798237312370_905930442358652928_n-150x150.jpg\" class=\"attachment-thumbnail size-thumbnail\" alt=\"\" \/><\/a>\n\t\t\t<\/div><\/figure>\n\t\t<\/div>\n\n<p><span class=\"_5yl5\">Le immagini sono una selezione della prima rappresentazione di Domenica 26 Gennaio 2020<\/span><\/p>\n","protected":false},"excerpt":{"rendered":"<p>Ufficio Stampa 27\/01\/2020 CALOROSI APPLAUSI PER LUCIA DI LAMMERMOOR, TITOLO INAUGURALE DELLA STAGIONE LIRICA 2020 DELLA FONDAZIONE ARENA DI VERONA [&hellip;]<\/p>\n","protected":false},"author":1,"featured_media":0,"comment_status":"open","ping_status":"open","sticky":false,"template":"","format":"standard","meta":{"footnotes":""},"categories":[10,40],"tags":[],"class_list":["post-9374","post","type-post","status-publish","format-standard","hentry","category-italiano","category-serena-conduce-operaclassica"],"_links":{"self":[{"href":"https:\/\/www.ecoitaliano.com.ar\/index.php?rest_route=\/wp\/v2\/posts\/9374","targetHints":{"allow":["GET"]}}],"collection":[{"href":"https:\/\/www.ecoitaliano.com.ar\/index.php?rest_route=\/wp\/v2\/posts"}],"about":[{"href":"https:\/\/www.ecoitaliano.com.ar\/index.php?rest_route=\/wp\/v2\/types\/post"}],"author":[{"embeddable":true,"href":"https:\/\/www.ecoitaliano.com.ar\/index.php?rest_route=\/wp\/v2\/users\/1"}],"replies":[{"embeddable":true,"href":"https:\/\/www.ecoitaliano.com.ar\/index.php?rest_route=%2Fwp%2Fv2%2Fcomments&post=9374"}],"version-history":[{"count":0,"href":"https:\/\/www.ecoitaliano.com.ar\/index.php?rest_route=\/wp\/v2\/posts\/9374\/revisions"}],"wp:attachment":[{"href":"https:\/\/www.ecoitaliano.com.ar\/index.php?rest_route=%2Fwp%2Fv2%2Fmedia&parent=9374"}],"wp:term":[{"taxonomy":"category","embeddable":true,"href":"https:\/\/www.ecoitaliano.com.ar\/index.php?rest_route=%2Fwp%2Fv2%2Fcategories&post=9374"},{"taxonomy":"post_tag","embeddable":true,"href":"https:\/\/www.ecoitaliano.com.ar\/index.php?rest_route=%2Fwp%2Fv2%2Ftags&post=9374"}],"curies":[{"name":"wp","href":"https:\/\/api.w.org\/{rel}","templated":true}]}}