{"id":9496,"date":"2020-02-05T11:22:34","date_gmt":"2020-02-05T11:22:34","guid":{"rendered":"http:\/\/www.ecoitaliano.com.ar\/?p=9496"},"modified":"2020-02-05T11:22:34","modified_gmt":"2020-02-05T11:22:34","slug":"il-direttore-della-gazzetta-italo-brasiliana-in-visita-al-secolo-xix","status":"publish","type":"post","link":"https:\/\/www.ecoitaliano.com.ar\/?p=9496","title":{"rendered":"Il direttore della Gazzetta Italo-Brasiliana in visita al Secolo XIX"},"content":{"rendered":"<div id='gallery-1' class='gallery galleryid-9496 gallery-columns-3 gallery-size-thumbnail'><figure class='gallery-item'>\n\t\t\t<div class='gallery-icon portrait'>\n\t\t\t\t<a href='https:\/\/www.ecoitaliano.com.ar\/?attachment_id=9497'><img decoding=\"async\" width=\"150\" height=\"150\" src=\"https:\/\/www.ecoitaliano.com.ar\/wp-content\/uploads\/2020\/02\/visita-Secolo-XIX.1-150x150.jpg\" class=\"attachment-thumbnail size-thumbnail\" alt=\"\" \/><\/a>\n\t\t\t<\/div><\/figure><figure class='gallery-item'>\n\t\t\t<div class='gallery-icon landscape'>\n\t\t\t\t<a href='https:\/\/www.ecoitaliano.com.ar\/?attachment_id=9498'><img decoding=\"async\" width=\"150\" height=\"150\" src=\"https:\/\/www.ecoitaliano.com.ar\/wp-content\/uploads\/2020\/02\/La-sede-del-Secolo-XIX-a-Genova-150x150.jpg\" class=\"attachment-thumbnail size-thumbnail\" alt=\"\" \/><\/a>\n\t\t\t<\/div><\/figure><figure class='gallery-item'>\n\t\t\t<div class='gallery-icon landscape'>\n\t\t\t\t<a href='https:\/\/www.ecoitaliano.com.ar\/?attachment_id=9499'><img decoding=\"async\" width=\"150\" height=\"150\" src=\"https:\/\/www.ecoitaliano.com.ar\/wp-content\/uploads\/2020\/02\/Andrea-Castanini-e-Giuseppe-Arn\u00f2-150x150.jpg\" class=\"attachment-thumbnail size-thumbnail\" alt=\"\" \/><\/a>\n\t\t\t<\/div><\/figure>\n\t\t<\/div>\n\n<p>&nbsp;<\/p>\n<p>Il direttore della Gazzetta Italo-Brasiliana in visita al Secolo XIX<\/p>\n<p>Giuseppe Arn\u00f2, direttore de La Gazzetta Italo-Brasiliana, ha recentemente visitato gli uffici dello storico quotidiano di Genova Il Secolo XIX. Una visita programmata da molto tempo, quando a dirigere il prestigioso giornale c\u2019era Alessandro Cassinis.<br \/>\nL\u2019attuale direttore, Luca Ubaldeschi, fuori sede per impegni di lavoro assunti precedentemente, ha delegato il Vicedirettore Andrea Castanini a fare gli onori di casa all\u2019ospite proveniente dal Brasile. L\u2019incontro \u00e8 stato cordiale oltre ogni aspettativa.<br \/>\nNaturalmente si \u00e8 discusso sulla possibilit\u00e0 di un interscambio di notizie, principalmente quelle che interessano le numerose associazioni liguri sparse per il Brasile, il ruolo di rilievo assunto dalla comunit\u00e0 ligure nel grande Paese latinoamericano e i traguardi raggiunti, nonch\u00e9 notizie relative all\u2019emigrazione di ritorno.<br \/>\nAl termine della visita Giuseppe Arn\u00f2, accompagnato dalla moglie e collaboratrice Patricia, ha rivolto un invito al direttore Ubaldeschi e al vice Castanini a visitare gli uffici della propria rivista e perch\u00e9 no, la meravigliosa citt\u00e0 di Rio de Janeiro.<br \/>\nIl Secolo XIX \u00e8 un quotidiano storico di Genova, fondato il 25 aprile 1886. E\u2019 un giornale a diffusione nazionale, sebbene sia particolarmente letto in Liguria e nel Basso Piemonte (Novese e Ovadese). Nel 2001 \u00e8 stato fra i primi quotidiani italiani ad adottare la stampa a colori ed \u00e8 stato fino al 2014 di propriet\u00e0 dell&#8217;editore Carlo Perrone. Nel 2015 ha costituito con La Stampa la societ\u00e0 Italiana Editrice e nel 2017 il gruppo si \u00e8 fuso con il Gruppo Editoriale L\u2019Espresso per costituire GEDI SpA.<\/p>\n","protected":false},"excerpt":{"rendered":"<p>&nbsp; Il direttore della Gazzetta Italo-Brasiliana in visita al Secolo XIX Giuseppe Arn\u00f2, direttore de La Gazzetta Italo-Brasiliana, ha recentemente [&hellip;]<\/p>\n","protected":false},"author":1,"featured_media":0,"comment_status":"open","ping_status":"open","sticky":false,"template":"","format":"standard","meta":{"footnotes":""},"categories":[10,15],"tags":[],"class_list":["post-9496","post","type-post","status-publish","format-standard","hentry","category-italiano","category-italiani-allestero"],"_links":{"self":[{"href":"https:\/\/www.ecoitaliano.com.ar\/index.php?rest_route=\/wp\/v2\/posts\/9496","targetHints":{"allow":["GET"]}}],"collection":[{"href":"https:\/\/www.ecoitaliano.com.ar\/index.php?rest_route=\/wp\/v2\/posts"}],"about":[{"href":"https:\/\/www.ecoitaliano.com.ar\/index.php?rest_route=\/wp\/v2\/types\/post"}],"author":[{"embeddable":true,"href":"https:\/\/www.ecoitaliano.com.ar\/index.php?rest_route=\/wp\/v2\/users\/1"}],"replies":[{"embeddable":true,"href":"https:\/\/www.ecoitaliano.com.ar\/index.php?rest_route=%2Fwp%2Fv2%2Fcomments&post=9496"}],"version-history":[{"count":0,"href":"https:\/\/www.ecoitaliano.com.ar\/index.php?rest_route=\/wp\/v2\/posts\/9496\/revisions"}],"wp:attachment":[{"href":"https:\/\/www.ecoitaliano.com.ar\/index.php?rest_route=%2Fwp%2Fv2%2Fmedia&parent=9496"}],"wp:term":[{"taxonomy":"category","embeddable":true,"href":"https:\/\/www.ecoitaliano.com.ar\/index.php?rest_route=%2Fwp%2Fv2%2Fcategories&post=9496"},{"taxonomy":"post_tag","embeddable":true,"href":"https:\/\/www.ecoitaliano.com.ar\/index.php?rest_route=%2Fwp%2Fv2%2Ftags&post=9496"}],"curies":[{"name":"wp","href":"https:\/\/api.w.org\/{rel}","templated":true}]}}