{"id":95668,"date":"2026-08-31T09:02:47","date_gmt":"2026-08-31T09:02:47","guid":{"rendered":"https:\/\/www.ecoitaliano.com.ar\/?p=95668"},"modified":"2026-08-31T09:02:48","modified_gmt":"2026-08-31T09:02:48","slug":"95668","status":"publish","type":"post","link":"https:\/\/www.ecoitaliano.com.ar\/?p=95668","title":{"rendered":""},"content":{"rendered":"\n<figure class=\"wp-block-table\"><table class=\"has-fixed-layout\"><tbody><tr><td><img decoding=\"async\" src=\"https:\/\/ci3.googleusercontent.com\/meips\/ADKq_NbwbXdarP8WobvV4cO03kWboanft3j7hEU5D1VPjyxoWts6HvU6-35MUaFgTdCB77a88lI5u_a1qzzxaTzA2FRx1CX3DcsnrbjL-fCbNEv9CEp28YG_ESXpMUi3dNL_j9x_ObgKRZRjkJjkP2UOO1Y8=s0-d-e1-ft#https:\/\/gbfa4.img.a.d.sendibm1.com\/im\/sh\/bzhSe1-2vuHq.png?u=7xwQLFBtniwQn1M7ZYW8IhiFwEavAM5\" width=\"600\"><\/td><\/tr><tr><td><strong>L\u00c0 FUORI \u2013 FESTIVAL DELLA SCIENZA E DELL\u2019ARTE<\/strong><\/td><\/tr><tr><td><em><strong>Tre giorni di eventi gratuiti che intrecciano scienza e arte,<\/strong><\/em><em><strong>tra corpi, macchine e nuove forme di meraviglia: la quarta edizione del festival sar\u00e0 dedicata al tema Cyborg.&nbsp;<\/strong><\/em><br><em><strong>Ospite d\u2019eccezione Neil Harbisson, il primo individuo al mondo ad aver ottenuto lo status legale di cyborg. E ancora Barbara Henry e Salvatore Aglioti; Silvia Gallerano; Chiara Becchimanzi e Roberto Paura; Teresa Numerico, Laura Triglia e Niccol\u00f2 Fettarappa; Gabriele Ghisellini; Michele Munaf\u00f2 e Chiara Montalti; Francesco Giorda; Eleonora Fisco e molti altri.<\/strong><\/em><br><strong>DALL\u201911 AL 13 SETTEMBRE 2026 A ROMA<\/strong><strong>(Piazzale delle Gardenie)<\/strong><\/td><\/tr><tr><td><img decoding=\"async\" src=\"https:\/\/ci3.googleusercontent.com\/meips\/ADKq_NYhjbqNftSAD3ZcA3mo62ixW5aaXAWX2hI0XMvAl3fr64jBC7FZvfK3BVLffL3oHFiLNhwXBRAXUJU_nh-SNsV-MOdtEgvYA0dB2q_pG4uTM8slJMRPrJlBdeyPgI0-he-rVu8KTFR_r1-5MNj9Bzj9=s0-d-e1-ft#https:\/\/gbfa4.img.a.d.sendibm1.com\/im\/sh\/zA8aZyPLVGHK.png?u=7xwQLFBtniwQn8DZiNTJSrCLlXKtSwL\" width=\"408\"><\/td><\/tr><tr><td><em>Roma, 31 agosto 2026&nbsp;<\/em><em>&#8211;&nbsp;<\/em>&nbsp;\u00abPreferisco essere cyborg che dea\u00bb: dalla celebre provocazione di&nbsp;<strong>Donna J. Haraway<\/strong>, prende forma la quarta edizione di&nbsp;<strong>L\u00c0 FUORI \u2013 FESTIVAL DELLA SCIENZA E DELL&#8217;ARTE<\/strong>. La filosofa statunitense, caposcuola della teoria del cyborg, ha insegnato a leggere l&#8217;ibridazione tra corpo e macchina come una possibilit\u00e0, e non come una perdita: \u00e8 proprio questa prospettiva a dare il&nbsp;<strong>tema CYBORG<\/strong>&nbsp;alla rassegna che,&nbsp;<strong>da venerd\u00ec 11 a domenica 13 settembre 2026<\/strong>, torna ad animare&nbsp;<strong>Piazzale delle Gardenie a Centocelle (Roma)<\/strong>&nbsp;con tre giorni di appuntamenti totalmente gratuiti pensati per un pubblico di ogni et\u00e0.<br>Tutti gli eventi &#8211; organizzati&nbsp;<strong>da Insiemi di Scienza APS, in collaborazione con TeatroaVista<\/strong>&nbsp;&#8211; raccontano l\u2019intreccio sempre pi\u00f9 profondo e quotidiano tra biologico e tecnologico: &nbsp;dai dispositivi che estendono le nostre capacit\u00e0 sensoriali e cognitive, alle infrastrutture digitali che organizzano lavoro, tempo libero, cura e comunicazione, fino alle tecnologie che ci permetteranno di affrontare la transizione energetica e monitorare in tempo reale la nostra impronta ambientale.<br><em>\u00abI corpi diventano sempre meno separabili dalle macchine che li accompagnano, li attraversano e, in alcuni casi, li modellano\u00bb<\/em>&nbsp;spiega l\u2019astrofisica&nbsp;<strong>Edwige Pezzulli dell\u2019Associazione Insiemi di Scienza.<\/strong>&nbsp;<em>\u00abUn processo che \u00e8 sotto i nostri occhi, ma non \u00e8 n\u00e9 neutro n\u00e9 inevitabile: per questo&nbsp;<\/em>L\u00e0 Fuori&nbsp;<em>sceglie di chiedersi chi \u00e8 in grado di comprenderlo, chi pu\u00f2 prendere parte alle decisioni che guidano questa ibridazione, quali interessi vengono messi al centro. Perch\u00e9 il tema del cyborg non riguarda solo ci\u00f2 che stiamo diventando, ma chi decide che \u00abcyborg\u00bb saremo e in che modo scegliamo, come collettivit\u00e0, di realizzare ci\u00f2 che desideriamo davvero diventare.\u00bb<\/em><br>Ospite d\u2019eccezione di questa edizione,&nbsp;<strong>Neil Harbisson<\/strong>, riconosciuto come il primo cyborg al mondo. Harbisson, dalla nascita, non pu\u00f2 vedere i colori: per \u00absentirli\u00bb, ha progettato e si \u00e8 fatto impiantare un\u2019antenna sensoriale, un\u2019interfaccia cibernetica che trasforma le frequenze luminose in frequenze sonore, trasmesse al cervello attraverso la conduzione ossea.&nbsp;<strong>Sabato 12 settembre (ore 21)<\/strong>, dopo aver raccontato al pubblico cosa significhi vivere da cyborg, dar\u00e0 vita a una&nbsp;<strong>performance partecipata con la piazza di Centocelle, \u00abmusicando\u00bb i volti delle persone presenti<\/strong>, in un dialogo inedito tra corpo, percezione e tecnologia. &nbsp;Tanti saranno gli appuntamenti in questi tre giorni di festival: gare di poesie, esperimenti collettivi, approfondimenti e riflessioni su un tema che diventa ogni giorno pi\u00f9 attuale. E poi ancora scienza, laboratori per bambini e ragazzi e osservazioni al telescopio: ogni sera il festival trasformer\u00e0 Piazzale delle Gardenie in uno spazio vivo, con un&nbsp;<strong>palco centrale<\/strong>&nbsp;e una costellazione di&nbsp;<strong>attivit\u00e0 diffuse<\/strong>.Tra le novit\u00e0 del 2026, due&nbsp;<strong>passeggiate astronomico-artistiche&nbsp;<\/strong>per riscoprire il quartiere e il cielo sulle nostre teste e un&#8217;interazione itinerante del cyborg Ada (il personaggio ideato dall\u2019attrice<strong>&nbsp;Sabrina Silvestri<\/strong>&nbsp;per il festival), che raccoglie i ricordi in procinto di svanire per farne un dispositivo di memoria collettiva del quartiere, riascoltato nell&#8217;ultima giornata.<br><br><strong>Gli incontri sul palco centrale<\/strong><br><strong>Ogni sera, dalle ore 18, il palco centrale sar\u00e0 animato da performance artistiche e spettacoli teatrali, dialoghi, gare di poesia ed \u201cesperimenti collettivi\u201d per spiazzare umanamente l\u2019intelligenza artificiale. &nbsp;<\/strong><br>Si comincia&nbsp;<strong>venerd\u00ec 11 settembre&nbsp;<\/strong>con&nbsp;<em>Efesto &#8211; mani che creano mondi<\/em>, lo spettacolo di burattini per ogni et\u00e0, realizzato dalla compagnia&nbsp;<strong>Divisoperzero<\/strong>, sul mito del primo, antichissimo corpo aumentato; subito dopo, alle 19.30,&nbsp;<em>Corpo a corpo. Cos\u2019\u00e8 un cyborg?<\/em>, un dialogo tra la filosofa&nbsp;<strong>Barbara Henry<\/strong>, il neuroscienziato&nbsp;<strong>Salvatore Aglioti<\/strong>&nbsp;e&nbsp;<strong>Silvia Gallerano<\/strong>, l\u2019attrice che ha magistralmente portato in scena lo spettacolo&nbsp;<em>La merda<\/em>, sulla necessit\u00e0 di imparare a guardare fino in fondo i corpi che abitiamo gi\u00e0 prima di poter immaginare come saranno i nostri corpi aumentati, ibridi e tecnologici. Alle 21 spazio anche alle risate con la performance scientifico-umoristica&nbsp;<em>Ecco come sar\u00e0 il nostro futuro! (forse) &#8211; Incursioni comiche sul mondo che verr\u00e0<\/em>, con la stand-up comedian&nbsp;<strong>Chiara Becchimanzi<\/strong>&nbsp;e il futurologo e fisico&nbsp;<strong>Roberto Paura<\/strong>: come saremo, che corpi avremo, in che modo ci relazioneremo e su cosa litigheremo online tra vent&#8217;anni cio\u00e8 quanto saremo diventati cyborg senza nemmeno accorgercene?<br><br><strong>Sabato 12 settembre&nbsp;<\/strong>sul palco centrale ci si sfider\u00e0 per la&nbsp;<em>Cyborg poetry slam<\/em>, la gara di poesia performativa condotta da&nbsp;<strong>Gabriele Ratano<\/strong>, campione italiano di&nbsp;<em>poetry slam<\/em>, con&nbsp;<strong>Eleonora Fisco, Martina Lauretta, Giuliano Logos<\/strong>&nbsp;e&nbsp;<strong>Antonio Amadeus Pinnetti<\/strong>; alle 19:30&nbsp;<em>Lo sapevi di essere gi\u00e0 cyborg?<\/em>&nbsp;con la filosofa&nbsp;<strong>Teresa Numerico<\/strong>, l\u2019ingegnera&nbsp;<strong>Laura Triglia<\/strong>&nbsp;e l\u2019attore&nbsp;<strong>Niccol\u00f2 Fettarappa:&nbsp;<\/strong>come funziona davvero la fusione quotidiana con le nostre estensioni tecnologiche e, soprattutto, in mano a chi si trova il timone di ci\u00f2 che un po&#8217; alla volta ci rende sempre pi\u00f9 cyborg? &nbsp;La serata di sabato, a partire dalle 21, sar\u00e0 dedicata all\u2019attesissimo incontro con&nbsp;<strong>Neil Harbisson<\/strong>:&nbsp;<strong>il primo cyborg al mondo incontra Roma a Centocelle<\/strong>. Sar\u00e0 l\u2019occasione per ascoltare il suo racconto su cosa significhi vivere davvero fuori dai confini abituali del corpo umano. Dopo un momento dedicato alle domande pi\u00f9 curiose e dirette che arriveranno dal pubblico, Harbisson &nbsp;\u00abmusicher\u00e0\u00bb dal vivo i volti delle persone in piazza, trasformando i colori dei loro visi in suono, in&nbsp;<strong>un&#8217;esperienza rara di arte che si fa carne, e carne che si fa arte.&nbsp;<\/strong><br>Non pu\u00f2 mancare l\u2019incontro dedicato all\u2019intelligenza artificiale.&nbsp;<strong>Domenica 13 settembre<\/strong>&nbsp;alle 18 via a&nbsp;<em>Interrogate la macchina! Come mettere alla prova ChatGPT in diretta<\/em>, esperimento collettivo con l\u2019attore e regista&nbsp;<strong>Francesco Giorda&nbsp;<\/strong>in cui il pubblico della piazza diventa protagonista e interrogher\u00e0 ChatGPT dal vivo, metterlo alla prova, tentare di spiazzarlo, capire dove si ferma e perch\u00e9. Un gioco che \u00e8 anche una piccola indagine, per scoprire come ragiona (o come non ragiona) un modello linguistico, cercando i suoi limiti, i suoi bias, le sue zone d&#8217;ombra<strong>.<\/strong>&nbsp;Alle 19:30 l\u2019attenzione si sposta sui luoghi che abitiamo con il dibattito&nbsp;<em>Societ\u00e0 cyborg. Quanto di naturale \u00e8 presente nei luoghi che abitiamo?<\/em>&nbsp;in cui si confronteranno l\u2019ingegnere ambientale&nbsp;<strong>Michele Munaf\u00f2<\/strong>&nbsp;e la filosofa&nbsp;<strong>Chiara Montalti<\/strong>, partendo dall\u2019interrogativo su come siano davvero fatti i contesti che viviamo e su come gli sguardi spesso lasciati fuori dal centro possano aiutarci a ripensare le nostre citt\u00e0 non pi\u00f9 come macchine da ottimizzare, ma come organismi vivi, fatti insieme di umano e non umano.&nbsp;Alle 21 il concerto-lezione per la serata finale di questa edizione di L\u00e0 Fuori Festival, &nbsp;<em>Immaginare altri futuri \u2013 istruzioni per l\u2019uso<\/em>, con l\u2019astrofisico&nbsp;<strong>Gabriele Ghisellini<\/strong>&nbsp;e la band&nbsp;<strong>Moka<\/strong>: un viaggio tra leggi della fisica e libert\u00e0 di finzione, mettendo alla prova alcune delle profezie pi\u00f9 famose della fantascienza &#8211; viaggi nel tempo, buchi neri, intelligenze artificiali, corpi alieni. Ultimo evento, alle 22:15, la performance&nbsp;<em>Backup Centocelle \u2013 Salvataggio Ricordi<\/em>, attraverso la quale la cyborg Ada (<strong>Sabrina Silvestri<\/strong>) restituir\u00e0 alla piazza i ricordi del quartiere raccolti durante il festival.<br><strong>Esplorare la profondit\u00e0 dello spazio<\/strong>A dominare lo spazio, un&#8217;emozionante&nbsp;<strong>installazione artistica e scientifica<\/strong>&nbsp;curata dall&#8217;Universit\u00e0 di Trieste&nbsp;<strong>porter\u00e0 la Luna a terra<\/strong>: una spettacolare&nbsp;<strong>sfera illuminata a led del diametro di circa 4 metri<\/strong>&nbsp;che riproduce fedelmente la superficie del nostro satellite, regalando al pubblico la sensazione di poter toccare il cielo con un dito.Per tutta la durata della manifestazione, gazebo, installazioni e postazioni animano la piazza a&nbsp;<strong>partecipazione libera<\/strong>, molti pensati per bambini e ragazzi. Tra questi: la&nbsp;<strong>Big Bang Machine<\/strong>&nbsp;dell&#8217;<strong>Osservatorio Gravitazionale Europeo (EGO)<\/strong>, un van-installazione immersiva che porta grandi e piccini in un viaggio virtuale fino all&#8217;origine dell&#8217;Universo, tra buchi neri e fusioni di stelle; i&nbsp;<strong>laboratori dell&#8217;Universit\u00e0 di Trieste<\/strong>, tra spettroscopi da costruire, astrolabi, coding e pixel art astronomica; il laboratorio investigativo&nbsp;<em>CSI<\/em>&nbsp;e le postazioni su Arduino e onde gravitazionali di&nbsp;<strong>Sapienza e INFN-Roma I<\/strong>; gli&nbsp;<strong>esperimenti dell&#8217;INFN-LNF<\/strong>;&nbsp;<em>Scienza e fumetti<\/em>&nbsp;del&nbsp;<strong>CNR-IAC con Comics&amp;Science<\/strong>; le esperienze di&nbsp;<strong>embodiment in realt\u00e0 virtuale immersiva dell&#8217;IIT<\/strong>; le attivit\u00e0 di coding di&nbsp;<strong>Science Breath<\/strong>; i&nbsp;<strong>quiz scientifici a premi<\/strong>&nbsp;di Insiemi di Scienza; l&#8217;osservazione di&nbsp;<strong>Venere<\/strong>&nbsp;al telescopio a cura di&nbsp;<strong>Un salto nel cielo<\/strong>; e&nbsp;<em>Lambe Lambe<\/em>, il teatro in miniatura per un solo spettatore alla volta dell&#8217;artista&nbsp;<strong>Torita Suelta<\/strong>. Ad attraversare la piazza per tutti e tre i giorni sar\u00e0 anche il cyborg Ada (<strong>Sabrina Silvestri<\/strong>) con&nbsp;<em>Note di scordanza<\/em>, un&#8217;interazione itinerante \u2013 tra le novit\u00e0 di quest&#8217;anno \u2013 che raccoglie i ricordi in procinto di svanire per farne un dispositivo di memoria collettiva del quartiere, riascoltato nell&#8217;ultima giornata.<br><strong>Laboratori e attivit\u00e0 per i pi\u00f9 piccoli (e non solo)<\/strong><br>Accanto al palco, ogni pomeriggio la piazza si popola di&nbsp;<strong>laboratori e attivit\u00e0 gratuite<\/strong>&nbsp;pensati soprattutto per&nbsp;<strong>bambini, ragazzi e famiglie<\/strong>&nbsp;(per i laboratori a posti limitati \u00e8 consigliata la prenotazione).Tra i&nbsp;<strong>laboratori per i pi\u00f9 piccoli<\/strong>:&nbsp;<em>L\u2019orchestra della vita<\/em>, laboratorio di musica, teatro e scienza sulla cellula (venerd\u00ec, 8-10 anni);&nbsp;<em>A colpo d\u2019orecchio<\/em>, sul suono e sui rischi dell\u2019ascolto in cuffia (sabato, 10-13 anni);&nbsp;<em>Si pu\u00f2 vedere attraverso il suono?<\/em>, dedicato all\u2019ecolocalizzazione e all\u2019inquinamento acustico (domenica, 10-13 anni).&nbsp;Aperti a tutte le et\u00e0 i laboratori scientifici&nbsp;<em>Essere o non essere<\/em>&nbsp;(per distinguere che cosa rende un essere vivente, venerd\u00ec),&nbsp;<em>Fruit park<\/em>, con l\u2019estrazione del DNA dalla frutta (sabato), e&nbsp;<em>Che cavolo di pHmetro<\/em>, per costruire un indicatore di acidit\u00e0 naturale (domenica).<br>Tutto il programma su&nbsp;<a href=\"https:\/\/gbfa4.r.a.d.sendibm1.com\/mk\/cl\/f\/sh\/SMK1E8tHeFuBlCKQn7QfpZyNUMJ7\/xUfPN1Zancje\" target=\"_blank\" rel=\"noreferrer noopener\"><u><strong>www.lafuorifestival.it<\/strong><\/u><\/a><br><em>L\u00e0 Fuori \u00e8 realizzato con la partnership scientifica di INFN-Roma I, INFN-LNF, ISPRA, CNR-IAC, Comics&amp;Science, EGO, Sapienza Universit\u00e0 di Roma &#8211; Dipartimento di Fisica, Universit\u00e0 degli Studi di Trieste &#8211; Dipartimento di Fisica e con il patrocinio dell&#8217;Istituto Italiano di Tecnologia. Il progetto, promosso da Roma Capitale, \u00e8 vincitore dell&#8217;Avviso Pubblico per la realizzazione di iniziative di interesse per l&#8217;Amministrazione Capitolina in collaborazione con Z\u00e8tema Progetto Cultura e dell&#8217;Avviso Pubblico \u00abQuartieri in scena &#8211; Cultura, Comunit\u00e0 e Tradizione nel Municipio Roma V\u00bb. L&#8217;iniziativa \u00e8 sostenuta dal finanziamento del Municipio V, da Periferiacapitale, il programma per Roma della Fondazione Charlemagne, e da Fondazione Deloitte<\/em><br><em>Info:&nbsp;<\/em><a href=\"https:\/\/gbfa4.r.a.d.sendibm1.com\/mk\/cl\/f\/sh\/SMK1E8tHeG13DL9NyHa9vPH7SetN\/lMzRED6CIKXx\" target=\"_blank\" rel=\"noreferrer noopener\"><em><u>www.lafuorifestival.it<\/u><\/em><\/a><em>&nbsp;&#8211;&nbsp;<\/em><a href=\"mailto:info@lafuorifestival.it\" target=\"_blank\" rel=\"noreferrer noopener\"><em><u>info@lafuorifestival.it<\/u><\/em><\/a><em>&nbsp;&#8211;&nbsp;<\/em><a href=\"tel:(351)%20430-0453\" target=\"_blank\" rel=\"noreferrer noopener\">351 430 0453<\/a><strong>Ufficio stampa: Silvia Bellucci<\/strong>&nbsp;\u2013&nbsp;<a href=\"mailto:silviabellucci@live.it\" target=\"_blank\" rel=\"noreferrer noopener\"><em><u>silviabellucci@bellspres<\/u><\/em><\/a><em><u><a href=\"http:\/\/s.com\/\" target=\"_blank\" rel=\"noreferrer noopener\">s.com<\/a><\/u><\/em>&nbsp;&#8211; 346 1561637 |&nbsp;<strong>Veruska Motta<\/strong>&nbsp;&#8211;&nbsp;<a href=\"mailto:v.motta78@gmail.com\" target=\"_blank\" rel=\"noreferrer noopener\"><u>v.motta78@gmail.com<\/u><\/a>&nbsp;\u2013 349 2908162<strong>Claudia Cervellini&nbsp;<\/strong>&nbsp;&#8211;&nbsp;<a href=\"mailto:claudia.cervellini.92@gmail.com\" target=\"_blank\" rel=\"noreferrer noopener\"><u>claudia.cervellini.92@gmail.com<\/u><\/a>&nbsp;&#8211; &nbsp;<a href=\"tel:(320)%20424-5502\" target=\"_blank\" rel=\"noreferrer noopener\">320 4245502<\/a>&nbsp;|&nbsp;<strong>Giulia Capotorto&nbsp;<\/strong><a href=\"mailto:giuliacapotorto.press@gmail.com\" target=\"_blank\" rel=\"noreferrer noopener\"><u>giuliacapotorto.press@gmail.com<\/u><\/a>&nbsp;&nbsp;&#8211;&nbsp;<a href=\"tel:(339)%20232-5416\" target=\"_blank\" rel=\"noreferrer noopener\">339 2325416<\/a><\/td><\/tr><\/tbody><\/table><\/figure>\n\n\n\n<figure class=\"wp-block-image size-full\"><a href=\"http:\/\/www.ecoitaliano.com.ar\/wp-content\/uploads\/2026\/08\/unnamed.png\"><img decoding=\"async\" width=\"965\" height=\"201\" src=\"http:\/\/www.ecoitaliano.com.ar\/wp-content\/uploads\/2026\/08\/unnamed.png\" alt=\"\" class=\"wp-image-95669\" srcset=\"https:\/\/www.ecoitaliano.com.ar\/wp-content\/uploads\/2026\/08\/unnamed.png 965w, https:\/\/www.ecoitaliano.com.ar\/wp-content\/uploads\/2026\/08\/unnamed-300x62.png 300w, https:\/\/www.ecoitaliano.com.ar\/wp-content\/uploads\/2026\/08\/unnamed-768x160.png 768w\" sizes=\"(max-width: 965px) 100vw, 965px\" \/><\/a><\/figure>\n","protected":false},"excerpt":{"rendered":"<p>L\u00c0 FUORI \u2013 FESTIVAL DELLA SCIENZA E DELL\u2019ARTE Tre giorni di eventi gratuiti che intrecciano scienza e arte,tra corpi, macchine [&hellip;]<\/p>\n","protected":false},"author":1,"featured_media":0,"comment_status":"open","ping_status":"open","sticky":false,"template":"","format":"standard","meta":{"footnotes":""},"categories":[2],"tags":[],"class_list":["post-95668","post","type-post","status-publish","format-standard","hentry","category-informacion"],"_links":{"self":[{"href":"https:\/\/www.ecoitaliano.com.ar\/index.php?rest_route=\/wp\/v2\/posts\/95668","targetHints":{"allow":["GET"]}}],"collection":[{"href":"https:\/\/www.ecoitaliano.com.ar\/index.php?rest_route=\/wp\/v2\/posts"}],"about":[{"href":"https:\/\/www.ecoitaliano.com.ar\/index.php?rest_route=\/wp\/v2\/types\/post"}],"author":[{"embeddable":true,"href":"https:\/\/www.ecoitaliano.com.ar\/index.php?rest_route=\/wp\/v2\/users\/1"}],"replies":[{"embeddable":true,"href":"https:\/\/www.ecoitaliano.com.ar\/index.php?rest_route=%2Fwp%2Fv2%2Fcomments&post=95668"}],"version-history":[{"count":1,"href":"https:\/\/www.ecoitaliano.com.ar\/index.php?rest_route=\/wp\/v2\/posts\/95668\/revisions"}],"predecessor-version":[{"id":95670,"href":"https:\/\/www.ecoitaliano.com.ar\/index.php?rest_route=\/wp\/v2\/posts\/95668\/revisions\/95670"}],"wp:attachment":[{"href":"https:\/\/www.ecoitaliano.com.ar\/index.php?rest_route=%2Fwp%2Fv2%2Fmedia&parent=95668"}],"wp:term":[{"taxonomy":"category","embeddable":true,"href":"https:\/\/www.ecoitaliano.com.ar\/index.php?rest_route=%2Fwp%2Fv2%2Fcategories&post=95668"},{"taxonomy":"post_tag","embeddable":true,"href":"https:\/\/www.ecoitaliano.com.ar\/index.php?rest_route=%2Fwp%2Fv2%2Ftags&post=95668"}],"curies":[{"name":"wp","href":"https:\/\/api.w.org\/{rel}","templated":true}]}}