{"id":95674,"date":"2026-08-31T14:14:28","date_gmt":"2026-08-31T14:14:28","guid":{"rendered":"https:\/\/www.ecoitaliano.com.ar\/?p=95674"},"modified":"2026-08-31T14:14:28","modified_gmt":"2026-08-31T14:14:28","slug":"il-perdono-apre-al-futuro-dal-summit-dellaquila-una-riflessione-sulla-liberta-dei-giovani-e-sulla-responsabilita-degli-adulti-il-messaggio-al-summit-della-presidente-del-consiglio-giorgia","status":"publish","type":"post","link":"https:\/\/www.ecoitaliano.com.ar\/?p=95674","title":{"rendered":"Il Perdono apre al futuro: dal Summit dell\u2019Aquila una riflessione sulla libert\u00e0 dei giovani e sulla responsabilit\u00e0 degli adulti &#8211; Il messaggio al Summit della Presidente del Consiglio Giorgia Meloni"},"content":{"rendered":"<div class=\"wp-block-image\">\n<figure class=\"aligncenter size-large is-resized\"><a href=\"http:\/\/www.ecoitaliano.com.ar\/wp-content\/uploads\/2026\/08\/unnamed-5.jpg\"><img decoding=\"async\" width=\"819\" height=\"1024\" src=\"http:\/\/www.ecoitaliano.com.ar\/wp-content\/uploads\/2026\/08\/unnamed-5-819x1024.jpg\" alt=\"\" class=\"wp-image-95684\" style=\"width:257px;height:auto\" srcset=\"https:\/\/www.ecoitaliano.com.ar\/wp-content\/uploads\/2026\/08\/unnamed-5-819x1024.jpg 819w, https:\/\/www.ecoitaliano.com.ar\/wp-content\/uploads\/2026\/08\/unnamed-5-240x300.jpg 240w, https:\/\/www.ecoitaliano.com.ar\/wp-content\/uploads\/2026\/08\/unnamed-5-768x960.jpg 768w, https:\/\/www.ecoitaliano.com.ar\/wp-content\/uploads\/2026\/08\/unnamed-5-1229x1536.jpg 1229w, https:\/\/www.ecoitaliano.com.ar\/wp-content\/uploads\/2026\/08\/unnamed-5.jpg 1280w\" sizes=\"(max-width: 819px) 100vw, 819px\" \/><\/a><\/figure><\/div>\n\n\n<figure class=\"wp-block-gallery has-nested-images columns-default is-cropped wp-block-gallery-1 is-layout-flex wp-block-gallery-is-layout-flex\">\n<figure class=\"wp-block-image size-large\"><a href=\"https:\/\/www.ecoitaliano.com.ar\/wp-content\/uploads\/2026\/08\/unnamed-1-3.jpg\"><img decoding=\"async\" width=\"1024\" height=\"1024\" data-id=\"95677\" src=\"https:\/\/www.ecoitaliano.com.ar\/wp-content\/uploads\/2026\/08\/unnamed-1-3-1024x1024.jpg\" alt=\"\" class=\"wp-image-95677\" srcset=\"https:\/\/www.ecoitaliano.com.ar\/wp-content\/uploads\/2026\/08\/unnamed-1-3-1024x1024.jpg 1024w, https:\/\/www.ecoitaliano.com.ar\/wp-content\/uploads\/2026\/08\/unnamed-1-3-300x300.jpg 300w, https:\/\/www.ecoitaliano.com.ar\/wp-content\/uploads\/2026\/08\/unnamed-1-3-150x150.jpg 150w, https:\/\/www.ecoitaliano.com.ar\/wp-content\/uploads\/2026\/08\/unnamed-1-3-768x768.jpg 768w, https:\/\/www.ecoitaliano.com.ar\/wp-content\/uploads\/2026\/08\/unnamed-1-3.jpg 1536w\" sizes=\"(max-width: 1024px) 100vw, 1024px\" \/><\/a><\/figure>\n\n\n\n<figure class=\"wp-block-image size-large\"><a href=\"https:\/\/www.ecoitaliano.com.ar\/wp-content\/uploads\/2026\/08\/unnamed-2-2.jpg\"><img decoding=\"async\" width=\"1024\" height=\"1024\" data-id=\"95678\" src=\"https:\/\/www.ecoitaliano.com.ar\/wp-content\/uploads\/2026\/08\/unnamed-2-2-1024x1024.jpg\" alt=\"\" class=\"wp-image-95678\" srcset=\"https:\/\/www.ecoitaliano.com.ar\/wp-content\/uploads\/2026\/08\/unnamed-2-2-1024x1024.jpg 1024w, https:\/\/www.ecoitaliano.com.ar\/wp-content\/uploads\/2026\/08\/unnamed-2-2-300x300.jpg 300w, https:\/\/www.ecoitaliano.com.ar\/wp-content\/uploads\/2026\/08\/unnamed-2-2-150x150.jpg 150w, https:\/\/www.ecoitaliano.com.ar\/wp-content\/uploads\/2026\/08\/unnamed-2-2-768x768.jpg 768w, https:\/\/www.ecoitaliano.com.ar\/wp-content\/uploads\/2026\/08\/unnamed-2-2.jpg 1360w\" sizes=\"(max-width: 1024px) 100vw, 1024px\" \/><\/a><\/figure>\n\n\n\n<figure class=\"wp-block-image size-large\"><a href=\"https:\/\/www.ecoitaliano.com.ar\/wp-content\/uploads\/2026\/08\/unnamed-3-1.jpg\"><img decoding=\"async\" width=\"1024\" height=\"1024\" data-id=\"95679\" src=\"https:\/\/www.ecoitaliano.com.ar\/wp-content\/uploads\/2026\/08\/unnamed-3-1-1024x1024.jpg\" alt=\"\" class=\"wp-image-95679\" srcset=\"https:\/\/www.ecoitaliano.com.ar\/wp-content\/uploads\/2026\/08\/unnamed-3-1-1024x1024.jpg 1024w, https:\/\/www.ecoitaliano.com.ar\/wp-content\/uploads\/2026\/08\/unnamed-3-1-300x300.jpg 300w, https:\/\/www.ecoitaliano.com.ar\/wp-content\/uploads\/2026\/08\/unnamed-3-1-150x150.jpg 150w, https:\/\/www.ecoitaliano.com.ar\/wp-content\/uploads\/2026\/08\/unnamed-3-1-768x768.jpg 768w, https:\/\/www.ecoitaliano.com.ar\/wp-content\/uploads\/2026\/08\/unnamed-3-1.jpg 1360w\" sizes=\"(max-width: 1024px) 100vw, 1024px\" \/><\/a><\/figure>\n\n\n\n<figure class=\"wp-block-image size-large\"><a href=\"https:\/\/www.ecoitaliano.com.ar\/wp-content\/uploads\/2026\/08\/unnamed-4-1.jpg\"><img decoding=\"async\" width=\"1024\" height=\"1024\" data-id=\"95680\" src=\"https:\/\/www.ecoitaliano.com.ar\/wp-content\/uploads\/2026\/08\/unnamed-4-1-1024x1024.jpg\" alt=\"\" class=\"wp-image-95680\" srcset=\"https:\/\/www.ecoitaliano.com.ar\/wp-content\/uploads\/2026\/08\/unnamed-4-1-1024x1024.jpg 1024w, https:\/\/www.ecoitaliano.com.ar\/wp-content\/uploads\/2026\/08\/unnamed-4-1-300x300.jpg 300w, https:\/\/www.ecoitaliano.com.ar\/wp-content\/uploads\/2026\/08\/unnamed-4-1-150x150.jpg 150w, https:\/\/www.ecoitaliano.com.ar\/wp-content\/uploads\/2026\/08\/unnamed-4-1-768x768.jpg 768w, https:\/\/www.ecoitaliano.com.ar\/wp-content\/uploads\/2026\/08\/unnamed-4-1.jpg 1200w\" sizes=\"(max-width: 1024px) 100vw, 1024px\" \/><\/a><\/figure>\n\n\n\n<figure class=\"wp-block-image size-large\"><a href=\"https:\/\/www.ecoitaliano.com.ar\/wp-content\/uploads\/2026\/08\/7-Summit.jpg\"><img decoding=\"async\" width=\"1024\" height=\"768\" data-id=\"95682\" src=\"https:\/\/www.ecoitaliano.com.ar\/wp-content\/uploads\/2026\/08\/7-Summit-1024x768.jpg\" alt=\"\" class=\"wp-image-95682\" srcset=\"https:\/\/www.ecoitaliano.com.ar\/wp-content\/uploads\/2026\/08\/7-Summit-1024x768.jpg 1024w, https:\/\/www.ecoitaliano.com.ar\/wp-content\/uploads\/2026\/08\/7-Summit-300x225.jpg 300w, https:\/\/www.ecoitaliano.com.ar\/wp-content\/uploads\/2026\/08\/7-Summit-768x576.jpg 768w, https:\/\/www.ecoitaliano.com.ar\/wp-content\/uploads\/2026\/08\/7-Summit-1536x1152.jpg 1536w, https:\/\/www.ecoitaliano.com.ar\/wp-content\/uploads\/2026\/08\/7-Summit.jpg 2040w\" sizes=\"(max-width: 1024px) 100vw, 1024px\" \/><\/a><\/figure>\n\n\n\n<figure class=\"wp-block-image size-large\"><a href=\"https:\/\/www.ecoitaliano.com.ar\/wp-content\/uploads\/2026\/08\/8-Summit.jpg\"><img decoding=\"async\" width=\"1024\" height=\"768\" data-id=\"95683\" src=\"https:\/\/www.ecoitaliano.com.ar\/wp-content\/uploads\/2026\/08\/8-Summit-1024x768.jpg\" alt=\"\" class=\"wp-image-95683\" srcset=\"https:\/\/www.ecoitaliano.com.ar\/wp-content\/uploads\/2026\/08\/8-Summit-1024x768.jpg 1024w, https:\/\/www.ecoitaliano.com.ar\/wp-content\/uploads\/2026\/08\/8-Summit-300x225.jpg 300w, https:\/\/www.ecoitaliano.com.ar\/wp-content\/uploads\/2026\/08\/8-Summit-768x576.jpg 768w, https:\/\/www.ecoitaliano.com.ar\/wp-content\/uploads\/2026\/08\/8-Summit-1536x1152.jpg 1536w, https:\/\/www.ecoitaliano.com.ar\/wp-content\/uploads\/2026\/08\/8-Summit.jpg 2040w\" sizes=\"(max-width: 1024px) 100vw, 1024px\" \/><\/a><\/figure>\n<\/figure>\n\n\n\n<figure class=\"wp-block-gallery has-nested-images columns-default is-cropped wp-block-gallery-2 is-layout-flex wp-block-gallery-is-layout-flex\">\n<figure class=\"wp-block-image size-large\"><a href=\"https:\/\/www.ecoitaliano.com.ar\/wp-content\/uploads\/2026\/08\/CD611332-D385-46C0-AE90-FBF0F13FF739-1-1.png\"><img decoding=\"async\" width=\"566\" height=\"240\" data-id=\"95686\" src=\"https:\/\/www.ecoitaliano.com.ar\/wp-content\/uploads\/2026\/08\/CD611332-D385-46C0-AE90-FBF0F13FF739-1-1.png\" alt=\"\" class=\"wp-image-95686\" srcset=\"https:\/\/www.ecoitaliano.com.ar\/wp-content\/uploads\/2026\/08\/CD611332-D385-46C0-AE90-FBF0F13FF739-1-1.png 566w, https:\/\/www.ecoitaliano.com.ar\/wp-content\/uploads\/2026\/08\/CD611332-D385-46C0-AE90-FBF0F13FF739-1-1-300x127.png 300w\" sizes=\"(max-width: 566px) 100vw, 566px\" \/><\/a><\/figure>\n<\/figure>\n\n\n\n<p><strong>COMUNICATO STAMPA<\/strong><\/p>\n\n\n\n<p><strong>Il Perdono apre al futuro: dal Summit dell\u2019Aquila una riflessione<\/strong><\/p>\n\n\n\n<p><strong>sulla libert\u00e0 dei giovani e sulla responsabilit\u00e0 degli adulti<\/strong><\/p>\n\n\n\n<p><em>Grande partecipazione al 4\u00b0 Summit nazionale \u201cIl Perdono nutre il Mondo\u201d. Filosofi, sociologi, educatori, comunicatori, professionisti e uno straordinario testimone in un confronto su perdono, libert\u00e0 di scegliere e responsabilit\u00e0 degli adulti.<\/em><\/p>\n\n\n\n<p>L\u2019AQUILA \u2013 Interpretare lo spirito della <strong>Perdonanza <\/strong>significa custodirne le radici e, allo stesso tempo, portarne il messaggio nel presente, facendolo dialogare con le domande del nostro tempo. \u00c8 questa la direzione che ha segnato la IV edizione del<strong> Summit nazionale \u201cIl Perdono nutre il Mondo\u201d<\/strong>, promosso e organizzato da <strong>One Group <\/strong>e <strong>L\u2019Aquila Made In<\/strong>, che sabato 29 agosto ha registrato al <strong>Teatro San Filippo <\/strong>una grande partecipazione di pubblico intorno al tema \u201c<strong>Il Perdono apre al futuro? I giovani e la libert\u00e0 di scegliere\u201d. <\/strong>Ideato da <strong>Francesca Pompa<\/strong>, art director del Summit, l\u2019incontro \u00e8 stato introdotto da <strong>Angelo De Nicola<\/strong> e moderato dalla stessa Pompa. Ad aprire i lavori i saluti istituzionali di <strong>Manuela Tursini<\/strong>, assessore alle Politiche sociali del Comune dell\u2019Aquila, del Prefetto dell\u2019Aquila <strong>Vito Cusumano<\/strong> e di <strong>Goffredo Palmerini<\/strong>, presidente dell\u2019associazione L\u2019Aquila Made In.<\/p>\n\n\n\n<p>Significativo il riconoscimento istituzionale giunto al Summit attraverso il messaggio della Presidente del Consiglio <strong>Giorgia Meloni<\/strong>. Nel suo saluto la Presidente Meloni ha sottolineato come il Summit \u201cimpreziosisca il programma della <strong>732\u00aa Perdonanza Celestiniana<\/strong>\u201d, richiamando il percorso dell\u2019Aquila quale laboratorio di rinascita, innovazione e futuro. La Presidente del Consiglio ha inoltre ricordato la \u201cmissione speciale\u201d affidata alla citt\u00e0 dalle parole di <strong>Papa Francesco<\/strong>: tenere vivo il dono di <strong>Celestino V<\/strong> e promuovere, in un tempo attraversato da crisi e polarizzazioni, la forza del perdono e il messaggio universale della riconciliazione.<\/p>\n\n\n\n<p>I giovani sono stati al centro del Summit, ma attraverso una prospettiva precisa: interrogare soprattutto il mondo degli adulti. Quale mondo stiamo consegnando alle nuove generazioni? Quali esempi e modelli proponiamo? Quanto spazio siamo realmente capaci di lasciare alla loro libert\u00e0?<\/p>\n\n\n\n<p>Su queste domande si sono confrontate voci e sensibilit\u00e0 diverse. <strong>Francesco Giorgino<\/strong> ha analizzato il perdono nella societ\u00e0 individualizzata; <strong>Michelangelo Tagliaferri<\/strong> il rapporto tra verit\u00e0, memoria, etica e Perdonanza; <strong>Massimo Cacciari<\/strong> il legame tra perdono, libert\u00e0 e futuro; <strong>Diego Fusaro<\/strong> il dono come possibilit\u00e0 di liberarsi dalla logica dell\u2019utile e dello scambio.<\/p>\n\n\n\n<p>Alla riflessione si sono affiancate le esperienze: <strong>Davide Simone Cavallo<\/strong>, con \u201cNon odio\u201d, ha raccontato la scelta di non lasciare all\u2019odio l\u2019ultima parola sulla propria storia, confrontandosi con un quindicenne che ha portato direttamente nel Summit le domande dei giovani. <strong>Carmina Gallucci<\/strong> ha affrontato il dubbio come ponte verso il perdono, affidando anche alla musica, con <em>\u201c<\/em><em>Sospesi ma vivi\u201d,<\/em> parte del proprio messaggio; <strong>Valeria Pompili<\/strong> ha indagato il perdono come possibilit\u00e0 di trasformazione e libert\u00e0. <strong>Remo Lucchi<\/strong> ha riportato l\u2019attenzione sulla responsabilit\u00e0 educativa degli adulti nell\u2019accompagnare i giovani verso scelte libere e consapevoli, mentre <strong>Dario Bolis<\/strong> ha sottolineato la necessit\u00e0 non di scegliere il futuro al posto dei giovani, ma di porli nelle condizioni di poterlo scegliere.<\/p>\n\n\n\n<p>Pensieri ed esperienze differenti che non hanno cercato di offrire una risposta definitiva alla domanda <em>\u201c<\/em><em>Il Perdono apre al futuro<\/em><em><strong>?<\/strong><\/em><em>\u201d<\/em>, ma hanno fatto emergere una consapevolezza: la libert\u00e0 dei giovani non riguarda soltanto le scelte che sapranno compiere, ma anche ci\u00f2 che gli adulti consegnano loro e lo spazio che sono capaci di lasciare alle loro domande, ai loro errori e alla possibilit\u00e0 di trovare la propria strada.<\/p>\n\n\n\n<p>\u00c8 qui che perdono, libert\u00e0 e futuro possono incontrarsi. Il perdono non cancella il passato. Pu\u00f2 per\u00f2 impedire che il passato abbia sempre l\u2019ultima parola e aprire al futuro quando ciascuno ritrova la libert\u00e0 di scegliere. \u00c8 questa una delle riflessioni che la quarta edizione del Summit \u201cIl Perdono Nutre il Mondo\u201d consegna alla citt\u00e0 e alla <strong>Perdonanza<\/strong>: continuare ad interrogare il perdono e la sua attualit\u00e0, facendone una cultura viva, contemporanea e capace di futuro.<\/p>\n\n\n\n<p>Il Summit ha ricevuto il patrocinio della <strong>Regione Abruzzo <\/strong>edel <strong>Comune dell\u2019Aquila<\/strong>. Organizzato e sostenuto principalmente da <strong>One Group<\/strong> e <strong>L\u2019Aquila Made In<\/strong>, ha ricevuto un contributo dal <strong>Comune dell\u2019Aquila<\/strong>, dalla <strong>Fondazione Carispaq<\/strong>, da <strong>SODIFA<\/strong> e<strong> SE.RA<\/strong>. Centro Studi del Conflitto, con <strong>LAQTV<\/strong> come media partner<strong>.<\/strong><\/p>\n\n\n\n<p><\/p>\n\n\n\n<div data-wp-interactive=\"core\/file\" class=\"wp-block-file\"><object data-wp-bind--hidden=\"!state.hasPdfPreview\" hidden class=\"wp-block-file__embed\" data=\"https:\/\/www.ecoitaliano.com.ar\/wp-content\/uploads\/2026\/08\/Messaggio-del-Presidente-del-Consiglio-per-il-Summit-Perdono.pdf\" type=\"application\/pdf\" style=\"width:100%;height:600px\" aria-label=\"Incrustado de Messaggio del Presidente del Consiglio per il Summit Perdono.\"><\/object><a id=\"wp-block-file--media-73d17e73-4dac-41f3-a002-60129a02eea1\" href=\"https:\/\/www.ecoitaliano.com.ar\/wp-content\/uploads\/2026\/08\/Messaggio-del-Presidente-del-Consiglio-per-il-Summit-Perdono.pdf\">Messaggio del Presidente del Consiglio per il Summit Perdono<\/a><a href=\"https:\/\/www.ecoitaliano.com.ar\/wp-content\/uploads\/2026\/08\/Messaggio-del-Presidente-del-Consiglio-per-il-Summit-Perdono.pdf\" class=\"wp-block-file__button wp-element-button\" download aria-describedby=\"wp-block-file--media-73d17e73-4dac-41f3-a002-60129a02eea1\">Descarga<\/a><\/div>\n","protected":false},"excerpt":{"rendered":"<p>COMUNICATO STAMPA Il Perdono apre al futuro: dal Summit dell\u2019Aquila una riflessione sulla libert\u00e0 dei giovani e sulla responsabilit\u00e0 degli [&hellip;]<\/p>\n","protected":false},"author":1,"featured_media":0,"comment_status":"open","ping_status":"open","sticky":false,"template":"","format":"standard","meta":{"footnotes":""},"categories":[2],"tags":[],"class_list":["post-95674","post","type-post","status-publish","format-standard","hentry","category-informacion"],"_links":{"self":[{"href":"https:\/\/www.ecoitaliano.com.ar\/index.php?rest_route=\/wp\/v2\/posts\/95674","targetHints":{"allow":["GET"]}}],"collection":[{"href":"https:\/\/www.ecoitaliano.com.ar\/index.php?rest_route=\/wp\/v2\/posts"}],"about":[{"href":"https:\/\/www.ecoitaliano.com.ar\/index.php?rest_route=\/wp\/v2\/types\/post"}],"author":[{"embeddable":true,"href":"https:\/\/www.ecoitaliano.com.ar\/index.php?rest_route=\/wp\/v2\/users\/1"}],"replies":[{"embeddable":true,"href":"https:\/\/www.ecoitaliano.com.ar\/index.php?rest_route=%2Fwp%2Fv2%2Fcomments&post=95674"}],"version-history":[{"count":1,"href":"https:\/\/www.ecoitaliano.com.ar\/index.php?rest_route=\/wp\/v2\/posts\/95674\/revisions"}],"predecessor-version":[{"id":95688,"href":"https:\/\/www.ecoitaliano.com.ar\/index.php?rest_route=\/wp\/v2\/posts\/95674\/revisions\/95688"}],"wp:attachment":[{"href":"https:\/\/www.ecoitaliano.com.ar\/index.php?rest_route=%2Fwp%2Fv2%2Fmedia&parent=95674"}],"wp:term":[{"taxonomy":"category","embeddable":true,"href":"https:\/\/www.ecoitaliano.com.ar\/index.php?rest_route=%2Fwp%2Fv2%2Fcategories&post=95674"},{"taxonomy":"post_tag","embeddable":true,"href":"https:\/\/www.ecoitaliano.com.ar\/index.php?rest_route=%2Fwp%2Fv2%2Ftags&post=95674"}],"curies":[{"name":"wp","href":"https:\/\/api.w.org\/{rel}","templated":true}]}}