{"id":95708,"date":"2026-09-01T02:16:42","date_gmt":"2026-09-01T02:16:42","guid":{"rendered":"https:\/\/www.ecoitaliano.com.ar\/?p=95708"},"modified":"2026-09-01T02:16:44","modified_gmt":"2026-09-01T02:16:44","slug":"serena-conduce-operaclassica-eco-italiano-5478","status":"publish","type":"post","link":"https:\/\/www.ecoitaliano.com.ar\/?p=95708","title":{"rendered":"Serena conduce operaclassica eco italiano"},"content":{"rendered":"<div class=\"wp-block-image\">\n<figure class=\"aligncenter size-full\"><a href=\"https:\/\/www.ecoitaliano.com.ar\/wp-content\/uploads\/2026\/09\/image.png\"><img decoding=\"async\" width=\"265\" height=\"97\" src=\"https:\/\/www.ecoitaliano.com.ar\/wp-content\/uploads\/2026\/09\/image.png\" alt=\"\" class=\"wp-image-95709\"\/><\/a><\/figure><\/div>\n\n\n<p>comunicato stampa<\/p>\n\n\n\n<p><strong>72\u00b0 FESTIVAL PUCCINI&nbsp;2026&nbsp;A TORRE DEL LAGO-VIAREGGIO<\/strong><\/p>\n\n\n\n<p><strong>Grande attesa per il Gala con Pl\u00e1cido Domingo e Maria Jos\u00e9 Siri diretto da Marcello Rota<\/strong><\/p>\n\n\n\n<p>Un programma che attraversa i generi, dall\u2019opera all\u2019operetta, i musical e le pagine pi\u00f9 celebri della zarzuela spagnola con le coreografie di Patrizia Vennero e l\u2019ideazione scenica di Carlo Antonio de Lucia<\/p>\n\n\n\n<p><strong>Torre del Lago-Viareggio, Gran Teatro all\u2019aperto<br>domenica 30 agosto, ore 21.15<\/strong><\/p>\n\n\n\n<p>Cartella&nbsp;con&nbsp;le&nbsp;foto&nbsp;degli artisti<br><a href=\"https:\/\/us.list-manage.com\/cPHrLZaN6iI?e=cceb3c1a2f&amp;c2id=edee7b1ac25bc0ea1c5f92ee4fb45ae0\" target=\"_blank\" rel=\"noreferrer noopener\">https:\/\/www.dropbox.com\/scl\/fo\/punsdl026w683l93dnzyl\/AHko9ybOYxbC8JZVOYECWlc?rlkey=hk9pf3i7rm92qjlhj06ge9z1y&amp;st=q0yeczlx&amp;dl=0<\/a><\/p>\n\n\n\n<p>Il 72\u00b0 Festival Puccini si avvia alla conclusione con uno degli appuntamenti pi\u00f9 attesi dell\u2019estate 2026: domenica 30 agosto (ore 21.15) il Gran Teatro ospita il&nbsp;<strong>Gran Gala con Pl\u00e1cido Domingo<\/strong>, un appuntamento che riporta a Torre del Lago uno degli artisti che hanno segnato pi\u00f9 profondamente la storia dell&#8217;opera degli ultimi sessant&#8217;anni.<\/p>\n\n\n\n<p>Domingo, insignito nel 2025 del Premio Puccini e oggi direttore dell&#8217;Accademia Pucciniana, sar\u00e0 protagonista accanto al celebre&nbsp;soprano Mar\u00eda Jos\u00e9 Siri, interprete applaudita nei maggiori teatri internazionali e particolarmente legata al repertorio italiano. Sul podio dell&#8217;Orchestra del Festival Puccini ci sar\u00e0&nbsp;Marcello Rota, interprete eclettico che da anni collabora con&nbsp;Pl\u00e1cido&nbsp;Domingo,&nbsp;sul podio di istituzioni come il Teatro alla Scala, l\u2019Accademia Nazionale di Santa Cecilia, il Teatro dell\u2019Opera di Roma, l\u2019Arena di Verona, Royal Albert Hall e numerose orchestre europee ed extraeuropee; la parte coreografica della serata \u00e8 affidata a Patrizia Vennero.<\/p>\n\n\n\n<p>Il programma&nbsp;\u00e8 pensato come un viaggio attraverso mondi musicali che appartengono profondamente alla storia artistica e personale di Domingo: dalla zarzuela, genere fondamentale della tradizione teatrale spagnola che il cantante ha sempre sostenuto e portato sui maggiori palcoscenici internazionali, alle melodie spagnole, fino alla tradizione della canzone napoletana e alle pi\u00f9 celebri pagine dell&#8217;operetta.&nbsp;Un repertorio che consente di raccontare le molte anime di un artista eccezionalmente longevo, capace nel corso della sua carriera di attraversare il repertorio tenorile e baritonale, la direzione d&#8217;orchestra e generi musicali differenti, mantenendo sempre centrale il rapporto diretto con il pubblico.&nbsp;Accanto a lui, Mar\u00eda Jos\u00e9 Siri porter\u00e0 la propria vocalit\u00e0 intensa e teatrale in una serata costruita sull&#8217;alternanza tra canto solistico, duetti e pagine orchestrali, in un clima volutamente pi\u00f9 libero rispetto alla rappresentazione operistica e capace di mettere in relazione la grande tradizione lirica con repertori nati per una comunicazione immediata e popolare.&nbsp;<br><br>La Fondazione Festival Pucciniano si unisce al cordoglio del mondo musicale per la prematura scomparsa di<strong>&nbsp;Antonino Fogliani<\/strong>, direttore d&#8217;orchestra di fama internazionale che proprio a Torre del Lago&nbsp;\u00e8 salito sul podio l\u2019ultima volta lo scorso 25 luglio per&nbsp;<em>La boh\u00e8me<\/em>.&nbsp;<br>&nbsp;<\/p>\n\n\n\n<p>GALA DOMINGO &#8211; programma&nbsp;<br>PRIMA PARTE<br>Georges Bizet&nbsp;\u201cOuverture\u201d da&nbsp;Carmen<br>Umberto Giordano&nbsp;\u201cNemico della patria\u201d da&nbsp;Andrea Ch\u00e9nier&nbsp;(Pl\u00e1cido Domingo)<br>Francesco Cilea&nbsp;\u201cIo son l\u2019umile ancella\u201d da&nbsp;Adriana Lecouvreur&nbsp;(Mar\u00eda Jos\u00e9 Siri)<br>Pablo Soroz\u00e1bal&nbsp;\u201cNo&nbsp;puede&nbsp;ser\u201d da&nbsp;La&nbsp;tabernera&nbsp;del&nbsp;puerto&nbsp;(Pl\u00e1cido Domingo)<br>Pablo Luna&nbsp;\u201cDe Espa\u00f1a vengo\u201d da&nbsp;El&nbsp;ni\u00f1o&nbsp;jud\u00edo&nbsp;(Mar\u00eda Jos\u00e9 Siri)<br>Ger\u00f3nimo Gim\u00e9nez&nbsp;\u201cIntermezzo\u201d da&nbsp;La boda de Luis Alonso&nbsp;(Orchestra e Balletto)<br>Reveriano&nbsp;Soutullo&nbsp;\/&nbsp;Juan Vert&nbsp;\u201cYa&nbsp;mis&nbsp;horas&nbsp;felices\u201d da&nbsp;La del&nbsp;soto&nbsp;del&nbsp;parral&nbsp;(Pl\u00e1cido Domingo)<br>Jos\u00e9 Serrano&nbsp;\u201cQu\u00e9&nbsp;te importa?\u201d da&nbsp;Los&nbsp;claveles&nbsp;(Mar\u00eda Jos\u00e9 Siri)<br>Manuel Penella&nbsp;\u201cMe&nbsp;llamabas, Rafaeliyo?\u201d da&nbsp;El gato&nbsp;mont\u00e9s&nbsp;(Pl\u00e1cido Domingo e Mar\u00eda Jos\u00e9 Siri)<\/p>\n\n\n\n<p>SECONDA PARTE<br>Franz Leh\u00e1r&nbsp;\u201cDein&nbsp;ist&nbsp;mein&nbsp;ganzes&nbsp;Herz\u201d da&nbsp;Das Land&nbsp;des&nbsp;L\u00e4chelns&nbsp;(Pl\u00e1cido Domingo)<br>\u201cVilja-Lied\u201d da&nbsp;Die&nbsp;lustige&nbsp;Witwe&nbsp;(Mar\u00eda Jos\u00e9 Siri)<br>\u201cLippen&nbsp;schweigen\u201d da&nbsp;Die&nbsp;lustige&nbsp;Witwe&nbsp;(Pl\u00e1cido Domingo e Mar\u00eda Jos\u00e9 Siri)<br>Maurice Jarre&nbsp;Doctor Zhivago<br>Richard Rodgers&nbsp;\u201cSome&nbsp;enchanted&nbsp;evening\u201d da&nbsp;South Pacific&nbsp;(Pl\u00e1cido Domingo)<br>George Gershwin&nbsp;\u201cSummertime\u201d da&nbsp;Porgy and Bess&nbsp;(Mar\u00eda Jos\u00e9 Siri)<br>Leonard Bernstein&nbsp;\u201cTonight\u201d da&nbsp;West Side Story&nbsp;(Pl\u00e1cido Domingo e Mar\u00eda Jos\u00e9 Siri)<br>Nino Rota&nbsp;Amarcord<br>Ernesto De Curtis&nbsp;Tu ca&nbsp;nun&nbsp;chiagne&nbsp;(Pl\u00e1cido Domingo)<br>Luigi Denza&nbsp;Funicul\u00ec funicul\u00e0&nbsp;(Mar\u00eda Jos\u00e9 Siri)<br>Rodolfo Falvo&nbsp;Dicitencello&nbsp;vuie&nbsp;(Pl\u00e1cido Domingo e Mar\u00eda Jos\u00e9 Siri)<\/p>\n\n\n\n<p>Il festival 2026 proseguir\u00e0 sino al 5 settembre&nbsp;con le ultime repliche di&nbsp;Madama Butterfly&nbsp;(4 settembre)&nbsp;e della&nbsp;Fanciulla del West&nbsp;(5 settembre). I biglietti sono in vendita sul sito&nbsp;<a href=\"https:\/\/us.list-manage.com\/znGhsZoGFMI?e=cceb3c1a2f&amp;c2id=edee7b1ac25bc0ea1c5f92ee4fb45ae0\" target=\"_blank\" rel=\"noreferrer noopener\">www.puccinifestival.it<\/a>,&nbsp;alla biglietteria del Festival a Torre del Lago&nbsp;e nei circuiti&nbsp;vivaticket&nbsp;e&nbsp;ticketone.<\/p>\n\n\n\n<p>Costo dei biglietti&nbsp;del 72\u00b0 Festival Puccini 2026<br>Opere: da 25&nbsp;a 195 euro<br>Gala&nbsp;Domingo:&nbsp;da 21 a 150 euro<\/p>\n\n\n\n<p>La Biglietteria si trova a pochi passi dall\u2019ingresso del Teatro sulla Via delle Torbiere (Torre del Lago \u2013 Viareggio) \u00c8 aperta dal luned\u00ec al venerd\u00ec dalle 9.30 alle 12.30 e dalle 15.30 alle 18.00; sabato&nbsp;dalle 10 alle 13.00 e dalle 15.30 alle 18.30. Domeniche senza spettacoli&nbsp;chiusa.&nbsp;Nei giorni di spettacolo dalle 10 alle 12.30 e dalle 16.00 alle 21.15.&nbsp;Tel&nbsp;<a href=\"tel:(+39)%200584%20359322\" rel=\"noreferrer noopener\" target=\"_blank\">(+39) 0584 359322<\/a>&nbsp;E-mail&nbsp;<a href=\"mailto:ticketoffice@puccinifestival.it\" target=\"_blank\" rel=\"noreferrer noopener\">ticketoffice@puccinifestival.it<\/a><\/p>\n\n\n\n<p><a href=\"https:\/\/us.list-manage.com\/OMwktIZ_D4x?e=cceb3c1a2f&amp;c2id=edee7b1ac25bc0ea1c5f92ee4fb45ae0\" target=\"_blank\" rel=\"noreferrer noopener\">www.puccinifestival.it<\/a><\/p>\n\n\n\n<p>Fondazione&nbsp;Festival Pucciniano<br>Ufficio stampa<br>Floriana Tessitore&nbsp;<a href=\"tel:+393387339981\" rel=\"noreferrer noopener\" target=\"_blank\">+393387339981<\/a><br><a href=\"mailto:press@puccinifestival.it\" target=\"_blank\" rel=\"noreferrer noopener\">press@puccinifestival.it<\/a><\/p>\n\n\n\n<p>Torre del Lago &#8211; Viareggio, 29 agosto 2026 (f.t<\/p>\n\n\n\n<p>c<em>opyright \u00a9 2026 Tessitore Vitale, All rights reserved.<\/em><\/p>\n\n\n\n<p>foto<\/p>\n\n\n\n<figure class=\"wp-block-gallery has-nested-images columns-default is-cropped wp-block-gallery-1 is-layout-flex wp-block-gallery-is-layout-flex\">\n<figure class=\"wp-block-image size-large\"><a href=\"https:\/\/www.ecoitaliano.com.ar\/wp-content\/uploads\/2026\/09\/CTM_3315c-copia.jpg\"><img decoding=\"async\" width=\"1024\" height=\"657\" data-id=\"95710\" src=\"https:\/\/www.ecoitaliano.com.ar\/wp-content\/uploads\/2026\/09\/CTM_3315c-copia-1024x657.jpg\" alt=\"\" class=\"wp-image-95710\" srcset=\"https:\/\/www.ecoitaliano.com.ar\/wp-content\/uploads\/2026\/09\/CTM_3315c-copia-1024x657.jpg 1024w, https:\/\/www.ecoitaliano.com.ar\/wp-content\/uploads\/2026\/09\/CTM_3315c-copia-300x193.jpg 300w, https:\/\/www.ecoitaliano.com.ar\/wp-content\/uploads\/2026\/09\/CTM_3315c-copia-768x493.jpg 768w, https:\/\/www.ecoitaliano.com.ar\/wp-content\/uploads\/2026\/09\/CTM_3315c-copia-1536x986.jpg 1536w, https:\/\/www.ecoitaliano.com.ar\/wp-content\/uploads\/2026\/09\/CTM_3315c-copia-2048x1314.jpg 2048w\" sizes=\"(max-width: 1024px) 100vw, 1024px\" \/><\/a><\/figure>\n\n\n\n<figure class=\"wp-block-image size-large\"><a href=\"https:\/\/www.ecoitaliano.com.ar\/wp-content\/uploads\/2026\/09\/Maria-Jose-Siri-c-victor-santiago.jpeg\"><img decoding=\"async\" width=\"683\" height=\"1024\" data-id=\"95711\" src=\"https:\/\/www.ecoitaliano.com.ar\/wp-content\/uploads\/2026\/09\/Maria-Jose-Siri-c-victor-santiago-683x1024.jpeg\" alt=\"\" class=\"wp-image-95711\" srcset=\"https:\/\/www.ecoitaliano.com.ar\/wp-content\/uploads\/2026\/09\/Maria-Jose-Siri-c-victor-santiago-683x1024.jpeg 683w, https:\/\/www.ecoitaliano.com.ar\/wp-content\/uploads\/2026\/09\/Maria-Jose-Siri-c-victor-santiago-200x300.jpeg 200w, https:\/\/www.ecoitaliano.com.ar\/wp-content\/uploads\/2026\/09\/Maria-Jose-Siri-c-victor-santiago-768x1152.jpeg 768w, https:\/\/www.ecoitaliano.com.ar\/wp-content\/uploads\/2026\/09\/Maria-Jose-Siri-c-victor-santiago-1024x1536.jpeg 1024w, https:\/\/www.ecoitaliano.com.ar\/wp-content\/uploads\/2026\/09\/Maria-Jose-Siri-c-victor-santiago-1366x2048.jpeg 1366w, https:\/\/www.ecoitaliano.com.ar\/wp-content\/uploads\/2026\/09\/Maria-Jose-Siri-c-victor-santiago.jpeg 1707w\" sizes=\"(max-width: 683px) 100vw, 683px\" \/><\/a><\/figure>\n<\/figure>\n","protected":false},"excerpt":{"rendered":"<p>comunicato stampa 72\u00b0 FESTIVAL PUCCINI&nbsp;2026&nbsp;A TORRE DEL LAGO-VIAREGGIO Grande attesa per il Gala con Pl\u00e1cido Domingo e Maria Jos\u00e9 Siri [&hellip;]<\/p>\n","protected":false},"author":1,"featured_media":0,"comment_status":"open","ping_status":"open","sticky":false,"template":"","format":"standard","meta":{"footnotes":""},"categories":[1],"tags":[],"class_list":["post-95708","post","type-post","status-publish","format-standard","hentry","category-sin-categoria"],"_links":{"self":[{"href":"https:\/\/www.ecoitaliano.com.ar\/index.php?rest_route=\/wp\/v2\/posts\/95708","targetHints":{"allow":["GET"]}}],"collection":[{"href":"https:\/\/www.ecoitaliano.com.ar\/index.php?rest_route=\/wp\/v2\/posts"}],"about":[{"href":"https:\/\/www.ecoitaliano.com.ar\/index.php?rest_route=\/wp\/v2\/types\/post"}],"author":[{"embeddable":true,"href":"https:\/\/www.ecoitaliano.com.ar\/index.php?rest_route=\/wp\/v2\/users\/1"}],"replies":[{"embeddable":true,"href":"https:\/\/www.ecoitaliano.com.ar\/index.php?rest_route=%2Fwp%2Fv2%2Fcomments&post=95708"}],"version-history":[{"count":1,"href":"https:\/\/www.ecoitaliano.com.ar\/index.php?rest_route=\/wp\/v2\/posts\/95708\/revisions"}],"predecessor-version":[{"id":95712,"href":"https:\/\/www.ecoitaliano.com.ar\/index.php?rest_route=\/wp\/v2\/posts\/95708\/revisions\/95712"}],"wp:attachment":[{"href":"https:\/\/www.ecoitaliano.com.ar\/index.php?rest_route=%2Fwp%2Fv2%2Fmedia&parent=95708"}],"wp:term":[{"taxonomy":"category","embeddable":true,"href":"https:\/\/www.ecoitaliano.com.ar\/index.php?rest_route=%2Fwp%2Fv2%2Fcategories&post=95708"},{"taxonomy":"post_tag","embeddable":true,"href":"https:\/\/www.ecoitaliano.com.ar\/index.php?rest_route=%2Fwp%2Fv2%2Ftags&post=95708"}],"curies":[{"name":"wp","href":"https:\/\/api.w.org\/{rel}","templated":true}]}}