{"id":95715,"date":"2026-09-01T08:38:21","date_gmt":"2026-09-01T08:38:21","guid":{"rendered":"https:\/\/www.ecoitaliano.com.ar\/?p=95715"},"modified":"2026-09-01T08:38:22","modified_gmt":"2026-09-01T08:38:22","slug":"difetti-di-fabbrica-ma-con-affetto","status":"publish","type":"post","link":"https:\/\/www.ecoitaliano.com.ar\/?p=95715","title":{"rendered":"Difetti di fabbrica, ma con affetto"},"content":{"rendered":"<div class=\"wp-block-image\">\n<figure class=\"aligncenter size-large is-resized\"><a href=\"http:\/\/www.ecoitaliano.com.ar\/wp-content\/uploads\/2026\/09\/Difetti-di-fabbrica-ev.jpg\"><img decoding=\"async\" width=\"1024\" height=\"576\" src=\"http:\/\/www.ecoitaliano.com.ar\/wp-content\/uploads\/2026\/09\/Difetti-di-fabbrica-ev-1024x576.jpg\" alt=\"\" class=\"wp-image-95716\" style=\"width:296px;height:auto\" srcset=\"https:\/\/www.ecoitaliano.com.ar\/wp-content\/uploads\/2026\/09\/Difetti-di-fabbrica-ev-1024x576.jpg 1024w, https:\/\/www.ecoitaliano.com.ar\/wp-content\/uploads\/2026\/09\/Difetti-di-fabbrica-ev-300x169.jpg 300w, https:\/\/www.ecoitaliano.com.ar\/wp-content\/uploads\/2026\/09\/Difetti-di-fabbrica-ev-768x432.jpg 768w, https:\/\/www.ecoitaliano.com.ar\/wp-content\/uploads\/2026\/09\/Difetti-di-fabbrica-ev-1536x864.jpg 1536w, https:\/\/www.ecoitaliano.com.ar\/wp-content\/uploads\/2026\/09\/Difetti-di-fabbrica-ev.jpg 1920w\" sizes=\"(max-width: 1024px) 100vw, 1024px\" \/><\/a><\/figure><\/div>\n\n\n<p><em>Giuseppe Arn\u00f2\u00a0<\/em><\/p>\n\n\n\n<p><em><strong>L&#8217;uomo nasce imperfetto, ma non \u00e8 obbligato a restarlo. Tra percezioni, amicizia e amore, l&#8217;ironia rimane il modo migliore per prendere sul serio la vita senza prendersi troppo sul serio.<\/strong><\/em><\/p>\n\n\n\n<p>Viviamo in un mondo meraviglioso. La Creazione sfiora la perfezione e Madre Natura continua a fare il suo dovere con ammirevole costanza. Peccato che, ogni tanto, il reparto collaudo degli esseri umani si distragga. C&#8217;\u00e8 chi nasce con un piccolo difetto di fabbrica e chi con la granitica convinzione di non averne alcuno. Questi ultimi sono i casi pi\u00f9 complicati.<\/p>\n\n\n\n<p>Corrado Alvaro scriveva che l&#8217;uomo \u00e8 il prodotto dei suoi errori. Altri preferiscono ricordare che nell&#8217;uomo vi sono pi\u00f9 cose da ammirare che da disprezzare. Sarebbe bello poter dare ragione a entrambi. La cronaca, per\u00f2, insiste a metterci il bastone fra le ruote.<\/p>\n\n\n\n<p>Una certezza, tuttavia, esiste: le percezioni umane sono infinite. La percezione \u00e8 quel curioso meccanismo che ci fa interpretare ci\u00f2 che vediamo, tocchiamo, ascoltiamo e perfino ci\u00f2 che sogniamo. Straordinario strumento, se non fosse che troppo spesso lo adoperiamo come gli occhiali appannati: distinguiamo perfettamente le apparenze e perdiamo di vista la sostanza.<\/p>\n\n\n\n<p>\u00c8 il male del nostro tempo. Ci fermiamo alla superficie, all&#8217;etichetta, all&#8217;involucro. Le cose contano meno dell&#8217;impressione che producono. L&#8217;abito continua a fare il monaco e il giudizio arriva sempre prima della conoscenza.<\/p>\n\n\n\n<p>Per questo l&#8217;ironia \u00e8 una virt\u00f9, non un vezzo. Kurt Vonnegut lo aveva capito bene: serve a sopportare l&#8217;assurdit\u00e0 del mondo senza diventarne complici. L&#8217;ironia non cambia la realt\u00e0, ma impedisce almeno di farsene travolgere.<\/p>\n\n\n\n<p>Poi arrivano le emozioni. Si accendono in un istante e spesso si consumano con la stessa rapidit\u00e0. I sentimenti, invece, restano. Si nutrono del tempo, delle esperienze, dei valori. E fra tutti, amicizia e amore rappresentano ancora il meglio che l&#8217;uomo sappia offrire quando smette di pensare soltanto a se stesso.<\/p>\n\n\n\n<p>Sono beni rari. Non si trovano in saldo e nemmeno si acquistano con un clic. Richiedono presenza, lealt\u00e0, pazienza. Virt\u00f9 antiche che il mercato emotivo continua ostinatamente a non quotare.<\/p>\n\n\n\n<p>Quanto ai sogni, pace, libert\u00e0 e uguaglianza possiamo continuare a coltivarli. Non costano nulla e valgono pi\u00f9 di molte promesse. Gli altri, quelli che rovistano nell&#8217;inconscio, li lasciamo volentieri a Freud.<\/p>\n\n\n\n<p>Noi ci accontenteremmo di un sogno assai pi\u00f9 modesto: che l&#8217;uomo imparasse finalmente a guardare oltre le apparenze. Scoprirebbe che l&#8217;amicizia e l&#8217;amore sono gli unici difetti di fabbrica per i quali vale davvero la pena nascere imperfetti.<\/p>\n\n\n\n<p>Giuseppe Arn\u00f2<\/p>\n\n\n\n<p>*Foto by Canva<\/p>\n\n\n\n<p><strong><em>Tutte l\u2019opinioni versati nel sito correspondono solo a chi la manifesta. Non e necessariamente l\u2019opinione della Direzione<\/em><\/strong><\/p>\n","protected":false},"excerpt":{"rendered":"<p>Giuseppe Arn\u00f2\u00a0 L&#8217;uomo nasce imperfetto, ma non \u00e8 obbligato a restarlo. Tra percezioni, amicizia e amore, l&#8217;ironia rimane il modo [&hellip;]<\/p>\n","protected":false},"author":1,"featured_media":0,"comment_status":"open","ping_status":"open","sticky":false,"template":"","format":"standard","meta":{"footnotes":""},"categories":[35],"tags":[],"class_list":["post-95715","post","type-post","status-publish","format-standard","hentry","category-opiniones"],"_links":{"self":[{"href":"https:\/\/www.ecoitaliano.com.ar\/index.php?rest_route=\/wp\/v2\/posts\/95715","targetHints":{"allow":["GET"]}}],"collection":[{"href":"https:\/\/www.ecoitaliano.com.ar\/index.php?rest_route=\/wp\/v2\/posts"}],"about":[{"href":"https:\/\/www.ecoitaliano.com.ar\/index.php?rest_route=\/wp\/v2\/types\/post"}],"author":[{"embeddable":true,"href":"https:\/\/www.ecoitaliano.com.ar\/index.php?rest_route=\/wp\/v2\/users\/1"}],"replies":[{"embeddable":true,"href":"https:\/\/www.ecoitaliano.com.ar\/index.php?rest_route=%2Fwp%2Fv2%2Fcomments&post=95715"}],"version-history":[{"count":1,"href":"https:\/\/www.ecoitaliano.com.ar\/index.php?rest_route=\/wp\/v2\/posts\/95715\/revisions"}],"predecessor-version":[{"id":95717,"href":"https:\/\/www.ecoitaliano.com.ar\/index.php?rest_route=\/wp\/v2\/posts\/95715\/revisions\/95717"}],"wp:attachment":[{"href":"https:\/\/www.ecoitaliano.com.ar\/index.php?rest_route=%2Fwp%2Fv2%2Fmedia&parent=95715"}],"wp:term":[{"taxonomy":"category","embeddable":true,"href":"https:\/\/www.ecoitaliano.com.ar\/index.php?rest_route=%2Fwp%2Fv2%2Fcategories&post=95715"},{"taxonomy":"post_tag","embeddable":true,"href":"https:\/\/www.ecoitaliano.com.ar\/index.php?rest_route=%2Fwp%2Fv2%2Ftags&post=95715"}],"curies":[{"name":"wp","href":"https:\/\/api.w.org\/{rel}","templated":true}]}}