{"id":95718,"date":"2026-09-01T08:41:07","date_gmt":"2026-09-01T08:41:07","guid":{"rendered":"https:\/\/www.ecoitaliano.com.ar\/?p=95718"},"modified":"2026-09-01T08:41:07","modified_gmt":"2026-09-01T08:41:07","slug":"do-co-mo-mo-italia-giornale-n-40-architetture-dellospitalita-conoscenza-conservazione-e-riuso-degli-alberghi-del-novecento-italiano-moderno-a-cura-di-luca-esposito-e-viviana-saitto","status":"publish","type":"post","link":"https:\/\/www.ecoitaliano.com.ar\/?p=95718","title":{"rendered":"Do.co.mo.mo Italia giornale n.40 Architetture dell\u2019Ospitalit\u00e0 Conoscenza, conservazione e riuso degli alberghi del Novecento italiano Moderno, a cura di Luca Esposito e Viviana Saitto"},"content":{"rendered":"\n<figure class=\"wp-block-image size-large\"><a href=\"http:\/\/www.ecoitaliano.com.ar\/wp-content\/uploads\/2026\/09\/unnamed.png\"><img decoding=\"async\" width=\"1024\" height=\"94\" src=\"http:\/\/www.ecoitaliano.com.ar\/wp-content\/uploads\/2026\/09\/unnamed-1024x94.png\" alt=\"\" class=\"wp-image-95719\" srcset=\"https:\/\/www.ecoitaliano.com.ar\/wp-content\/uploads\/2026\/09\/unnamed-1024x94.png 1024w, https:\/\/www.ecoitaliano.com.ar\/wp-content\/uploads\/2026\/09\/unnamed-300x28.png 300w, https:\/\/www.ecoitaliano.com.ar\/wp-content\/uploads\/2026\/09\/unnamed-768x70.png 768w, https:\/\/www.ecoitaliano.com.ar\/wp-content\/uploads\/2026\/09\/unnamed-1536x141.png 1536w, https:\/\/www.ecoitaliano.com.ar\/wp-content\/uploads\/2026\/09\/unnamed.png 1920w\" sizes=\"(max-width: 1024px) 100vw, 1024px\" \/><\/a><\/figure>\n\n\n\n<figure class=\"wp-block-table\"><table class=\"has-fixed-layout\"><tbody><tr><td><a href=\"https:\/\/customer49009.musvc4.net\/e\/tr?q=5%3dMgTbR%26J%3dK%26F%3dJZTS%268%3dfLTRc%26E%3d0CR0_Jj1j_UT_Pkui_ZZ_Jj1j_TYG692MBFtJy6xJ63AA2ACCDLDPu.58K%26x%3dEDQF5M.LyL%262Q%3dKTScT%26LB%3dZTTO3t9uhSbJhRSPZT%260%3dMfNax0Q7KZNbOYRbububNgzTKfP4vDKWJey7KcQaNdzaKZx4xYQ6ydLYS0K5LZSS&amp;mupckp=mupAtu4m8OiX0wt\" target=\"_blank\" rel=\"noreferrer noopener\"><\/a>&nbsp;<a href=\"http:\/\/do.co.mo.mo\/\" target=\"_blank\" rel=\"noreferrer noopener\">do.co.mo.mo<\/a>&nbsp;Italia giornale n.40&nbsp;Architetture dell\u2019Ospitalit\u00e0<br>Conoscenza, conservazione e riuso degli alberghi del Novecento italiano Moderno<br><br>a cura di Luca Esposito e Viviana Saitto&nbsp;In abbinamento con Il Giornale dell\u2019Architettura,&nbsp;<a href=\"http:\/\/do.co.mo.mo\/\" target=\"_blank\" rel=\"noreferrer noopener\">do.co.mo.mo<\/a>&nbsp;Italia giornale, strumento di comunicazione di&nbsp;<strong>docomomo Italia<\/strong>&nbsp;associazione per la documentazione, conservazione e valorizzazione del patrimonio architettonico del Novecento in Italia<a href=\"https:\/\/customer49009.musvc4.net\/e\/tr?q=5%3dPdJbU%26G%3dA%26F%3dMWJS%26A%3dcBTUZ%265%3d0FOzK_Dvcr_Of_2sou_Bh_Dvcr_Nkz3DOx7DNrAB.Dv95J2FwGo61Gv3D8rAF04LGMk.5AH_2sou_BhzD27FOk-6A8yEAHy_JmxZ_Tb%269%3dwMEQmV.004%26AE%3dVBbQe%264K%3dNeBXVdJSVcAYNe%26r%3d4Mcp7VdI3UbEXM9BVz8HX1eGVVAE6y0FUMbJWzWo4SYB3w6kUUdn6xaEXM9FbQbB3O6m&amp;mupckp=mupAtu4m8OiX0wt\" target=\"_blank\" rel=\"noreferrer noopener\">scarica il n. 40 di<br>do.co.mo.mo Italia giornale<\/a><a href=\"https:\/\/customer49009.musvc4.net\/e\/tr?q=8%3d9YCeD%26B%3d4%26I%3d6RCV%26t%3dX5WDU%26x%3dCyJsN_wqVu_8a_uvXp_5k_wqVu_7fs6wJq0wIkDu.9oBnEuIfBh9jBo6w3kDy5wOzHd.8tC_uvXp_5ki9u0yJd-9t3rHtCr_MVsS_WK%264%3dpPxLfY.s5w%26Dx%3dQ5e0Z%26wN%3d7Z5aEYCVEX4b7Z%26k%3d76Xi0EYB6DW8a645Yi3AajZ0YE689h59X6WCZiRh7BT56f1dXDYg9gV8a649e0W5681f&amp;mupckp=mupAtu4m8OiX0wt\" target=\"_blank\" rel=\"noreferrer noopener\"><\/a>L\u2019architettura dell\u2019ospitalit\u00e0 occupa una posizione singolare nella storia del progetto moderno e della vacanza italiana, ed \u00e8 il tema portante di questo nuovo numero di&nbsp;<a href=\"http:\/\/do.co.mo.mo\/\" target=\"_blank\" rel=\"noreferrer noopener\">do.co.mo.mo<\/a>. Italia giornale, che intende riaccendere i riflettori su un patrimonio troppo spesso liquidato come mera tipologia specialistica legata all\u2019economia del tempo libero. Le voci raccolte in queste pagine mostrano come alberghi, pensioni, villaggi turistici, strutture termali e motel abbiano costituito, nel corso del Novecento, uno dei principali laboratori attraverso cui la cultura architettonica ha sperimentato nuove forme dell\u2019abitare temporaneo, ben prima che le dinamiche del turismo globale riducessero la ricettivit\u00e0 a standard ripetitivi e omologanti.<br><br>Dalle riflessioni teoriche di figure come Luigi Piccinato e Gio Ponti ai casi studio emblematici, il percorso si snoda attraverso i luoghi e i paesaggi che hanno ridefinito il rapporto tra individui, territorio e modernit\u00e0: le estetiche mediterranee d\u2019\u00e9lite della Costa Smeralda elaborate da Busiri Vici, Cou\u00eblle e Vietti, le strategie infrastrutturali per lo sport montano a Sestriere e Marilleva firmate da Bonad\u00e8 Bottino, Giovanazzi e Perini, fino alle sperimentazioni del turismo costiero di massa, della mobilit\u00e0 autostradale e dell\u2019accoglienza urbana. Un&#8217;esplorazione che assume la stanza d&#8217;albergo come unit\u00e0 minima di misura dell&#8217;esperienza abitativa e della relazione con il paesaggio.<br><br>In un momento in cui molte di queste architetture affrontano condizioni di trasformazione, sottoutilizzo o abbandono, questi saggi offrono strumenti critici e genealogie per leggere tali edifici come un palinsesto vivo. Una riflessione urgente che dimostra come la tutela e il riuso dell&#8217;ospitalit\u00e0 moderna debbano superare la rigida contrapposizione tra conservazione e sostituzione, per tornare a porsi come infrastruttura culturale e progettuale capace di interrogare il nostro modo contemporaneo di abitare i luoghi.&nbsp;<strong><u>L\u2019abitare alberghiero tra modelli italiani e contesti internazionali<\/u><\/strong><br><strong>CIAAO ad Asmara: Il ruolo e il lascito dell\u2019albergo razionalista,&nbsp;<\/strong>Susanna Bortolotto, Nelly Cattaneo e Medhanie Teklemariam<strong>Genealogia critica dell\u2019albergo moderno italiano. Il dibattito sul \u201cproblema alberghiero\u201d tra ricerca di un\u2019identit\u00e0 nazionale e aspirazione ai modelli internazionali,&nbsp;<\/strong>Claudio Costantino<strong>Abitare ad alta quota: architetture alberghiere alpine<\/strong><br><strong>L\u2019hotel-residenza della stazione sciistica di Pila (1970-1978). Architettura e costruzione di una struttura-paesaggio,&nbsp;<\/strong>Ilaria Giannetti e Martina Russo<strong>Il pendio ospitale. La montagna nello spazio del complesso turistico di Marilleva, Trentino, 1967-1977,&nbsp;<\/strong>Stefano Maiorano<strong>Architetture alpine dell\u2019ospitalit\u00e0 e trasformazioni del turismo sciistico nel secondo Novecento. L\u2019ex albergo Costalta di Gian Leo Salvotti nell\u2019Altopiano di Pin\u00e8,&nbsp;<\/strong>Claudia Sans\u00f2<strong>Pi\u00f9 che alberghi. Le stazioni integrate come modelli all-inclusive nei soggiorni di alta quota, tra permanenza e innovazione,&nbsp;<\/strong>Chiara Rotondi<strong>Abitare la cura: architetture alberghiere del termalismo<\/strong><br><strong>Un\u2019architettura per l\u2019ospitalit\u00e0 e la cura al secondo Novecento. Gli Studi Riuniti e il progetto di Giulio de Luca e Adriano Reale per il nuovo reparto di fangobalneo-terapia e albergo alle Terme di Agnano,&nbsp;<\/strong>Maria Rosario Bruno, Francesca Cardone e Rossella Marena<strong>L\u2019Hotel delle Terme di Castellammare di Stabia. Storia e declino di un\u2019architettura alberghiera del Novecento,&nbsp;<\/strong>Francesca Di Fusco<strong>Nuove ecologie per l\u2019architettura dell\u2019ospitalit\u00e0. Rigenerazione e riuso del patrimonio alberghiero a Salsomaggiore Terme,&nbsp;<\/strong>Marika Fior e Francesca Dapr\u00e0<strong>Abitare il movimento: architetture alberghiere dell\u2019autostrada<\/strong><br><strong>Le strutture ricettive per la mobilit\u00e0 veloce: il caso di San Nicola La Strada,&nbsp;<\/strong>Francesca Castan\u00f2, Orsola Maglione e Roberta Sampogna<strong>Motel Agip: un Patrimonio Moderno in attesa. Una sperimentazione progettuale AI-assisted tra Architettura, Infrastruttura e Paesaggio per il recupero dell\u2019ex motel di Pisticci (Matera),&nbsp;<\/strong>Alessandro Raffa<strong>Costruire la villeggiatura motorizzata. Il Motel Agip di Cortina d\u2019Ampezzo,&nbsp;<\/strong>Alessia Scudella<strong>Forme dell\u2019abitare alberghiero moderno<\/strong><br><strong>Un esempio di architettura moderna in Calabria. Un Progetto di Albergo di Franco Pierluisi,&nbsp;<\/strong>Gregorio Froio<strong>Nel tempo libero. Il soggiorno temporaneo come principio insediativo nel progetto di Manacore di Marcello D\u2019Olivo (1959-63),&nbsp;<\/strong>Maria Masi<strong>Riabitare il patrimonio alberghiero<\/strong><br><strong>L\u2019utopia seriale di Armando Ronca. L\u2019Eurotel di Merano tra eredit\u00e0 moderna e rigenerazione,&nbsp;<\/strong>Maria Paola Gatti<strong>Una cartolina da Roma. L\u2019Hotel Delta di Giuseppe Perugini,&nbsp;<\/strong>Giorgio Lana e Giulia Roberta Negri<strong>Costruire l\u2019abitare temporaneo. Il Seehotel Ambach di Othmar Barth,&nbsp;<\/strong>Margherita Maurea e Kornel Tomasz Lewicki<strong>Oltre la Costa Smeralda: architetture alberghiere e costruzione del territorio<\/strong><br><strong>Dall\u2019albergo alla citt\u00e0. Il progetto dell\u2019Hotel Turritania a Sassari come strumento di costruzione urbana,&nbsp;<\/strong>Matteo Carmine Fusaro<strong>Gli alberghi Esit in Sardegna: urbanit\u00e0, relazioni con il paesaggio, caratteri tipo-morfologici,&nbsp;<\/strong>Marco Lucchini e Andr\u00e8s Mart\u00ecnez Medina\u200a<strong>docomomo Italia<\/strong>L\u2019associazione culturale&nbsp;<strong>docomomo Italia&nbsp;<\/strong>\u00e8 nata nel 1990 e, tra le prime rispetto a quelle d\u2019altre nazioni, si \u00e8 costituita nel 1995 a Roma avendo, quale riferimento sul piano internazionale,&nbsp;<strong>docomomo International<\/strong>&nbsp;(International working party for documentation and conservation of buildings, sites and neighbourhoods of the modern movement). Obiettivo principale dell\u2019associazione \u00e8 la&nbsp;<strong>documentazione, conservazione e valorizzazione del patrimonio architettonico del Novecento sull\u2019intero territorio nazionale<\/strong>, attivit\u00e0 svolte attraverso sezioni regionali e gruppi di lavoro in contatto con studiosi, dipartimenti universitari, Ministero della Cultura, pubbliche amministrazioni territoriali, enti o industrie impegnate nel campo del restauro.&nbsp;&nbsp;L\u2019attivit\u00e0 si sviluppa su molteplici binari disciplinari, dalla storia allo studio di metodologie di intervento rispondenti al valore testimoniale delle opere, alle tecniche costruttive e di restauro, alla normativa di tutela, agli aspetti economici, sociali, antropologici, che configurano il vasto e complesso campo d\u2019indagine del Novecento.&nbsp;<a href=\"https:\/\/customer49009.musvc4.net\/e\/tr?q=7%3d6fDdA%26I%3d5%26H%3d3YDU%26q%3de6VAb%26y%3dBvQtM_txWt_5h_vuUw_6j_txWt_4m1Qy.Ce7g9sIm.0sG_txWt_4mK8COgBkQiNvRv5_txWt_4m_vuUw_7jtBj_LSzT_WFQw%268%3doRwPea.r9v%26Fw%3dU4g9d%26vP%3d6d4cDcBXDb3d6d%26j%3dg906B78hX0a8Y7V0deXf96X3a8V8957Ag0b3dg900B0AaCY0X8Y5c8e6ZA5f8e5dchcd&amp;mupckp=mupAtu4m8OiX0wt\" target=\"_blank\" rel=\"noreferrer noopener\"><\/a><a href=\"https:\/\/customer49009.musvc4.net\/e\/tr?q=A%3d0bAhE%26E%3d2%26L%3d7UAY%26u%3da3ZEX%26v%3dFzMqQ_xtTx_9d_syYs_3n_xtTx_8iuUoMuCx.6pK_xtTx_8iHBGKdFoMfRzNs9%26j%3dFvQ265.LkM%26jQ%3d7UAcF%26Mt%3d9g4bZFU7hEc2hDT8ZF%26A%3deBEZ99AWbh9U6chWcfBX9AiT3Zlb3DF8cfj95e8Y3eF5cZicbakbfeib00EbgDE9&amp;mupckp=mupAtu4m8OiX0wt\" target=\"_blank\" rel=\"noreferrer noopener\"><\/a><a href=\"https:\/\/customer49009.musvc4.net\/e\/tr?q=3%3d5dRZ0%26G%3dI%26D%3d2WRQ%26p%3dcJR0Z%26C%3d8uO8I_svkp_4f_0qTu_Jf_svkp_3kEMx.D6Iu6yHbH.uEn_MisQ_WX9mB1EsIsBf9wBm603iDB5uOCHb_MisQ_WX_HRxh_SGC4_HRxh_SEDB%264%3dnPALdY.65u%26DA%3dQ3eMZ%26uN%3dJZ3aRYAVRX2bJZ%26i%3d6I1AWwQ79QV70QZ5WRVc9RTdXR13YJ49aPW77uV1b6s0VJQ4esQdWs22bR38bw15bRX8&amp;mupckp=mupAtu4m8OiX0wt\" target=\"_blank\" rel=\"noreferrer noopener\"><\/a><a href=\"https:\/\/customer49009.musvc4.net\/e\/tr?q=4%3dQdPaV%26G%3dG%26E%3dNWPR%26B%3dcHSVZ%26A%3d9GO6J_Eviq_Pf_8rpu_Hg_Eviq_OkyK.9D4B29yE.zJ3_Inxf_Sc85DC64P_Eviq_Oky_Inxf_SRhS_Inxf_SRcMC-4D5IA626-102C-xMs96OuKGP82_Eviq_Pk5I6ByExG_863086E_Mgtm_XT9GO6J_Eviq_OZIb_Eviq_OZHg_Eviq_OZHgJRC.8BJwC2.85D_Eviq_OZHg%261%3dHAJI8J.E2O%26yJ%3dNWPVW%26O9%3dSWWLaVeGaUVMSW%26C%3duazAMZzWPWPAH2zbIVNWM4S6vZN9JXz72x6qMSOdr62YuWRYuTWas51ZJUQ8I23eJ2xa&amp;mupckp=mupAtu4m8OiX0wt\" target=\"_blank\" rel=\"noreferrer noopener\"><\/a><\/td><\/tr><\/tbody><\/table><\/figure>\n","protected":false},"excerpt":{"rendered":"<p>&nbsp;do.co.mo.mo&nbsp;Italia giornale n.40&nbsp;Architetture dell\u2019Ospitalit\u00e0Conoscenza, conservazione e riuso degli alberghi del Novecento italiano Moderno a cura di Luca Esposito e Viviana [&hellip;]<\/p>\n","protected":false},"author":1,"featured_media":0,"comment_status":"open","ping_status":"open","sticky":false,"template":"","format":"standard","meta":{"footnotes":""},"categories":[22],"tags":[],"class_list":["post-95718","post","type-post","status-publish","format-standard","hentry","category-libros-y-revistas-literatura"],"_links":{"self":[{"href":"https:\/\/www.ecoitaliano.com.ar\/index.php?rest_route=\/wp\/v2\/posts\/95718","targetHints":{"allow":["GET"]}}],"collection":[{"href":"https:\/\/www.ecoitaliano.com.ar\/index.php?rest_route=\/wp\/v2\/posts"}],"about":[{"href":"https:\/\/www.ecoitaliano.com.ar\/index.php?rest_route=\/wp\/v2\/types\/post"}],"author":[{"embeddable":true,"href":"https:\/\/www.ecoitaliano.com.ar\/index.php?rest_route=\/wp\/v2\/users\/1"}],"replies":[{"embeddable":true,"href":"https:\/\/www.ecoitaliano.com.ar\/index.php?rest_route=%2Fwp%2Fv2%2Fcomments&post=95718"}],"version-history":[{"count":1,"href":"https:\/\/www.ecoitaliano.com.ar\/index.php?rest_route=\/wp\/v2\/posts\/95718\/revisions"}],"predecessor-version":[{"id":95720,"href":"https:\/\/www.ecoitaliano.com.ar\/index.php?rest_route=\/wp\/v2\/posts\/95718\/revisions\/95720"}],"wp:attachment":[{"href":"https:\/\/www.ecoitaliano.com.ar\/index.php?rest_route=%2Fwp%2Fv2%2Fmedia&parent=95718"}],"wp:term":[{"taxonomy":"category","embeddable":true,"href":"https:\/\/www.ecoitaliano.com.ar\/index.php?rest_route=%2Fwp%2Fv2%2Fcategories&post=95718"},{"taxonomy":"post_tag","embeddable":true,"href":"https:\/\/www.ecoitaliano.com.ar\/index.php?rest_route=%2Fwp%2Fv2%2Ftags&post=95718"}],"curies":[{"name":"wp","href":"https:\/\/api.w.org\/{rel}","templated":true}]}}