{"id":95727,"date":"2026-09-01T17:08:53","date_gmt":"2026-09-01T17:08:53","guid":{"rendered":"https:\/\/www.ecoitaliano.com.ar\/?p=95727"},"modified":"2026-09-01T17:08:53","modified_gmt":"2026-09-01T17:08:53","slug":"le-vie-dellacqua-cartellone-estivo-di-statte","status":"publish","type":"post","link":"https:\/\/www.ecoitaliano.com.ar\/?p=95727","title":{"rendered":"Le vie dell&#8217;acqua &#8211; cartellone estivo di Statte"},"content":{"rendered":"<div class=\"wp-block-image\">\n<figure class=\"aligncenter size-large is-resized\"><a href=\"http:\/\/www.ecoitaliano.com.ar\/wp-content\/uploads\/2026\/09\/calendario-statte.jpg\"><img decoding=\"async\" width=\"723\" height=\"1024\" src=\"http:\/\/www.ecoitaliano.com.ar\/wp-content\/uploads\/2026\/09\/calendario-statte-723x1024.jpg\" alt=\"\" class=\"wp-image-95728\" style=\"width:315px;height:auto\" srcset=\"https:\/\/www.ecoitaliano.com.ar\/wp-content\/uploads\/2026\/09\/calendario-statte-723x1024.jpg 723w, https:\/\/www.ecoitaliano.com.ar\/wp-content\/uploads\/2026\/09\/calendario-statte-212x300.jpg 212w, https:\/\/www.ecoitaliano.com.ar\/wp-content\/uploads\/2026\/09\/calendario-statte-768x1088.jpg 768w, https:\/\/www.ecoitaliano.com.ar\/wp-content\/uploads\/2026\/09\/calendario-statte-1084x1536.jpg 1084w, https:\/\/www.ecoitaliano.com.ar\/wp-content\/uploads\/2026\/09\/calendario-statte.jpg 1170w\" sizes=\"(max-width: 723px) 100vw, 723px\" \/><\/a><\/figure><\/div>\n\n\n<h1 class=\"wp-block-heading\">COMUNICATO STAMPA<\/h1>\n\n\n\n<p><strong>Statte<\/strong><strong> oltre l\u2019acciaio<\/strong><strong>. R<\/strong><strong>iscopre<\/strong><strong> i miti e i <\/strong><strong>poeti dimenticati:<br>al via \u00abLe vie dell&#8217;acqua: lungo il Triglio\u00bb<\/strong><\/p>\n\n\n\n<p><em>Dal 23 al 25 settembre tre serate gratuite riportano alla luce Cosimo Fornaro, il \u00abpoeta operaio\u00bb<\/em><em>, il mito, il folclore<\/em><em> e la grande stagione letteraria tarantina del Novecento<\/em><\/p>\n\n\n\n<p><strong>Statte (TA) \u2013<\/strong> Cosimo Fornaro scriveva versi tra un turno e l&#8217;altro in fabbrica, raccontando una verit\u00e0 &#8211; quella del mondo operaio &#8211; da cui spesso si rifugge in poesia. Il suo nome, per\u00f2, come quelli di Raffaele Carrieri e Michele Pierri, \u00e8 oggi quasi sconosciuto fuori da una ristretta cerchia di studiosi, eppure appartiene a una delle stagioni pi\u00f9 intense della letteratura meridionale del Novecento. A restituire loro voce sar\u00e0 \u00abLe vie dell&#8217;acqua: lungo il Triglio\u00bb, la rassegna che il Centro Studi e Ricerche Francesco Grisi e Sulle sponde della Magna Grecia portano a Statte dal 23 al 25 settembre, presso la Biblioteca Comunale \u00abMatteo Mastromarino\u00bb, con ingresso libero e gratuito.<\/p>\n\n\n\n<p>Il progetto, inserito nel cartellone \u00abEstate 2026\u00bb del Comune di Statte, si articola in tre incontri serali che intrecciano mito, storia e letteratura attorno all&#8217;acqua come elemento identitario del territorio.<br><br>Il 23 settembre \u00abL&#8217;acqua nel mito locale\u00bb, dedicato ai miti di Taras e Falanto, alle leggende delle sirene e molto altro; il 24 settembre \u00abStoria, rito e folclore\u00bb, tra l&#8217;archeologia della Gravina di Leucaspide e la devozione popolare; il 25 settembre \u00abLa parola agli scrittori del &#8216;900\u00bb, con reading e approfondimenti critici su Cesare Giulio Viola, Rodolfo Valentino, Michele Pierri, Giacinto Spagnoletti, Angelo Lippo e Raffaele Carrieri e Cosimo Fornaro, il \u00abpoeta operaio\u00bb la cui vicenda si intreccia profondamente con il tessuto sociale ed economico di Statte.<\/p>\n\n\n\n<p>A guidare gli incontri sar\u00e0 Pierfranco Bruni, antropologo, scrittore, saggista e per due volte candidato al Premio Nobel per la Letteratura, figura di riferimento del progetto. Accanto a lui interverranno Micol Bruni, Presidente dell&#8217;Istituto di Ricerca per l&#8217;Arte e la Letteratura (I.R.A.L.) e studiosa delle comunit\u00e0 italo-albanesi, Marilena Cavallo, docente e studiosa della letteratura del Novecento europeo con un focus sul Mediterraneo e infine la curatrice del progetto Rosaria Scialpi, filologa e poetessa.<\/p>\n\n\n\n<p>\u00abRestituire voce a chi ha raccontato il Sud senza sconti retorici, localismi o stereotipi significa restituire a Statte e alla sua popolazione un pezzo della propria identit\u00e0\u00bb \u2013 dichiara <strong>Scialpi<\/strong><strong>.<\/strong><\/p>\n\n\n\n<p>L&#8217;iniziativa nasce nell&#8217;ambito del pi\u00f9 ampio progetto culturale \u00abSulle sponde della Magna Grecia\u00bb, che dal 2024 lavora al recupero della memoria letteraria meridionale, e viene proposta al Comune di Statte come collaborazione interamente gratuita, senza alcun costo per l&#8217;Amministrazione.<\/p>\n\n\n\n<p>Presto ulteriori dettagli e comunicazioni.<\/p>\n\n\n\n<p><strong>Le vie dell&#8217;acqua: lungo il Triglio<\/strong><br>23-25 settembre 2026, ore 18<br>Biblioteca Comunale Matteo Mastromarino, Statte (TA)<\/p>\n\n\n\n<p>Ingresso libero e gratuito<\/p>\n\n\n\n<p><strong>Ufficio stampa<\/strong> <strong>e contatti utili:<br><\/strong>Umanisticamente Comunicazione \u2013 Dott.ssa Rosaria Scialpi umanisticamentecomunicazione@gmail.com | <a href=\"mailto:spondemagnagrecia@libero.it\">spondemagnagrecia@libero.it<\/a><br>Facebook: Sulle sponde della Magna Grecia<br>Instagram: @sullespondedellamagnagrecia<br>Web: <a href=\"https:\/\/spondedellamagnagrecia.altervista.org\/\">https:\/\/spondedellamagnagrecia.altervista.org\/<\/a><\/p>\n","protected":false},"excerpt":{"rendered":"<p>COMUNICATO STAMPA Statte oltre l\u2019acciaio. Riscopre i miti e i poeti dimenticati:al via \u00abLe vie dell&#8217;acqua: lungo il Triglio\u00bb Dal [&hellip;]<\/p>\n","protected":false},"author":1,"featured_media":0,"comment_status":"open","ping_status":"open","sticky":false,"template":"","format":"standard","meta":{"footnotes":""},"categories":[2],"tags":[],"class_list":["post-95727","post","type-post","status-publish","format-standard","hentry","category-informacion"],"_links":{"self":[{"href":"https:\/\/www.ecoitaliano.com.ar\/index.php?rest_route=\/wp\/v2\/posts\/95727","targetHints":{"allow":["GET"]}}],"collection":[{"href":"https:\/\/www.ecoitaliano.com.ar\/index.php?rest_route=\/wp\/v2\/posts"}],"about":[{"href":"https:\/\/www.ecoitaliano.com.ar\/index.php?rest_route=\/wp\/v2\/types\/post"}],"author":[{"embeddable":true,"href":"https:\/\/www.ecoitaliano.com.ar\/index.php?rest_route=\/wp\/v2\/users\/1"}],"replies":[{"embeddable":true,"href":"https:\/\/www.ecoitaliano.com.ar\/index.php?rest_route=%2Fwp%2Fv2%2Fcomments&post=95727"}],"version-history":[{"count":1,"href":"https:\/\/www.ecoitaliano.com.ar\/index.php?rest_route=\/wp\/v2\/posts\/95727\/revisions"}],"predecessor-version":[{"id":95729,"href":"https:\/\/www.ecoitaliano.com.ar\/index.php?rest_route=\/wp\/v2\/posts\/95727\/revisions\/95729"}],"wp:attachment":[{"href":"https:\/\/www.ecoitaliano.com.ar\/index.php?rest_route=%2Fwp%2Fv2%2Fmedia&parent=95727"}],"wp:term":[{"taxonomy":"category","embeddable":true,"href":"https:\/\/www.ecoitaliano.com.ar\/index.php?rest_route=%2Fwp%2Fv2%2Fcategories&post=95727"},{"taxonomy":"post_tag","embeddable":true,"href":"https:\/\/www.ecoitaliano.com.ar\/index.php?rest_route=%2Fwp%2Fv2%2Ftags&post=95727"}],"curies":[{"name":"wp","href":"https:\/\/api.w.org\/{rel}","templated":true}]}}