{"id":95777,"date":"2026-09-01T22:23:11","date_gmt":"2026-09-01T22:23:11","guid":{"rendered":"https:\/\/www.ecoitaliano.com.ar\/?p=95777"},"modified":"2026-09-01T22:23:27","modified_gmt":"2026-09-01T22:23:27","slug":"serena-conduce-operaclassica-eco-italiano-5481","status":"publish","type":"post","link":"https:\/\/www.ecoitaliano.com.ar\/?p=95777","title":{"rendered":"Serena conduce operaclassica eco italiano"},"content":{"rendered":"\n<figure class=\"wp-block-image size-full is-resized\"><a href=\"https:\/\/www.ecoitaliano.com.ar\/wp-content\/uploads\/2026\/09\/image-1.png\"><img decoding=\"async\" width=\"756\" height=\"117\" src=\"https:\/\/www.ecoitaliano.com.ar\/wp-content\/uploads\/2026\/09\/image-1.png\" alt=\"\" class=\"wp-image-95778\" style=\"width:316px;height:auto\" srcset=\"https:\/\/www.ecoitaliano.com.ar\/wp-content\/uploads\/2026\/09\/image-1.png 756w, https:\/\/www.ecoitaliano.com.ar\/wp-content\/uploads\/2026\/09\/image-1-300x46.png 300w\" sizes=\"(max-width: 756px) 100vw, 756px\" \/><\/a><\/figure>\n\n\n\n<figure class=\"wp-block-table\"><table class=\"has-fixed-layout\"><tbody><tr><td><strong>Luciano Ganci returns to the Wiener Staatsoper<br>as Maurizio in&nbsp;<em>Adriana Lecouvreur<br><\/em><\/strong>The tenor reunites with the role that marked his 2021 debut in Vienna, alongside Ermonela Jaho, El\u012bna Garan\u010da and Roberto Frontali, in a production conducted by Marco Armiliato and directed by Sir David McVicar<\/td><\/tr><tr><td><strong>On stage: 5, 8, 11 &amp; 14 September<\/strong><br><strong>Opening night: broadcast live on Radio \u00d61 at 7pm<\/strong><\/td><\/tr><tr><td><a href=\"https:\/\/www.pressroom.cloud\/?mailpoet_router&amp;endpoint=track&amp;action=click&amp;data=WyIxMTY3IiwiMzF2MDNsZTBsazZjYzRjNGNvd29va29jb2tjZ2tvNDgiLCIzMzYiLCJlMjM5Zjc5Y2Y0ZjciLGZhbHNlXQ\" target=\"_blank\" rel=\"noreferrer noopener\">Info &amp; Tickets<\/a><\/td><\/tr><tr><td><img decoding=\"async\" src=\"https:\/\/www.pressroom.cloud\/wp-content\/uploads\/Screenshot-2026-09-01-at-15.11.23-1024x683.png\" width=\"620\" alt=\"\"><\/td><\/tr><tr><td>Luciano Ganci&nbsp;\u00a9 Fabrizio Sansoni<\/td><\/tr><tr><td>\ud83c\uddec\ud83c\udde7&nbsp;<strong>Luciano Ganci opens his new season at the Wiener Staatsoper, a theatre where he is now very much at home.<\/strong>&nbsp;He made his debut there in 2021 as Maurizio in&nbsp;<em>Adriana Lecouvreur<\/em>, and has since returned to the Viennese stage as Andrea Ch\u00e9nier, Pinkerton and Cavaradossi. Five years after that debut,&nbsp;<strong>the tenor now returns to the role of the Count of Saxony<\/strong>&nbsp;in a prestigious production conducted by&nbsp;<strong>Marco Armiliato<\/strong>&nbsp;and directed by&nbsp;<strong>Sir David McVicar<\/strong>. Ganci is joined by a stellar cast, including&nbsp;<strong>Ermonela Jaho<\/strong>&nbsp;as Adriana,&nbsp;<strong>El\u012bna Garan\u010da<\/strong>&nbsp;as the Princess de Bouillon and&nbsp;<strong>Roberto Frontali<\/strong>&nbsp;as Michonnet.<br><br><strong>Maurizio is a character to whom Luciano Ganci feels particularly close:<\/strong>&nbsp;\u00abI love this role and this work, full of melodies that I like to call \u2018tender\u2019, because they strike a chord with me in a way that is different from other operas, perhaps because they encompass some special moments in my life\u201d,&nbsp;<strong>says the tenor.<\/strong>&nbsp;\u201cThis role, Maurizio di Sassonia, is incredible: challenging but very interesting from an interpretative and vocal perspective. I\u2019m overjoyed to have this opportunity to interpret it again in such a lovely production with a stellar conductor and colleagues. To be doing so at the Wiener Staatsoper, where I made my debut five years ago when I jumped in to perform in this role, brings added significance. This time, though, I\u2019ll be taking things more calmly\u00bb.&nbsp;<strong>And it is precisely the complexity of the character that Ganci sees as one of the most fascinating aspects of the role:<\/strong>&nbsp;\u00abI think Maurizio di Sassonia is like a gambler who draws close to many, perhaps too many, gaming tables and who we come to see in the course of events as a passionate lover, a brilliant socialite, then impetuous and, finally, almost melancholy. Each facet of his character is clearly defined in his three arias and two duets. It\u2019s interesting to see how his character changes in his relationships with Adriana, with the Princess and with everyone else. He plays, risks, gambles and eventually loses, but he doesn\u2019t give up: he is a man who fails to be in full command of his feelings, despite being used to commanding armies, and so becomes a victim of those same intense, contradictory feelings\u00bb,&nbsp;<strong>says Ganci<\/strong>.<br><br>Four performances are scheduled,&nbsp;<strong>on 5, 8, 11 and 14 September<\/strong>, with the opening night&nbsp;<strong>broadcast live on&nbsp;<a href=\"https:\/\/www.pressroom.cloud\/?mailpoet_router&amp;endpoint=track&amp;action=click&amp;data=WyIxMTY3IiwiMzF2MDNsZTBsazZjYzRjNGNvd29va29jb2tjZ2tvNDgiLCIzMzYiLCI2NzEyMzA3NDkzY2MiLGZhbHNlXQ\" target=\"_blank\" rel=\"noreferrer noopener\">Radio \u00d61<\/a><\/strong>&nbsp;starting from 7pm.<\/td><\/tr><tr><td><a href=\"https:\/\/www.pressroom.cloud\/?mailpoet_router&amp;endpoint=track&amp;action=click&amp;data=WyIxMTY3IiwiMzF2MDNsZTBsazZjYzRjNGNvd29va29jb2tjZ2tvNDgiLCIzMzYiLCJmYTIxODIxZGRjMWUiLGZhbHNlXQ\" target=\"_blank\" rel=\"noreferrer noopener\"><\/a><\/td><\/tr><tr><td><\/td><\/tr><tr><td>\ud83c\uddee\ud83c\uddf9&nbsp;<strong>Luciano Ganci inaugura la sua nuova stagione alla<\/strong>&nbsp;<strong>Wiener Staatsoper<\/strong>, teatro nel quale \u00e8 ormai di casa. Qui ha debuttato nel 2021 come Maurizio in&nbsp;<em>Adriana Lecouvreur<\/em>, tornando poi a calcare il palcoscenico viennese nei panni di Andrea Ch\u00e9nier, Pinkerton e Cavaradossi. A cinque anni da quel debutto,&nbsp;<strong>il tenore torna ora a vestire i panni del Conte di Sassonia<\/strong>&nbsp;in una produzione di lusso, con la direzione di&nbsp;<strong>Marco Armiliato<\/strong>&nbsp;e la regia di&nbsp;<strong>Sir David McVicar<\/strong>. Al fianco di Ganci, un cast di primo piano che vede&nbsp;<strong>Ermonela Jaho<\/strong>&nbsp;nel ruolo di Adriana,&nbsp;<strong>El\u012bna Garan\u010da<\/strong>&nbsp;in quello della Principessa di Bouillon e&nbsp;<strong>Roberto Frontali<\/strong>&nbsp;come Michonnet.<br><br><strong>Maurizio \u00e8 un personaggio al quale Luciano Ganci \u00e8 profondamente legato:&nbsp;<\/strong>\u00abAmo questo ruolo e questo titolo, pieno di melodie che mi piace definire affettuose, perch\u00e9 mi toccano corde dell\u2019anima diverse rispetto ad altre opere, forse perch\u00e9 in esse \u00e8 conservato qualche momento particolare della mia vita\u00bb,&nbsp;<strong>dichiara il tenore<\/strong>. \u00abIl ruolo di Maurizio di Sassonia \u00e8 stupendo, impegnativo, ma molto interessante, sia sul piano interpretativo che vocale. Avere l\u2019occasione di tornare a interpretarlo in un allestimento cos\u00ec bello, assieme a un direttore e a colleghi stellari, \u00e8 per me motivo di grande gioia. Farlo poi alla Wiener Staatsoper, dove cinque anni fa debuttai proprio con questo titolo, in un&nbsp;<em>jump in<\/em>, rende tutto ancora pi\u00f9 importante. Ma stavolta lo faccio con calma\u00bb.&nbsp;<strong>Ed \u00e8 proprio nella complessit\u00e0 del personaggio che Ganci individua una delle chiavi di lettura pi\u00f9 interessanti:&nbsp;<\/strong>\u00abMaurizio di Sassonia \u00e8, secondo me, paragonabile a un giocatore d\u2019azzardo che frequenta tanti, forse troppi, tavoli e che, nel corso della vicenda, impariamo a conoscere come amante appassionato, uomo mondano e brillante, poi impetuoso e infine quasi malinconico. Ogni sfaccettatura del personaggio \u00e8 ben definita nelle tre arie e nei duetti a lui affidati. \u00c8 interessante vedere come cambi il suo carattere nei rapporti con Adriana, con la Principessa e con tutti gli altri. Gioca, rischia, azzarda e alla fine perde, ma non si arrende: \u00e8 un uomo che non riesce completamente a governare ci\u00f2 che prova, nonostante sia abituato a guidare eserciti, diventando cos\u00ec vittima dei suoi stessi sentimenti, tanto intensi quanto contrastanti\u00bb,&nbsp;<strong>afferma Ganci<\/strong>.<br><br>Sono quattro le recite in programma, il&nbsp;<strong>5, 8, 11 e 14 settembre<\/strong>, con la prima trasmessa&nbsp;<strong>in diretta da&nbsp;<a href=\"https:\/\/www.pressroom.cloud\/?mailpoet_router&amp;endpoint=track&amp;action=click&amp;data=WyIxMTY3IiwiMzF2MDNsZTBsazZjYzRjNGNvd29va29jb2tjZ2tvNDgiLCIzMzYiLCI2NzEyMzA3NDkzY2MiLGZhbHNlXQ\" target=\"_blank\" rel=\"noreferrer noopener\">Radio \u00d61<\/a><\/strong>&nbsp;a partire dalle 19.<br><\/td><\/tr><tr><td><\/td><\/tr><tr><td><br><br><strong>Giulia Ambrosio | Founder &amp; Head of Pressroom<\/strong><a href=\"https:\/\/www.pressroom.cloud\/?mailpoet_router&amp;endpoint=track&amp;action=click&amp;data=WyIxMTY3IiwiMzF2MDNsZTBsazZjYzRjNGNvd29va29jb2tjZ2tvNDgiLCIzMzYiLCJiNTY2YjE2ODc5MzMiLGZhbHNlXQ\" target=\"_blank\" rel=\"noreferrer noopener\"> <\/a><a href=\"https:\/\/www.pressroom.cloud\/?mailpoet_router&amp;endpoint=track&amp;action=click&amp;data=WyIxMTY3IiwiMzF2MDNsZTBsazZjYzRjNGNvd29va29jb2tjZ2tvNDgiLCIzMzYiLCJiNTY2YjE2ODc5MzMiLGZhbHNlXQ\" target=\"_blank\" rel=\"noreferrer noopener\">giulia@pressroom.cloud<\/a><br><br><strong>Miriam Quaranta<br><\/strong><a href=\"https:\/\/www.pressroom.cloud\/?mailpoet_router&amp;endpoint=track&amp;action=click&amp;data=WyIxMTY3IiwiMzF2MDNsZTBsazZjYzRjNGNvd29va29jb2tjZ2tvNDgiLCIzMzYiLCI3YjJhOTIyODVlZDkiLGZhbHNlXQ\" target=\"_blank\" rel=\"noreferrer noopener\">miriam@pressroom.cloud<\/a><br><\/td><\/tr><tr><td><strong><a href=\"https:\/\/www.pressroom.cloud\/?mailpoet_router&amp;endpoint=track&amp;action=click&amp;data=WyIxMTY3IiwiMzF2MDNsZTBsazZjYzRjNGNvd29va29jb2tjZ2tvNDgiLCIzMzYiLCIwMmJjZGEwYjY0ZGUiLGZhbHNlXQ\" target=\"_blank\" rel=\"noreferrer noopener\">PressRoom | Press Office for Luciano Ganci<\/a><\/strong><\/td><\/tr><\/tbody><\/table><\/figure>\n\n\n\n<figure class=\"wp-block-image size-full\"><a href=\"https:\/\/www.ecoitaliano.com.ar\/wp-content\/uploads\/2026\/09\/image-2.jpg\"><img decoding=\"async\" width=\"1024\" height=\"683\" src=\"https:\/\/www.ecoitaliano.com.ar\/wp-content\/uploads\/2026\/09\/image-2.jpg\" alt=\"\" class=\"wp-image-95779\" srcset=\"https:\/\/www.ecoitaliano.com.ar\/wp-content\/uploads\/2026\/09\/image-2.jpg 1024w, https:\/\/www.ecoitaliano.com.ar\/wp-content\/uploads\/2026\/09\/image-2-300x200.jpg 300w, https:\/\/www.ecoitaliano.com.ar\/wp-content\/uploads\/2026\/09\/image-2-768x512.jpg 768w\" sizes=\"(max-width: 1024px) 100vw, 1024px\" \/><\/a><\/figure>\n\n\n\n<p>Luciano Ganci as Maurizio (role debut) \u00a9 Andrea Ranzi \/ Teatro Comunale di Bologna 2021<\/p>\n","protected":false},"excerpt":{"rendered":"<p>Luciano Ganci returns to the Wiener Staatsoperas Maurizio in&nbsp;Adriana LecouvreurThe tenor reunites with the role that marked his 2021 debut [&hellip;]<\/p>\n","protected":false},"author":1,"featured_media":0,"comment_status":"open","ping_status":"open","sticky":false,"template":"","format":"standard","meta":{"footnotes":""},"categories":[1],"tags":[],"class_list":["post-95777","post","type-post","status-publish","format-standard","hentry","category-sin-categoria"],"_links":{"self":[{"href":"https:\/\/www.ecoitaliano.com.ar\/index.php?rest_route=\/wp\/v2\/posts\/95777","targetHints":{"allow":["GET"]}}],"collection":[{"href":"https:\/\/www.ecoitaliano.com.ar\/index.php?rest_route=\/wp\/v2\/posts"}],"about":[{"href":"https:\/\/www.ecoitaliano.com.ar\/index.php?rest_route=\/wp\/v2\/types\/post"}],"author":[{"embeddable":true,"href":"https:\/\/www.ecoitaliano.com.ar\/index.php?rest_route=\/wp\/v2\/users\/1"}],"replies":[{"embeddable":true,"href":"https:\/\/www.ecoitaliano.com.ar\/index.php?rest_route=%2Fwp%2Fv2%2Fcomments&post=95777"}],"version-history":[{"count":1,"href":"https:\/\/www.ecoitaliano.com.ar\/index.php?rest_route=\/wp\/v2\/posts\/95777\/revisions"}],"predecessor-version":[{"id":95780,"href":"https:\/\/www.ecoitaliano.com.ar\/index.php?rest_route=\/wp\/v2\/posts\/95777\/revisions\/95780"}],"wp:attachment":[{"href":"https:\/\/www.ecoitaliano.com.ar\/index.php?rest_route=%2Fwp%2Fv2%2Fmedia&parent=95777"}],"wp:term":[{"taxonomy":"category","embeddable":true,"href":"https:\/\/www.ecoitaliano.com.ar\/index.php?rest_route=%2Fwp%2Fv2%2Fcategories&post=95777"},{"taxonomy":"post_tag","embeddable":true,"href":"https:\/\/www.ecoitaliano.com.ar\/index.php?rest_route=%2Fwp%2Fv2%2Ftags&post=95777"}],"curies":[{"name":"wp","href":"https:\/\/api.w.org\/{rel}","templated":true}]}}