{"id":95781,"date":"2026-09-02T09:10:55","date_gmt":"2026-09-02T09:10:55","guid":{"rendered":"https:\/\/www.ecoitaliano.com.ar\/?p=95781"},"modified":"2026-09-02T09:10:55","modified_gmt":"2026-09-02T09:10:55","slug":"laico-prima-della-laicita","status":"publish","type":"post","link":"https:\/\/www.ecoitaliano.com.ar\/?p=95781","title":{"rendered":"LAICO PRIMA DELLA LAICIT\u00c0.\u00a0"},"content":{"rendered":"\n<p><strong>San Francesco. Il laico e il Santo<\/strong><\/p>\n\n\n<div class=\"wp-block-image\">\n<figure class=\"aligncenter size-large is-resized\"><a href=\"http:\/\/www.ecoitaliano.com.ar\/wp-content\/uploads\/2026\/09\/1000333647.jpg\"><img decoding=\"async\" width=\"1024\" height=\"683\" src=\"http:\/\/www.ecoitaliano.com.ar\/wp-content\/uploads\/2026\/09\/1000333647-1024x683.jpg\" alt=\"\" class=\"wp-image-95782\" style=\"width:416px;height:auto\" srcset=\"https:\/\/www.ecoitaliano.com.ar\/wp-content\/uploads\/2026\/09\/1000333647-1024x683.jpg 1024w, https:\/\/www.ecoitaliano.com.ar\/wp-content\/uploads\/2026\/09\/1000333647-300x200.jpg 300w, https:\/\/www.ecoitaliano.com.ar\/wp-content\/uploads\/2026\/09\/1000333647-768x512.jpg 768w, https:\/\/www.ecoitaliano.com.ar\/wp-content\/uploads\/2026\/09\/1000333647-1536x1024.jpg 1536w, https:\/\/www.ecoitaliano.com.ar\/wp-content\/uploads\/2026\/09\/1000333647.jpg 1920w\" sizes=\"(max-width: 1024px) 100vw, 1024px\" \/><\/a><\/figure><\/div>\n\n\n<p><em>di Pierfranco Bruni<\/em><\/p>\n\n\n\n<p>\u201cI combattimenti difficili vengono riservati solo a chi ha un coraggio esemplare\u201d. San Francesco d&#8217;Assisi pu\u00f2 essere letto in forma laica? Certamente s\u00ec. Anzi, deve esserlo. Perch\u00e9 il senso del creato, in Francesco, \u00e8 in stretta comparazione con la Natura. Non la natura come sfondo sentimentale, non come cartolina francescana addomesticata dai presepi di plastica. Ma Natura come paesaggio e come inviolabilit\u00e0 della vita. Il rapporto non \u00e8 con il territorio. Il territorio \u00e8 categoria politica, amministrativa, geopolitica. Il rapporto \u00e8 con la vita terrena. Non solo oltre la morte. Ma nella vita. Qui. Ora. Nell&#8217;immanenza che si fa trascendenza senza mai tradire la terra.<\/p>\n\n\n\n<p>Mi sembra che questo sia un segno bello, importante e metafisico. Proprio tra vita e terra si realizza la metafisica di Francesco. Una metafisica che non sale, ma scende. Che si china. Che tocca. La grande mistificazione clericale ha voluto fare di Francesco un santo per chierichette. In realt\u00e0 Francesco \u00e8 il pi\u00f9 grande rivoluzionario dell&#8217;Occidente perch\u00e9 riporta il Vangelo dentro la polvere. Dentro le piaghe. Dentro gli occhi del lupo e del lebbroso. Una delle frasi pi\u00f9 forti, pi\u00f9 laceranti, pi\u00f9 laiche che san Francesco abbia mai pronunciato \u00e8 questa: \u00abIo, frate Francesco, ho fatto la mia parte, la vostra ve la insegni Cristo\u00bb. \u00c8 una frase che spacca la storia della Chiesa. Non dice: ve la insegna la Chiesa. Dice: Cristo. Diretto. Senza mediazioni curiali.<\/p>\n\n\n\n<p>\u00c8 il testamento di un uomo che ha capito che l&#8217;istituzione avrebbe tradito il carisma, che la struttura avrebbe soffocato la profezia. Osserva Jacques Dalarun, che coglie il nodo con precisione: \u00ab&#8230;la riedizione del destino della Cristianit\u00e0: tra insegnamento del Vangelo e necessit\u00e0 di istituire una Chiesa, come tra il carisma del santo fondatore&#8230; e la necessit\u00e0, per una fondazione, per un Ordine di vivere queste esigenze giorno per giorno.<\/p>\n\n\n\n<p>Tutto sommato ci\u00f2 che viene svelato in maniera frammentaria nella morte del santo fondatore, \u00e8 la difficolt\u00e0, il paradosso o la sfida che costituisce l&#8217;esistenza stessa di una societ\u00e0 cristiana\u00bb.<\/p>\n\n\n\n<p>Dalarun ci dice: la morte di Francesco svela il paradosso. Il paradosso di una societ\u00e0 cristiana che non riesce a vivere cristianamente. L&#8217;Ordine che sopravvive al Fondatore tradendolo per sopravvivere. \u00c8 la storia di tutti gli Ordini. \u00c8 la storia della Chiesa stessa. Perch\u00e9 secondo Dalarun: \u00abFrancesco non cambi\u00f2 il mondo con una dottrina. Lo cambi\u00f2 mostrando che il Vangelo poteva essere vissuto fino in fondo\u00bb Francesco muore spogliato.<\/p>\n\n\n\n<p>Letteralmente. Vuole morire nudo sulla terra nuda. Dunque, \u00e8 teologia laica. \u00c8 metafisica della terra. Restituisce alla terra ci\u00f2 che la terra gli ha dato. E qui si innesta la lettura di Leonardo Boff, che ha compreso fino in fondo lo scandalo: \u00ab&#8230;pensare e agire nel contesto di una proposta integralmente cristiana \u2013 a pieno titolo all&#8217;interno della sua tradizione, dei suoi dogmi, dei suoi riti \u2013 e nondimeno aver proiettato tale sua visione su uno sfondo pi\u00f9 ampio, pi\u00f9 comprensivo, tale da essere in grado di parlare ad ogni uomo, religioso o laico che sia. In ci\u00f2 sta lo scandalo e il paradosso di Francesco, che tante interpretazioni divergenti ha suscitato\u00bb. Lo scandalo e il paradosso. Ecco le due parole chiave.<\/p>\n\n\n\n<p>Francesco \u00e8 scandaloso perch\u00e9 \u00e8 integralmente cristiano e proprio per questo \u00e8 universalmente laico. Parla ad ogni uomo. Non ha bisogno di tessere. Non ha bisogno di appartenenze. La sua cattolicit\u00e0 \u00e8 cosmica, non confessionale. La sua laicit\u00e0 non \u00e8 quella dei laicisti. \u00c8 una laicit\u00e0 pi\u00f9 profonda, pi\u00f9 antica, pi\u00f9 radicale. \u00c8 la laicit\u00e0 del Cantico. Fratello Sole, Sorella Luna, Fratello Vento, Sorella Acqua, Fratello Fuoco, nostra Madre Terra. Non c&#8217;\u00e8 gerarchia. C&#8217;\u00e8 fratellanza. Non c&#8217;\u00e8 dominio sulla Natura. C&#8217;\u00e8 appartenenza alla Natura. \u00c8 l&#8217;ecologia integrale otto secoli prima dell&#8217;ecologia. Per questo la Chiesa lo ha canonizzato in fretta \u2013 due anni dopo la morte, un record \u2013 proprio per disinnescarlo. Per metterlo in una nicchia. Per farne una statuetta. Ma Francesco non ci sta nelle nicchie. Francesco scappa. \u00c8 fuggitivo. \u00c8 esule.<\/p>\n\n\n\n<p>La sua metafisica \u00e8 questa: la terra non \u00e8 un luogo da attraversare per andare in cielo. La terra \u00e8 il cielo che comincia. La vita non \u00e8 una sala d&#8217;attesa per l&#8217;aldil\u00e0. La vita \u00e8 il luogo dove si gioca tutto. Francesco laico \u00e8 il Francesco pi\u00f9 vero. Il Francesco che non ha bisogno di miracoli per essere credibile. Ha bisogno di coerenza. E la sua coerenza \u00e8 stata totale: ha scelto la povert\u00e0 non come mortificazione, ma come libert\u00e0. Solo chi non possiede nulla non pu\u00f2 essere ricattato da nulla. In un tempo di crisi e macerie, di guerre per le terre rare, di territori devastati, di vite inviolabili violate ogni giorno, Francesco ci dice una cosa semplicissima e rivoluzionaria: se non custodisci la terra, non custodisci l&#8217;uomo. Se profani la Natura, profani Dio.<\/p>\n\n\n\n<p>La sua lezione laica \u00e8 tutta qui. Tra vita e terra perch\u00e9 secondo Leonardo Boff: \u00abSenza la fraternit\u00e0 reale, mai arriveremo a formare la famiglia umana che abita la sorella e Madre Terra\u00bb. Un inciso molto attuale che lo riporta nel nostro tempo. Un tempo che dovrebbe rileggere Francesco: \u00abLa povert\u00e0 consiste nel non fare pi\u00f9 caso al denaro che alla polvere della strada\u00bb.<\/p>\n\n\n\n<p>Impaginazione tecnica a cura dell&#8217;autore<\/p>\n","protected":false},"excerpt":{"rendered":"<p>San Francesco. Il laico e il Santo di Pierfranco Bruni \u201cI combattimenti difficili vengono riservati solo a chi ha un [&hellip;]<\/p>\n","protected":false},"author":1,"featured_media":0,"comment_status":"open","ping_status":"open","sticky":false,"template":"","format":"standard","meta":{"footnotes":""},"categories":[42],"tags":[],"class_list":["post-95781","post","type-post","status-publish","format-standard","hentry","category-religion"],"_links":{"self":[{"href":"https:\/\/www.ecoitaliano.com.ar\/index.php?rest_route=\/wp\/v2\/posts\/95781","targetHints":{"allow":["GET"]}}],"collection":[{"href":"https:\/\/www.ecoitaliano.com.ar\/index.php?rest_route=\/wp\/v2\/posts"}],"about":[{"href":"https:\/\/www.ecoitaliano.com.ar\/index.php?rest_route=\/wp\/v2\/types\/post"}],"author":[{"embeddable":true,"href":"https:\/\/www.ecoitaliano.com.ar\/index.php?rest_route=\/wp\/v2\/users\/1"}],"replies":[{"embeddable":true,"href":"https:\/\/www.ecoitaliano.com.ar\/index.php?rest_route=%2Fwp%2Fv2%2Fcomments&post=95781"}],"version-history":[{"count":1,"href":"https:\/\/www.ecoitaliano.com.ar\/index.php?rest_route=\/wp\/v2\/posts\/95781\/revisions"}],"predecessor-version":[{"id":95783,"href":"https:\/\/www.ecoitaliano.com.ar\/index.php?rest_route=\/wp\/v2\/posts\/95781\/revisions\/95783"}],"wp:attachment":[{"href":"https:\/\/www.ecoitaliano.com.ar\/index.php?rest_route=%2Fwp%2Fv2%2Fmedia&parent=95781"}],"wp:term":[{"taxonomy":"category","embeddable":true,"href":"https:\/\/www.ecoitaliano.com.ar\/index.php?rest_route=%2Fwp%2Fv2%2Fcategories&post=95781"},{"taxonomy":"post_tag","embeddable":true,"href":"https:\/\/www.ecoitaliano.com.ar\/index.php?rest_route=%2Fwp%2Fv2%2Ftags&post=95781"}],"curies":[{"name":"wp","href":"https:\/\/api.w.org\/{rel}","templated":true}]}}