{"id":95786,"date":"2026-09-02T09:14:29","date_gmt":"2026-09-02T09:14:29","guid":{"rendered":"https:\/\/www.ecoitaliano.com.ar\/?p=95786"},"modified":"2026-09-02T09:14:30","modified_gmt":"2026-09-02T09:14:30","slug":"naxoslegge-2026-diretto-da-fulvia-toscano-dal-10-al-18-settembre-la-xvi-edizione-nel-segno-di-mythos-la-sfida-del-pensiero-mitico-con-la-presenza-di-pierfranco-bruni","status":"publish","type":"post","link":"https:\/\/www.ecoitaliano.com.ar\/?p=95786","title":{"rendered":"NaxosLegge 2026, diretto da Fulvia Toscano dal 10 al 18 settembre la XVI edizione nel segno di \u201cMythos. La sfida del pensiero mitico\u201d con la presenza di Pierfranco Bruni\u00a0"},"content":{"rendered":"<div class=\"wp-block-image\">\n<figure class=\"aligncenter size-large is-resized\"><a href=\"http:\/\/www.ecoitaliano.com.ar\/wp-content\/uploads\/2026\/09\/1000332733.jpg\"><img decoding=\"async\" width=\"768\" height=\"1024\" src=\"http:\/\/www.ecoitaliano.com.ar\/wp-content\/uploads\/2026\/09\/1000332733-768x1024.jpg\" alt=\"\" class=\"wp-image-95787\" style=\"width:286px;height:auto\" srcset=\"https:\/\/www.ecoitaliano.com.ar\/wp-content\/uploads\/2026\/09\/1000332733-768x1024.jpg 768w, https:\/\/www.ecoitaliano.com.ar\/wp-content\/uploads\/2026\/09\/1000332733-225x300.jpg 225w, https:\/\/www.ecoitaliano.com.ar\/wp-content\/uploads\/2026\/09\/1000332733-1152x1536.jpg 1152w, https:\/\/www.ecoitaliano.com.ar\/wp-content\/uploads\/2026\/09\/1000332733.jpg 1344w\" sizes=\"(max-width: 768px) 100vw, 768px\" \/><\/a><\/figure><\/div>\n\n\n<p>Giardini Naxos (ME), 2 settembre \u2013 Il mito come chiave per leggere il passato e interrogare il presente. Dal 10 al 18 settembre torna NaxosLegge Festival delle narrazioni, della lettura e del libro, diretto da Fulvia Toscano e giunto alla XVI edizione, quest\u2019anno dedicata al tema \u201cMythos. La sfida del pensiero mitico\u201d.<\/p>\n\n\n\n<p>Ad anticipare l\u2019apertura ufficiale sar\u00e0, il 10 settembre alle 18.00, l\u2019incontro con il ministro della Cultura Alessandro Giuli, protagonista dell\u2019anteprima del festival al Delta Hotels by Marriott di Giardini Naxos con la presentazione del suo libro Venne la Magna Madre. I riti, il culto e l\u2019azione di Cibele Romana (\u201cL\u2019Erma\u201d di Bretschneider, Roma 2025).<\/p>\n\n\n\n<p>L\u201911 settembre, al Museo del Parco Archeologico di Naxos, Giuseppe Conte presenter\u00e0 Della stessa sostanza dei sogni. Monologhi del mito (Bompiani), con l\u2019intervento di Mauro Curcuruto. Nel pomeriggio, alla Terrazza Bistrot del Lido di Naxos, Conte dialogher\u00e0 con Marco Tarchi sul rapporto tra \u201cMito e politica \/ Mito e poesia\u201d, in una conversazione moderata da Fulvia Toscano. La giornata proseguir\u00e0 con il Premio NaxosLegge 2026 ai Promotori di cultura. Tra i riconoscimenti anche quello all\u2019ambasciatrice di Romania Gabriela Dancau, nell\u2019anno culturale Italia-Romania.<\/p>\n\n\n\n<p>Il 12 settembre sar\u00e0 una delle giornate pi\u00f9 dense del programma. Alle ore 6.00, al Teatro della Nike del Parco Archeologico di Naxos, una suggestiva alba teatrale vedr\u00e0 protagonista Alessio Boni in Katabasis, dal Canto VI dell\u2019Eneide di Virgilio, con musiche dal vivo di Franca Bongiovanni, voce, drammaturgia e messa in scena dello stesso Boni, nell\u2019ambito della collaborazione con Interpretare l\u2019Antico, diretto da Gigi Spedale.<\/p>\n\n\n\n<p>La mattina NaxosLegge si sposter\u00e0 al Palazzo della Cultura di Catania per un omaggio a Franco Battiato con la presentazione di Battiato svelato (Rai Libri), volume curato da Giorgio Calcara. Interverranno Giuseppe La Spada, Luca Madonia, Adriano Monti Buzzetti e Luigi Turinese, con le testimonianze di Alberto Samon\u00e0, Alessio Cantarella, Giuseppe Puglisi e Piero Zuccaro. Modereranno Paolo Di Caro e Fulvia Toscano. L\u2019appuntamento \u00e8 realizzato in collaborazione con il Comune di Catania e Corti in Cortile.<\/p>\n\n\n\n<p>Nel pomeriggio, al Parco Archeologico di Naxos, sar\u00e0 inaugurata \u201cHeroes. A ciascuno la sua guerra\u201d, installazione di Stefania Pennacchio. Con l\u2019artista interverranno Giorgio Calcara e Fulvia Toscano. A seguire, l\u2019intervento poetico di Cettina Cali\u00f2, Mauro Curcuruto, Giancarlo Cutrona, Livia Di Vona, Marinella Fiume, Lorenzo Rapisarda e Dario Tomasello. In sinergia con Algra editore.<\/p>\n\n\n\n<p>Al Museo del Parco Archeologico si torner\u00e0 poi alle grandi narrazioni dell\u2019antichit\u00e0 con \u201cL\u2019Iliade. Poema della forza, poema della debolezza?\u201d, conversazione con Isabella Bignozzi, Corrado D\u2019Elia e Francesco Morosi, moderata da Daniela Sessa.<\/p>\n\n\n\n<p>Sempre il 12 settembre, al Parco archeologico di Naxos Taormina, Marco Giorgetti, direttore del Teatro Stabile di Catania, Charles Chemin, direttore artistico del Watermill Center di New York, e Paolo Di Caro, direttore della Direzione Cultura del Comune di Catania, presenteranno DON Q, il progetto internazionale tra gli ultimi concepiti da Bob Wilson insieme a Mikhail Baryshnikov.<\/p>\n\n\n\n<p>A seguire, la proiezione del film Don Chisciotte di Fabio Segatori, con Fabio Segatori e Alessio Boni e la moderazione di Gigi Spedale, nell\u2019ambito della collaborazione con Interpretare l\u2019Antico.<\/p>\n\n\n\n<p>Il 13 settembre si aprir\u00e0 al Parco Archeologico di Naxos con un laboratorio di narrazione per bambini, ispirato all\u2019installazione Heroes. A ciascuno la sua guerra di Stefania Pennacchio, a cura di Grazia Salamone, in collaborazione con UNICEF \u2013 Gruppo di Giardini Naxos e Archeoclub Naxos Taormina Valle Alcantara.<\/p>\n\n\n\n<p>La mattinata proseguir\u00e0 con \u201cMitico Mediterraneo. Sulle tracce di eroi ed ecisti\u201d, dedicato alle rotte di Odisseo e di Enea e al racconto della grande mostra Troia \/ Roma. Miti del Mediterraneo antico, allestita al Parco Archeologico del Colosseo. Interverranno Alfonsina Russo, capo dipartimento per la valorizzazione del patrimonio culturale \u2013 DiVA del MiC, Massimo Cultraro, dirigente di ricerca del CNR-ISPC, e Matteo D\u2019Acunto, Universit\u00e0 di Napoli L\u2019Orientale, con la moderazione di Dora Marchese, saggista.<\/p>\n\n\n\n<p>Spazio anche alle letture dal Canto III dell\u2019Eneide nella versione poetica di Cettina Cali\u00f2 e alla presentazione del progetto sociale \u201cIl viaggio di Enea\u201d, ideato da Archeoclub sede di Roma 3 \u2013 Fabio Maniscalco, che mette in rete diverse realt\u00e0 istituzionali e associative del territorio.<\/p>\n\n\n\n<p>Sempre il 13, al Museo del Mare di Giardini Naxos, particolare rilievo avr\u00e0 \u201cLeggere \u00e8 un Mito. Bilanci e prospettive per la promozione della lettura\u201d, incontro dedicato alle strategie di lettura e aperto alle Citt\u00e0 del libro, ai Patti per la lettura, ai Parchi letterari e ai Festival letterari siciliani. Interverranno Giuseppe Iannaccone, presidente del Centro per il libro e la lettura, Chiara Coppola, funzionaria del Centro per il libro e la lettura, Giuseppe Bica e Massimiliano Giammusso. Spazio anche alla testimonianza dell\u2019esperienza del festival Illustramente, nel racconto di Rosanna Maranto, direttrice artistica del festival, e di Francesca Corrao, presidente della Fondazione Orestiadi di Gibellina. Moderer\u00e0 Fulvia Toscano.<\/p>\n\n\n\n<p>Nel pomeriggio sar\u00e0 ospite Paola Mastrocola, che racconter\u00e0 i suoi libri L\u2019amore prima di noi e Il dio del fuoco (Einaudi), in dialogo con Alessandra Traversa, in collaborazione con Archeoclub di Augusta.<\/p>\n\n\n\n<p>Particolare importanza assume inoltre il Premio Intersezioni, progetto internazionale ideato e realizzato dall\u2019Istituto Italiano di Cultura di Atene e dal Centro per il libro e la lettura. A Giardini Naxos sar\u00e0 premiato Fabrizio Sinisi, vincitore del progetto \u201cIntersezioni\u201d con il romanzo Il prodigio (Mondadori). A consegnare il riconoscimento saranno Giuseppe Iannaccone, presidente del Centro per il libro e la lettura, e Francesco Neri, direttore dell\u2019Istituto Italiano di Cultura di Atene, collegato da remoto. Con lo scrittore interverranno Dario Tomasello e i volontari del gruppo di lettura \u201cPer altro verso\u201d, coordinati da Maria Giovanna e Giovanni Bucolo.<\/p>\n\n\n\n<p>La giornata del 13 si chiuder\u00e0 al Teatro della Nike con \u201cNel ventre\u201d, dall\u2019omonimo romanzo di Sergio Claudio Perroni, con Stefano Panzeri, regia di Andrea Paolucci e Stefano Panzeri e produzione del Teatro dell\u2019Argine, ancora nell\u2019ambito della collaborazione con Interpretare l\u2019Antico.<\/p>\n\n\n\n<p>Il 14 settembre, il progetto \u201cIl viaggio di Enea\u201d raggiunger\u00e0 l\u2019Ospedale San Vincenzo di Taormina, coinvolgendo i reparti di Pediatria e Cardiochirurgia pediatrica, attraverso le sinergie con Comune di Giardini Naxos, Archeoclub Naxos-Taormina Valle Alcantara, Archeoclub Augusta, ASP Messina, UNICEF di Giardini Naxos e Consulta giovanile di Giardini Naxos.<\/p>\n\n\n\n<p>Nel pomeriggio, a Catania, NaxosLegge render\u00e0 omaggio ad Antonio Pennacchi con la presentazione del Meridiano Mondadori a lui dedicato. Con il curatore Giuseppe Iannaccone interverranno Salvatore Ferlita, Fabio Granata e Dario Tomasello, con la moderazione di Fulvia Toscano.<\/p>\n\n\n\n<p>Il 15 settembre sar\u00e0 dedicato ad alcuni grandi miti della modernit\u00e0. Nel bicentenario della nascita di Carlo Collodi, il Museo del Parco Archeologico di Naxos ospiter\u00e0 un appuntamento dedicato a Pinocchio, con la presentazione di Pinocchio svelato e gli interventi di Andrea Scarabelli, Roberta Moretti e Andrea Pruiti Ciarello. A seguire spazio a Faust, con la presentazione del volume di Ioan Petru Culianu. In serata il Parco accoglier\u00e0 \u201cIl mulino di Amleto\u201d, una passeggiata \u201castromitica\u201d alla scoperta del cielo degli antichi, tra astrofisica, filosofia e poesia, con Andrea Orlando, Giuseppe Muscolino e le letture di Davide Brullo.<\/p>\n\n\n\n<p>Il rapporto tra mito e immaginario contemporaneo attraverser\u00e0 anche le giornate del 16 e 17 settembre, con il coinvolgimento del Liceo Caminiti di Giardini Naxos e appuntamenti dedicati al cinema, alle nuove narrazioni mitiche, ai videogames e alle illustrazioni, con interventi di Massimo Cultraro, Davide Brullo, Pancrazio Auteri e dell\u2019associazione Oplites. Il 16, al Museo del Mare, Pierfranco Bruni sar\u00e0 protagonista di un incontro dedicato a Bianca Garufi e Cesare Pavese, in sinergia con il Circolo di lettura Bianca Garufi di Letojanni.<\/p>\n\n\n\n<p>Sempre il 16, alla Casa del Cinema di Taormina, la sezione del festival \u201cSguardi a Oriente. Incontri con uomini straordinari\u201d, coordinata da Tamako Chemi, render\u00e0 omaggio a Giuseppe Tucci, con Massimo Cultraro e la proiezione del documentario Giuseppe Tucci. Sulle strade dell\u2019est di Massimo Ferrari, in collaborazione con la Fondazione Taormina Arte Sicilia.<\/p>\n\n\n\n<p>Il 17 settembre, il percorso dedicato alle \u201cCitt\u00e0 mito\u201d guarder\u00e0 a Roma e Fiume, raccontate nel loro valore storico e simbolico. Al Museo del Parco Archeologico di Naxos sar\u00e0 ricordata anche la figura di Renato Del Ponte, con un intervento di Sandro Consolato e, a seguire, la conversazione con lo storico Livio Zerbini, in dialogo con Massimo Cultraro. In serata Gabriele Marconi presenter\u00e0 Le stelle danzanti, con Marco Spada e letture a cura di Elio Crif\u00f2, in collaborazione con Latitudini.<\/p>\n\n\n\n<p>A chiudere la XVI edizione, il 18 settembre, saranno due appuntamenti. Al Museo del Mare di Giardini Naxos si parler\u00e0 di Federico II, con la presentazione del libro Federico II di Fulvio Delle Donne, in dialogo con Claudia Ercoli, mentre a Taormina, al Don Vittorio Resort di Trappitello, nell\u2019ambito della sezione \u201cLe donne non perdono il filo\u201d, coordinata da Marinella Fiume, torner\u00e0 il Premio ai saperi delle donne, quest\u2019anno caratterizzato anche da un forte valore interreligioso. Saranno premiate Anna Maria Shinnyno Marradi, Haifa Alsakkaf, Elena Lea Bartolini De Angeli, Noemi Scarpa e Ilenya Goss. Nell\u2019occasione sar\u00e0 conferito un riconoscimento anche alla Casa delle donne di Ragusa, nel decennale della fondazione. L\u2019appuntamento \u00e8 realizzato in collaborazione con Altra Met\u00e0 e la Consulta delle donne di Giardini Naxos.<\/p>\n","protected":false},"excerpt":{"rendered":"<p>Giardini Naxos (ME), 2 settembre \u2013 Il mito come chiave per leggere il passato e interrogare il presente. Dal 10 [&hellip;]<\/p>\n","protected":false},"author":1,"featured_media":0,"comment_status":"open","ping_status":"open","sticky":false,"template":"","format":"standard","meta":{"footnotes":""},"categories":[2],"tags":[],"class_list":["post-95786","post","type-post","status-publish","format-standard","hentry","category-informacion"],"_links":{"self":[{"href":"https:\/\/www.ecoitaliano.com.ar\/index.php?rest_route=\/wp\/v2\/posts\/95786","targetHints":{"allow":["GET"]}}],"collection":[{"href":"https:\/\/www.ecoitaliano.com.ar\/index.php?rest_route=\/wp\/v2\/posts"}],"about":[{"href":"https:\/\/www.ecoitaliano.com.ar\/index.php?rest_route=\/wp\/v2\/types\/post"}],"author":[{"embeddable":true,"href":"https:\/\/www.ecoitaliano.com.ar\/index.php?rest_route=\/wp\/v2\/users\/1"}],"replies":[{"embeddable":true,"href":"https:\/\/www.ecoitaliano.com.ar\/index.php?rest_route=%2Fwp%2Fv2%2Fcomments&post=95786"}],"version-history":[{"count":1,"href":"https:\/\/www.ecoitaliano.com.ar\/index.php?rest_route=\/wp\/v2\/posts\/95786\/revisions"}],"predecessor-version":[{"id":95788,"href":"https:\/\/www.ecoitaliano.com.ar\/index.php?rest_route=\/wp\/v2\/posts\/95786\/revisions\/95788"}],"wp:attachment":[{"href":"https:\/\/www.ecoitaliano.com.ar\/index.php?rest_route=%2Fwp%2Fv2%2Fmedia&parent=95786"}],"wp:term":[{"taxonomy":"category","embeddable":true,"href":"https:\/\/www.ecoitaliano.com.ar\/index.php?rest_route=%2Fwp%2Fv2%2Fcategories&post=95786"},{"taxonomy":"post_tag","embeddable":true,"href":"https:\/\/www.ecoitaliano.com.ar\/index.php?rest_route=%2Fwp%2Fv2%2Ftags&post=95786"}],"curies":[{"name":"wp","href":"https:\/\/api.w.org\/{rel}","templated":true}]}}