{"id":95792,"date":"2026-09-02T11:58:08","date_gmt":"2026-09-02T11:58:08","guid":{"rendered":"https:\/\/www.ecoitaliano.com.ar\/?p=95792"},"modified":"2026-09-02T11:58:09","modified_gmt":"2026-09-02T11:58:09","slug":"le-forme-del-jazz-a-venire-dal-25-settembre-a-ravenna","status":"publish","type":"post","link":"https:\/\/www.ecoitaliano.com.ar\/?p=95792","title":{"rendered":"Le Forme del Jazz a Venire: dal 25 settembre a Ravenna"},"content":{"rendered":"\n<figure class=\"wp-block-gallery has-nested-images columns-4 is-cropped wp-block-gallery-1 is-layout-flex wp-block-gallery-is-layout-flex\">\n<figure class=\"wp-block-image size-large\"><a href=\"https:\/\/www.ecoitaliano.com.ar\/wp-content\/uploads\/2026\/09\/Vincenzo-Bosco-2.jpg\"><img decoding=\"async\" width=\"682\" height=\"1024\" data-id=\"95793\" src=\"https:\/\/www.ecoitaliano.com.ar\/wp-content\/uploads\/2026\/09\/Vincenzo-Bosco-2-682x1024.jpg\" alt=\"\" class=\"wp-image-95793\" srcset=\"https:\/\/www.ecoitaliano.com.ar\/wp-content\/uploads\/2026\/09\/Vincenzo-Bosco-2-682x1024.jpg 682w, https:\/\/www.ecoitaliano.com.ar\/wp-content\/uploads\/2026\/09\/Vincenzo-Bosco-2-200x300.jpg 200w, https:\/\/www.ecoitaliano.com.ar\/wp-content\/uploads\/2026\/09\/Vincenzo-Bosco-2.jpg 717w\" sizes=\"(max-width: 682px) 100vw, 682px\" \/><\/a><\/figure>\n\n\n\n<figure class=\"wp-block-image size-large\"><a href=\"https:\/\/www.ecoitaliano.com.ar\/wp-content\/uploads\/2026\/09\/Lisa-Manara-di-Stefano-Bentini.jpg\"><img decoding=\"async\" width=\"1024\" height=\"683\" data-id=\"95794\" src=\"https:\/\/www.ecoitaliano.com.ar\/wp-content\/uploads\/2026\/09\/Lisa-Manara-di-Stefano-Bentini-1024x683.jpg\" alt=\"\" class=\"wp-image-95794\" srcset=\"https:\/\/www.ecoitaliano.com.ar\/wp-content\/uploads\/2026\/09\/Lisa-Manara-di-Stefano-Bentini-1024x683.jpg 1024w, https:\/\/www.ecoitaliano.com.ar\/wp-content\/uploads\/2026\/09\/Lisa-Manara-di-Stefano-Bentini-300x200.jpg 300w, https:\/\/www.ecoitaliano.com.ar\/wp-content\/uploads\/2026\/09\/Lisa-Manara-di-Stefano-Bentini-768x513.jpg 768w, https:\/\/www.ecoitaliano.com.ar\/wp-content\/uploads\/2026\/09\/Lisa-Manara-di-Stefano-Bentini.jpg 1434w\" sizes=\"(max-width: 1024px) 100vw, 1024px\" \/><\/a><\/figure>\n\n\n\n<figure class=\"wp-block-image size-large\"><a href=\"https:\/\/www.ecoitaliano.com.ar\/wp-content\/uploads\/2026\/09\/Francesco-Merli-1.jpg\"><img decoding=\"async\" width=\"684\" height=\"1024\" data-id=\"95795\" src=\"https:\/\/www.ecoitaliano.com.ar\/wp-content\/uploads\/2026\/09\/Francesco-Merli-1-684x1024.jpg\" alt=\"\" class=\"wp-image-95795\" srcset=\"https:\/\/www.ecoitaliano.com.ar\/wp-content\/uploads\/2026\/09\/Francesco-Merli-1-684x1024.jpg 684w, https:\/\/www.ecoitaliano.com.ar\/wp-content\/uploads\/2026\/09\/Francesco-Merli-1-200x300.jpg 200w, https:\/\/www.ecoitaliano.com.ar\/wp-content\/uploads\/2026\/09\/Francesco-Merli-1.jpg 752w\" sizes=\"(max-width: 684px) 100vw, 684px\" \/><\/a><\/figure>\n\n\n\n<figure class=\"wp-block-image size-large\"><a href=\"https:\/\/www.ecoitaliano.com.ar\/wp-content\/uploads\/2026\/09\/Ada-Flocco-di-Susanna-Benetti-2.jpg\"><img decoding=\"async\" width=\"683\" height=\"1024\" data-id=\"95796\" src=\"https:\/\/www.ecoitaliano.com.ar\/wp-content\/uploads\/2026\/09\/Ada-Flocco-di-Susanna-Benetti-2-683x1024.jpg\" alt=\"\" class=\"wp-image-95796\" srcset=\"https:\/\/www.ecoitaliano.com.ar\/wp-content\/uploads\/2026\/09\/Ada-Flocco-di-Susanna-Benetti-2-683x1024.jpg 683w, https:\/\/www.ecoitaliano.com.ar\/wp-content\/uploads\/2026\/09\/Ada-Flocco-di-Susanna-Benetti-2-200x300.jpg 200w, https:\/\/www.ecoitaliano.com.ar\/wp-content\/uploads\/2026\/09\/Ada-Flocco-di-Susanna-Benetti-2-768x1151.jpg 768w, https:\/\/www.ecoitaliano.com.ar\/wp-content\/uploads\/2026\/09\/Ada-Flocco-di-Susanna-Benetti-2.jpg 816w\" sizes=\"(max-width: 683px) 100vw, 683px\" \/><\/a><\/figure>\n<\/figure>\n\n\n\n<p><\/p>\n\n\n\n<blockquote class=\"wp-block-quote is-layout-flow wp-block-quote-is-layout-flow\"><div class=\"wp-block-image\">\n<figure class=\"aligncenter\"><img decoding=\"async\" src=\"https:\/\/mail.google.com\/mail\/u\/2?ui=2&amp;ik=a91c2962d6&amp;attid=0.0.1&amp;permmsgid=msg-f:1875219691901777149&amp;th=1a061e5fdb9f74fd&amp;view=fimg&amp;fur=ip&amp;permmsgid=msg-f:1875219691901777149&amp;sz=s0-l75-ft&amp;attbid=ANGjdJ8EKdgE5d4c6ZRYol6O_yGgYENbnO6yUFictL0Z6cYN0wID0CM_ZulGiLLQVO3eR_4U1xtrLOgB2BNGbVmKX0NuGunAa9exj-WrWlVRwIli3N8YbPqH9tFslCg&amp;disp=emb&amp;zw\" alt=\"logo\" title=\"logo\"\/><\/figure><\/div>\n\n\n<p><strong><em>Ravenna,<\/em><\/strong><\/p>\n\n\n\n<p><strong><em>25-26 settembre, 2-3 ottobre 2026<\/em><\/strong><\/p>\n\n\n\n<p>COMUNUCATO STAMPA<\/p>\n\n\n\n<p>Torna in scena a Ravenna la manifestazione musicale&nbsp;<strong>Le forme del jazz a venire<\/strong>,&nbsp;organizzata da Jazz Network ETS con il sostegno del Ministero della Cultura e di SIAE \u2013 Societ\u00e0 Italiana degli Autori ed Editori, nell\u2019ambito del programma \u201cPer Chi Crea\u201d, dedicato alla valorizzazione degli artisti under 35. La seconda edizione dell\u2019iniziativa, che si svolger\u00e0 nell\u2019arco di due fine settimana (<strong>25-26 settembre&nbsp;<\/strong>e&nbsp;<strong>2-3 ottobre<\/strong>), dar\u00e0 visibilit\u00e0 a gruppi jazz composti da giovanissimi musicisti emergenti il cui talento \u00e8 tale da poter aprire loro le porte della scena professionale pi\u00f9 elevata.<\/p>\n\n\n\n<p>L\u2019et\u00e0 media degli artisti coinvolti in&nbsp;\u201cLe forme del jazz a venire\u201d&nbsp;\u00e8 di 29 anni.&nbsp;E a mettere in ulteriore risalto l\u2019elemento&nbsp;anagrafico&nbsp;contribuisce&nbsp;anche la location che ospiter\u00e0 i concerti (tutti a ingresso gratuito): il Cisim di Lido Adriano, col suo valore aggiunto di centro di aggregazione giovanile.<\/p>\n\n\n\n<p>I gruppi in cartellone sono tutti trii, guidati da giovani leader dagli orientamenti musicali gi\u00e0 ben delineati: le cantanti<strong>&nbsp;Lisa Manara&nbsp;<\/strong>e&nbsp;<strong>Ada Flocco<\/strong>, il chitarrista&nbsp;<strong>Francesco Merli&nbsp;<\/strong>e il pianista&nbsp;<strong>Vincenzo Bosco<\/strong>. Il loro approccio al jazz \u00e8 consapevole e informato delle vicende storiche della musica afroamericana ma contemporaneamente \u00e8 aperto all\u2019ispirazione che proviene dalle musiche di altri continenti oltre che dai linguaggi popolari.<\/p>\n\n\n\n<p>\u201cLe forme del jazz a venire\u201d esordisce venerd\u00ec 25 settembre con il trio della cantante&nbsp;<strong>Lisa Manara<\/strong>. Sostenuta da una strumentazione inconsueta (la&nbsp;chitarra di Fabio Mazzini e la batteria di Paolo Rubboli), la&nbsp;<em>vocalist<\/em>&nbsp;imolese proporr\u00e0 \u201cCapo Verde, canta l\u2019incontro\u201d, progetto che si ispira alle&nbsp;musiche interpretate da Ces\u00e1ria \u00c9vora, elegante ambasciatrice della musica di Capo Verde nel mondo. Nella scaletta trovano spazio anche brani di cantautori contemporanei quali Mayra Andrade e Bonga. Un viaggio sonoro che \u00e8 un crogiolo di esperienze e culture differenti, fra tradizione latino-europea e antiche radici africane.<\/p>\n\n\n\n<p>La programmazione del primo fine settimana sar\u00e0 completata, sabato 26 settembre, dall\u2019esibizione del chitarrista&nbsp;<strong>Francesco Merli<\/strong>. Il trio del musicista imolese, come le altre formazioni da lui create, evidenzia una sconfinata passione per le sonorit\u00e0 afroamericane, spaziando dallo swing al funk.<\/p>\n\n\n\n<p>Venerd\u00ec 2 ottobre, con il concerto di&nbsp;<strong>Ada Flocco<\/strong>, prender\u00e0 il via il secondo fine settimana di \u201cLe forme del jazz a venire\u201d.&nbsp;Assieme alla Flocco, nel suo trio \u201cTrame\u201d, troviamo il contrabbassista Andrea Esperti e il chitarrista Saverio Zura, che \u00e8 una presenza musicale assidua al fianco della cantante abruzzese in diversi contesti.<\/p>\n\n\n\n<p>Il trio del pianista&nbsp;<strong>Vincenzo Bosco<\/strong>&nbsp;salir\u00e0 sul palco per la serata conclusiva, sabato 3 ottobre. Bosco \u00e8 attratto dai materiali musicali che hanno una storia da raccontare, e cos\u00ec \u00e8 anche nel progetto \u201cLoom\u201d che eseguir\u00e0 in questa occasione. Tramite l\u2019improvvisazione, il pianista infonde la propria personalit\u00e0 nelle varie estetiche musicali che lo ispirano.<\/p>\n\n\n\n<p><strong>PROGRAMMA<\/strong><\/p>\n\n\n\n<p><em>Venerd\u00ec 25 settembre<\/em><\/p>\n\n\n\n<p>Ravenna, Cisim di Lido Adriano, ore 21:30<\/p>\n\n\n\n<p><strong>LISA MANARA TRIO<\/strong><\/p>\n\n\n\n<p><strong>\u201cCapo Verde, canta l\u2019incontro\u201d<\/strong><\/p>\n\n\n\n<p>Lisa Manara \u2013 voce; Fabio Mazzini \u2013 chitarra; Paolo Rubboli \u2013 batteria<\/p>\n\n\n\n<p><em>Sabato 26 settembre<\/em><\/p>\n\n\n\n<p>Ravenna, Cisim di Lido Adriano, ore 21:30<\/p>\n\n\n\n<p><strong>FRANCESCO MERLI TRIO<\/strong><\/p>\n\n\n\n<p><strong>\u201cZugh\u00e9\u201d<\/strong><\/p>\n\n\n\n<p>Francesco Merli \u2013 chitarra; Sergio Mariotti \u2013 contrabbasso; Tommaso Stanghellini \u2013 batteria<\/p>\n\n\n\n<p><em>Venerd\u00ec 2 ottobre<\/em><\/p>\n\n\n\n<p>Ravenna, Cisim di Lido Adriano, ore 21:30<\/p>\n\n\n\n<p><strong>ADA FLOCCO TRIO<\/strong><\/p>\n\n\n\n<p><strong>\u201cTrame\u201d<\/strong><\/p>\n\n\n\n<p>Ada Flocco \u2013 voce, effetti; Saverio Zura \u2013 chitarra, effetti;&nbsp;Andrea Esperti \u2013 contrabbasso, effetti<\/p>\n\n\n\n<p><em>Sabato 3 ottobre<\/em><\/p>\n\n\n\n<p>Ravenna, Cisim di Lido Adriano, ore 21:30<\/p>\n\n\n\n<p><strong>VINCENZO BOSCO TRIO<\/strong><\/p>\n\n\n\n<p><strong>\u201cLoom\u201d<\/strong><\/p>\n\n\n\n<p>Vincenzo Bosco \u2013 pianoforte; Raffaele Guandalini \u2013 contrabbasso;&nbsp;Francesco Benizio \u2013 batteria<\/p>\n\n\n\n<h3 class=\"wp-block-heading\">Informazioni<\/h3>\n\n\n\n<p>Jazz Network, tel. 0544 405666, e-mail:&nbsp;<a href=\"mailto:info@jazznetwork.it\" target=\"_blank\" rel=\"noreferrer noopener\">info@jazznetwork.it<\/a>,<\/p>\n\n\n\n<p>website:&nbsp;<a href=\"http:\/\/www.leformedeljazzavenire.it\/\" target=\"_blank\" rel=\"noreferrer noopener\">www.leformedeljazzavenire.it<\/a><\/p>\n\n\n\n<p>Ingresso gratuito<\/p>\n\n\n\n<p>Cisim:&nbsp;<a href=\"https:\/\/www.google.com\/maps\/search\/Viale+G.+Parini+48,+Lido+Adriano+(Ravenna?entry=gmail&amp;source=g\">Viale G. Parini 48, Lido Adriano (Ravenna<\/a>).<\/p>\n\n\n\n<p><strong><u>Ufficio Stampa<\/u><\/strong><\/p>\n\n\n\n<p>Daniele Cecchini<\/p>\n\n\n\n<p>tel. 348 2350217, e-mail:&nbsp;<a href=\"mailto:dancecchini@hotmail.com\" target=\"_blank\" rel=\"noreferrer noopener\">dancecchini@hotmail.com<\/a><\/p>\n\n\n\n<p><strong><u>Direzione Artistica<\/u><\/strong><\/p>\n\n\n\n<p>Sandra Costantini<\/p>\n<\/blockquote>\n","protected":false},"excerpt":{"rendered":"","protected":false},"author":1,"featured_media":0,"comment_status":"open","ping_status":"open","sticky":false,"template":"","format":"standard","meta":{"footnotes":""},"categories":[2],"tags":[],"class_list":["post-95792","post","type-post","status-publish","format-standard","hentry","category-informacion"],"_links":{"self":[{"href":"https:\/\/www.ecoitaliano.com.ar\/index.php?rest_route=\/wp\/v2\/posts\/95792","targetHints":{"allow":["GET"]}}],"collection":[{"href":"https:\/\/www.ecoitaliano.com.ar\/index.php?rest_route=\/wp\/v2\/posts"}],"about":[{"href":"https:\/\/www.ecoitaliano.com.ar\/index.php?rest_route=\/wp\/v2\/types\/post"}],"author":[{"embeddable":true,"href":"https:\/\/www.ecoitaliano.com.ar\/index.php?rest_route=\/wp\/v2\/users\/1"}],"replies":[{"embeddable":true,"href":"https:\/\/www.ecoitaliano.com.ar\/index.php?rest_route=%2Fwp%2Fv2%2Fcomments&post=95792"}],"version-history":[{"count":1,"href":"https:\/\/www.ecoitaliano.com.ar\/index.php?rest_route=\/wp\/v2\/posts\/95792\/revisions"}],"predecessor-version":[{"id":95797,"href":"https:\/\/www.ecoitaliano.com.ar\/index.php?rest_route=\/wp\/v2\/posts\/95792\/revisions\/95797"}],"wp:attachment":[{"href":"https:\/\/www.ecoitaliano.com.ar\/index.php?rest_route=%2Fwp%2Fv2%2Fmedia&parent=95792"}],"wp:term":[{"taxonomy":"category","embeddable":true,"href":"https:\/\/www.ecoitaliano.com.ar\/index.php?rest_route=%2Fwp%2Fv2%2Fcategories&post=95792"},{"taxonomy":"post_tag","embeddable":true,"href":"https:\/\/www.ecoitaliano.com.ar\/index.php?rest_route=%2Fwp%2Fv2%2Ftags&post=95792"}],"curies":[{"name":"wp","href":"https:\/\/api.w.org\/{rel}","templated":true}]}}