{"id":95804,"date":"2026-09-03T09:10:35","date_gmt":"2026-09-03T09:10:35","guid":{"rendered":"https:\/\/www.ecoitaliano.com.ar\/?p=95804"},"modified":"2026-09-03T09:11:20","modified_gmt":"2026-09-03T09:11:20","slug":"venezia-83-sorriso-diverso-venezia-award-16-opere-in-nomination-federica-luna-vincenti-madrina-ufficiale","status":"publish","type":"post","link":"https:\/\/www.ecoitaliano.com.ar\/?p=95804","title":{"rendered":"VENEZIA 83 | Sorriso Diverso Venezia Award, 16 opere in nomination | Federica Luna Vincenti madrina ufficiale"},"content":{"rendered":"<div class=\"wp-block-image\">\n<figure class=\"aligncenter size-large is-resized\"><a href=\"http:\/\/www.ecoitaliano.com.ar\/wp-content\/uploads\/2026\/09\/Federica-Luna-Vincenti_Ph.-Azzurra-Primavera.jpg\"><img decoding=\"async\" width=\"1024\" height=\"683\" src=\"http:\/\/www.ecoitaliano.com.ar\/wp-content\/uploads\/2026\/09\/Federica-Luna-Vincenti_Ph.-Azzurra-Primavera-1024x683.jpg\" alt=\"\" class=\"wp-image-95806\" style=\"width:292px;height:auto\" srcset=\"https:\/\/www.ecoitaliano.com.ar\/wp-content\/uploads\/2026\/09\/Federica-Luna-Vincenti_Ph.-Azzurra-Primavera-1024x683.jpg 1024w, https:\/\/www.ecoitaliano.com.ar\/wp-content\/uploads\/2026\/09\/Federica-Luna-Vincenti_Ph.-Azzurra-Primavera-300x200.jpg 300w, https:\/\/www.ecoitaliano.com.ar\/wp-content\/uploads\/2026\/09\/Federica-Luna-Vincenti_Ph.-Azzurra-Primavera-768x512.jpg 768w, https:\/\/www.ecoitaliano.com.ar\/wp-content\/uploads\/2026\/09\/Federica-Luna-Vincenti_Ph.-Azzurra-Primavera-1536x1024.jpg 1536w, https:\/\/www.ecoitaliano.com.ar\/wp-content\/uploads\/2026\/09\/Federica-Luna-Vincenti_Ph.-Azzurra-Primavera-2048x1366.jpg 2048w\" sizes=\"(max-width: 1024px) 100vw, 1024px\" \/><\/a><\/figure><\/div>\n\n<div class=\"wp-block-image\">\n<figure class=\"aligncenter is-resized\"><img decoding=\"async\" src=\"https:\/\/mail.google.com\/mail\/u\/2?ui=2&amp;ik=a91c2962d6&amp;attid=0.0.1&amp;permmsgid=msg-f:1875301066068421765&amp;th=1a06686241eb6c85&amp;view=fimg&amp;fur=ip&amp;permmsgid=msg-f:1875301066068421765&amp;sz=s0-l75-ft&amp;attbid=ANGjdJ-aIiSzOZDnQYq3bHNV0zRkfilsrDECfiwipYVAYKXS38v5cJpsEImU0MeipQZFvtLRX1l0I2k6v36C_XrUzj8OZ8XXBqTJj0NAcWPPd0DUkLz-nh3VURlD17o&amp;disp=emb&amp;realattid=ii_mtkbrdgp0&amp;zw\" alt=\"Logo Sorriso Diverso Venezia Award.png\" style=\"width:303px;height:auto\"\/><\/figure><\/div>\n\n\n<p><strong>Venezia 83, svelate le nomination della XVI edizione<\/strong><\/p>\n\n\n\n<p><strong>del Premio \u2018Sorriso Diverso Venezia Award\u2019<\/strong><\/p>\n\n\n\n<p><strong>L\u2019attrice e produttrice Federica Luna Vincenti<\/strong><\/p>\n\n\n\n<p><strong>madrina ufficiale della cerimonia<\/strong><\/p>\n\n\n\n<p><em>Sedici le opere a contenuto sociale in gara tra Concorso, Fuori Concorso, Orizzonti e Settimana Internazionale della Critica.&nbsp;<\/em><\/p>\n\n\n\n<p><em>In nomination i film di Marco Bechis, Gianni Amelio, C\u00e9dric Kahn e St\u00e9phane Briz\u00e9, insieme all\u2019esordio alla regia di Anna Foglietta.<\/em><\/p>\n\n\n\n<p><em>Roma, 3 settembre 2026<\/em>&nbsp;\u2013&nbsp;<strong>Venerd\u00ec 11 settembre<\/strong>, alle ore 16.30, lo Spazio Incontri del&nbsp;<em>Venice Production Bridge<\/em>, presso l\u2019Hotel Excelsior del Lido di Venezia, ospiter\u00e0 la&nbsp;<strong>XVI edizione del Premio \u2018Sorriso Diverso Venezia Award\u2019<\/strong>, riconoscimento collaterale ufficiale della 83\u00aa Mostra Internazionale d\u2019Arte Cinematografica di Venezia.<\/p>\n\n\n\n<p>La cerimonia, che ogni anno&nbsp;<strong>porta al centro della scena opere capaci di raccontare<\/strong>&nbsp;la diversit\u00e0, la forza di reagire alle difficolt\u00e0 e le fragilit\u00e0 umane attraverso il linguaggio universale del cinema, vedr\u00e0 nel ruolo di madrina ufficiale&nbsp;<strong>Federica Luna Vincenti<\/strong>.&nbsp;<strong>Attrice, produttrice e compositrice<\/strong>, la Vincenti sar\u00e0 al fianco della manifestazione&nbsp;<strong>con la propria sensibilit\u00e0 artistica e una particolare attenzione alla valorizzazione di storie e contenuti di forte rilevanza umana e sociale<\/strong>.<\/p>\n\n\n\n<p>Al suo fianco,&nbsp;<strong>a confermare il legame del Premio con la Mostra del Cinema e con il territorio veneziano<\/strong>, porteranno i propri saluti il Direttore della Mostra&nbsp;<strong>Alberto Barbera<\/strong>&nbsp;e il Presidente della Biennale&nbsp;<strong>Pietrangelo Buttafuoco<\/strong>. Presente anche il Consigliere della Municipalit\u00e0 di Lido Pellestrina,&nbsp;<strong>Emilio Guberti<\/strong>, a testimonianza del rapporto ormai consolidato tra il Premio e il territorio.<\/p>\n\n\n\n<p>La selezione di quest\u2019anno comprende&nbsp;<strong>16 titoli in nomination<\/strong>, tra opere italiane e internazionali&nbsp;<strong>riunite nel segno di un cinema capace di interrogarsi sui temi della contemporaneit\u00e0 e dell\u2019impegno civile<\/strong>.<\/p>\n\n\n\n<p>Per la sezione \u2018<strong>Concorso<\/strong>\u2019 figurano cinque opere:&nbsp;<em>Naza<\/em>&nbsp;di Yuval Abraham e Rachel Szor,&nbsp;<em>Un bon petit soldat<\/em>&nbsp;di St\u00e9phane Briz\u00e9,&nbsp;<em>Kvinde Ukendt<\/em>&nbsp;di May el-Toukhy,&nbsp;<em>15\/18 (A Place To Heal)<\/em>&nbsp;di C\u00e9dric Kahn e&nbsp;<em>Ritorno a Buenos Aires<\/em>&nbsp;di Marco Bechis.<\/p>\n\n\n\n<p>Per le opere \u2018<strong>Fuori Concorso<\/strong>\u2019, la selezione comprende&nbsp;<em>Nessun dolore<\/em>&nbsp;di Gianni Amelio,&nbsp;<em>No paradise if you are killed by a woman<\/em>&nbsp;di Halkawt Mustafa,&nbsp;<em>Un bon avocat<\/em>&nbsp;di Tristan S\u00e9gu\u00e9la,&nbsp;<em>Union Town<\/em>&nbsp;di Barbara Kopple e&nbsp;<em>Holy Wood Dust<\/em>&nbsp;di Victor Kossakovsky.<\/p>\n\n\n\n<p>Cinque anche i titoli in gara nella sezione<strong>&nbsp;\u2018Orizzonti<\/strong>\u2019:&nbsp;<em>Moragheb<\/em>&nbsp;di Mohsen Gharaei,&nbsp;<em>The Difficult Bride<\/em>&nbsp;di Rubaiyat Hossain,&nbsp;<em>I figli della scimmia<\/em>&nbsp;di Tommaso Landucci,&nbsp;<em>Oase<\/em>&nbsp;di Jannis Lenz e&nbsp;<em>Una storia<\/em>, esordio alla regia di Anna Foglietta.<\/p>\n\n\n\n<p>A completare il quadro delle nomination, per la \u2018<strong>Settimana Internazionale della Critica<\/strong>\u2019, \u00e8 stato selezionato&nbsp;<em>Rider<\/em>&nbsp;di Roan Johnson e Dade.<\/p>\n\n\n\n<p><em>\u201cButtafuoco e Barbera ci presentano un\u2019edizione stimolante, si percepisce un coraggio culturale che ci impone di riflettere su come l\u2019umanit\u00e0 intende condividere la costruzione del proprio futuro nella contesa tra le risorse essenziali e l\u2019impatto dell\u2019intelligenza artificiale\u201d&nbsp;<\/em>\u2013 dichiara il Presidente del Premio,&nbsp;<strong>Diego Righini<\/strong>.<\/p>\n\n\n\n<p><em>\u201cIl Sorriso Diverso Venezia Award rappresenta un presidio di inclusione e consapevolezza\u201d<\/em>&nbsp;\u2013 sottolinea la Direttrice Artistica,&nbsp;<strong>Paola Tassone<\/strong>.&nbsp;<em>\u201cSiamo orgogliosi di raggiungere questo importante traguardo con una selezione di sedici opere di straordinario valore, che concorreranno per i premi al&nbsp;<strong>Miglior Film Italiano&nbsp;<\/strong>e al<strong>&nbsp;Miglior Film Straniero<\/strong>. Venezia si conferma la cornice ideale per dare voce a storie universali capaci di parlare alla coscienza di ciascuno di noi\u201d.<\/em><\/p>\n\n\n\n<p>Le pellicole in nomination saranno valutate dalla giuria di esperti, presieduta dal critico cinematografico&nbsp;<strong>Catello Masullo<\/strong>&nbsp;e composta da&nbsp;<strong>Paola Dei, Massimo Nardin, Rossella Pozza, Paola Dalla Torre, Franco Mariotti, Alessandro Occhipinti, Antonio Castaldo, Armando Lostaglio, Alberto Pierini, Michela Manente, Manuele Ferrari Angelo Comneno, Francesca Gallifuoco<\/strong>.&nbsp;<\/p>\n\n\n\n<p>Il&nbsp;<strong>Premio \u2018Sorriso Diverso Venezia Award\u2019<\/strong>&nbsp;\u00e8 promosso dall\u2019<strong>Universit\u00e0 Cerca Lavoro<\/strong>,&nbsp;presieduta da&nbsp;<strong>Ilaria Battistelli<\/strong>, ente promotore anche del&nbsp;<em>Festival Internazionale della Cinematografia Sociale Tulipani di Seta Nera<\/em>, e realizzato in collaborazione con&nbsp;<strong>Dream On<\/strong>. Il Premio, con&nbsp;<strong>Diego Righini&nbsp;<\/strong>alla presidenza e&nbsp;<strong>Paola Tassone&nbsp;<\/strong>alla direzione artistica, gode del contributo del&nbsp;<strong>Ministero della Cultura<\/strong>&nbsp;e del patrocinio di&nbsp;<strong>Rai per la Sostenibilit\u00e0 ESG<\/strong>, con&nbsp;<strong>Rai Pubblica Utilit\u00e0<\/strong>&nbsp;in qualit\u00e0 di media partner.&nbsp;<\/p>\n\n\n\n<p><strong>Frecciarossa<\/strong>&nbsp;si riconferma il treno ufficiale della manifestazione. Il servizio Alta Velocit\u00e0 di&nbsp;<strong>Trenitalia<\/strong>, simbolo di efficienza, innovazione e attenzione alla sostenibilit\u00e0, rinnova cos\u00ec il proprio impegno a sostegno del cinema sociale internazionale, confermando il ruolo di protagonista nella promozione di una mobilit\u00e0 sempre pi\u00f9 efficiente e responsabile.<\/p>\n\n\n\n<p><strong><a href=\"http:\/\/www.sorrisodiversoaward.com\/\" target=\"_blank\" rel=\"noreferrer noopener\">www.sorrisodiversoaward.com<\/a><\/strong><strong><\/strong><\/p>\n\n\n\n<p>Ufficio stampa<\/p>\n\n\n\n<p>Antonio Naselli<\/p>\n\n\n\n<p><a href=\"mailto:antonionaselli.press@gmail.com\" target=\"_blank\" rel=\"noreferrer noopener\">antonionaselli.press@gmail.com<\/a>&nbsp;\/\/&nbsp;<a href=\"tel:+39%20333%20186%205970\" target=\"_blank\" rel=\"noreferrer noopener\">+39 333 1865970<\/a><\/p>\n","protected":false},"excerpt":{"rendered":"<p>Venezia 83, svelate le nomination della XVI edizione del Premio \u2018Sorriso Diverso Venezia Award\u2019 L\u2019attrice e produttrice Federica Luna Vincenti [&hellip;]<\/p>\n","protected":false},"author":1,"featured_media":0,"comment_status":"open","ping_status":"open","sticky":false,"template":"","format":"standard","meta":{"footnotes":""},"categories":[2],"tags":[],"class_list":["post-95804","post","type-post","status-publish","format-standard","hentry","category-informacion"],"_links":{"self":[{"href":"https:\/\/www.ecoitaliano.com.ar\/index.php?rest_route=\/wp\/v2\/posts\/95804","targetHints":{"allow":["GET"]}}],"collection":[{"href":"https:\/\/www.ecoitaliano.com.ar\/index.php?rest_route=\/wp\/v2\/posts"}],"about":[{"href":"https:\/\/www.ecoitaliano.com.ar\/index.php?rest_route=\/wp\/v2\/types\/post"}],"author":[{"embeddable":true,"href":"https:\/\/www.ecoitaliano.com.ar\/index.php?rest_route=\/wp\/v2\/users\/1"}],"replies":[{"embeddable":true,"href":"https:\/\/www.ecoitaliano.com.ar\/index.php?rest_route=%2Fwp%2Fv2%2Fcomments&post=95804"}],"version-history":[{"count":2,"href":"https:\/\/www.ecoitaliano.com.ar\/index.php?rest_route=\/wp\/v2\/posts\/95804\/revisions"}],"predecessor-version":[{"id":95807,"href":"https:\/\/www.ecoitaliano.com.ar\/index.php?rest_route=\/wp\/v2\/posts\/95804\/revisions\/95807"}],"wp:attachment":[{"href":"https:\/\/www.ecoitaliano.com.ar\/index.php?rest_route=%2Fwp%2Fv2%2Fmedia&parent=95804"}],"wp:term":[{"taxonomy":"category","embeddable":true,"href":"https:\/\/www.ecoitaliano.com.ar\/index.php?rest_route=%2Fwp%2Fv2%2Fcategories&post=95804"},{"taxonomy":"post_tag","embeddable":true,"href":"https:\/\/www.ecoitaliano.com.ar\/index.php?rest_route=%2Fwp%2Fv2%2Ftags&post=95804"}],"curies":[{"name":"wp","href":"https:\/\/api.w.org\/{rel}","templated":true}]}}