{"id":95819,"date":"2026-09-03T18:30:17","date_gmt":"2026-09-03T18:30:17","guid":{"rendered":"https:\/\/www.ecoitaliano.com.ar\/?p=95819"},"modified":"2026-09-03T18:30:19","modified_gmt":"2026-09-03T18:30:19","slug":"serena-conduce-operaclassica-eco-italiano-5483","status":"publish","type":"post","link":"https:\/\/www.ecoitaliano.com.ar\/?p=95819","title":{"rendered":"Serena conduce operaclassica eco italiano"},"content":{"rendered":"<div class=\"wp-block-image\">\n<figure class=\"aligncenter size-full\"><a href=\"http:\/\/www.ecoitaliano.com.ar\/wp-content\/uploads\/2026\/08\/image004-2.png\"><img decoding=\"async\" width=\"143\" height=\"89\" src=\"http:\/\/www.ecoitaliano.com.ar\/wp-content\/uploads\/2026\/08\/image004-2.png\" alt=\"\" class=\"wp-image-95441\"\/><\/a><\/figure><\/div>\n\n\n<p>Ufficio stampa&nbsp;&nbsp;&nbsp;&nbsp;&nbsp;&nbsp;&nbsp;&nbsp;&nbsp;&nbsp;&nbsp;&nbsp;&nbsp;&nbsp;&nbsp;&nbsp;&nbsp;&nbsp;&nbsp;&nbsp;&nbsp;&nbsp;&nbsp;&nbsp;&nbsp;&nbsp;&nbsp;&nbsp;&nbsp;&nbsp;&nbsp;&nbsp;&nbsp;&nbsp;&nbsp;&nbsp;&nbsp;&nbsp;&nbsp;&nbsp;&nbsp;&nbsp;&nbsp;&nbsp;&nbsp;&nbsp;&nbsp;&nbsp;&nbsp;&nbsp;&nbsp;&nbsp;&nbsp;&nbsp;&nbsp;&nbsp;&nbsp;&nbsp;&nbsp;&nbsp;&nbsp;&nbsp;&nbsp;&nbsp;&nbsp;&nbsp;&nbsp;&nbsp;&nbsp;&nbsp;&nbsp;&nbsp;&nbsp;&nbsp;&nbsp;&nbsp;&nbsp;&nbsp;&nbsp;&nbsp;&nbsp;&nbsp;&nbsp;&nbsp;&nbsp;&nbsp;&nbsp;&nbsp;&nbsp;&nbsp;&nbsp;&nbsp;&nbsp;&nbsp;&nbsp;&nbsp;&nbsp;&nbsp;&nbsp;&nbsp;&nbsp;&nbsp;&nbsp; 02\/09\/2026<\/p>\n\n\n\n<p><strong>DAL 3 AL 5 SETTEMBRE, <em>TURANDOT<\/em>, <em>AIDA <\/em>E <em>LA TRAVIATA:<\/em><\/strong><\/p>\n\n\n\n<p><strong>ARENA QUASI SOLD-OUT PER TRE SERE D\u2019OPERA<\/strong><\/p>\n\n\n\n<p><strong>Penultimo fine settimana dell\u2019Opera Festival in Arena con spettacoli di Zeffirelli e Curran<\/strong><strong>:<\/strong><\/p>\n\n\n\n<p><strong>gioved\u00ec 3 settembre in scena <em>Turandot<\/em> con Pirozzi, Eyvazov, Agresta, Pertusi diretti da Battistoni;<\/strong><\/p>\n\n\n\n<p><strong>venerd\u00ec 4 <em>Aida<\/em> con Siri, Lardizzone, Margaine, Park, Lim diretti da Ommassini;<\/strong><\/p>\n\n\n\n<p><strong>sabato 5 <em>La Traviata<\/em> inaugurale del 2026 con Feola, Barbera, Salsi diretti da Ciampa.<\/strong><\/p>\n\n\n\n<p><strong><u>Gioved\u00ec 3 settembre, alle 18, incontro sui 100 anni di <em>Turandot<\/em> alla libreria Feltrinelli di Verona<\/u><\/strong><\/p>\n\n\n\n<p><strong>TURANDOT<\/strong> <strong>gioved\u00ec<\/strong> <strong>3 settembre <\/strong>ore 21<strong><\/strong><\/p>\n\n\n\n<p><strong>AIDA<\/strong> ed. Zeffirelli <strong>venerd\u00ec<\/strong> <strong>4 settembre <\/strong>ore 21<\/p>\n\n\n\n<p><strong>LA<\/strong><strong> <\/strong><strong>TRAVIATA<\/strong> <strong>sabato 5 settembre <\/strong>ore 21<strong><\/strong><\/p>\n\n\n\n<p><strong>Tre opere diverse in tre giorni, gi\u00e0 vicine al sold-out, per il penultimo fine settimana dell\u2019Opera Festival 2026. Dal 3 al 5 settembre, in Arena gli allestimenti classici firmati da Zeffirelli, <em>Turandot<\/em> e <em>Aida<\/em>, e la nuova <em>Traviata <\/em>secondo Curran in collaborazione con il Moulin Rouge. Con i complessi artistici e tecnici di Fondazione Arena, ogni sera in scena grandi artisti internazionali, tra cui Maria Jos\u00e8 Siri, che venerd\u00ec 4 settembre celebrer\u00e0 il traguardo unico delle 200 recite nei panni di Aida.<\/strong><\/p>\n\n\n\n<figure class=\"wp-block-table\"><table class=\"has-fixed-layout\"><tbody><tr><td><\/td><\/tr><tr><td><\/td><td><img decoding=\"async\" width=\"680\" height=\"4\" src=\"\"><\/td><\/tr><\/tbody><\/table><\/figure>\n\n\n\n<p><strong>Gioved\u00ec 3 settembre, alle 18,<\/strong><strong> incontro straordinario aperto a tutti alla libreria Feltrinelli di via Quattro Spade<\/strong> (Verona):<strong> <em>100 anni di Turandot, la fiaba nata a Verona<\/em>. <\/strong>Si parler\u00e0 dell\u2019ultima opera di Puccini a un secolo dalla prima assoluta, delle sue fonti, di musica e libretto, di autori, primi interpreti e di storiche esecuzioni all\u2019Arena di Verona,<strong> con il Sovrintendente Cecilia Gasdia, il direttore d\u2019orchestra Andrea Battistoni<\/strong> \u2013 che diriger\u00e0 l\u2019opera in serata \u2013<strong> e il musicologo Davide Annachini, <\/strong>con testimonianze e ascolti.<strong> Ingresso libero <\/strong>fino a esaurimento posti.<\/p>\n\n\n\n<figure class=\"wp-block-table\"><table class=\"has-fixed-layout\"><tbody><tr><td><\/td><\/tr><tr><td><\/td><td><img decoding=\"async\" width=\"679\" height=\"4\" src=\"\"><\/td><\/tr><\/tbody><\/table><\/figure>\n\n\n\n<p><strong><em>Turandot<\/em><\/strong><strong>, gioved\u00ec 3 settembre, ore 21<\/strong>. Un secolo fa andava in scena l\u2019ultima opera di Puccini, <em>Turandot, <\/em>sfida grandiosa rimasta incompiuta alla morte del compositore ma completata dalle cure di Ricordi, Alfano e Toscanini. Torna in Arena nello spettacolo da fiaba con regia e scene di Franco Zeffirelli, costumi della premio Oscar Emi Wada, luci di Paolo Mazzon, movimenti coreografici di Maria Grazia Garofoli. Nei panni della principessa di gelo, torna la titolare Anna Pirozzi, affiancata dal tenore Yusif Eyvazov, il principe ignoto che la sfida, con l\u2019aiuto della dolce Li\u00f9, interpretata da Maria Agresta al suo debutto stagionale, e del padre Timur interpretato da Michele Pertursi. A completare il cast Carlo Bosi, G\u00ebzim Myshketa, Matteo Macchioni, Saverio Fiore e Ankhbayar Enkhbold e centinaia tra artisti del coro, mimi, figuranti, corifee e voci bianche areniane. Sul podio, alla guida dell\u2019Orchestra di Fondazione Arena a pieni ranghi, per quest\u2019ultima data del 2026, il maestro veronese dalla carriera internazionale, Andrea Battistoni. Ultima recita venerd\u00ec 11 settembre.<\/p>\n\n\n\n<p><strong><em>Aida<\/em><\/strong><strong>, venerd\u00ec 4 settembre, ore 21. <\/strong>Duecento volte <em>Aida<\/em>, in tutto il mondo ma soprattutto all\u2019Arena di Verona. Record e traguardo personale per il soprano Maria Jos\u00e9 Siri, che festeggia la recita numero 200 nei panni della principessa etiope proprio sull\u2019immenso palcoscenico sotto le stelle dell\u2019Anfiteatro veronese. Accanto a lei, Paolo Lardizzone sar\u00e0 Radames, Cl\u00e9mentine Margaine la principessa Amneris, Youngjun Park Amonasro -re etiope e padre di Aida-, Simon Lim il gran sacerdote Ramfis. Completano il cast Mariano Buccino, Francesca Maionchi e Riccardo Rados \u2013 rispettivamente come re, sacerdotessa e messaggero. Orchestra e Coro di Fondazione Arena sono diretti da Francesco Ommassini. Il capolavoro verdiano, opera regina dell\u2019Arena, torna in scena nell\u2019ormai classico allestimento di Franco Zeffirelli. Atmosfera aurea, una grande piramide che crea diversi ambienti, pietre multicolori e tessuti preziosi in un avvincente Antico Egitto con centinaia tra mimi, comparse e Ballo areniano nelle coreografie di Vladimir Vasiliev, con <a><\/a>Giorgia Ricciardi e i primi ballerini del Teatro alla Scala Virna Toppi e Nicola Del Freo. Ultima replica gioved\u00ec 10 settembre.<\/p>\n\n\n\n<p><strong><em>La Traviata<\/em><\/strong><strong>, sabato 5 settembre, ore 21.<\/strong> L\u2019opera di Verdi pi\u00f9 amata e rappresentata al mondo torna protagonista in Arena nella produzione inaugurale del Festival 2026 tra splendori, contrasti ed eccessi della Belle \u00e9poque parigina. Lo spettacolo, realizzato con la collaborazione del Moulin Rouge di Parigi, ha la regia di Paul Curran, scene di Juan Guillermo Nova, i costumi di Stefano Ciammitti, le coreografie di Kyle Lang, le luci di Fabio Barettin. Violetta \u00e8 il soprano Rosa Feola, l\u2019amato Alfredo il tenore Ren\u00e9 Barbera, e Germont padre il baritono Luca Salsi, tutti e tre all\u2019ultima presenza in Arena di quest\u2019edizione. Con loro Anna Werle, Francesca Maionchi, Carlo Bosi, Nicol\u00f2 Ceriani, Jan Antem, Gabriele Sagona, Andrea Vincenti e Carlo Bombieri, in scena col Coro areniano preparato dal Maestro Roberto Gabbiani. Sul podio, il direttore Francesco Ivan Ciampa. Sabato 12 settembre ultima replica e serata conclusiva del 103\u00b0 Festival.<\/p>\n\n\n\n<p>L\u2019Arena di Verona Opera Festival 2026&nbsp;conta sul sostegno di numerosi sponsor, in primis il Main Partner UniCredit, che vanta una trentennale longevit\u00e0 di collaborazione, i Premium Partner Calzedonia e Pastificio Rana, e ancora Volkswagen Group Italia, DB Bahn, Forno Bonomi, Genny, RTL 102.5, M\u00fcller, che sostiene i progetti di accessibilit\u00e0 dedicati alle persone con disabilit\u00e0. Magis si conferma Green Energy Partner del Festival e Generali \u00e8 Education Partner.&nbsp;Tra gli official partner marchi storici quali Veronafiere, Air Dolomiti, A4 Holding, SABA Italia, SDG Group, Sartori di Verona, Palazzo Maffei e Mantova Village. Cos\u00ec come Manpower Group, Ferroli e il Consorzio di Tutela dell\u2019Aceto Balsamico Tradizionale di Modena DOP. New entries del 2026 Nardi outdoor tra gli official partner e il Major Partner Vivaticket. Oltre a imprese, privati, ordini professionali che compongono la schiera della Membership 67 Colonne per l\u2019Arena di Verona, fondata da Gianluca Rana dell\u2019omonimo pastificio e da Sandro Veronesi, patron del Gruppo Oniverse.<\/p>\n\n\n\n<p><strong>Biglietterie<\/strong><\/p>\n\n\n\n<p>Via Dietro Anfiteatro 6\/B, 37121 Verona<\/p>\n\n\n\n<p>Via Roma 1, 37121 Verona<\/p>\n\n\n\n<p><a href=\"mailto:biglietteria@arenadiverona.it\">biglietteria@arenadiverona.it<\/a><\/p>\n\n\n\n<p>Call center (+39) 045 800 51 51<\/p>\n\n\n\n<p><a href=\"http:\/\/www.arena.it\">www.arena.it<\/a><\/p>\n\n\n\n<p>Punti di prevendita Vivaticket<\/p>\n\n\n\n<p><strong>Informazioni<\/strong><\/p>\n\n\n\n<p><strong>Ufficio Stampa Fondazione Arena di Verona<\/strong><\/p>\n\n\n\n<p>Via Roma 7\/D, 37121 Verona &#8211; <a href=\"mailto:ufficio.stampa@arenadiverona.it\">ufficio.stampa@arenadiverona.it<\/a><\/p>\n\n\n\n<p>tel. (+39) 045 805.1861-1905-1891-1939 -1847<\/p>\n\n\n\n<p><strong>Ufficio stampa nazionale e internazionale&nbsp;Skill &amp; Music&nbsp;<\/strong><\/p>\n\n\n\n<p>Firmina Adorno +39 339 6483224 &#8211;&nbsp;<a href=\"mailto:firmina.adorno@gmail.com\">firmina<\/a>@<a href=\"https:\/\/eur04.safelinks.protection.outlook.com\/?url=http%3A%2F%2Fskillandmusic.com%2F&amp;data=05%7C02%7Cstefania.finetto%40arenadiverona.it%7Cbf4451b5c2634fe744d408de896a5782%7C2b2afe864e714056a75c871748d50c4d%7C0%7C0%7C639099287012667995%7CUnknown%7CTWFpbGZsb3d8eyJFbXB0eU1hcGkiOnRydWUsIlYiOiIwLjAuMDAwMCIsIlAiOiJXaW4zMiIsIkFOIjoiTWFpbCIsIldUIjoyfQ%3D%3D%7C0%7C%7C%7C&amp;sdata=TKrw6PqXpctOvp8KVzXeDWFtrZYVsObbaTYw%2F7BEhGo%3D&amp;reserved=0\">skillandmusic.com<\/a><strong><\/strong><\/p>\n\n\n\n<p>Paolo Cairoli +39 331 8361276 &#8211; <a href=\"mailto:paoloalberto.cairoli@gmail.com\">paolo<\/a>@<a href=\"https:\/\/eur04.safelinks.protection.outlook.com\/?url=http%3A%2F%2Fskillandmusic.com%2F&amp;data=05%7C02%7Cstefania.finetto%40arenadiverona.it%7Cbf4451b5c2634fe744d408de896a5782%7C2b2afe864e714056a75c871748d50c4d%7C0%7C0%7C639099287012698358%7CUnknown%7CTWFpbGZsb3d8eyJFbXB0eU1hcGkiOnRydWUsIlYiOiIwLjAuMDAwMCIsIlAiOiJXaW4zMiIsIkFOIjoiTWFpbCIsIldUIjoyfQ%3D%3D%7C0%7C%7C%7C&amp;sdata=P08KZt%2BRPBQyxcDKPaSIDYjaLX%2B3K%2FJOwYRiFYUE%2FA0%3D&amp;reserved=0\">skillandmusic.com<\/a><\/p>\n\n\n\n<p>foto<\/p>\n\n\n\n<figure class=\"wp-block-image size-large\"><a href=\"https:\/\/www.ecoitaliano.com.ar\/wp-content\/uploads\/2026\/09\/image-2-1.jpg\"><img decoding=\"async\" width=\"1024\" height=\"683\" src=\"https:\/\/www.ecoitaliano.com.ar\/wp-content\/uploads\/2026\/09\/image-2-1-1024x683.jpg\" alt=\"\" class=\"wp-image-95820\" srcset=\"https:\/\/www.ecoitaliano.com.ar\/wp-content\/uploads\/2026\/09\/image-2-1-1024x683.jpg 1024w, https:\/\/www.ecoitaliano.com.ar\/wp-content\/uploads\/2026\/09\/image-2-1-300x200.jpg 300w, https:\/\/www.ecoitaliano.com.ar\/wp-content\/uploads\/2026\/09\/image-2-1-768x512.jpg 768w, https:\/\/www.ecoitaliano.com.ar\/wp-content\/uploads\/2026\/09\/image-2-1.jpg 1140w\" sizes=\"(max-width: 1024px) 100vw, 1024px\" \/><\/a><\/figure>\n\n\n\n<p><em>Turandot<\/em>, regia di Franco Zeffirelli @EnneviFoto<\/p>\n\n\n\n<figure class=\"wp-block-image size-large\"><a href=\"https:\/\/www.ecoitaliano.com.ar\/wp-content\/uploads\/2026\/09\/image-2-2.jpg\"><img decoding=\"async\" width=\"1024\" height=\"852\" src=\"https:\/\/www.ecoitaliano.com.ar\/wp-content\/uploads\/2026\/09\/image-2-2-1024x852.jpg\" alt=\"\" class=\"wp-image-95821\" srcset=\"https:\/\/www.ecoitaliano.com.ar\/wp-content\/uploads\/2026\/09\/image-2-2-1024x852.jpg 1024w, https:\/\/www.ecoitaliano.com.ar\/wp-content\/uploads\/2026\/09\/image-2-2-300x250.jpg 300w, https:\/\/www.ecoitaliano.com.ar\/wp-content\/uploads\/2026\/09\/image-2-2-768x639.jpg 768w, https:\/\/www.ecoitaliano.com.ar\/wp-content\/uploads\/2026\/09\/image-2-2.jpg 1140w\" sizes=\"(max-width: 1024px) 100vw, 1024px\" \/><\/a><\/figure>\n\n\n\n<p><em>Aida<\/em>, regia di Franco Zeffirelli @EnneviFoto<\/p>\n\n\n\n<figure class=\"wp-block-image size-large\"><a href=\"https:\/\/www.ecoitaliano.com.ar\/wp-content\/uploads\/2026\/09\/image-2-3.jpg\"><img decoding=\"async\" width=\"1024\" height=\"683\" src=\"https:\/\/www.ecoitaliano.com.ar\/wp-content\/uploads\/2026\/09\/image-2-3-1024x683.jpg\" alt=\"\" class=\"wp-image-95822\" srcset=\"https:\/\/www.ecoitaliano.com.ar\/wp-content\/uploads\/2026\/09\/image-2-3-1024x683.jpg 1024w, https:\/\/www.ecoitaliano.com.ar\/wp-content\/uploads\/2026\/09\/image-2-3-300x200.jpg 300w, https:\/\/www.ecoitaliano.com.ar\/wp-content\/uploads\/2026\/09\/image-2-3-768x512.jpg 768w, https:\/\/www.ecoitaliano.com.ar\/wp-content\/uploads\/2026\/09\/image-2-3.jpg 1140w\" sizes=\"(max-width: 1024px) 100vw, 1024px\" \/><\/a><\/figure>\n\n\n\n<p><em>La Traviata<\/em>, regia di Paul Curran @EnneviFoto<\/p>\n\n\n\n<figure class=\"wp-block-table\"><table class=\"has-fixed-layout\"><tbody><tr><td>Ufficio Stampa Fondazione Arena di VeronaVia Roma, 7\/D, 37121 Veronatel.045805.1861 \/.1905 \/.1891 \/.1939 \/.1847 \/.1942c.f.\/p.iva 00231130238<a href=\"http:\/\/www.arena.it\/\" target=\"_blank\" rel=\"noreferrer noopener\">www.arena.it<\/a><a href=\"https:\/\/arenadiverona.invionews.net\/nl\/pd4p8d\/x43lcdz\/jvuvytu\/uf\/10\/bWFpbHRvOnVmZmljaW8uc3RhbXBhQGFyZW5hZGl2ZXJvbmEuaXQ?_d=B81&amp;_c=9c81bd1c\" target=\"_blank\" rel=\"noreferrer noopener\">ufficio.stampa@arenadiverona.it<\/a><\/td><\/tr><\/tbody><\/table><\/figure>\n\n\n\n<figure class=\"wp-block-table\"><table class=\"has-fixed-layout\"><tbody><tr><td><img decoding=\"async\" alt=\"Il luogo pi\u00f9 italiano sulla Terra\u00ae\" width=\"166\" src=\"https:\/\/arenadiverona.invionews.net\/rsp\/pd4p8d\/if\/resizex\/332,null\/rs\/content\/piu_italiano.png?_d=B81&amp;_c=b55f6219\"><\/td><\/tr><\/tbody><\/table><\/figure>\n","protected":false},"excerpt":{"rendered":"<p>Ufficio stampa&nbsp;&nbsp;&nbsp;&nbsp;&nbsp;&nbsp;&nbsp;&nbsp;&nbsp;&nbsp;&nbsp;&nbsp;&nbsp;&nbsp;&nbsp;&nbsp;&nbsp;&nbsp;&nbsp;&nbsp;&nbsp;&nbsp;&nbsp;&nbsp;&nbsp;&nbsp;&nbsp;&nbsp;&nbsp;&nbsp;&nbsp;&nbsp;&nbsp;&nbsp;&nbsp;&nbsp;&nbsp;&nbsp;&nbsp;&nbsp;&nbsp;&nbsp;&nbsp;&nbsp;&nbsp;&nbsp;&nbsp;&nbsp;&nbsp;&nbsp;&nbsp;&nbsp;&nbsp;&nbsp;&nbsp;&nbsp;&nbsp;&nbsp;&nbsp;&nbsp;&nbsp;&nbsp;&nbsp;&nbsp;&nbsp;&nbsp;&nbsp;&nbsp;&nbsp;&nbsp;&nbsp;&nbsp;&nbsp;&nbsp;&nbsp;&nbsp;&nbsp;&nbsp;&nbsp;&nbsp;&nbsp;&nbsp;&nbsp;&nbsp;&nbsp;&nbsp;&nbsp;&nbsp;&nbsp;&nbsp;&nbsp;&nbsp;&nbsp;&nbsp;&nbsp;&nbsp;&nbsp;&nbsp;&nbsp;&nbsp;&nbsp;&nbsp;&nbsp; 02\/09\/2026 DAL 3 AL 5 SETTEMBRE, TURANDOT, AIDA E LA TRAVIATA: ARENA QUASI SOLD-OUT PER TRE SERE D\u2019OPERA [&hellip;]<\/p>\n","protected":false},"author":1,"featured_media":0,"comment_status":"open","ping_status":"open","sticky":false,"template":"","format":"standard","meta":{"footnotes":""},"categories":[1],"tags":[],"class_list":["post-95819","post","type-post","status-publish","format-standard","hentry","category-sin-categoria"],"_links":{"self":[{"href":"https:\/\/www.ecoitaliano.com.ar\/index.php?rest_route=\/wp\/v2\/posts\/95819","targetHints":{"allow":["GET"]}}],"collection":[{"href":"https:\/\/www.ecoitaliano.com.ar\/index.php?rest_route=\/wp\/v2\/posts"}],"about":[{"href":"https:\/\/www.ecoitaliano.com.ar\/index.php?rest_route=\/wp\/v2\/types\/post"}],"author":[{"embeddable":true,"href":"https:\/\/www.ecoitaliano.com.ar\/index.php?rest_route=\/wp\/v2\/users\/1"}],"replies":[{"embeddable":true,"href":"https:\/\/www.ecoitaliano.com.ar\/index.php?rest_route=%2Fwp%2Fv2%2Fcomments&post=95819"}],"version-history":[{"count":1,"href":"https:\/\/www.ecoitaliano.com.ar\/index.php?rest_route=\/wp\/v2\/posts\/95819\/revisions"}],"predecessor-version":[{"id":95823,"href":"https:\/\/www.ecoitaliano.com.ar\/index.php?rest_route=\/wp\/v2\/posts\/95819\/revisions\/95823"}],"wp:attachment":[{"href":"https:\/\/www.ecoitaliano.com.ar\/index.php?rest_route=%2Fwp%2Fv2%2Fmedia&parent=95819"}],"wp:term":[{"taxonomy":"category","embeddable":true,"href":"https:\/\/www.ecoitaliano.com.ar\/index.php?rest_route=%2Fwp%2Fv2%2Fcategories&post=95819"},{"taxonomy":"post_tag","embeddable":true,"href":"https:\/\/www.ecoitaliano.com.ar\/index.php?rest_route=%2Fwp%2Fv2%2Ftags&post=95819"}],"curies":[{"name":"wp","href":"https:\/\/api.w.org\/{rel}","templated":true}]}}