{"id":95824,"date":"2026-09-03T18:36:51","date_gmt":"2026-09-03T18:36:51","guid":{"rendered":"https:\/\/www.ecoitaliano.com.ar\/?p=95824"},"modified":"2026-09-03T18:36:52","modified_gmt":"2026-09-03T18:36:52","slug":"serena-conduce-operaclassica-eco-italiano-5484","status":"publish","type":"post","link":"https:\/\/www.ecoitaliano.com.ar\/?p=95824","title":{"rendered":"Serena conduce operaclassica eco italiano"},"content":{"rendered":"\n<figure class=\"wp-block-image size-full\"><a href=\"http:\/\/www.ecoitaliano.com.ar\/wp-content\/uploads\/2026\/09\/Screenshot-1682.png\"><img decoding=\"async\" width=\"282\" height=\"156\" src=\"http:\/\/www.ecoitaliano.com.ar\/wp-content\/uploads\/2026\/09\/Screenshot-1682.png\" alt=\"\" class=\"wp-image-95825\"\/><\/a><\/figure>\n\n\n\n<p><strong>IL REQUIEM DI GUERRA DI BRITTEN CON&nbsp;L<\/strong>\u2019<strong>ORCHESTRA RAI PER L<\/strong>\u2019<strong>INAUGURAZIONE DI MITO SETTEMBREMUSICA<\/strong><\/p>\n\n\n\n<p><strong>Il 6 settembre alla Scala di Milano e in diretta su Radio3; il 7 settembre all<\/strong>\u2019<strong>Auditorium Rai di Torino, con Simone Young sul podio<\/strong><\/p>\n\n\n\n<p>\u00abIo parlo di guerra, e della piet\u00e0 della guerra. La poesia \u00e8 nella piet\u00e0. Un poeta pu\u00f2 solo allertare\u00bb. Sono le parole del poeta inglese Wilfred Owen, stampate sul frontespizio della partitura del&nbsp;<em>War Requiem<\/em>&nbsp;op. 66 di Benjamin Britten,&nbsp;che <strong>domenica 6 settembre alle 20 alla Scala di Milano<\/strong> (con collegamento in diretta su Radio3) e<strong> luned\u00ec 7 settembre alle 20 a<\/strong>ll\u2019<strong>Auditorium Rai <\/strong><strong>\u201c<\/strong><strong>Arturo Toscanini<\/strong><strong>\u201d<\/strong><strong> di Torino<\/strong>, inaugura il <strong>Festival MITO SettembreMusica<\/strong>, celebrando anche il cinquantenario della scomparsa del grande compositore inglese. Protagonista l\u2019<strong>Orchestra Sinfonica Nazionale della Rai <\/strong>diretta da <strong>Simone Young<\/strong> e affiancata dal <strong>Coro e dal Coro di Voci Bianche del Teatro Regio di Torino<\/strong> (diretti rispettivamente da <strong>Gea Garatti Ansini<\/strong> e da <strong>Claudio Fenoglio<\/strong>), dal soprano <strong>Elena Guseva<\/strong>, dal tenore<strong> Allan Clayton <\/strong>e dal baritono<strong> Bo Skovhus<\/strong>.<\/p>\n\n\n\n<p>Il&nbsp;<em>War Requiem&nbsp;<\/em>\u00e8 un\u2019opera mastodontica e lacerante, radicalmente antibellica, organizzata su tre piani distinti, che talvolta si intersecano. Una&nbsp;grande orchestra con coro e voce di soprano, che intonano il testo latino liturgico della<em>Missa pro defunctis<\/em>, e rappresentano la tradizione religiosa. Due voci maschili di tenore e baritono&nbsp;accompagnate da un\u2019orchestra da camera, che cantano testi del poeta Wilfred Owen, morto sul campo di battaglia della prima guerra mondiale, che rappresentano due soldati e la cruda realt\u00e0 della guerra.&nbsp;Un coro di bambini, accompagnato dall\u2019organo, a simboleggiare la purezza e l\u2019innocenza.<\/p>\n\n\n\n<p>Il capolavoro di Britten si presenta musicalmente come un flusso continuo di emotivit\u00e0, che passa dal sacro al profano, creando forti contrasti tra la dimensione remota e atemporale della liturgia e il presente crudo e violento dei testi poetici di Owen.&nbsp;Il poeta inglese mor\u00ec nel 1918 a venticinque anni, a una settimana dall\u2019armistizio che pose fine alla prima guerra mondiale. Le sue poesie furono pubblicate postume nel 1920.&nbsp;Vent\u2019anni dopo, il&nbsp;15 novembre 1940, quando Britten aveva ventisette anni e si trovava negli Stati Uniti, la citt\u00e0 inglese di Coventry, nei pressi di Birmingham, fu quasi interamente distrutta da un bombardamento tedesco. L\u2019episodio divenne talmente emblematico della rovinosa violenza della seconda guerra mondiale, che nacque un neologismo: \u201ccoventrizzare\u201d, utilizzato per indicare la distruzione totale di un luogo.&nbsp;Solo ventidue anni dopo, nel maggio del 1962, la citt\u00e0 pot\u00e9 celebrare la sua definitiva rinascita, con la cerimonia di consacrazione della ricostruita cattedrale di St. Michael. Per l\u2019occasione venne commissionata proprio a Britten, il&nbsp;pi\u00f9 importante compositore inglese dell\u2019epoca, un\u2019opera sinfonico-corale: il&nbsp;<em>War Requiem,&nbsp;<\/em>che godette di fama e fortuna rare.<\/p>\n\n\n\n<p>La partitura fu dedicata alla memoria di quattro militari di marina deceduti: Roger Burney, sottotenente della Royal Naval Volunteer Riserve, Piers Dunkerley, Capitano dei Royal Marines, David Gill, marinaio della Royal Navy, uccisi durante la seconda guerra mondiale; Michael Halliday, tenente della Royal New Zeland Naval Volunteer Reserve, morto suicida diversi anni dopo.<\/p>\n\n\n\n<p>La personalit\u00e0 specificamente teatrale di Britten, che proprio con opere come&nbsp;<em>Peter Grimes<\/em>,&nbsp;<em>Billy Budd<\/em>&nbsp;e&nbsp;<em>The Turn of the Screw<\/em>&nbsp;aveva ottenuto i suoi pi\u00f9 grandi successi, traspare con netta evidenza anche nel&nbsp;<em>War Requiem<\/em>, tanto che il paragone pi\u00f9 frequentemente utilizzato \u00e8 quello con la <em>Messa da Requiem <\/em>di Verdi, opera sacra e teatrale al tempo stesso. Ma la sostanza drammatica della pagina non \u00e8 un aspetto superficiale; risponde piuttosto a un\u2019esigenza profonda del suo autore, che \u00e8 quella di conciliare la spettacolarit\u00e0 di un organico orchestrale e corale grandioso, con il bisogno di riflettere la dimensione pi\u00f9 raccolta della musica da camera. Integrazione peraltro perfettamente riuscita, grazie anche alla scelta di giustapporre testi liturgici e poesie novecentesche, in una simbiosi perfetta, nella quale le due fonti traggono forza le une dalle altre.<\/p>\n\n\n\n<p>A interpretare il<em>War Requiem<\/em>&nbsp;in occasione dei due concerti inaugurali del Festival MITO \u2013 arrivato alla sua 20esima edizione, la prima firmata da Speranza Scappucci \u2013 \u00e8 la direttrice&nbsp; d\u2019orchestra australiana Simone Young, che dal 2022&nbsp;ricopre il ruolo di Direttrice Principale della Sydney Symphony Orchestra, dopo essere stata&nbsp;Direttrice Artistica della Staatsoper di Amburgo e Direttrice Musicale Generale della Philharmonisches Staatsorchester della stessa citt\u00e0 tedesca, Direttrice Principale della Bergen Philharmonic Orchestra e Direttrice Artistica di Opera Australia a Sydney e Melbourne. Simone Young \u00e8 ospite regolare di orchestre come i&nbsp;Wiener Philharmoniker, i Berliner Philharmoniker, la Chicago Symphony Orchestra, la New York Philharmonic, la Los Angeles Philharmonic, la Symphonieorchester des Bayerischen Rundfunks e la London Philharmonic Orchestra, oltre che dei principali teatri del mondo, dalla&nbsp;Wiener Staatsoper all\u2019Op\u00e9ra national de Paris, dalla Royal Opera House di Londra alla Metropolitan Opera di New York, fino alla Scala di Milano, dove ha recentemente diretto il ciclo integrale&nbsp;<em>Der Ring des Nibelungen<\/em>&nbsp;di Wagner. \u00c8 al suo debutto sul podio dell\u2019Orchestra Sinfonica Nazionale della Rai.<\/p>\n\n\n\n<p>Informazioni di biglietteria:<a href=\"http:\/\/www.mitosettembremusica.it\" target=\"_blank\" rel=\"noreferrer noopener\">&nbsp;www.mitosettembremusica.it<\/a><\/p>\n\n\n\n<p>foto<\/p>\n\n\n\n<figure class=\"wp-block-gallery has-nested-images columns-default is-cropped wp-block-gallery-1 is-layout-flex wp-block-gallery-is-layout-flex\">\n<figure class=\"wp-block-image size-large\"><a href=\"https:\/\/www.ecoitaliano.com.ar\/wp-content\/uploads\/2026\/09\/Orchestra-Rai_SergioBertani240329-86.jpg\"><img decoding=\"async\" width=\"1024\" height=\"683\" data-id=\"95826\" src=\"https:\/\/www.ecoitaliano.com.ar\/wp-content\/uploads\/2026\/09\/Orchestra-Rai_SergioBertani240329-86-1024x683.jpg\" alt=\"\" class=\"wp-image-95826\" srcset=\"https:\/\/www.ecoitaliano.com.ar\/wp-content\/uploads\/2026\/09\/Orchestra-Rai_SergioBertani240329-86-1024x683.jpg 1024w, https:\/\/www.ecoitaliano.com.ar\/wp-content\/uploads\/2026\/09\/Orchestra-Rai_SergioBertani240329-86-300x200.jpg 300w, https:\/\/www.ecoitaliano.com.ar\/wp-content\/uploads\/2026\/09\/Orchestra-Rai_SergioBertani240329-86-768x512.jpg 768w, https:\/\/www.ecoitaliano.com.ar\/wp-content\/uploads\/2026\/09\/Orchestra-Rai_SergioBertani240329-86-1536x1024.jpg 1536w, https:\/\/www.ecoitaliano.com.ar\/wp-content\/uploads\/2026\/09\/Orchestra-Rai_SergioBertani240329-86-2048x1366.jpg 2048w\" sizes=\"(max-width: 1024px) 100vw, 1024px\" \/><\/a><\/figure>\n\n\n\n<figure class=\"wp-block-image size-large\"><a href=\"https:\/\/www.ecoitaliano.com.ar\/wp-content\/uploads\/2026\/09\/Orchestra-Rai_Piu\u2560CLuce\u252c\u00ae2019-20n5-116.jpg\"><img decoding=\"async\" width=\"1024\" height=\"684\" data-id=\"95827\" src=\"https:\/\/www.ecoitaliano.com.ar\/wp-content\/uploads\/2026\/09\/Orchestra-Rai_Piu\u2560CLuce\u252c\u00ae2019-20n5-116-1024x684.jpg\" alt=\"\" class=\"wp-image-95827\" srcset=\"https:\/\/www.ecoitaliano.com.ar\/wp-content\/uploads\/2026\/09\/Orchestra-Rai_Piu\u2560CLuce\u252c\u00ae2019-20n5-116-1024x684.jpg 1024w, https:\/\/www.ecoitaliano.com.ar\/wp-content\/uploads\/2026\/09\/Orchestra-Rai_Piu\u2560CLuce\u252c\u00ae2019-20n5-116-300x200.jpg 300w, https:\/\/www.ecoitaliano.com.ar\/wp-content\/uploads\/2026\/09\/Orchestra-Rai_Piu\u2560CLuce\u252c\u00ae2019-20n5-116-768x513.jpg 768w, https:\/\/www.ecoitaliano.com.ar\/wp-content\/uploads\/2026\/09\/Orchestra-Rai_Piu\u2560CLuce\u252c\u00ae2019-20n5-116-1536x1025.jpg 1536w, https:\/\/www.ecoitaliano.com.ar\/wp-content\/uploads\/2026\/09\/Orchestra-Rai_Piu\u2560CLuce\u252c\u00ae2019-20n5-116-2048x1367.jpg 2048w\" sizes=\"(max-width: 1024px) 100vw, 1024px\" \/><\/a><\/figure>\n\n\n\n<figure class=\"wp-block-image size-large\"><a href=\"https:\/\/www.ecoitaliano.com.ar\/wp-content\/uploads\/2026\/09\/Orchestra-Rai_Piu\u2560CLuce\u252c\u00ae2019-20n5-43.jpg\"><img decoding=\"async\" width=\"1024\" height=\"618\" data-id=\"95828\" src=\"https:\/\/www.ecoitaliano.com.ar\/wp-content\/uploads\/2026\/09\/Orchestra-Rai_Piu\u2560CLuce\u252c\u00ae2019-20n5-43-1024x618.jpg\" alt=\"\" class=\"wp-image-95828\" srcset=\"https:\/\/www.ecoitaliano.com.ar\/wp-content\/uploads\/2026\/09\/Orchestra-Rai_Piu\u2560CLuce\u252c\u00ae2019-20n5-43-1024x618.jpg 1024w, https:\/\/www.ecoitaliano.com.ar\/wp-content\/uploads\/2026\/09\/Orchestra-Rai_Piu\u2560CLuce\u252c\u00ae2019-20n5-43-300x181.jpg 300w, https:\/\/www.ecoitaliano.com.ar\/wp-content\/uploads\/2026\/09\/Orchestra-Rai_Piu\u2560CLuce\u252c\u00ae2019-20n5-43-768x463.jpg 768w, https:\/\/www.ecoitaliano.com.ar\/wp-content\/uploads\/2026\/09\/Orchestra-Rai_Piu\u2560CLuce\u252c\u00ae2019-20n5-43-1536x927.jpg 1536w, https:\/\/www.ecoitaliano.com.ar\/wp-content\/uploads\/2026\/09\/Orchestra-Rai_Piu\u2560CLuce\u252c\u00ae2019-20n5-43-2048x1235.jpg 2048w\" sizes=\"(max-width: 1024px) 100vw, 1024px\" \/><\/a><\/figure>\n<\/figure>\n","protected":false},"excerpt":{"rendered":"<p>IL REQUIEM DI GUERRA DI BRITTEN CON&nbsp;L\u2019ORCHESTRA RAI PER L\u2019INAUGURAZIONE DI MITO SETTEMBREMUSICA Il 6 settembre alla Scala di Milano [&hellip;]<\/p>\n","protected":false},"author":1,"featured_media":0,"comment_status":"open","ping_status":"open","sticky":false,"template":"","format":"standard","meta":{"footnotes":""},"categories":[1],"tags":[],"class_list":["post-95824","post","type-post","status-publish","format-standard","hentry","category-sin-categoria"],"_links":{"self":[{"href":"https:\/\/www.ecoitaliano.com.ar\/index.php?rest_route=\/wp\/v2\/posts\/95824","targetHints":{"allow":["GET"]}}],"collection":[{"href":"https:\/\/www.ecoitaliano.com.ar\/index.php?rest_route=\/wp\/v2\/posts"}],"about":[{"href":"https:\/\/www.ecoitaliano.com.ar\/index.php?rest_route=\/wp\/v2\/types\/post"}],"author":[{"embeddable":true,"href":"https:\/\/www.ecoitaliano.com.ar\/index.php?rest_route=\/wp\/v2\/users\/1"}],"replies":[{"embeddable":true,"href":"https:\/\/www.ecoitaliano.com.ar\/index.php?rest_route=%2Fwp%2Fv2%2Fcomments&post=95824"}],"version-history":[{"count":1,"href":"https:\/\/www.ecoitaliano.com.ar\/index.php?rest_route=\/wp\/v2\/posts\/95824\/revisions"}],"predecessor-version":[{"id":95829,"href":"https:\/\/www.ecoitaliano.com.ar\/index.php?rest_route=\/wp\/v2\/posts\/95824\/revisions\/95829"}],"wp:attachment":[{"href":"https:\/\/www.ecoitaliano.com.ar\/index.php?rest_route=%2Fwp%2Fv2%2Fmedia&parent=95824"}],"wp:term":[{"taxonomy":"category","embeddable":true,"href":"https:\/\/www.ecoitaliano.com.ar\/index.php?rest_route=%2Fwp%2Fv2%2Fcategories&post=95824"},{"taxonomy":"post_tag","embeddable":true,"href":"https:\/\/www.ecoitaliano.com.ar\/index.php?rest_route=%2Fwp%2Fv2%2Ftags&post=95824"}],"curies":[{"name":"wp","href":"https:\/\/api.w.org\/{rel}","templated":true}]}}