{"id":95830,"date":"2026-09-03T18:39:52","date_gmt":"2026-09-03T18:39:52","guid":{"rendered":"https:\/\/www.ecoitaliano.com.ar\/?p=95830"},"modified":"2026-09-03T18:39:53","modified_gmt":"2026-09-03T18:39:53","slug":"serena-conduce-operaclassica-eco-italiano-5485","status":"publish","type":"post","link":"https:\/\/www.ecoitaliano.com.ar\/?p=95830","title":{"rendered":"Serena conduce operaclassica eco italiano"},"content":{"rendered":"<div class=\"wp-block-image\">\n<figure class=\"aligncenter size-large is-resized\"><a href=\"https:\/\/www.ecoitaliano.com.ar\/wp-content\/uploads\/2026\/09\/image-2-4.jpg\"><img decoding=\"async\" width=\"1024\" height=\"208\" src=\"https:\/\/www.ecoitaliano.com.ar\/wp-content\/uploads\/2026\/09\/image-2-4-1024x208.jpg\" alt=\"\" class=\"wp-image-95831\" style=\"width:523px;height:auto\" srcset=\"https:\/\/www.ecoitaliano.com.ar\/wp-content\/uploads\/2026\/09\/image-2-4-1024x208.jpg 1024w, https:\/\/www.ecoitaliano.com.ar\/wp-content\/uploads\/2026\/09\/image-2-4-300x61.jpg 300w, https:\/\/www.ecoitaliano.com.ar\/wp-content\/uploads\/2026\/09\/image-2-4-768x156.jpg 768w, https:\/\/www.ecoitaliano.com.ar\/wp-content\/uploads\/2026\/09\/image-2-4-1536x313.jpg 1536w, https:\/\/www.ecoitaliano.com.ar\/wp-content\/uploads\/2026\/09\/image-2-4-2048x417.jpg 2048w\" sizes=\"(max-width: 1024px) 100vw, 1024px\" \/><\/a><\/figure><\/div>\n\n\n<figure class=\"wp-block-table\"><table class=\"has-fixed-layout\"><tbody><tr><td>comunicato stampa<strong>MITO SETTEMBREMUSICA 2026 \u201cHARMONIA\u201d<\/strong><br><strong>SI APRE CON IL\u00a0<em>WAR REQUIEM<\/em>\u00a0DI BENJAMIN BRITTEN<\/strong><br><br><em>Domenica 6 settembre al Teatro alla Scala di Milano e luned\u00ec 7 settembre all\u2019Auditorium Rai di Torino il capolavoro pacifista del Novecento inaugura la ventesima edizione del festival<\/em><br><br><em>Sul podio Simone Young, alla guida dell\u2019Orchestra Sinfonica Nazionale della Rai, del Coro e del Coro di voci bianche del Teatro Regio Torino. Solisti Elena Guseva, Nicky Spence e Bo Skovhus<\/em><br><br><strong><em>Milano, Teatro alla Scala, domenica 6 settembre, ore 20<\/em><\/strong><br><strong><em>Torino, Auditorium Rai Arturo Toscanini, luned\u00ec 7 settembre, ore 20<\/em><\/strong><br>Sar\u00e0 il\u00a0<strong><em>War Requiem<\/em><\/strong>\u00a0op. 66 di Benjamin<strong>\u00a0Britten<\/strong>\u00a0ad aprire la\u00a0<strong>ventesima edizione<\/strong>\u00a0di\u00a0<strong>MITO SettembreMusica<\/strong>, in programma a Milano e Torino dal 6 al 20 settembre 2026 e dedicata, nel primo cartellone firmato dalla direttrice artistica\u00a0<strong>Speranza Scappucci<\/strong>, al tema\u00a0<strong>Harmonia<\/strong>.<br><br>Il concerto inaugurale del festival, presieduto da\u00a0<strong>Alberto Meomartini<\/strong>, si terr\u00e0\u00a0<strong>domenica 6 settembre alle ore 20 al Teatro alla Scala di Milano<\/strong>\u00a0(con collegamento in diretta su Radio3) e sar\u00e0 replicato\u00a0<strong>luned\u00ec 7 settembre alle ore 20 all\u2019Auditorium Rai Arturo Toscanini di Torino<\/strong>. Protagonisti saranno l\u2019<strong>Orchestra Sinfonica Nazionale della Rai<\/strong>, il\u00a0<strong>Coro e il Coro di voci bianche del Teatro Regio Torino<\/strong>, preparati rispettivamente da\u00a0<strong>Gea Garatti Ansini<\/strong>\u00a0e\u00a0<strong>Claudio Fenoglio<\/strong>, con la direzione di\u00a0<strong>Simone Young<\/strong>. Le parti solistiche saranno affidate al soprano\u00a0<strong>Elena Guseva<\/strong>, al tenore\u00a0<strong>Nicky Spence<\/strong>\u00a0e al baritono\u00a0<strong>Bo Skovhus<\/strong>. Entrambi gli appuntamenti sono realizzati grazie al\u00a0<em>Presenting Partner<\/em><strong>\u00a0Intesa Sanpaolo<\/strong>.<br><br>Nel cinquantenario della morte di Britten, MITO SettembreMusica sceglie dunque di inaugurare il proprio percorso con una delle partiture pi\u00f9 alte del secondo Novecento: un\u2019opera monumentale, di circa ottantacinque minuti, che intreccia il testo latino della\u00a0<em>Missa pro defunctis<\/em>\u00a0con i versi di\u00a0<strong>Wilfred Owen<\/strong>, giovane ufficiale e poeta inglese caduto in Francia il 4 novembre 1918, pochi giorni prima dell\u2019armistizio. La frase posta da Britten in apertura della partitura, \u00abIl mio soggetto \u00e8 la guerra, e la piet\u00e0 della guerra. La poesia sta nella piet\u00e0\u2026 Tutto ci\u00f2 che un poeta pu\u00f2 fare oggi \u00e8 ammonire\u00bb, ne dichiara con chiarezza il senso profondo: una riflessione radicale e un ammonimento sull\u2019assurdit\u00e0 e sull\u2019immoralit\u00e0 della guerra.<br><br>Composto per la consacrazione della nuova Cattedrale di Coventry, ricostruita accanto alle rovine dell\u2019edificio medievale distrutto dai bombardamenti tedeschi nella notte tra il 13 e il 14 novembre 1940, il\u00a0<em>War Requiem<\/em>\u00a0fu eseguito per la prima volta il 30 maggio 1962. Britten vi costru\u00ec una drammaturgia sonora di straordinaria forza simbolica: al soprano, al grande coro, alla grande orchestra e al coro di voci bianche sono affidate le sezioni liturgiche in latino; al tenore e al baritono, accompagnati da un ensemble strumentale pi\u00f9 raccolto, le poesie di Owen. Due mondi espressivi diversi \u2013 il rito collettivo e la voce individuale, la memoria religiosa e l\u2019esperienza concreta della trincea \u2013 si guardano, si interrogano, talvolta si contraddicono, fino a confluire nel\u00a0<em>Libera me<\/em>\u00a0conclusivo. \u00c8 proprio in questa struttura, fatta di piani sonori e poetici distinti, posti in continua relazione, che il\u00a0<em>War Requiem<\/em>\u00a0diventa il manifesto ideale di\u00a0<strong>Harmonia<\/strong>, l\u2019armonia evocata dal festival che non \u00e8 assenza di tensione ma capacit\u00e0 di attraversare il conflitto e trasformare il dolore in responsabilit\u00e0 condivisa.<br><br>A dare voce a questa partitura sar\u00e0 una compagine di particolare rilievo.\u00a0<strong>Simone Young<\/strong>, tra le direttrici pi\u00f9 importanti della scena internazionale, sale per la prima volta sul podio dell\u2019<strong>Orchestra Sinfonica Nazionale della Rai<\/strong>, impegnata nell\u2019esecuzione insieme al\u00a0<strong>Coro e al Coro di voci bianche del Teatro Regio Torino<\/strong>\u00a0diretti rispettivamente da\u00a0<strong>Gea Garatti Ansini<\/strong>\u00a0e\u00a0<strong>Claudio Fenoglio<\/strong>. Il cast vocale riunisce il soprano\u00a0<strong>Elena Guseva<\/strong>, applaudita nei principali teatri europei, cui \u00e8 affidata una parte luminosa e insieme tragica, il tenore\u00a0<strong>Nicky Spence\u00a0<\/strong>(che sostituisce il previsto Clayton Allan) dar\u00e0 voce ai versi di Owen insieme al baritono danese\u00a0<strong>Bo Skovhus<\/strong>, artista tra i pi\u00f9 autorevoli della sua generazione e interprete di un repertorio vastissimo, dal teatro musicale tedesco al Novecento e alla contemporaneit\u00e0.<br><br>La programmazione di\u00a0<strong>MITO SettembreMusica<\/strong>\u00a0proseguir\u00e0 fino al 20 settembre con oltre sessanta appuntamenti tra Milano e Torino, attraversando antico e contemporaneo, repertorio classico e nuove creazioni, grandi interpreti internazionali e giovani talenti, luoghi simbolici delle due citt\u00e0 e spazi meno consueti. Dopo l\u2019apertura affidata al\u00a0<em>War Requiem<\/em>, il cartellone accoglier\u00e0, tra gli altri, la Filarmonica della Scala con Riccardo Chailly, William Christie con Les Arts Florissants, la nuova commissione\u00a0<em>KAOS<\/em>\u00a0di Paola Prestini diretta da Michele Mariotti, lo\u00a0<em>Stabat Mater<\/em>\u00a0di Rossini diretto da Speranza Scappucci con i giovani dei Conservatori di Milano e Torino, David Fray con le\u00a0<em>Variazioni Goldberg<\/em>\u00a0e i Bamberger Symphoniker con Jakub Hr\u016f\u0161a.<br><br><strong>domenica 6 settembre 2026, ore 20<\/strong><br>Milano, Teatro alla Scala<br><strong>luned\u00ec 7 settembre 2026, ore 20<\/strong><br>Torino, Auditorium Rai Arturo Toscanini<br>\u00a0<br><strong>Benjamin Britten<\/strong><br><em>War Requiem<\/em>\u00a0op. 66<br>per soli, coro, coro di ragazzi, orchestra e orchestra da camera<br>Testo tratto dalla\u00a0<em>Missa pro defunctis<\/em>\u00a0e da versi di Wilfred Owen<br>\u00a0<br><strong>Orchestra Sinfonica Nazionale della Rai<\/strong><br><strong>Coro e Coro di voci bianche Teatro Regio Torino<\/strong><br><strong>Elena Guseva<\/strong>, soprano<br><strong>Nicky Spence<\/strong>, tenore<br><strong>Bo Skovhus<\/strong>, baritono<br><strong>Gea Garatti Ansini<\/strong>, maestro del coro<br><strong>Claudio Fenoglio<\/strong>, maestro del coro di voci bianche<br><strong>Simone Young<\/strong>, direttrice<br>\u00a0<br><strong>Presenting Partner<\/strong>\u00a0Intesa Sanpaolo<br>\u00a0<br>Australiana, Simone Young dal 2022 ricopre il ruolo di Direttrice Principale della Sydney Symphony Orchestra, dopo essere stata Direttrice Artistica della Staatsoper di Amburgo e Direttrice Musicale Generale della Philharmonisches Staatsorchester della stessa citt\u00e0 tedesca, Direttrice Principale della Bergen Philharmonic Orchestra e Direttrice Artistica di Opera Australia a Sydney e Melbourne. \u00c8 ospite regolare di orchestre come i Wiener Philharmoniker, i Berliner Philharmoniker, la Chicago Symphony Orchestra, la New York Philharmonic, la Los Angeles Philharmonic, la Symphonieorchester des Bayerischen Rundfunks e la London Philharmonic Orchestra, oltre che dei principali teatri del mondo, dalla Wiener Staatsoper all\u2019Op\u00e9ra national de Paris, dalla Royal Opera House di Londra alla Metropolitan Opera di New York, fino alla Scala di Milano, dove ha recentemente diretto il ciclo integrale\u00a0<em>Der Ring des Nibelungen<\/em>\u00a0di Wagner.<br>\u00a0<br>MITO SettembreMusica, con la presidenza di Alberto Meomartini e la direzione artistica di Speranza Scappucci, \u00e8 un progetto delle Citt\u00e0 di Torino e Milano, con il contributo del Ministero della Cultura e della Regione Piemonte, realizzato dalla Fondazione per la Cultura Torino e dalla Fondazione I Pomeriggi Musicali, Partner Intesa Sanpaolo, con il sostegno della Fondazione Compagnia di San Paolo e della Fondazione CRT, degli sponsor Iren, Pirelli, Fondazione Fiera Milano, con il supporto di Jacobacci &amp; Partners e del Charity Partner Fondazione Allegra Agnelli per la Ricerca sul Cancro.<br>La Rai con Rai Cultura e Radio3 \u00e8 Media partner del Festival insieme a Sky Classica e Pi\u00f9 Classica.<br>\u00a0<br><a href=\"http:\/\/www.mitosettembremusica.it\/\" target=\"_blank\" rel=\"noreferrer noopener\">www.mitosettembremusica.it<\/a><br>\u00a0<br><strong>Costo dei biglietti<\/strong><br>concerti a Milano > da euro 5 a euro 50<br>concerti a Torino > da euro 1 a euro 40<br>Sono previsti carnet e varie tipologie di pass<br>\u00a0<br><strong>Biglietteria online<\/strong><br>ticketone.it (concerti a Milano)<br>vivaticket.it (concerti a Torino)<br>\u00a0<br><strong>Milano<\/strong><br>Biglietteria TicketOne &#8211; Teatro Dal Verme<br>via San Giovanni sul Muro, 2 &#8211; Milano<br>Tel. +39 02 87905 201<br><a href=\"mailto:biglietteriamito@ipomeriggi.it\" target=\"_blank\" rel=\"noreferrer noopener\">biglietteriamito@ipomeriggi.it<\/a><br>La biglietteria \u00e8 aperta da marted\u00ec a sabato ore 10-18 \/<br>\u00a0<br><strong>Torino<\/strong><br>Nuova sede piazza Palazzo di Citt\u00e0 5\/A<br>+39 011 4249144<br><a href=\"mailto:biglietteria@fpct.it\" target=\"_blank\" rel=\"noreferrer noopener\">biglietteria@fpct.it<\/a><br>La biglietteria \u00e8 aperta tutti i giorni, ore 10.30 \u2013 18<br>\u00a0<br>Se ancora disponibili, i biglietti saranno messi in vendita anche il giorno del concerto, a partire da 45 minuti prima dell\u2019inizio presso la biglietteria della relativa sede.\u00a0<br>Milano\/Torino, 2 settembre 2026 (f.t.)<\/td><\/tr><\/tbody><\/table><\/figure>\n\n\n\n<figure class=\"wp-block-table\"><table class=\"has-fixed-layout\"><tbody><tr><td><img decoding=\"async\" alt=\"\" src=\"https:\/\/mcusercontent.com\/9aecf99759cc1d6c0a0ef9c1d\/images\/627ecaff-49a8-f5e4-e680-556f726a02c9.png\" width=\"564\"><\/td><\/tr><\/tbody><\/table><\/figure>\n\n\n\n<p><\/p>\n\n\n\n<p><\/p>\n","protected":false},"excerpt":{"rendered":"<p>comunicato stampaMITO SETTEMBREMUSICA 2026 \u201cHARMONIA\u201dSI APRE CON IL\u00a0WAR REQUIEM\u00a0DI BENJAMIN BRITTEN Domenica 6 settembre al Teatro alla Scala di Milano [&hellip;]<\/p>\n","protected":false},"author":1,"featured_media":0,"comment_status":"open","ping_status":"open","sticky":false,"template":"","format":"standard","meta":{"footnotes":""},"categories":[1],"tags":[],"class_list":["post-95830","post","type-post","status-publish","format-standard","hentry","category-sin-categoria"],"_links":{"self":[{"href":"https:\/\/www.ecoitaliano.com.ar\/index.php?rest_route=\/wp\/v2\/posts\/95830","targetHints":{"allow":["GET"]}}],"collection":[{"href":"https:\/\/www.ecoitaliano.com.ar\/index.php?rest_route=\/wp\/v2\/posts"}],"about":[{"href":"https:\/\/www.ecoitaliano.com.ar\/index.php?rest_route=\/wp\/v2\/types\/post"}],"author":[{"embeddable":true,"href":"https:\/\/www.ecoitaliano.com.ar\/index.php?rest_route=\/wp\/v2\/users\/1"}],"replies":[{"embeddable":true,"href":"https:\/\/www.ecoitaliano.com.ar\/index.php?rest_route=%2Fwp%2Fv2%2Fcomments&post=95830"}],"version-history":[{"count":1,"href":"https:\/\/www.ecoitaliano.com.ar\/index.php?rest_route=\/wp\/v2\/posts\/95830\/revisions"}],"predecessor-version":[{"id":95832,"href":"https:\/\/www.ecoitaliano.com.ar\/index.php?rest_route=\/wp\/v2\/posts\/95830\/revisions\/95832"}],"wp:attachment":[{"href":"https:\/\/www.ecoitaliano.com.ar\/index.php?rest_route=%2Fwp%2Fv2%2Fmedia&parent=95830"}],"wp:term":[{"taxonomy":"category","embeddable":true,"href":"https:\/\/www.ecoitaliano.com.ar\/index.php?rest_route=%2Fwp%2Fv2%2Fcategories&post=95830"},{"taxonomy":"post_tag","embeddable":true,"href":"https:\/\/www.ecoitaliano.com.ar\/index.php?rest_route=%2Fwp%2Fv2%2Ftags&post=95830"}],"curies":[{"name":"wp","href":"https:\/\/api.w.org\/{rel}","templated":true}]}}