{"id":95862,"date":"2026-09-04T22:52:02","date_gmt":"2026-09-04T22:52:02","guid":{"rendered":"https:\/\/www.ecoitaliano.com.ar\/?p=95862"},"modified":"2026-09-04T22:52:03","modified_gmt":"2026-09-04T22:52:03","slug":"serena-conduce-operaclassica-eco-italiano-5488","status":"publish","type":"post","link":"https:\/\/www.ecoitaliano.com.ar\/?p=95862","title":{"rendered":"Serena conduce operaclassica eco italiano"},"content":{"rendered":"<div class=\"wp-block-image\">\n<figure class=\"aligncenter size-full is-resized\"><a href=\"http:\/\/www.ecoitaliano.com.ar\/wp-content\/uploads\/2026\/09\/Screenshot-1233.png\"><img decoding=\"async\" width=\"255\" height=\"253\" src=\"http:\/\/www.ecoitaliano.com.ar\/wp-content\/uploads\/2026\/09\/Screenshot-1233.png\" alt=\"\" class=\"wp-image-95863\" style=\"width:156px;height:auto\" srcset=\"https:\/\/www.ecoitaliano.com.ar\/wp-content\/uploads\/2026\/09\/Screenshot-1233.png 255w, https:\/\/www.ecoitaliano.com.ar\/wp-content\/uploads\/2026\/09\/Screenshot-1233-150x150.png 150w\" sizes=\"(max-width: 255px) 100vw, 255px\" \/><\/a><\/figure><\/div>\n\n\n<h1 class=\"wp-block-heading\"><br>Drusilla Foer<\/h1>\n\n\n\n<h1 class=\"wp-block-heading\">Sergej Prokof\u2019ev \u2013 \u201cPierino e il lupo\u201d<\/h1>\n\n\n\n<h1 class=\"wp-block-heading\">&nbsp;<\/h1>\n\n\n\n<h2 class=\"wp-block-heading\">Gioved\u00ec 10 settembre 2026 alle ore 20, nella Sala Mehta del Teatro del Maggio, il primo appuntamento in calendario dopo la pausa estiva.<\/h2>\n\n\n\n<h2 class=\"wp-block-heading\"><strong>Sul podio dell\u2019Orchestra del Maggio<\/strong><strong>,&nbsp;il maestro Salvatore Percacciolo.<\/strong><\/h2>\n\n\n\n<h2 class=\"wp-block-heading\"><strong>In cartellone le musiche di&nbsp;<\/strong>Gioachino Rossini, Franz Joseph Haydn e Sergej Prokof\u2019ev.<\/h2>\n\n\n\n<h2 class=\"wp-block-heading\">&nbsp;<\/h2>\n\n\n\n<h2 class=\"wp-block-heading\">Drusilla Foer, al suo debutto al Maggio,&nbsp;interpreta&nbsp;<em>Pierino e il lupo<\/em><\/h2>\n\n\n\n<h2 class=\"wp-block-heading\">&nbsp;<\/h2>\n\n\n\n<h2 class=\"wp-block-heading\"><em>Foer \u00e8 interprete anche del secondo appuntamento sinfonico, il 13 settembre alle ore 18, con la direzione di Timothy Brock &nbsp;per l\u2019esecuzione delle&nbsp;<\/em>Songs<em>&nbsp;di Kurt Weill<\/em><\/h2>\n\n\n\n<p><strong><em>Firenze,&nbsp;<\/em><\/strong><strong><em>4&nbsp;settembre 2026<\/em><\/strong>&nbsp;\u2013 Dopo la sosta estiva, riprendono gli appuntamenti del Teatro del Maggio Musicale Fiorentino con&nbsp;due&nbsp;concerti; il primo \u00e8&nbsp;in programma&nbsp;<strong>gioved\u00ec 10 settembre alle ore 20&nbsp;<\/strong><strong>nella&nbsp;<\/strong><strong>Sala Mehta&nbsp;<\/strong><strong>del Teatro.<\/strong><strong>&nbsp;Il secondo appuntamento in cartellone \u00e8 con il concerto del&nbsp;<u>13 settembre alle ore 18 in sala Mehta<\/u>. Entrambi i concerti con l\u2019Orchestra del Maggio, hanno come protagonista&nbsp;<\/strong><strong>Drusilla Foer<\/strong><strong>&nbsp;al suo debutto al Maggio.<\/strong><\/p>\n\n\n\n<p>Gioved\u00ec 10 settembre alle ore 20, sul podio dell\u2019<strong>Orchestra del Maggio Musicale Fiorentino<\/strong>&nbsp;torna dunque&nbsp;il maestro&nbsp;<strong>Salvatore Percacciolo<\/strong>,&nbsp;che mette in locandina musiche di Rossini, Haydn e Prokof\u2019ev. &nbsp;<\/p>\n\n\n\n<p>Il concerto si apre con la&nbsp;<strong><em><u>Sinfonia<\/u><\/em><\/strong><strong><u>&nbsp;tratta da<\/u><\/strong><strong><u>&nbsp;<\/u><\/strong><strong><u>\u201cL\u2019Italiana in Algeri\u201d<\/u><\/strong><strong>&nbsp;di<\/strong><strong>&nbsp;Gioachino Rossini<\/strong>, brillante ouverture dell\u2019opera buffa composta dal musicista pesarese nel 1813 a cui segue la&nbsp;\u201c<strong><u>Sinfonia n. 94 in sol maggiore Hob:I:94<\/u><\/strong><strong>\u201d<\/strong><strong>&nbsp;di Franz Joseph Haydn<\/strong>, detta \u201cLa sorpresa\u201d.&nbsp;&nbsp;Nella seconda parte del&nbsp;programma&nbsp;<strong>\u201c<u>Pierino e il lupo<\/u>\u201d<\/strong>, una delle composizioni pi\u00f9 amate e conosciute di&nbsp;<strong>Sergej Prokof\u2019ev<\/strong>&nbsp;su testo dello stesso Prokof\u2019ev.<\/p>\n\n\n\n<p>La voce narrante&nbsp;della celebre fiaba sinfonica&nbsp;\u00e8&nbsp;quella di&nbsp;<strong>Drusilla Foer<\/strong>&nbsp;al suo debutto al Maggio, che diventa la&nbsp;protagonista di un brioso e colorato racconto musicale che avvicina il pubblico&nbsp;&#8211;&nbsp;anche e soprattutto quello pi\u00f9 giovane&nbsp;&#8211;&nbsp;al mondo dell\u2019orchestra e dei suoi strumenti.<\/p>\n\n\n\n<p>Composta&nbsp;nel 1936,&nbsp;<strong><em>Pierino e il lupo<\/em><\/strong>nasce&nbsp;infatti&nbsp;dall\u2019idea di creare un\u2019opera capace di avvicinare i pi\u00f9 giovani alla musica sinfonica attraverso una storia semplice ma coinvolgente, nella quale ciascun personaggio \u00e8 associato a uno specifico strumento dell\u2019orchestra. Cos\u00ec il flauto d\u00e0 voce all\u2019uccellino, l\u2019oboe all\u2019anatra, il clarinetto al gatto, il fagotto al nonno, i corni rappresentano il lupo e agli archi \u00e8 affidato il personaggio di Pierino&nbsp;che, disobbedendo al nonno, nella trama della storia si avventura nella foresta dove incontrer\u00e0 un gruppo di animali e, soprattutto, il temibile lupo. La narrazione procede insieme alla musica, in un continuo dialogo tra parola e orchestra, rendendo immediatamente riconoscibili i diversi personaggi e trasformando ogni sezione orchestrale in parte integrante del racconto.<\/p>\n\n\n\n<p>\u00abMi affaccio sul palcoscenico del Maggio per la prima volta, alla quale seguir\u00e0 immediatamente il secondo concerto, il 13 settembre con le&nbsp;<em>Songs<\/em>&nbsp;di Kurt Weill&nbsp;[\u201cdevono essere pazzi al Maggio\u201d,&nbsp;commenta&nbsp;<strong>Drusilla Foer<\/strong>&nbsp;ridendo, ndr], &nbsp;e sono molto onorata per questi due inviti che segnano pure la ripresa della stagione dopo la pausa per l\u2019estate; per me, devo dire, \u00e8 come se fosse un battesimo e mi emoziona l\u2019idea di esibirmi con una grande orchestra sinfonica come quella del Maggio ed essere condotta per mano da due bravissimi direttori come Salvatore Percacciolo e Timothy Brock. Altrettanto mi onora il poter dare voce, nel primo concerto, a una favola che \u00e8 stata interpretata nel corso del tempo da tantissimi artisti tra i quali ce n\u2019\u00e8 uno al quale mi sento molto legata&nbsp;e al quale dedico la performance: il grande Paolo Poli. Nell\u2019affrontarla io ci metter\u00f2 un po\u2019 della mia antipatia, della mia saccenza, vedremo..&nbsp;&#8211; cos\u00ec continua Foer &#8211;&nbsp;Ce l&#8217;ho un po&#8217; nel mio Dna questa favola musicata, una musica molto nobile, che Prokof&#8217;ev scrisse quando rientr\u00f2 in Unione Sovietica dopo anni di esilio volontario in occidente. &nbsp;<em>Pierino e il lupo<\/em>&nbsp;\u00e8 un&#8217;opera scritta per i bambini, eppure ancora oggi attrae un pubblico adulto, chiss\u00e0 perch\u00e9: forse siamo tutti bambini? Direi di no! Forse perch\u00e9 quei personaggi siamo tutti noi? Probabilmente s\u00ec, perch\u00e9 \u00e8 una descrizione che se si va oltre alla storia in s\u00e9, \u00e8 molto coinvolgente socialmente, molto di pi\u00f9 di quanto si creda. In questa favola musicale ci sono dunque tanti personaggi e Pierino \u00e8 l&#8217;eroe di questa storia: un bambino senza cellulare e senza intelligenza artificiale che affronta il lupo. C&#8217;\u00e8 l&#8217;uccellino, c&#8217;\u00e8 il nonno, c&#8217;\u00e8 una papera&#8230; che sebbene io sia innamorata del lupo, forse \u00e8 il personaggio a cui mi sento pi\u00f9 vicina; la papera \u00e8 la&nbsp;<em>grulla<\/em>&nbsp;della situazione perch\u00e9 appena arriva il lupo esce dallo stagno che era l&#8217;unico luogo sicuro per lei! Mi sta simpatica la papera: \u00e8 una che sbaglia tutto! Per\u00f2 anche Pierino esce dal suo luogo sicuro, la sua casa; esce per incontrare qualcosa di molto importante con cui confrontarsi: il suo coraggio. Ed \u00e8 questo che auguro a tutti i bambini, di incontrare il proprio coraggio come Pierino.\u201d<\/p>\n\n\n\n<p>Con la presenza di&nbsp;<strong>Drusilla Foer<\/strong>&nbsp;nel ruolo di voce narrante, il Maggio propone al pubblico una nuova lettura di uno dei titoli pi\u00f9 celebri del repertorio musicale dedicato al pubblico di tutte le et\u00e0, affidando alla sua personalit\u00e0 e alla sua capacit\u00e0 interpretativa il compito di accompagnare gli spettatori dentro la fiaba di Prokof\u2019ev.<\/p>\n\n\n\n<p><strong>Sergej Prokof\u2019ev<\/strong><br><strong>\u201cPierino e il lupo\u201d<\/strong><strong><br>_<\/strong><\/p>\n\n\n\n<p><strong>Gioachino Rossini<\/strong><br>\u201cL\u2019Italiana in Algeri\u201d, sinfonia<\/p>\n\n\n\n<p><strong>Franz Joseph Haydn<\/strong><br>Sinfonia n. 94 in sol maggiore Hob:I:94<\/p>\n\n\n\n<p><strong>Sergej Prokof\u2019ev<\/strong><br>\u201cPierino e il lupo\u201d, op.67<\/p>\n\n\n\n<p><em>Direttore<\/em><strong>&nbsp;Salvatore Percacciolo<\/strong><br><em>Voce narrante<\/em><strong>&nbsp;Drusilla Foer<\/strong><br><strong>Orchestra del Maggio Musicale Fiorentino<\/strong><\/p>\n\n\n\n<p><em>Durata complessiva 2 ore circa<\/em><\/p>\n\n\n\n<p>foto<\/p>\n\n\n\n<figure class=\"wp-block-gallery has-nested-images columns-default is-cropped wp-block-gallery-1 is-layout-flex wp-block-gallery-is-layout-flex\">\n<figure class=\"wp-block-image size-large\"><a href=\"https:\/\/www.ecoitaliano.com.ar\/wp-content\/uploads\/2026\/09\/DrusillaFoer_Giuseppe-Foglia.jpg\"><img decoding=\"async\" width=\"731\" height=\"1024\" data-id=\"95864\" src=\"https:\/\/www.ecoitaliano.com.ar\/wp-content\/uploads\/2026\/09\/DrusillaFoer_Giuseppe-Foglia-731x1024.jpg\" alt=\"\" class=\"wp-image-95864\" srcset=\"https:\/\/www.ecoitaliano.com.ar\/wp-content\/uploads\/2026\/09\/DrusillaFoer_Giuseppe-Foglia-731x1024.jpg 731w, https:\/\/www.ecoitaliano.com.ar\/wp-content\/uploads\/2026\/09\/DrusillaFoer_Giuseppe-Foglia-214x300.jpg 214w, https:\/\/www.ecoitaliano.com.ar\/wp-content\/uploads\/2026\/09\/DrusillaFoer_Giuseppe-Foglia-768x1076.jpg 768w, https:\/\/www.ecoitaliano.com.ar\/wp-content\/uploads\/2026\/09\/DrusillaFoer_Giuseppe-Foglia-1097x1536.jpg 1097w, https:\/\/www.ecoitaliano.com.ar\/wp-content\/uploads\/2026\/09\/DrusillaFoer_Giuseppe-Foglia-1462x2048.jpg 1462w, https:\/\/www.ecoitaliano.com.ar\/wp-content\/uploads\/2026\/09\/DrusillaFoer_Giuseppe-Foglia.jpg 1828w\" sizes=\"(max-width: 731px) 100vw, 731px\" \/><\/a><\/figure>\n\n\n\n<figure class=\"wp-block-image size-large\"><a href=\"https:\/\/www.ecoitaliano.com.ar\/wp-content\/uploads\/2026\/09\/DrusillaFoer_phSerenaGallorini.jpg\"><img decoding=\"async\" width=\"1024\" height=\"1024\" data-id=\"95865\" src=\"https:\/\/www.ecoitaliano.com.ar\/wp-content\/uploads\/2026\/09\/DrusillaFoer_phSerenaGallorini-1024x1024.jpg\" alt=\"\" class=\"wp-image-95865\" srcset=\"https:\/\/www.ecoitaliano.com.ar\/wp-content\/uploads\/2026\/09\/DrusillaFoer_phSerenaGallorini-1024x1024.jpg 1024w, https:\/\/www.ecoitaliano.com.ar\/wp-content\/uploads\/2026\/09\/DrusillaFoer_phSerenaGallorini-300x300.jpg 300w, https:\/\/www.ecoitaliano.com.ar\/wp-content\/uploads\/2026\/09\/DrusillaFoer_phSerenaGallorini-150x150.jpg 150w, https:\/\/www.ecoitaliano.com.ar\/wp-content\/uploads\/2026\/09\/DrusillaFoer_phSerenaGallorini-768x768.jpg 768w, https:\/\/www.ecoitaliano.com.ar\/wp-content\/uploads\/2026\/09\/DrusillaFoer_phSerenaGallorini-1536x1536.jpg 1536w, https:\/\/www.ecoitaliano.com.ar\/wp-content\/uploads\/2026\/09\/DrusillaFoer_phSerenaGallorini-2048x2048.jpg 2048w\" sizes=\"(max-width: 1024px) 100vw, 1024px\" \/><\/a><\/figure>\n\n\n\n<figure class=\"wp-block-image size-large\"><a href=\"https:\/\/www.ecoitaliano.com.ar\/wp-content\/uploads\/2026\/09\/Percacciolo_TCBO_2021-07-17_D4_1606_Andrea-Ranzi.jpg\"><img decoding=\"async\" width=\"1024\" height=\"683\" data-id=\"95866\" src=\"https:\/\/www.ecoitaliano.com.ar\/wp-content\/uploads\/2026\/09\/Percacciolo_TCBO_2021-07-17_D4_1606_Andrea-Ranzi-1024x683.jpg\" alt=\"\" class=\"wp-image-95866\" srcset=\"https:\/\/www.ecoitaliano.com.ar\/wp-content\/uploads\/2026\/09\/Percacciolo_TCBO_2021-07-17_D4_1606_Andrea-Ranzi-1024x683.jpg 1024w, https:\/\/www.ecoitaliano.com.ar\/wp-content\/uploads\/2026\/09\/Percacciolo_TCBO_2021-07-17_D4_1606_Andrea-Ranzi-300x200.jpg 300w, https:\/\/www.ecoitaliano.com.ar\/wp-content\/uploads\/2026\/09\/Percacciolo_TCBO_2021-07-17_D4_1606_Andrea-Ranzi-768x512.jpg 768w, https:\/\/www.ecoitaliano.com.ar\/wp-content\/uploads\/2026\/09\/Percacciolo_TCBO_2021-07-17_D4_1606_Andrea-Ranzi-1536x1024.jpg 1536w, https:\/\/www.ecoitaliano.com.ar\/wp-content\/uploads\/2026\/09\/Percacciolo_TCBO_2021-07-17_D4_1606_Andrea-Ranzi-2048x1366.jpg 2048w\" sizes=\"(max-width: 1024px) 100vw, 1024px\" \/><\/a><\/figure>\n<\/figure>\n\n\n\n<figure class=\"wp-block-video\"><video controls src=\"http:\/\/www.ecoitaliano.com.ar\/wp-content\/uploads\/2026\/09\/Drusilla_-Pierino-e-il-Lupo.mov\"><\/video><\/figure>\n","protected":false},"excerpt":{"rendered":"<p>Drusilla Foer Sergej Prokof\u2019ev \u2013 \u201cPierino e il lupo\u201d &nbsp; Gioved\u00ec 10 settembre 2026 alle ore 20, nella Sala Mehta [&hellip;]<\/p>\n","protected":false},"author":1,"featured_media":0,"comment_status":"open","ping_status":"open","sticky":false,"template":"","format":"standard","meta":{"footnotes":""},"categories":[1],"tags":[],"class_list":["post-95862","post","type-post","status-publish","format-standard","hentry","category-sin-categoria"],"_links":{"self":[{"href":"https:\/\/www.ecoitaliano.com.ar\/index.php?rest_route=\/wp\/v2\/posts\/95862","targetHints":{"allow":["GET"]}}],"collection":[{"href":"https:\/\/www.ecoitaliano.com.ar\/index.php?rest_route=\/wp\/v2\/posts"}],"about":[{"href":"https:\/\/www.ecoitaliano.com.ar\/index.php?rest_route=\/wp\/v2\/types\/post"}],"author":[{"embeddable":true,"href":"https:\/\/www.ecoitaliano.com.ar\/index.php?rest_route=\/wp\/v2\/users\/1"}],"replies":[{"embeddable":true,"href":"https:\/\/www.ecoitaliano.com.ar\/index.php?rest_route=%2Fwp%2Fv2%2Fcomments&post=95862"}],"version-history":[{"count":1,"href":"https:\/\/www.ecoitaliano.com.ar\/index.php?rest_route=\/wp\/v2\/posts\/95862\/revisions"}],"predecessor-version":[{"id":95868,"href":"https:\/\/www.ecoitaliano.com.ar\/index.php?rest_route=\/wp\/v2\/posts\/95862\/revisions\/95868"}],"wp:attachment":[{"href":"https:\/\/www.ecoitaliano.com.ar\/index.php?rest_route=%2Fwp%2Fv2%2Fmedia&parent=95862"}],"wp:term":[{"taxonomy":"category","embeddable":true,"href":"https:\/\/www.ecoitaliano.com.ar\/index.php?rest_route=%2Fwp%2Fv2%2Fcategories&post=95862"},{"taxonomy":"post_tag","embeddable":true,"href":"https:\/\/www.ecoitaliano.com.ar\/index.php?rest_route=%2Fwp%2Fv2%2Ftags&post=95862"}],"curies":[{"name":"wp","href":"https:\/\/api.w.org\/{rel}","templated":true}]}}