{"id":95869,"date":"2026-09-05T00:12:26","date_gmt":"2026-09-05T00:12:26","guid":{"rendered":"https:\/\/www.ecoitaliano.com.ar\/?p=95869"},"modified":"2026-09-05T00:16:39","modified_gmt":"2026-09-05T00:16:39","slug":"serena-conduce-operaclassica-eco-italiano-5489","status":"publish","type":"post","link":"https:\/\/www.ecoitaliano.com.ar\/?p=95869","title":{"rendered":"Serena conduce operaclassica eco italiano"},"content":{"rendered":"<div class=\"wp-block-image\">\n<figure class=\"aligncenter size-large is-resized\"><a href=\"http:\/\/www.ecoitaliano.com.ar\/wp-content\/uploads\/2026\/09\/TRP-24-Marchio-Teatro-Regio-Parma_Blu.png\"><img decoding=\"async\" width=\"1024\" height=\"724\" src=\"http:\/\/www.ecoitaliano.com.ar\/wp-content\/uploads\/2026\/09\/TRP-24-Marchio-Teatro-Regio-Parma_Blu-1024x724.png\" alt=\"\" class=\"wp-image-95870\" style=\"width:207px;height:auto\" srcset=\"https:\/\/www.ecoitaliano.com.ar\/wp-content\/uploads\/2026\/09\/TRP-24-Marchio-Teatro-Regio-Parma_Blu-1024x724.png 1024w, https:\/\/www.ecoitaliano.com.ar\/wp-content\/uploads\/2026\/09\/TRP-24-Marchio-Teatro-Regio-Parma_Blu-300x212.png 300w, https:\/\/www.ecoitaliano.com.ar\/wp-content\/uploads\/2026\/09\/TRP-24-Marchio-Teatro-Regio-Parma_Blu-768x543.png 768w, https:\/\/www.ecoitaliano.com.ar\/wp-content\/uploads\/2026\/09\/TRP-24-Marchio-Teatro-Regio-Parma_Blu-1536x1086.png 1536w, https:\/\/www.ecoitaliano.com.ar\/wp-content\/uploads\/2026\/09\/TRP-24-Marchio-Teatro-Regio-Parma_Blu-2048x1448.png 2048w\" sizes=\"(max-width: 1024px) 100vw, 1024px\" \/><\/a><\/figure><\/div>\n\n\n<p><strong>VERDI OFF: L\u2019UNDICESIMA EDIZIONE INVADE PACIFICAMENTE PARMA E BUSSETO FINO A LOS ANGELES<\/strong><strong><\/strong><\/p>\n\n\n\n<p><strong>Citt\u00e0 in festa in occasione del Festival Verdi<\/strong><strong><\/strong><\/p>\n\n\n\n<p><strong>19 settembre \u2013 25 ottobre 2026<\/strong><strong><\/strong><\/p>\n\n\n\n<p><strong>XI edizione<\/strong><\/p>\n\n\n\n<p><em>Inaugurazione con la Verdi Street Parade \u201cVa, pensiero\u201d che apre le danze sabato 19 settembre; poi il ritorno della Verdi SPIP Parade nel cuore industriale della citt\u00e0 e il Verdi Circus a Piazzale Picelli.<\/em><\/p>\n\n\n\n<p><em>Laboratori per famiglie e scuole, appuntamenti nelle RSA, negli ospedali e negli Istituti Penitenziari, per una citt\u00e0 che si racconta attraverso la musica di Giuseppe Verdi.<\/em><\/p>\n\n\n\n<p><em>Con l\u2019Italian Excellence Gala &amp; Awards di Los Angeles il progetto varcher\u00e0 per la prima volta l\u2019Oceano Atlantico grazie al percorso triennale che il Teatro Regio di Parma ha progettato negli Stati Uniti con la Italy-America Chamber of Commerce West.<\/em><\/p>\n\n\n\n<p><strong><em>Verdi Off<\/em><\/strong><strong> entra nel suo nuovo decennio <\/strong>e scalda i motori del Festival Verdi anticipandone il debutto con un fitto calendario di appuntamenti e progetti gratuiti che portano la musica di Verdi fuori dai teatri, incontro al pubblico, nelle strade, nelle piazze e nei quartieri. Un festival diffuso che intreccia musica, teatro e danza per un pubblico ampio e trasversale, con attenzione a chi vive situazioni di fragilit\u00e0, nelle periferie o in luoghi di cura e di detenzione.<\/p>\n\n\n\n<p>Il debutto di <strong>Verdi Off<\/strong> a Parma \u00e8 affidato come da tradizione alla <strong><em>Verdi Street Parade <\/em><\/strong>che per la sua undicesima edizione prende il titolo di<em> Va, pensiero<\/em>: appuntamento <strong>sabato 19 settembre, dalle 18.00, <\/strong>con la parata che dal Teatro Regio proseguir\u00e0 lungo via Mazzini e via D\u2019Azeglio. Centinaia di artisti, ensemble corali, bande, danzatori, acrobati e associazioni del CVS Emilia daranno vita a uno spettacolo diffuso, con un corteo dedicato quest\u2019anno al tema <em>Mondi lontani<\/em> e alle opere del cartellone del Festival. Sfilano anche gli istituti scolastici del territorio e i Centri Giovani del Comune di Parma, insieme a Giocampus, che festeggia i suoi 25 anni con un\u2019installazione realizzata dai ragazzi del campus estivo a cura di Imaginarium Estivo.<\/p>\n\n\n\n<p><strong>Da sabato 19 settembre al 25 ottobre<\/strong>, Piazzale Picelli \u00e8 la casa del <strong><em>Verdi Circus<\/em><\/strong>, con quattro spettacoli che intrecciano circo contemporaneo e musica verdiana. <strong>Si apre sabato 19 e domenica 20 settembre<\/strong>, ore 21.00, con <strong><em>Gustavo La Vita<\/em><\/strong>, di e con Andrea Farnetani, clown virtuoso che gioca con la gravit\u00e0 della vita e trasforma l\u2019errore in risata. Da venerd\u00ec 25 a domenica 27 settembre, ore 21.00, \u00e8 la volta di <strong><em>La vertigine del desiderio<\/em><\/strong>, primo assolo firmato da Giacomo Costantini dopo venticinque anni di ricerca nel circo contemporaneo, prodotto da SIC &#8211; Stabile di Innovazione Circense. Nei primi due weekend di ottobre, alle ore 21.00, torna <strong><em>Il cigno di Busseto e il pavone indiano<\/em><\/strong>, variet\u00e0 circense su arie verdiane, commissionato in prima assoluta dal Festival Verdi nel 2019. Il <em>Verdi Circus<\/em> si chiude domenica 25 ottobre, ore 16.00, con <strong><em>Milo e Maya<\/em><\/strong>, spettacolo di teatro sensoriale e partecipativo per i pi\u00f9 piccoli di Scarlattine Teatro e Campsirago Residenza.<\/p>\n\n\n\n<p><strong>Sabato 26 settembre dalle 15.00<\/strong>, lo spirito festoso del festival abbraccer\u00e0 il Quartiere SPIP con la <strong><em>Verdi SPIP Parade<\/em><\/strong>: musica, teatro, giocoleria e spettacoli a ingresso libero coinvolgono oltre 50 artisti nel cuore industriale della citt\u00e0, tra le aziende che aprono le porte al pubblico grazie al progetto Imprese Aperte, ideato da Unione Parmense degli Industriali con \u201cParma, io ci sto!\u201d. Realizzata dal Teatro Regio di Parma con il Comune di Parma e il Comitato SPIP, la parata ha ottenuto la menzione speciale al Premio Cultura+Impresa fra 123 progetti da 14 regioni italiane.<\/p>\n\n\n\n<p>La <strong>XI edizione<\/strong> segna una svolta nella storia del progetto: <strong>Verdi Off<\/strong>, riconosciuto come uno dei modelli pi\u00f9 innovativi di coinvolgimento della comunit\u00e0 attraverso la musica, le arti e la partecipazione civica, avvia un <strong>percorso triennale negli Stati Uniti<\/strong>, per gli anni 2026-2028, grazie alla partnership con la <strong>Italy-America Chamber of Commerce West<\/strong>. Il primo capitolo sar\u00e0 l\u2019<em>Italian Excellence Gala &amp; Awards<\/em>, <strong>in programma a Los Angeles il 15 novembre<\/strong>, dove Verdi Off assumer\u00e0 il ruolo di Presenting Partner: l\u2019inizio di una collaborazione destinata a crescere negli anni, fino ai Giochi Olimpici e Paralimpici del 2028, quando la citt\u00e0 sar\u00e0 tra i principali palcoscenici del mondo su temi come inclusione, accessibilit\u00e0, partecipazione civica e dialogo interculturale.<\/p>\n\n\n\n<p>Il 2026 vedr\u00e0 anche l\u2019inizio di una nuova collaborazione nazionale<strong>: sabato 10 ottobre, alle 20.30<\/strong>, Verdi Off debutta <strong>per la prima volta a Genova<\/strong>, nel Chiostro del Museo di Sant\u2019Agostino, con <em>Verdi After Dark<\/em>, un dj set a cura dell\u2019Associazione Rapsody che rilegge e trasforma le melodie verdiane in un\u2019esperienza elettronica contemporanea, con SempreVerdi Festival. La tappa ligure si aggiunge a quella nazionale al BAM di Milano del 2025, rafforzando il sempre maggiore interesse verso il modello proposto da Verdi Off.<\/p>\n\n\n\n<p>In attesa degli appuntamenti fuori sede, a scandire le giornate di festival a Parma sar\u00e0 uno degli appuntamenti pi\u00f9 iconici del Verdi Off: con il <strong><em>Cuc\u00f9 Verdiano<\/em><\/strong><em>,<\/em> ogni giorno puntuale <strong>alle 13.00<\/strong>, <strong>dal 19 settembre al 25 ottobre<\/strong> dai Fornici del Teatro Regio, un\u2019aria verdiana sar\u00e0 interpretata dagli allievi di Canto del Conservatorio Arrigo Boito con il coordinamento musicale di Donatella Saccardi; l\u2019appuntamento si ripete a La Rocca di Parma (sabato 17 e 24 ottobre, ore 12.00) e a Fidenza, al KM90 (sabato 26 settembre, 3, 10, 17 e 24 ottobre, ore 13.00).<\/p>\n\n\n\n<p>Con <strong><em>Verdi Sotto Casa<\/em><\/strong> la musica arriva nei quartieri e nei luoghi di maggiore fragilit\u00e0 sociale: <strong>domenica 20 settembre e domenica 11 ottobre<\/strong>, ore 9.30, <strong><em>A Spasso con Verdi<\/em><\/strong> propone due camminate nel <strong>Quartiere San Leonardo<\/strong> con Urban Trail Parma; <strong>domenica 20 settembre<\/strong>, ore 11.00, il <strong><em>Concerto Verdiano<\/em><\/strong> risuona in via Pozzuolo del Friuli e in viale Vittoria, mentre marted\u00ec 22 settembre un concerto riservato intratterr\u00e0 gli ospiti <strong>della Casa Accoglienza Sicuri<\/strong>. Sempre domenica 20 settembre, ore 11.00, in Piazza Caduti di Superga, <strong><em>Verdi a Passo di Danza<\/em><\/strong> sorprender\u00e0 i passanti con SamarDanza.<\/p>\n\n\n\n<p>Verdi Off raggiunger\u00e0 diversi quartieri della citt\u00e0 di Parma: a <strong>Borgo Goldoni<\/strong>, <strong><em>Verdi Rivisited<\/em><\/strong> propone due appuntamenti per i pi\u00f9 giovani: venerd\u00ec 25 settembre il dj set di Benedetta Buffy Cattani, sabato 10 ottobre il concerto degli Three Shades Trio. A <strong>Borgo Santa Brigida<\/strong>, giovani artisti si alternano ogni venerd\u00ec sera alle 21.30: i <em>Caledune<\/em> il 2 ottobre, <em>Stereorama<\/em> il 9 ottobre, <em>Ooopopoiooo<\/em> il 16 ottobre, <em>Cos\u00ec lontani cos\u00ec vicini<\/em> con Antonio Benassi il 23 ottobre. <strong><em>Verdi Sacro<\/em><\/strong> propone due concerti in San Giovanni Evangelista: sabato 26 settembre, ore 16.00, <em>Variations Serieuses<\/em> con l\u2019organista Pascal Marsault, e sabato 17 ottobre, ore 21.00, il <em>Requiem di Maurice Durufl\u00e9<\/em>, entrambi a cura dell\u2019Accademia Organistica di Parma.<\/p>\n\n\n\n<p>E ancora tanti appuntamenti, fra nuove proposte e iniziative amate dal pubblico: a <strong>Palazzo dei Ministeri<\/strong>, nei weekend del 3,4 e 10,11 ottobre, torna <strong><em>Inconfessabile Verdi<\/em><\/strong>, la performance <em>one to one<\/em> di Giulia Randazzo con gli allievi del Conservatorio. Sabato 3 ottobre, dalle 17.30, Colonne 28 ospita il <strong><em>Gala in nero &#8211; Lode<\/em><\/strong>, rito collettivo con dress code total black realizzato da Il Rumore del Lutto Festival alla sua ventesima edizione. Mercoled\u00ec 7 ottobre il CDM Sala Concerti apre le porte a <strong><em>I giovani per Verdi<\/em><\/strong>, occasione per giovani cantanti di esibirsi davanti a un pubblico appassionato, a cura del Gruppo Appassionati Verdiani Club dei 27. Gioved\u00ec 8 ottobre, a Palazzo della Pilotta, <strong><em>Verdi in Vogue<\/em><\/strong> mette in dialogo musica e moda con A Coded World. Sabato 10 ottobre, all\u2019OltreLab, <strong><em>Tracce di s\u00e9<\/em><\/strong> esplora il legame fra musica e psicologia, da Verdi a Jovanotti, con il Festival della Lentezza. Mercoled\u00ec 14 ottobre, a Il Punto, la proiezione del cortometraggio <strong><em>Lady Macbeth<\/em><\/strong> di Davide Santoro e Giuseppe Gimmi \u00e8 accompagnata dal costume di scena e da un talk finale. <strong>Mercoled\u00ec 23 settembre<\/strong>, ore 18.30, <strong>Palazzo Soragna<\/strong> ospiter\u00e0 <strong><em>The Many Faces of the Big Band<\/em><\/strong>, con la <strong>Jazz\u2019On Parma Orchestra<\/strong> diretta da Beppe Di Benedetto. Domenica 27 settembre, ore 15.00, ai Portici del Grano, <strong><em>Verdi Band<\/em><\/strong> ripercorre la vita del Maestro con il Corpo Bandistico Giuseppe Verdi e la Apple Junior Band; marted\u00ec 29 settembre, ore 18.00, l\u2019appuntamento <em>Casa Verdi<\/em> propone un racconto in musica e parole sull\u2019uomo e sull\u2019artista, con la Corale Verdi e gli allievi del Conservatorio, a cura del Gruppo Appassionati Verdiani Club dei 27.<\/p>\n\n\n\n<p>Un fitto <strong>calendario di laboratori<\/strong> accompagna bambini e famiglie alla scoperta di Verdi: <strong><em>Verdi Giuseppe la piccola storia di un grande bambino<\/em><\/strong> (luned\u00ec 21 settembre, 5, 12 e 19 ottobre) \u00e8 a cura dell\u2019Orchestra Rapsody con il Mago Gigo, mentre <strong><em>Maria Callas &#8211; La Divina<\/em><\/strong> (marted\u00ec 22 settembre, 6, 13 e 20 ottobre, e nel weekend del 17-18 ottobre anche per le famiglie) \u00e8 a cura di Verdi Off, sempre con il Mago Gigo, in collaborazione con l\u2019Orchestra Rapsody. <strong><em>Rossini per bambini<\/em><\/strong> (mercoled\u00ec 23 settembre, 7, 14 e 21 ottobre) e <em>Orchestrali vil razza suonata<\/em>, con l\u2019Orchestra Sinfonica dell\u2019Universit\u00e0 (gioved\u00ec 24 settembre, 8, 15 e 22 ottobre), completano la proposta. Per le famiglie, sabato 24 ottobre, <em>Favole in libert\u00e0<\/em> propone fiabe con traduzione LIS con l\u2019Associazione La Pergamena; domenica 25 ottobre <em>Vibrazioni verdiane<\/em> intreccia pianoforte e yoga con SempreVerdi Festival. Al Museo Glauco Lombardi, tre appuntamenti tra concerti e conferenze intrecciano musica e storia: <strong><em>Arpae Mundi<\/em><\/strong>, concerto per arpe celtiche e violino (3 ottobre), la conferenza <strong><em>Tour de Danse<\/em><\/strong> su Maria Luigia (10 ottobre) e il concerto sul fortepiano <strong><em>Echi d\u2019Oltralpe<\/em><\/strong>, con musiche di Verdi, Schumann e Liszt (11 ottobre). Luned\u00ec 19 ottobre, al Manzini Off &#8211; WoPa, il <em>Progetto Semi<\/em> restituisce il percorso <strong><em>Sii te stesso, tutto il resto \u00e8 gi\u00e0 preso<\/em><\/strong>, condotto da Francesca Gabrielli e Karin Rossi con il sostegno di Chiesi Farmaceutici.<\/p>\n\n\n\n<p>Si rinnova il forte impegno sociale del festival grazie a iniziative come <strong><em>L\u2019opera mia pi\u00f9 bella<\/em><\/strong>, con cui Verdi Off abbraccia gli ospiti di oltre venti RSA e centri servizi di Parma e provincia, da Villa Santa Clotilde a Villa Sant\u2019Ilario, con concerti e azioni coreografiche firmate Associazione New Rapsody, SamarDanza, Compagnia Era Acquario, Accademia Danza e Dintorni e Professione Danza Parma. <strong>Sabato 17 ottobre, ore 11.00<\/strong>, <strong><em>Opera in carcere<\/em><\/strong> porta negli Istituti Penitenziari di Parma un recital dedicato a <em>Nabucco<\/em>, esito di laboratori corali condotti da Gabriella Corsaro con il Coro dei Detenuti e Milo Martani al pianoforte. <strong>Sabato 10 ottobre<\/strong>, ore 9.45, il <strong><em>Concerto corale<\/em><\/strong> della Corale Verdi accompagna <strong>pazienti e operatori del Centro di Oncologia e Radioterapia dell\u2019Azienda Ospedaliera di Parma<\/strong>, il cui cortile si veste anche di un murale verdiano firmato dall\u2019artista Rise The Cat. Sabato 24 e domenica 25 ottobre, alla Galleria San Ludovico, <strong><em>Parole di transizione<\/em><\/strong>, di Festina Lente Teatro e Vagamonde, intreccia storie di donne migranti ai personaggi femminili di Verdi.<\/p>\n\n\n\n<p><strong>VERDI OFF A BUSSETO<\/strong><\/p>\n\n\n\n<p>Anche Busseto, con il Comune e il Comitato 10\/10-27\/01, \u00e8 protagonista della XI edizione. Ogni domenica alle 12.00 (20 e 27 settembre, 4, 11, 18 e 25 ottobre), con il <strong><em>Cuc\u00f9 verdiano <\/em><\/strong>i Solisti dell\u2019Accademia Verdiana interpretano un\u2019aria dal balcone del Municipio, con il coordinamento musicale di Francesco Izzo. Luned\u00ec 28 settembre, alle 11.00, il Teatro Verdi ospita le <strong><em>Conversazioni Musicali<\/em><\/strong> con Laura Minto, Milo Martani e gli artisti del cast, con l\u2019Associazione UICI; lo stesso giorno, alle 15.00, Casa Barezzi accoglie il <strong><em>Concerto Lirico<\/em><\/strong> degli allievi del Conservatorio \u201cA. Boito\u201d di Parma. Venerd\u00ec 2 ottobre <strong><em>Verdi a Passo di Danza<\/em><\/strong> animer\u00e0 la piazza del Teatro Verdi con Professione Danza Parma; sabato 17 ottobre, alle Nuove Scuderie Musicali, va in scena <strong><em>Tra le voci del tempo<\/em><\/strong>, esito del progetto con il Coro In-Canto dell\u2019RSA Pallavicino. Gioved\u00ec 22 ottobre la Chiesa Collegiata di San Bartolomeo ospita <strong><em>Verdi Sacro<\/em><\/strong> con la Corale Verdi.<\/p>\n\n\n\n<p>Verdi OFF raggiunger\u00e0 <strong>oltre venti Comuni della provincia<\/strong>. A <strong>Zibello<\/strong>, il Chiostro dei Domenicani ospita sabato 3 ottobre il Mas Trio; venerd\u00ec 16 ottobre il Teatro Pallavicino accoglie <em>Maria Callas &#8211; La Divina<\/em> per le primarie. Domenica 20 settembre, al <strong>Rifugio Lagdei<\/strong>, <em>Ai nostri monti<\/em> porta per la prima volta le note verdiane sull\u2019Appennino, con il Coro CAI Mariotti e la Corale Verdi. A <strong>Varano de\u2019 Melegari<\/strong>, con il sostegno di Fondazione Caterina Dallara ospita il 7 ottobre <strong><em>V.V.V. 2.0<\/em><\/strong>a cura del Collettivo Lynus. L\u2019appuntamento avvier\u00e0 il progetto annuale riservato agli studenti dell\u2019I.S.S. Carlo Emilio Gadda. A <strong>Langhirano<\/strong>, domenica 27 settembre, il Salumificio Galloni ospita <strong><em>Dalle braci<\/em><\/strong>, racconto musicale del Collettivo Lynus, e <strong><em>Sull\u2019ali dorate<\/em><\/strong>, spettacolo di danza a cura del Balletto di Parma. Domenica 25 ottobre <strong>San Secondo<\/strong> ospita al Fattore all\u2019Opera un Concerto Lirico Verdiano con gli Allievi del Conservatorio Arrigo Boito di Parma. Nei <strong>Comuni dell\u2019Unione Pedemontana Parmense<\/strong>, laboratori itineranti raggiungono le scuole di <strong>Montechiarugolo<\/strong>, <strong>Traversetolo<\/strong>, <strong>Collecchio<\/strong>, <strong>Felino<\/strong> e <strong>Sala Baganza<\/strong>; domenica 11 ottobre, a Villa la Vignazza di Montechiarugolo, il Duo d\u2019Arpe propone un viaggio musicale.<\/p>\n\n\n\n<p><strong>PARTECIPAZIONE AGLI SPETTACOLI<\/strong><\/p>\n\n\n\n<p>Per tutti gli appuntamenti, ove non diversamente indicato, <strong>l\u2019ingresso \u00e8 libero fino a esaurimento posti.<\/strong><\/p>\n\n\n\n<p>PRENOTAZIONE In caso di prenotazione obbligatoria, queste si aprono una settimana prima e si chiudono il giorno precedente ciascun appuntamento. La prenotazione sar\u00e0 garantita fino a 15 minuti prima dell\u2019inizio dell&#8217;evento, dopodich\u00e9 il posto potr\u00e0 essere assegnato ad un altro spettatore.<\/p>\n\n\n\n<p>Per ulteriori info biglietteria@teatroregioparma.it<\/p>\n\n\n\n<p>RISERVATO Gli appuntamenti cos\u00ec contrassegnati <strong>non sono aperti al pubblico.<\/strong><\/p>\n\n\n\n<p>Il programma pu\u00f2 essere soggetto a variazioni. Invitiamo a consultare <a href=\"http:\/\/WWW.TEATROREGIOPARMA.IT\">www.teatroregioparma.it<\/a> per eventuali aggiornamenti.<\/p>\n\n\n\n<p><strong>PARTNER E SPONSOR<\/strong><\/p>\n\n\n\n<p><a><em>Il Festival Verdi \u00e8 realizzato grazie al contributo di<\/em><\/a><a><em> <\/em><\/a>Ministero della Cultura, Regione Emilia-Romagna, Reggio Parma Festival, Comune di Parma. <em>Major partner<\/em> Fondazione Cariparma. <em>Mainpartner <\/em>Chiesi. <em>Cultural partner <\/em>Cr\u00e9dit Agricole.<em> Media partner<\/em> Mediaset Publitalia \u201980. <em>Mainsponsor<\/em> Iren, Barilla. <em>Sponsor<\/em> Unione Parmense degli Industriali, Opem, Dallara, Agugiaro e Figna, Mutti, Amoretti. <em>Identity Partner <\/em>Parma Calcio. <em>Educational partner<\/em> Parmalat. <em>Premium Partner<\/em> Parmigiano Reggiano. <em>Safety Partner<\/em> Rainieri. <em>Sostenitori<a> <\/a><\/em>La Giovane, Glove ICT, Grasselli, Cavalca, CePIM, Polo Parma, Sicim, Colser, Delicius, Milosped. <em>Mobility partner <\/em>Tep. <em>Tour Operator Partner<\/em> Parma Incoming. <em>Radio Ufficiale<\/em> Radio Monte Carlo.<em> Fairplay Partner <\/em>Zebre Parma.<em> Wine partner <\/em>Oinoe.<em> Digital counselling <\/em>Unsocials.<em> Con il supporto di <\/em>\u201cParma, io ci sto!\u201d.<em> Legal counselling <\/em>Villa&amp;Partners.<em> Partner scientifico <\/em>Istituto Nazionale di Studi Verdiani.<em> Special thanks to <\/em>International Friends of Festival Verdi.<em> Con il contributo di <\/em>Comune di Busseto, Ascom e Ascom Confcommercio Parma Fondazione, Camera di Commercio dell\u2019Emilia, Fondazione Monte Parma. <em>Production Partner di Verdi Off e Sostenitore tecnic<a>o <\/a><\/em>DS Solutions. Sostenitori tecnici Teamwork, Graphital. <em>Partner artistici e istituzionali<\/em> Coro del Teatro Regio di Parma, Conservatorio \u201cArrigo Boito\u201d di Parma, Societ\u00e0 dei Concerti di Parma, La Toscanini. <em>Il Teatro Regio aderisce a <\/em>Parma Citt\u00e0 ClimateNeutral2030<em>,<\/em>Atit<em>,<\/em>Agis<em>, <\/em>Comitato per la Salvaguardia dell\u2019Arte del Canto Lirico Italiano<em>, <\/em>Fedora, Opera Europa, Opera Vision, Emilia taste, nature &amp; culture.<\/p>\n\n\n\n<p>Parma, 4 settembre 2026<\/p>\n\n\n\n<p><strong>Walter Vitale<\/strong><\/p>\n\n\n\n<p><em>Ufficio stampa Festival Verdi<\/em><\/p>\n\n\n\n<p>Teatro Regio di Parma<\/p>\n\n\n\n<p>Strada Garibaldi, 16\/A, 43121 Parma \u2013 Italia<\/p>\n\n\n\n<p><\/p>\n\n\n\n<p>w.vitale@teatroregioparma.it \u2013 stampa@teatroregioparma.it<\/p>\n\n\n\n<p>www.teatroregioparma.it<\/p>\n\n\n\n<p>foto<\/p>\n\n\n\n<figure class=\"wp-block-gallery has-nested-images columns-default is-cropped wp-block-gallery-1 is-layout-flex wp-block-gallery-is-layout-flex\">\n<figure class=\"wp-block-image size-large\"><a href=\"https:\/\/www.ecoitaliano.com.ar\/wp-content\/uploads\/2026\/09\/DSC_2316.jpg\"><img decoding=\"async\" width=\"1024\" height=\"668\" data-id=\"95871\" src=\"https:\/\/www.ecoitaliano.com.ar\/wp-content\/uploads\/2026\/09\/DSC_2316-1024x668.jpg\" alt=\"\" class=\"wp-image-95871\" srcset=\"https:\/\/www.ecoitaliano.com.ar\/wp-content\/uploads\/2026\/09\/DSC_2316-1024x668.jpg 1024w, https:\/\/www.ecoitaliano.com.ar\/wp-content\/uploads\/2026\/09\/DSC_2316-300x196.jpg 300w, https:\/\/www.ecoitaliano.com.ar\/wp-content\/uploads\/2026\/09\/DSC_2316-768x501.jpg 768w, https:\/\/www.ecoitaliano.com.ar\/wp-content\/uploads\/2026\/09\/DSC_2316-1536x1002.jpg 1536w, https:\/\/www.ecoitaliano.com.ar\/wp-content\/uploads\/2026\/09\/DSC_2316-2048x1336.jpg 2048w\" sizes=\"(max-width: 1024px) 100vw, 1024px\" \/><\/a><\/figure>\n\n\n\n<figure class=\"wp-block-image size-large\"><a href=\"https:\/\/www.ecoitaliano.com.ar\/wp-content\/uploads\/2026\/09\/DSC_2317.jpg\"><img decoding=\"async\" width=\"1024\" height=\"668\" data-id=\"95872\" src=\"https:\/\/www.ecoitaliano.com.ar\/wp-content\/uploads\/2026\/09\/DSC_2317-1024x668.jpg\" alt=\"\" class=\"wp-image-95872\" srcset=\"https:\/\/www.ecoitaliano.com.ar\/wp-content\/uploads\/2026\/09\/DSC_2317-1024x668.jpg 1024w, https:\/\/www.ecoitaliano.com.ar\/wp-content\/uploads\/2026\/09\/DSC_2317-300x196.jpg 300w, https:\/\/www.ecoitaliano.com.ar\/wp-content\/uploads\/2026\/09\/DSC_2317-768x501.jpg 768w, https:\/\/www.ecoitaliano.com.ar\/wp-content\/uploads\/2026\/09\/DSC_2317-1536x1002.jpg 1536w, https:\/\/www.ecoitaliano.com.ar\/wp-content\/uploads\/2026\/09\/DSC_2317-2048x1336.jpg 2048w\" sizes=\"(max-width: 1024px) 100vw, 1024px\" \/><\/a><\/figure>\n\n\n\n<figure class=\"wp-block-image size-large\"><a href=\"https:\/\/www.ecoitaliano.com.ar\/wp-content\/uploads\/2026\/09\/DSC_2322.jpg\"><img decoding=\"async\" width=\"1024\" height=\"668\" data-id=\"95873\" src=\"https:\/\/www.ecoitaliano.com.ar\/wp-content\/uploads\/2026\/09\/DSC_2322-1024x668.jpg\" alt=\"\" class=\"wp-image-95873\" srcset=\"https:\/\/www.ecoitaliano.com.ar\/wp-content\/uploads\/2026\/09\/DSC_2322-1024x668.jpg 1024w, https:\/\/www.ecoitaliano.com.ar\/wp-content\/uploads\/2026\/09\/DSC_2322-300x196.jpg 300w, https:\/\/www.ecoitaliano.com.ar\/wp-content\/uploads\/2026\/09\/DSC_2322-768x501.jpg 768w, https:\/\/www.ecoitaliano.com.ar\/wp-content\/uploads\/2026\/09\/DSC_2322-1536x1002.jpg 1536w, https:\/\/www.ecoitaliano.com.ar\/wp-content\/uploads\/2026\/09\/DSC_2322-2048x1336.jpg 2048w\" sizes=\"(max-width: 1024px) 100vw, 1024px\" \/><\/a><\/figure>\n\n\n\n<figure class=\"wp-block-image size-large\"><a href=\"https:\/\/www.ecoitaliano.com.ar\/wp-content\/uploads\/2026\/09\/DSC_2329.jpg\"><img decoding=\"async\" width=\"668\" height=\"1024\" data-id=\"95874\" src=\"https:\/\/www.ecoitaliano.com.ar\/wp-content\/uploads\/2026\/09\/DSC_2329-668x1024.jpg\" alt=\"\" class=\"wp-image-95874\" srcset=\"https:\/\/www.ecoitaliano.com.ar\/wp-content\/uploads\/2026\/09\/DSC_2329-668x1024.jpg 668w, https:\/\/www.ecoitaliano.com.ar\/wp-content\/uploads\/2026\/09\/DSC_2329-196x300.jpg 196w, https:\/\/www.ecoitaliano.com.ar\/wp-content\/uploads\/2026\/09\/DSC_2329-768x1177.jpg 768w, https:\/\/www.ecoitaliano.com.ar\/wp-content\/uploads\/2026\/09\/DSC_2329-1002x1536.jpg 1002w, https:\/\/www.ecoitaliano.com.ar\/wp-content\/uploads\/2026\/09\/DSC_2329-1336x2048.jpg 1336w, https:\/\/www.ecoitaliano.com.ar\/wp-content\/uploads\/2026\/09\/DSC_2329.jpg 1670w\" sizes=\"(max-width: 668px) 100vw, 668px\" \/><\/a><\/figure>\n\n\n\n<figure class=\"wp-block-image size-large\"><a href=\"https:\/\/www.ecoitaliano.com.ar\/wp-content\/uploads\/2026\/09\/DSC_2342.jpg\"><img decoding=\"async\" width=\"1024\" height=\"668\" data-id=\"95875\" src=\"https:\/\/www.ecoitaliano.com.ar\/wp-content\/uploads\/2026\/09\/DSC_2342-1024x668.jpg\" alt=\"\" class=\"wp-image-95875\" srcset=\"https:\/\/www.ecoitaliano.com.ar\/wp-content\/uploads\/2026\/09\/DSC_2342-1024x668.jpg 1024w, https:\/\/www.ecoitaliano.com.ar\/wp-content\/uploads\/2026\/09\/DSC_2342-300x196.jpg 300w, https:\/\/www.ecoitaliano.com.ar\/wp-content\/uploads\/2026\/09\/DSC_2342-768x501.jpg 768w, https:\/\/www.ecoitaliano.com.ar\/wp-content\/uploads\/2026\/09\/DSC_2342-1536x1002.jpg 1536w, https:\/\/www.ecoitaliano.com.ar\/wp-content\/uploads\/2026\/09\/DSC_2342-2048x1336.jpg 2048w\" sizes=\"(max-width: 1024px) 100vw, 1024px\" \/><\/a><\/figure>\n\n\n\n<figure class=\"wp-block-image size-large\"><a href=\"https:\/\/www.ecoitaliano.com.ar\/wp-content\/uploads\/2026\/09\/DSC_2348.jpg\"><img decoding=\"async\" width=\"1024\" height=\"668\" data-id=\"95876\" src=\"https:\/\/www.ecoitaliano.com.ar\/wp-content\/uploads\/2026\/09\/DSC_2348-1024x668.jpg\" alt=\"\" class=\"wp-image-95876\" srcset=\"https:\/\/www.ecoitaliano.com.ar\/wp-content\/uploads\/2026\/09\/DSC_2348-1024x668.jpg 1024w, https:\/\/www.ecoitaliano.com.ar\/wp-content\/uploads\/2026\/09\/DSC_2348-300x196.jpg 300w, https:\/\/www.ecoitaliano.com.ar\/wp-content\/uploads\/2026\/09\/DSC_2348-768x501.jpg 768w, https:\/\/www.ecoitaliano.com.ar\/wp-content\/uploads\/2026\/09\/DSC_2348-1536x1002.jpg 1536w, https:\/\/www.ecoitaliano.com.ar\/wp-content\/uploads\/2026\/09\/DSC_2348-2048x1336.jpg 2048w\" sizes=\"(max-width: 1024px) 100vw, 1024px\" \/><\/a><\/figure>\n\n\n\n<figure class=\"wp-block-image size-large\"><a href=\"https:\/\/www.ecoitaliano.com.ar\/wp-content\/uploads\/2026\/09\/DSC_2362.jpg\"><img decoding=\"async\" width=\"1024\" height=\"668\" data-id=\"95877\" src=\"https:\/\/www.ecoitaliano.com.ar\/wp-content\/uploads\/2026\/09\/DSC_2362-1024x668.jpg\" alt=\"\" class=\"wp-image-95877\" srcset=\"https:\/\/www.ecoitaliano.com.ar\/wp-content\/uploads\/2026\/09\/DSC_2362-1024x668.jpg 1024w, https:\/\/www.ecoitaliano.com.ar\/wp-content\/uploads\/2026\/09\/DSC_2362-300x196.jpg 300w, https:\/\/www.ecoitaliano.com.ar\/wp-content\/uploads\/2026\/09\/DSC_2362-768x501.jpg 768w, https:\/\/www.ecoitaliano.com.ar\/wp-content\/uploads\/2026\/09\/DSC_2362-1536x1002.jpg 1536w, https:\/\/www.ecoitaliano.com.ar\/wp-content\/uploads\/2026\/09\/DSC_2362-2048x1336.jpg 2048w\" sizes=\"(max-width: 1024px) 100vw, 1024px\" \/><\/a><\/figure>\n\n\n\n<figure class=\"wp-block-image size-large\"><a href=\"https:\/\/www.ecoitaliano.com.ar\/wp-content\/uploads\/2026\/09\/DSC_2397.jpg\"><img decoding=\"async\" width=\"1024\" height=\"668\" data-id=\"95878\" src=\"https:\/\/www.ecoitaliano.com.ar\/wp-content\/uploads\/2026\/09\/DSC_2397-1024x668.jpg\" alt=\"\" class=\"wp-image-95878\" srcset=\"https:\/\/www.ecoitaliano.com.ar\/wp-content\/uploads\/2026\/09\/DSC_2397-1024x668.jpg 1024w, https:\/\/www.ecoitaliano.com.ar\/wp-content\/uploads\/2026\/09\/DSC_2397-300x196.jpg 300w, https:\/\/www.ecoitaliano.com.ar\/wp-content\/uploads\/2026\/09\/DSC_2397-768x501.jpg 768w, https:\/\/www.ecoitaliano.com.ar\/wp-content\/uploads\/2026\/09\/DSC_2397-1536x1002.jpg 1536w, https:\/\/www.ecoitaliano.com.ar\/wp-content\/uploads\/2026\/09\/DSC_2397-2048x1336.jpg 2048w\" sizes=\"(max-width: 1024px) 100vw, 1024px\" \/><\/a><\/figure>\n\n\n\n<figure class=\"wp-block-image size-large\"><a href=\"https:\/\/www.ecoitaliano.com.ar\/wp-content\/uploads\/2026\/09\/DSC_2412.jpg\"><img decoding=\"async\" width=\"1024\" height=\"668\" data-id=\"95879\" src=\"https:\/\/www.ecoitaliano.com.ar\/wp-content\/uploads\/2026\/09\/DSC_2412-1024x668.jpg\" alt=\"\" class=\"wp-image-95879\" srcset=\"https:\/\/www.ecoitaliano.com.ar\/wp-content\/uploads\/2026\/09\/DSC_2412-1024x668.jpg 1024w, https:\/\/www.ecoitaliano.com.ar\/wp-content\/uploads\/2026\/09\/DSC_2412-300x196.jpg 300w, https:\/\/www.ecoitaliano.com.ar\/wp-content\/uploads\/2026\/09\/DSC_2412-768x501.jpg 768w, https:\/\/www.ecoitaliano.com.ar\/wp-content\/uploads\/2026\/09\/DSC_2412-1536x1002.jpg 1536w, https:\/\/www.ecoitaliano.com.ar\/wp-content\/uploads\/2026\/09\/DSC_2412-2048x1336.jpg 2048w\" sizes=\"(max-width: 1024px) 100vw, 1024px\" \/><\/a><\/figure>\n\n\n\n<figure class=\"wp-block-image size-large\"><a href=\"https:\/\/www.ecoitaliano.com.ar\/wp-content\/uploads\/2026\/09\/DSC_2413.jpg\"><img decoding=\"async\" width=\"1024\" height=\"668\" data-id=\"95880\" src=\"https:\/\/www.ecoitaliano.com.ar\/wp-content\/uploads\/2026\/09\/DSC_2413-1024x668.jpg\" alt=\"\" class=\"wp-image-95880\" srcset=\"https:\/\/www.ecoitaliano.com.ar\/wp-content\/uploads\/2026\/09\/DSC_2413-1024x668.jpg 1024w, https:\/\/www.ecoitaliano.com.ar\/wp-content\/uploads\/2026\/09\/DSC_2413-300x196.jpg 300w, https:\/\/www.ecoitaliano.com.ar\/wp-content\/uploads\/2026\/09\/DSC_2413-768x501.jpg 768w, https:\/\/www.ecoitaliano.com.ar\/wp-content\/uploads\/2026\/09\/DSC_2413-1536x1002.jpg 1536w, https:\/\/www.ecoitaliano.com.ar\/wp-content\/uploads\/2026\/09\/DSC_2413-2048x1336.jpg 2048w\" sizes=\"(max-width: 1024px) 100vw, 1024px\" \/><\/a><\/figure>\n\n\n\n<figure class=\"wp-block-image size-large\"><a href=\"https:\/\/www.ecoitaliano.com.ar\/wp-content\/uploads\/2026\/09\/DSC_2450.jpg\"><img decoding=\"async\" width=\"668\" height=\"1024\" data-id=\"95881\" src=\"https:\/\/www.ecoitaliano.com.ar\/wp-content\/uploads\/2026\/09\/DSC_2450-668x1024.jpg\" alt=\"\" class=\"wp-image-95881\" srcset=\"https:\/\/www.ecoitaliano.com.ar\/wp-content\/uploads\/2026\/09\/DSC_2450-668x1024.jpg 668w, https:\/\/www.ecoitaliano.com.ar\/wp-content\/uploads\/2026\/09\/DSC_2450-196x300.jpg 196w, https:\/\/www.ecoitaliano.com.ar\/wp-content\/uploads\/2026\/09\/DSC_2450-768x1177.jpg 768w, https:\/\/www.ecoitaliano.com.ar\/wp-content\/uploads\/2026\/09\/DSC_2450-1002x1536.jpg 1002w, https:\/\/www.ecoitaliano.com.ar\/wp-content\/uploads\/2026\/09\/DSC_2450-1336x2048.jpg 1336w, https:\/\/www.ecoitaliano.com.ar\/wp-content\/uploads\/2026\/09\/DSC_2450.jpg 1670w\" sizes=\"(max-width: 668px) 100vw, 668px\" \/><\/a><\/figure>\n\n\n\n<figure class=\"wp-block-image size-large\"><a href=\"https:\/\/www.ecoitaliano.com.ar\/wp-content\/uploads\/2026\/09\/DSC_2463.jpg\"><img decoding=\"async\" width=\"1024\" height=\"668\" data-id=\"95882\" src=\"https:\/\/www.ecoitaliano.com.ar\/wp-content\/uploads\/2026\/09\/DSC_2463-1024x668.jpg\" alt=\"\" class=\"wp-image-95882\" srcset=\"https:\/\/www.ecoitaliano.com.ar\/wp-content\/uploads\/2026\/09\/DSC_2463-1024x668.jpg 1024w, https:\/\/www.ecoitaliano.com.ar\/wp-content\/uploads\/2026\/09\/DSC_2463-300x196.jpg 300w, https:\/\/www.ecoitaliano.com.ar\/wp-content\/uploads\/2026\/09\/DSC_2463-768x501.jpg 768w, https:\/\/www.ecoitaliano.com.ar\/wp-content\/uploads\/2026\/09\/DSC_2463-1536x1002.jpg 1536w, https:\/\/www.ecoitaliano.com.ar\/wp-content\/uploads\/2026\/09\/DSC_2463-2048x1336.jpg 2048w\" sizes=\"(max-width: 1024px) 100vw, 1024px\" \/><\/a><\/figure>\n\n\n\n<figure class=\"wp-block-image size-large\"><a href=\"https:\/\/www.ecoitaliano.com.ar\/wp-content\/uploads\/2026\/09\/TRP-26-BANNER-FESTIVAL-VERDI-26-1920x1150s.jpg\"><img decoding=\"async\" width=\"1024\" height=\"613\" data-id=\"95883\" src=\"https:\/\/www.ecoitaliano.com.ar\/wp-content\/uploads\/2026\/09\/TRP-26-BANNER-FESTIVAL-VERDI-26-1920x1150s-1024x613.jpg\" alt=\"\" class=\"wp-image-95883\" srcset=\"https:\/\/www.ecoitaliano.com.ar\/wp-content\/uploads\/2026\/09\/TRP-26-BANNER-FESTIVAL-VERDI-26-1920x1150s-1024x613.jpg 1024w, https:\/\/www.ecoitaliano.com.ar\/wp-content\/uploads\/2026\/09\/TRP-26-BANNER-FESTIVAL-VERDI-26-1920x1150s-300x180.jpg 300w, https:\/\/www.ecoitaliano.com.ar\/wp-content\/uploads\/2026\/09\/TRP-26-BANNER-FESTIVAL-VERDI-26-1920x1150s-768x460.jpg 768w, https:\/\/www.ecoitaliano.com.ar\/wp-content\/uploads\/2026\/09\/TRP-26-BANNER-FESTIVAL-VERDI-26-1920x1150s-1536x920.jpg 1536w, https:\/\/www.ecoitaliano.com.ar\/wp-content\/uploads\/2026\/09\/TRP-26-BANNER-FESTIVAL-VERDI-26-1920x1150s.jpg 1920w\" sizes=\"(max-width: 1024px) 100vw, 1024px\" \/><\/a><\/figure>\n<\/figure>\n\n\n\n<figure class=\"wp-block-gallery has-nested-images columns-default is-cropped wp-block-gallery-2 is-layout-flex wp-block-gallery-is-layout-flex\">\n<figure class=\"wp-block-image size-large\"><a href=\"https:\/\/www.ecoitaliano.com.ar\/wp-content\/uploads\/2026\/09\/6a426f579f6e4ccff236872759a103963Ny8wnBleSpm5KGY-0.jpg\"><img decoding=\"async\" width=\"487\" height=\"1024\" data-id=\"95884\" src=\"https:\/\/www.ecoitaliano.com.ar\/wp-content\/uploads\/2026\/09\/6a426f579f6e4ccff236872759a103963Ny8wnBleSpm5KGY-0-487x1024.jpg\" alt=\"\" class=\"wp-image-95884\" srcset=\"https:\/\/www.ecoitaliano.com.ar\/wp-content\/uploads\/2026\/09\/6a426f579f6e4ccff236872759a103963Ny8wnBleSpm5KGY-0-487x1024.jpg 487w, https:\/\/www.ecoitaliano.com.ar\/wp-content\/uploads\/2026\/09\/6a426f579f6e4ccff236872759a103963Ny8wnBleSpm5KGY-0-143x300.jpg 143w, https:\/\/www.ecoitaliano.com.ar\/wp-content\/uploads\/2026\/09\/6a426f579f6e4ccff236872759a103963Ny8wnBleSpm5KGY-0-768x1614.jpg 768w, https:\/\/www.ecoitaliano.com.ar\/wp-content\/uploads\/2026\/09\/6a426f579f6e4ccff236872759a103963Ny8wnBleSpm5KGY-0-731x1536.jpg 731w, https:\/\/www.ecoitaliano.com.ar\/wp-content\/uploads\/2026\/09\/6a426f579f6e4ccff236872759a103963Ny8wnBleSpm5KGY-0.jpg 787w\" sizes=\"(max-width: 487px) 100vw, 487px\" \/><\/a><\/figure>\n\n\n\n<figure class=\"wp-block-image size-large\"><a href=\"https:\/\/www.ecoitaliano.com.ar\/wp-content\/uploads\/2026\/09\/6a426f579f6e4ccff236872759a103963Ny8wnBleSpm5KGY-1.jpg\"><img decoding=\"async\" width=\"487\" height=\"1024\" data-id=\"95885\" src=\"https:\/\/www.ecoitaliano.com.ar\/wp-content\/uploads\/2026\/09\/6a426f579f6e4ccff236872759a103963Ny8wnBleSpm5KGY-1-487x1024.jpg\" alt=\"\" class=\"wp-image-95885\" srcset=\"https:\/\/www.ecoitaliano.com.ar\/wp-content\/uploads\/2026\/09\/6a426f579f6e4ccff236872759a103963Ny8wnBleSpm5KGY-1-487x1024.jpg 487w, https:\/\/www.ecoitaliano.com.ar\/wp-content\/uploads\/2026\/09\/6a426f579f6e4ccff236872759a103963Ny8wnBleSpm5KGY-1-143x300.jpg 143w, https:\/\/www.ecoitaliano.com.ar\/wp-content\/uploads\/2026\/09\/6a426f579f6e4ccff236872759a103963Ny8wnBleSpm5KGY-1-768x1614.jpg 768w, https:\/\/www.ecoitaliano.com.ar\/wp-content\/uploads\/2026\/09\/6a426f579f6e4ccff236872759a103963Ny8wnBleSpm5KGY-1-731x1536.jpg 731w, https:\/\/www.ecoitaliano.com.ar\/wp-content\/uploads\/2026\/09\/6a426f579f6e4ccff236872759a103963Ny8wnBleSpm5KGY-1.jpg 787w\" sizes=\"(max-width: 487px) 100vw, 487px\" \/><\/a><\/figure>\n\n\n\n<figure class=\"wp-block-image size-large\"><a href=\"https:\/\/www.ecoitaliano.com.ar\/wp-content\/uploads\/2026\/09\/6a426f579f6e4ccff236872759a103963Ny8wnBleSpm5KGY-2.jpg\"><img decoding=\"async\" width=\"483\" height=\"1024\" data-id=\"95886\" src=\"https:\/\/www.ecoitaliano.com.ar\/wp-content\/uploads\/2026\/09\/6a426f579f6e4ccff236872759a103963Ny8wnBleSpm5KGY-2-483x1024.jpg\" alt=\"\" class=\"wp-image-95886\" srcset=\"https:\/\/www.ecoitaliano.com.ar\/wp-content\/uploads\/2026\/09\/6a426f579f6e4ccff236872759a103963Ny8wnBleSpm5KGY-2-483x1024.jpg 483w, https:\/\/www.ecoitaliano.com.ar\/wp-content\/uploads\/2026\/09\/6a426f579f6e4ccff236872759a103963Ny8wnBleSpm5KGY-2-141x300.jpg 141w, https:\/\/www.ecoitaliano.com.ar\/wp-content\/uploads\/2026\/09\/6a426f579f6e4ccff236872759a103963Ny8wnBleSpm5KGY-2-768x1629.jpg 768w, https:\/\/www.ecoitaliano.com.ar\/wp-content\/uploads\/2026\/09\/6a426f579f6e4ccff236872759a103963Ny8wnBleSpm5KGY-2-724x1536.jpg 724w, https:\/\/www.ecoitaliano.com.ar\/wp-content\/uploads\/2026\/09\/6a426f579f6e4ccff236872759a103963Ny8wnBleSpm5KGY-2.jpg 780w\" sizes=\"(max-width: 483px) 100vw, 483px\" \/><\/a><\/figure>\n\n\n\n<figure class=\"wp-block-image size-large\"><a href=\"https:\/\/www.ecoitaliano.com.ar\/wp-content\/uploads\/2026\/09\/6a426f579f6e4ccff236872759a103963Ny8wnBleSpm5KGY-3.jpg\"><img decoding=\"async\" width=\"483\" height=\"1024\" data-id=\"95887\" src=\"https:\/\/www.ecoitaliano.com.ar\/wp-content\/uploads\/2026\/09\/6a426f579f6e4ccff236872759a103963Ny8wnBleSpm5KGY-3-483x1024.jpg\" alt=\"\" class=\"wp-image-95887\" srcset=\"https:\/\/www.ecoitaliano.com.ar\/wp-content\/uploads\/2026\/09\/6a426f579f6e4ccff236872759a103963Ny8wnBleSpm5KGY-3-483x1024.jpg 483w, https:\/\/www.ecoitaliano.com.ar\/wp-content\/uploads\/2026\/09\/6a426f579f6e4ccff236872759a103963Ny8wnBleSpm5KGY-3-141x300.jpg 141w, https:\/\/www.ecoitaliano.com.ar\/wp-content\/uploads\/2026\/09\/6a426f579f6e4ccff236872759a103963Ny8wnBleSpm5KGY-3-768x1629.jpg 768w, https:\/\/www.ecoitaliano.com.ar\/wp-content\/uploads\/2026\/09\/6a426f579f6e4ccff236872759a103963Ny8wnBleSpm5KGY-3-724x1536.jpg 724w, https:\/\/www.ecoitaliano.com.ar\/wp-content\/uploads\/2026\/09\/6a426f579f6e4ccff236872759a103963Ny8wnBleSpm5KGY-3.jpg 780w\" sizes=\"(max-width: 483px) 100vw, 483px\" \/><\/a><\/figure>\n\n\n\n<figure class=\"wp-block-image size-large\"><a href=\"https:\/\/www.ecoitaliano.com.ar\/wp-content\/uploads\/2026\/09\/6a426f579f6e4ccff236872759a103963Ny8wnBleSpm5KGY-4.jpg\"><img decoding=\"async\" width=\"483\" height=\"1024\" data-id=\"95888\" src=\"https:\/\/www.ecoitaliano.com.ar\/wp-content\/uploads\/2026\/09\/6a426f579f6e4ccff236872759a103963Ny8wnBleSpm5KGY-4-483x1024.jpg\" alt=\"\" class=\"wp-image-95888\" srcset=\"https:\/\/www.ecoitaliano.com.ar\/wp-content\/uploads\/2026\/09\/6a426f579f6e4ccff236872759a103963Ny8wnBleSpm5KGY-4-483x1024.jpg 483w, https:\/\/www.ecoitaliano.com.ar\/wp-content\/uploads\/2026\/09\/6a426f579f6e4ccff236872759a103963Ny8wnBleSpm5KGY-4-141x300.jpg 141w, https:\/\/www.ecoitaliano.com.ar\/wp-content\/uploads\/2026\/09\/6a426f579f6e4ccff236872759a103963Ny8wnBleSpm5KGY-4-768x1629.jpg 768w, https:\/\/www.ecoitaliano.com.ar\/wp-content\/uploads\/2026\/09\/6a426f579f6e4ccff236872759a103963Ny8wnBleSpm5KGY-4-724x1536.jpg 724w, https:\/\/www.ecoitaliano.com.ar\/wp-content\/uploads\/2026\/09\/6a426f579f6e4ccff236872759a103963Ny8wnBleSpm5KGY-4.jpg 780w\" sizes=\"(max-width: 483px) 100vw, 483px\" \/><\/a><\/figure>\n\n\n\n<figure class=\"wp-block-image size-large\"><a href=\"https:\/\/www.ecoitaliano.com.ar\/wp-content\/uploads\/2026\/09\/6a426f579f6e4ccff236872759a103963Ny8wnBleSpm5KGY-5.jpg\"><img decoding=\"async\" width=\"483\" height=\"1024\" data-id=\"95889\" src=\"https:\/\/www.ecoitaliano.com.ar\/wp-content\/uploads\/2026\/09\/6a426f579f6e4ccff236872759a103963Ny8wnBleSpm5KGY-5-483x1024.jpg\" alt=\"\" class=\"wp-image-95889\" srcset=\"https:\/\/www.ecoitaliano.com.ar\/wp-content\/uploads\/2026\/09\/6a426f579f6e4ccff236872759a103963Ny8wnBleSpm5KGY-5-483x1024.jpg 483w, https:\/\/www.ecoitaliano.com.ar\/wp-content\/uploads\/2026\/09\/6a426f579f6e4ccff236872759a103963Ny8wnBleSpm5KGY-5-141x300.jpg 141w, https:\/\/www.ecoitaliano.com.ar\/wp-content\/uploads\/2026\/09\/6a426f579f6e4ccff236872759a103963Ny8wnBleSpm5KGY-5-768x1629.jpg 768w, https:\/\/www.ecoitaliano.com.ar\/wp-content\/uploads\/2026\/09\/6a426f579f6e4ccff236872759a103963Ny8wnBleSpm5KGY-5-724x1536.jpg 724w, https:\/\/www.ecoitaliano.com.ar\/wp-content\/uploads\/2026\/09\/6a426f579f6e4ccff236872759a103963Ny8wnBleSpm5KGY-5.jpg 780w\" sizes=\"(max-width: 483px) 100vw, 483px\" \/><\/a><\/figure>\n\n\n\n<figure class=\"wp-block-image size-large\"><a href=\"https:\/\/www.ecoitaliano.com.ar\/wp-content\/uploads\/2026\/09\/6a426f579f6e4ccff236872759a103963Ny8wnBleSpm5KGY-6.jpg\"><img decoding=\"async\" width=\"483\" height=\"1024\" data-id=\"95890\" src=\"https:\/\/www.ecoitaliano.com.ar\/wp-content\/uploads\/2026\/09\/6a426f579f6e4ccff236872759a103963Ny8wnBleSpm5KGY-6-483x1024.jpg\" alt=\"\" class=\"wp-image-95890\" srcset=\"https:\/\/www.ecoitaliano.com.ar\/wp-content\/uploads\/2026\/09\/6a426f579f6e4ccff236872759a103963Ny8wnBleSpm5KGY-6-483x1024.jpg 483w, https:\/\/www.ecoitaliano.com.ar\/wp-content\/uploads\/2026\/09\/6a426f579f6e4ccff236872759a103963Ny8wnBleSpm5KGY-6-141x300.jpg 141w, https:\/\/www.ecoitaliano.com.ar\/wp-content\/uploads\/2026\/09\/6a426f579f6e4ccff236872759a103963Ny8wnBleSpm5KGY-6-768x1629.jpg 768w, https:\/\/www.ecoitaliano.com.ar\/wp-content\/uploads\/2026\/09\/6a426f579f6e4ccff236872759a103963Ny8wnBleSpm5KGY-6-724x1536.jpg 724w, https:\/\/www.ecoitaliano.com.ar\/wp-content\/uploads\/2026\/09\/6a426f579f6e4ccff236872759a103963Ny8wnBleSpm5KGY-6.jpg 780w\" sizes=\"(max-width: 483px) 100vw, 483px\" \/><\/a><\/figure>\n\n\n\n<figure class=\"wp-block-image size-large\"><a href=\"https:\/\/www.ecoitaliano.com.ar\/wp-content\/uploads\/2026\/09\/6a426f579f6e4ccff236872759a103963Ny8wnBleSpm5KGY-7.jpg\"><img decoding=\"async\" width=\"483\" height=\"1024\" data-id=\"95891\" src=\"https:\/\/www.ecoitaliano.com.ar\/wp-content\/uploads\/2026\/09\/6a426f579f6e4ccff236872759a103963Ny8wnBleSpm5KGY-7-483x1024.jpg\" alt=\"\" class=\"wp-image-95891\" srcset=\"https:\/\/www.ecoitaliano.com.ar\/wp-content\/uploads\/2026\/09\/6a426f579f6e4ccff236872759a103963Ny8wnBleSpm5KGY-7-483x1024.jpg 483w, https:\/\/www.ecoitaliano.com.ar\/wp-content\/uploads\/2026\/09\/6a426f579f6e4ccff236872759a103963Ny8wnBleSpm5KGY-7-141x300.jpg 141w, https:\/\/www.ecoitaliano.com.ar\/wp-content\/uploads\/2026\/09\/6a426f579f6e4ccff236872759a103963Ny8wnBleSpm5KGY-7-768x1629.jpg 768w, https:\/\/www.ecoitaliano.com.ar\/wp-content\/uploads\/2026\/09\/6a426f579f6e4ccff236872759a103963Ny8wnBleSpm5KGY-7-724x1536.jpg 724w, https:\/\/www.ecoitaliano.com.ar\/wp-content\/uploads\/2026\/09\/6a426f579f6e4ccff236872759a103963Ny8wnBleSpm5KGY-7.jpg 780w\" sizes=\"(max-width: 483px) 100vw, 483px\" \/><\/a><\/figure>\n\n\n\n<figure class=\"wp-block-image size-large\"><a href=\"https:\/\/www.ecoitaliano.com.ar\/wp-content\/uploads\/2026\/09\/6a426f579f6e4ccff236872759a103963Ny8wnBleSpm5KGY-8.jpg\"><img decoding=\"async\" width=\"483\" height=\"1024\" data-id=\"95892\" src=\"https:\/\/www.ecoitaliano.com.ar\/wp-content\/uploads\/2026\/09\/6a426f579f6e4ccff236872759a103963Ny8wnBleSpm5KGY-8-483x1024.jpg\" alt=\"\" class=\"wp-image-95892\" srcset=\"https:\/\/www.ecoitaliano.com.ar\/wp-content\/uploads\/2026\/09\/6a426f579f6e4ccff236872759a103963Ny8wnBleSpm5KGY-8-483x1024.jpg 483w, https:\/\/www.ecoitaliano.com.ar\/wp-content\/uploads\/2026\/09\/6a426f579f6e4ccff236872759a103963Ny8wnBleSpm5KGY-8-141x300.jpg 141w, https:\/\/www.ecoitaliano.com.ar\/wp-content\/uploads\/2026\/09\/6a426f579f6e4ccff236872759a103963Ny8wnBleSpm5KGY-8-768x1629.jpg 768w, https:\/\/www.ecoitaliano.com.ar\/wp-content\/uploads\/2026\/09\/6a426f579f6e4ccff236872759a103963Ny8wnBleSpm5KGY-8-724x1536.jpg 724w, https:\/\/www.ecoitaliano.com.ar\/wp-content\/uploads\/2026\/09\/6a426f579f6e4ccff236872759a103963Ny8wnBleSpm5KGY-8.jpg 780w\" sizes=\"(max-width: 483px) 100vw, 483px\" \/><\/a><\/figure>\n\n\n\n<figure class=\"wp-block-image size-large\"><a href=\"https:\/\/www.ecoitaliano.com.ar\/wp-content\/uploads\/2026\/09\/6a426f579f6e4ccff236872759a103963Ny8wnBleSpm5KGY-9.jpg\"><img decoding=\"async\" width=\"483\" height=\"1024\" data-id=\"95893\" src=\"https:\/\/www.ecoitaliano.com.ar\/wp-content\/uploads\/2026\/09\/6a426f579f6e4ccff236872759a103963Ny8wnBleSpm5KGY-9-483x1024.jpg\" alt=\"\" class=\"wp-image-95893\" srcset=\"https:\/\/www.ecoitaliano.com.ar\/wp-content\/uploads\/2026\/09\/6a426f579f6e4ccff236872759a103963Ny8wnBleSpm5KGY-9-483x1024.jpg 483w, https:\/\/www.ecoitaliano.com.ar\/wp-content\/uploads\/2026\/09\/6a426f579f6e4ccff236872759a103963Ny8wnBleSpm5KGY-9-141x300.jpg 141w, https:\/\/www.ecoitaliano.com.ar\/wp-content\/uploads\/2026\/09\/6a426f579f6e4ccff236872759a103963Ny8wnBleSpm5KGY-9-768x1629.jpg 768w, https:\/\/www.ecoitaliano.com.ar\/wp-content\/uploads\/2026\/09\/6a426f579f6e4ccff236872759a103963Ny8wnBleSpm5KGY-9-724x1536.jpg 724w, https:\/\/www.ecoitaliano.com.ar\/wp-content\/uploads\/2026\/09\/6a426f579f6e4ccff236872759a103963Ny8wnBleSpm5KGY-9.jpg 780w\" sizes=\"(max-width: 483px) 100vw, 483px\" \/><\/a><\/figure>\n\n\n\n<figure class=\"wp-block-image size-large\"><a href=\"https:\/\/www.ecoitaliano.com.ar\/wp-content\/uploads\/2026\/09\/6a426f579f6e4ccff236872759a103963Ny8wnBleSpm5KGY-10.jpg\"><img decoding=\"async\" width=\"487\" height=\"1024\" data-id=\"95894\" src=\"https:\/\/www.ecoitaliano.com.ar\/wp-content\/uploads\/2026\/09\/6a426f579f6e4ccff236872759a103963Ny8wnBleSpm5KGY-10-487x1024.jpg\" alt=\"\" class=\"wp-image-95894\" srcset=\"https:\/\/www.ecoitaliano.com.ar\/wp-content\/uploads\/2026\/09\/6a426f579f6e4ccff236872759a103963Ny8wnBleSpm5KGY-10-487x1024.jpg 487w, https:\/\/www.ecoitaliano.com.ar\/wp-content\/uploads\/2026\/09\/6a426f579f6e4ccff236872759a103963Ny8wnBleSpm5KGY-10-143x300.jpg 143w, https:\/\/www.ecoitaliano.com.ar\/wp-content\/uploads\/2026\/09\/6a426f579f6e4ccff236872759a103963Ny8wnBleSpm5KGY-10-768x1614.jpg 768w, https:\/\/www.ecoitaliano.com.ar\/wp-content\/uploads\/2026\/09\/6a426f579f6e4ccff236872759a103963Ny8wnBleSpm5KGY-10-731x1536.jpg 731w, https:\/\/www.ecoitaliano.com.ar\/wp-content\/uploads\/2026\/09\/6a426f579f6e4ccff236872759a103963Ny8wnBleSpm5KGY-10.jpg 787w\" sizes=\"(max-width: 487px) 100vw, 487px\" \/><\/a><\/figure>\n\n\n\n<figure class=\"wp-block-image size-large\"><a href=\"https:\/\/www.ecoitaliano.com.ar\/wp-content\/uploads\/2026\/09\/6a426f579f6e4ccff236872759a103963Ny8wnBleSpm5KGY-11.jpg\"><img decoding=\"async\" width=\"483\" height=\"1024\" data-id=\"95895\" src=\"https:\/\/www.ecoitaliano.com.ar\/wp-content\/uploads\/2026\/09\/6a426f579f6e4ccff236872759a103963Ny8wnBleSpm5KGY-11-483x1024.jpg\" alt=\"\" class=\"wp-image-95895\" srcset=\"https:\/\/www.ecoitaliano.com.ar\/wp-content\/uploads\/2026\/09\/6a426f579f6e4ccff236872759a103963Ny8wnBleSpm5KGY-11-483x1024.jpg 483w, https:\/\/www.ecoitaliano.com.ar\/wp-content\/uploads\/2026\/09\/6a426f579f6e4ccff236872759a103963Ny8wnBleSpm5KGY-11-141x300.jpg 141w, https:\/\/www.ecoitaliano.com.ar\/wp-content\/uploads\/2026\/09\/6a426f579f6e4ccff236872759a103963Ny8wnBleSpm5KGY-11-768x1629.jpg 768w, https:\/\/www.ecoitaliano.com.ar\/wp-content\/uploads\/2026\/09\/6a426f579f6e4ccff236872759a103963Ny8wnBleSpm5KGY-11-724x1536.jpg 724w, https:\/\/www.ecoitaliano.com.ar\/wp-content\/uploads\/2026\/09\/6a426f579f6e4ccff236872759a103963Ny8wnBleSpm5KGY-11.jpg 780w\" sizes=\"(max-width: 483px) 100vw, 483px\" \/><\/a><\/figure>\n\n\n\n<figure class=\"wp-block-image size-large\"><a href=\"https:\/\/www.ecoitaliano.com.ar\/wp-content\/uploads\/2026\/09\/6a426f579f6e4ccff236872759a103963Ny8wnBleSpm5KGY-12.jpg\"><img decoding=\"async\" width=\"483\" height=\"1024\" data-id=\"95896\" src=\"https:\/\/www.ecoitaliano.com.ar\/wp-content\/uploads\/2026\/09\/6a426f579f6e4ccff236872759a103963Ny8wnBleSpm5KGY-12-483x1024.jpg\" alt=\"\" class=\"wp-image-95896\" srcset=\"https:\/\/www.ecoitaliano.com.ar\/wp-content\/uploads\/2026\/09\/6a426f579f6e4ccff236872759a103963Ny8wnBleSpm5KGY-12-483x1024.jpg 483w, https:\/\/www.ecoitaliano.com.ar\/wp-content\/uploads\/2026\/09\/6a426f579f6e4ccff236872759a103963Ny8wnBleSpm5KGY-12-141x300.jpg 141w, https:\/\/www.ecoitaliano.com.ar\/wp-content\/uploads\/2026\/09\/6a426f579f6e4ccff236872759a103963Ny8wnBleSpm5KGY-12-768x1629.jpg 768w, https:\/\/www.ecoitaliano.com.ar\/wp-content\/uploads\/2026\/09\/6a426f579f6e4ccff236872759a103963Ny8wnBleSpm5KGY-12-724x1536.jpg 724w, https:\/\/www.ecoitaliano.com.ar\/wp-content\/uploads\/2026\/09\/6a426f579f6e4ccff236872759a103963Ny8wnBleSpm5KGY-12.jpg 780w\" sizes=\"(max-width: 483px) 100vw, 483px\" \/><\/a><\/figure>\n\n\n\n<figure class=\"wp-block-image size-large\"><a href=\"https:\/\/www.ecoitaliano.com.ar\/wp-content\/uploads\/2026\/09\/6a426f579f6e4ccff236872759a103963Ny8wnBleSpm5KGY-13.jpg\"><img decoding=\"async\" width=\"483\" height=\"1024\" data-id=\"95897\" src=\"https:\/\/www.ecoitaliano.com.ar\/wp-content\/uploads\/2026\/09\/6a426f579f6e4ccff236872759a103963Ny8wnBleSpm5KGY-13-483x1024.jpg\" alt=\"\" class=\"wp-image-95897\" srcset=\"https:\/\/www.ecoitaliano.com.ar\/wp-content\/uploads\/2026\/09\/6a426f579f6e4ccff236872759a103963Ny8wnBleSpm5KGY-13-483x1024.jpg 483w, https:\/\/www.ecoitaliano.com.ar\/wp-content\/uploads\/2026\/09\/6a426f579f6e4ccff236872759a103963Ny8wnBleSpm5KGY-13-141x300.jpg 141w, https:\/\/www.ecoitaliano.com.ar\/wp-content\/uploads\/2026\/09\/6a426f579f6e4ccff236872759a103963Ny8wnBleSpm5KGY-13-768x1629.jpg 768w, https:\/\/www.ecoitaliano.com.ar\/wp-content\/uploads\/2026\/09\/6a426f579f6e4ccff236872759a103963Ny8wnBleSpm5KGY-13-724x1536.jpg 724w, https:\/\/www.ecoitaliano.com.ar\/wp-content\/uploads\/2026\/09\/6a426f579f6e4ccff236872759a103963Ny8wnBleSpm5KGY-13.jpg 780w\" sizes=\"(max-width: 483px) 100vw, 483px\" \/><\/a><\/figure>\n\n\n\n<figure class=\"wp-block-image size-large\"><a href=\"https:\/\/www.ecoitaliano.com.ar\/wp-content\/uploads\/2026\/09\/6a426f579f6e4ccff236872759a103963Ny8wnBleSpm5KGY-14.jpg\"><img decoding=\"async\" width=\"483\" height=\"1024\" data-id=\"95898\" src=\"https:\/\/www.ecoitaliano.com.ar\/wp-content\/uploads\/2026\/09\/6a426f579f6e4ccff236872759a103963Ny8wnBleSpm5KGY-14-483x1024.jpg\" alt=\"\" class=\"wp-image-95898\" srcset=\"https:\/\/www.ecoitaliano.com.ar\/wp-content\/uploads\/2026\/09\/6a426f579f6e4ccff236872759a103963Ny8wnBleSpm5KGY-14-483x1024.jpg 483w, https:\/\/www.ecoitaliano.com.ar\/wp-content\/uploads\/2026\/09\/6a426f579f6e4ccff236872759a103963Ny8wnBleSpm5KGY-14-141x300.jpg 141w, https:\/\/www.ecoitaliano.com.ar\/wp-content\/uploads\/2026\/09\/6a426f579f6e4ccff236872759a103963Ny8wnBleSpm5KGY-14-768x1629.jpg 768w, https:\/\/www.ecoitaliano.com.ar\/wp-content\/uploads\/2026\/09\/6a426f579f6e4ccff236872759a103963Ny8wnBleSpm5KGY-14-724x1536.jpg 724w, https:\/\/www.ecoitaliano.com.ar\/wp-content\/uploads\/2026\/09\/6a426f579f6e4ccff236872759a103963Ny8wnBleSpm5KGY-14.jpg 780w\" sizes=\"(max-width: 483px) 100vw, 483px\" \/><\/a><\/figure>\n\n\n\n<figure class=\"wp-block-image size-large\"><a href=\"https:\/\/www.ecoitaliano.com.ar\/wp-content\/uploads\/2026\/09\/6a426f579f6e4ccff236872759a103963Ny8wnBleSpm5KGY-15.jpg\"><img decoding=\"async\" width=\"483\" height=\"1024\" data-id=\"95899\" src=\"https:\/\/www.ecoitaliano.com.ar\/wp-content\/uploads\/2026\/09\/6a426f579f6e4ccff236872759a103963Ny8wnBleSpm5KGY-15-483x1024.jpg\" alt=\"\" class=\"wp-image-95899\" srcset=\"https:\/\/www.ecoitaliano.com.ar\/wp-content\/uploads\/2026\/09\/6a426f579f6e4ccff236872759a103963Ny8wnBleSpm5KGY-15-483x1024.jpg 483w, https:\/\/www.ecoitaliano.com.ar\/wp-content\/uploads\/2026\/09\/6a426f579f6e4ccff236872759a103963Ny8wnBleSpm5KGY-15-141x300.jpg 141w, https:\/\/www.ecoitaliano.com.ar\/wp-content\/uploads\/2026\/09\/6a426f579f6e4ccff236872759a103963Ny8wnBleSpm5KGY-15-768x1629.jpg 768w, https:\/\/www.ecoitaliano.com.ar\/wp-content\/uploads\/2026\/09\/6a426f579f6e4ccff236872759a103963Ny8wnBleSpm5KGY-15-724x1536.jpg 724w, https:\/\/www.ecoitaliano.com.ar\/wp-content\/uploads\/2026\/09\/6a426f579f6e4ccff236872759a103963Ny8wnBleSpm5KGY-15.jpg 780w\" sizes=\"(max-width: 483px) 100vw, 483px\" \/><\/a><\/figure>\n\n\n\n<figure class=\"wp-block-image size-large\"><a href=\"https:\/\/www.ecoitaliano.com.ar\/wp-content\/uploads\/2026\/09\/6a426f579f6e4ccff236872759a103963Ny8wnBleSpm5KGY-16.jpg\"><img decoding=\"async\" width=\"483\" height=\"1024\" data-id=\"95900\" src=\"https:\/\/www.ecoitaliano.com.ar\/wp-content\/uploads\/2026\/09\/6a426f579f6e4ccff236872759a103963Ny8wnBleSpm5KGY-16-483x1024.jpg\" alt=\"\" class=\"wp-image-95900\" srcset=\"https:\/\/www.ecoitaliano.com.ar\/wp-content\/uploads\/2026\/09\/6a426f579f6e4ccff236872759a103963Ny8wnBleSpm5KGY-16-483x1024.jpg 483w, https:\/\/www.ecoitaliano.com.ar\/wp-content\/uploads\/2026\/09\/6a426f579f6e4ccff236872759a103963Ny8wnBleSpm5KGY-16-141x300.jpg 141w, https:\/\/www.ecoitaliano.com.ar\/wp-content\/uploads\/2026\/09\/6a426f579f6e4ccff236872759a103963Ny8wnBleSpm5KGY-16-768x1629.jpg 768w, https:\/\/www.ecoitaliano.com.ar\/wp-content\/uploads\/2026\/09\/6a426f579f6e4ccff236872759a103963Ny8wnBleSpm5KGY-16-724x1536.jpg 724w, https:\/\/www.ecoitaliano.com.ar\/wp-content\/uploads\/2026\/09\/6a426f579f6e4ccff236872759a103963Ny8wnBleSpm5KGY-16.jpg 780w\" sizes=\"(max-width: 483px) 100vw, 483px\" \/><\/a><\/figure>\n\n\n\n<figure class=\"wp-block-image size-large\"><a href=\"https:\/\/www.ecoitaliano.com.ar\/wp-content\/uploads\/2026\/09\/6a426f579f6e4ccff236872759a103963Ny8wnBleSpm5KGY-17.jpg\"><img decoding=\"async\" width=\"483\" height=\"1024\" data-id=\"95901\" src=\"https:\/\/www.ecoitaliano.com.ar\/wp-content\/uploads\/2026\/09\/6a426f579f6e4ccff236872759a103963Ny8wnBleSpm5KGY-17-483x1024.jpg\" alt=\"\" class=\"wp-image-95901\" srcset=\"https:\/\/www.ecoitaliano.com.ar\/wp-content\/uploads\/2026\/09\/6a426f579f6e4ccff236872759a103963Ny8wnBleSpm5KGY-17-483x1024.jpg 483w, https:\/\/www.ecoitaliano.com.ar\/wp-content\/uploads\/2026\/09\/6a426f579f6e4ccff236872759a103963Ny8wnBleSpm5KGY-17-141x300.jpg 141w, https:\/\/www.ecoitaliano.com.ar\/wp-content\/uploads\/2026\/09\/6a426f579f6e4ccff236872759a103963Ny8wnBleSpm5KGY-17-768x1629.jpg 768w, https:\/\/www.ecoitaliano.com.ar\/wp-content\/uploads\/2026\/09\/6a426f579f6e4ccff236872759a103963Ny8wnBleSpm5KGY-17-724x1536.jpg 724w, https:\/\/www.ecoitaliano.com.ar\/wp-content\/uploads\/2026\/09\/6a426f579f6e4ccff236872759a103963Ny8wnBleSpm5KGY-17.jpg 780w\" sizes=\"(max-width: 483px) 100vw, 483px\" \/><\/a><\/figure>\n\n\n\n<figure class=\"wp-block-image size-large\"><a href=\"https:\/\/www.ecoitaliano.com.ar\/wp-content\/uploads\/2026\/09\/6a426f579f6e4ccff236872759a103963Ny8wnBleSpm5KGY-18.jpg\"><img decoding=\"async\" width=\"483\" height=\"1024\" data-id=\"95902\" src=\"https:\/\/www.ecoitaliano.com.ar\/wp-content\/uploads\/2026\/09\/6a426f579f6e4ccff236872759a103963Ny8wnBleSpm5KGY-18-483x1024.jpg\" alt=\"\" class=\"wp-image-95902\" srcset=\"https:\/\/www.ecoitaliano.com.ar\/wp-content\/uploads\/2026\/09\/6a426f579f6e4ccff236872759a103963Ny8wnBleSpm5KGY-18-483x1024.jpg 483w, https:\/\/www.ecoitaliano.com.ar\/wp-content\/uploads\/2026\/09\/6a426f579f6e4ccff236872759a103963Ny8wnBleSpm5KGY-18-141x300.jpg 141w, https:\/\/www.ecoitaliano.com.ar\/wp-content\/uploads\/2026\/09\/6a426f579f6e4ccff236872759a103963Ny8wnBleSpm5KGY-18-768x1629.jpg 768w, https:\/\/www.ecoitaliano.com.ar\/wp-content\/uploads\/2026\/09\/6a426f579f6e4ccff236872759a103963Ny8wnBleSpm5KGY-18-724x1536.jpg 724w, https:\/\/www.ecoitaliano.com.ar\/wp-content\/uploads\/2026\/09\/6a426f579f6e4ccff236872759a103963Ny8wnBleSpm5KGY-18.jpg 780w\" sizes=\"(max-width: 483px) 100vw, 483px\" \/><\/a><\/figure>\n\n\n\n<figure class=\"wp-block-image size-large\"><a href=\"https:\/\/www.ecoitaliano.com.ar\/wp-content\/uploads\/2026\/09\/6a426f579f6e4ccff236872759a103963Ny8wnBleSpm5KGY-19.jpg\"><img decoding=\"async\" width=\"487\" height=\"1024\" data-id=\"95903\" src=\"https:\/\/www.ecoitaliano.com.ar\/wp-content\/uploads\/2026\/09\/6a426f579f6e4ccff236872759a103963Ny8wnBleSpm5KGY-19-487x1024.jpg\" alt=\"\" class=\"wp-image-95903\" srcset=\"https:\/\/www.ecoitaliano.com.ar\/wp-content\/uploads\/2026\/09\/6a426f579f6e4ccff236872759a103963Ny8wnBleSpm5KGY-19-487x1024.jpg 487w, https:\/\/www.ecoitaliano.com.ar\/wp-content\/uploads\/2026\/09\/6a426f579f6e4ccff236872759a103963Ny8wnBleSpm5KGY-19-143x300.jpg 143w, https:\/\/www.ecoitaliano.com.ar\/wp-content\/uploads\/2026\/09\/6a426f579f6e4ccff236872759a103963Ny8wnBleSpm5KGY-19-768x1614.jpg 768w, https:\/\/www.ecoitaliano.com.ar\/wp-content\/uploads\/2026\/09\/6a426f579f6e4ccff236872759a103963Ny8wnBleSpm5KGY-19-731x1536.jpg 731w, https:\/\/www.ecoitaliano.com.ar\/wp-content\/uploads\/2026\/09\/6a426f579f6e4ccff236872759a103963Ny8wnBleSpm5KGY-19.jpg 787w\" sizes=\"(max-width: 487px) 100vw, 487px\" \/><\/a><\/figure>\n<\/figure>\n\n\n\n<p>Ufficio stampa Festival Verdi<br><br>Tel. +39 3335243419<\/p>\n\n\n\n<p>w.vitale<a href=\"mailto:p.maier@teatroregioparma.it\">@teatroregioparma.it<\/a><br><a href=\"mailto:stampa@teatroregioparma.it\">stampa@teatroregioparma.it<\/a><br><br>Teatro Regio di Parma<br>strada Giuseppe Garibaldi, 16\/A<br>43121 Parma \u2013 Italia<br>Tel. +39 (0)521 203911<\/p>\n\n\n\n<p>teatroregioparma.it<\/p>\n","protected":false},"excerpt":{"rendered":"<p>VERDI OFF: L\u2019UNDICESIMA EDIZIONE INVADE PACIFICAMENTE PARMA E BUSSETO FINO A LOS ANGELES Citt\u00e0 in festa in occasione del Festival [&hellip;]<\/p>\n","protected":false},"author":1,"featured_media":0,"comment_status":"open","ping_status":"open","sticky":false,"template":"","format":"standard","meta":{"footnotes":""},"categories":[1],"tags":[],"class_list":["post-95869","post","type-post","status-publish","format-standard","hentry","category-sin-categoria"],"_links":{"self":[{"href":"https:\/\/www.ecoitaliano.com.ar\/index.php?rest_route=\/wp\/v2\/posts\/95869","targetHints":{"allow":["GET"]}}],"collection":[{"href":"https:\/\/www.ecoitaliano.com.ar\/index.php?rest_route=\/wp\/v2\/posts"}],"about":[{"href":"https:\/\/www.ecoitaliano.com.ar\/index.php?rest_route=\/wp\/v2\/types\/post"}],"author":[{"embeddable":true,"href":"https:\/\/www.ecoitaliano.com.ar\/index.php?rest_route=\/wp\/v2\/users\/1"}],"replies":[{"embeddable":true,"href":"https:\/\/www.ecoitaliano.com.ar\/index.php?rest_route=%2Fwp%2Fv2%2Fcomments&post=95869"}],"version-history":[{"count":1,"href":"https:\/\/www.ecoitaliano.com.ar\/index.php?rest_route=\/wp\/v2\/posts\/95869\/revisions"}],"predecessor-version":[{"id":95904,"href":"https:\/\/www.ecoitaliano.com.ar\/index.php?rest_route=\/wp\/v2\/posts\/95869\/revisions\/95904"}],"wp:attachment":[{"href":"https:\/\/www.ecoitaliano.com.ar\/index.php?rest_route=%2Fwp%2Fv2%2Fmedia&parent=95869"}],"wp:term":[{"taxonomy":"category","embeddable":true,"href":"https:\/\/www.ecoitaliano.com.ar\/index.php?rest_route=%2Fwp%2Fv2%2Fcategories&post=95869"},{"taxonomy":"post_tag","embeddable":true,"href":"https:\/\/www.ecoitaliano.com.ar\/index.php?rest_route=%2Fwp%2Fv2%2Ftags&post=95869"}],"curies":[{"name":"wp","href":"https:\/\/api.w.org\/{rel}","templated":true}]}}