{"id":95915,"date":"2026-09-06T09:31:59","date_gmt":"2026-09-06T09:31:59","guid":{"rendered":"https:\/\/www.ecoitaliano.com.ar\/?p=95915"},"modified":"2026-09-06T09:31:59","modified_gmt":"2026-09-06T09:31:59","slug":"celebrazioni-francescane-800-anni-dalla-morte-di-san-francesco-dassisi-1226-2026","status":"publish","type":"post","link":"https:\/\/www.ecoitaliano.com.ar\/?p=95915","title":{"rendered":"Celebrazioni Francescane \u2013 800 anni dalla morte di San Francesco d\u2019Assisi (1226\u20132026)"},"content":{"rendered":"\n<h3 class=\"wp-block-heading\">Presentazione del volume <strong>Il Cantico dell\u2019Amore \u2013 Sui passi di Francesco dalla Parola al Mistero<\/strong><\/h3>\n\n\n<div class=\"wp-block-image\">\n<figure class=\"aligncenter size-large is-resized\"><a href=\"http:\/\/www.ecoitaliano.com.ar\/wp-content\/uploads\/2026\/09\/locandina-monte-roberto.jpeg\"><img decoding=\"async\" width=\"726\" height=\"1024\" src=\"http:\/\/www.ecoitaliano.com.ar\/wp-content\/uploads\/2026\/09\/locandina-monte-roberto-726x1024.jpeg\" alt=\"\" class=\"wp-image-95916\" style=\"width:350px;height:auto\" srcset=\"https:\/\/www.ecoitaliano.com.ar\/wp-content\/uploads\/2026\/09\/locandina-monte-roberto-726x1024.jpeg 726w, https:\/\/www.ecoitaliano.com.ar\/wp-content\/uploads\/2026\/09\/locandina-monte-roberto-213x300.jpeg 213w, https:\/\/www.ecoitaliano.com.ar\/wp-content\/uploads\/2026\/09\/locandina-monte-roberto-768x1083.jpeg 768w, https:\/\/www.ecoitaliano.com.ar\/wp-content\/uploads\/2026\/09\/locandina-monte-roberto-1090x1536.jpeg 1090w, https:\/\/www.ecoitaliano.com.ar\/wp-content\/uploads\/2026\/09\/locandina-monte-roberto.jpeg 1135w\" sizes=\"(max-width: 726px) 100vw, 726px\" \/><\/a><\/figure><\/div>\n\n\n<p><em>a cura di Franca De Santis<\/em><\/p>\n\n\n\n<p>Nel panorama delle celebrazioni nazionali dedicate agli <strong>800 anni dalla morte di San Francesco d\u2019Assisi<\/strong>, il Comune di Monte Roberto (AN) si distingue per un\u2019iniziativa che unisce cultura, spiritualit\u00e0 e ricerca: la presentazione del volume <em>Il Cantico dell\u2019Amore \u2013 Sui passi di Francesco dalla Parola al Mistero<\/em>, curato da <strong>Franca De Santis<\/strong> ed edito da Solfanelli. L\u2019evento si terr\u00e0 il <strong>26 settembre 2026<\/strong>, alle <strong>ore 18.00<\/strong>, presso il <strong>Teatro Beniamino Gigli<\/strong>, e rientra nel calendario ufficiale delle <strong>Celebrazioni Francescane 1226\u20132026<\/strong>, che in tutta Italia stanno riportando al centro dell\u2019attenzione pubblica la figura del Santo e la sua eredit\u00e0 spirituale.<\/p>\n\n\n\n<h3 class=\"wp-block-heading\">Un contributo culturale nel quadro delle celebrazioni nazionali<\/h3>\n\n\n\n<p>Il volume curato da De Santis nasce all\u2019interno del Progetto Culturale e Spirituale dedicato a San Francesco, sotto la direzione scientifica di <strong>Pierfranco Bruni<\/strong>, e si configura come un\u2019opera \u201ca pi\u00f9 voci\u201d, capace di intrecciare prospettive diverse \u2014 storiche, letterarie, teologiche, antropologiche \u2014 in un percorso che restituisce la complessit\u00e0 del messaggio francescano. La Parola, il Mistero, la cura del mondo, la relazione con l\u2019alterit\u00e0: sono questi i temi che attraversano il libro e che lo rendono un contributo significativo nel contesto delle celebrazioni nazionali, dove la figura di Francesco viene riletta alla luce delle domande dell\u2019uomo contemporaneo.<\/p>\n\n\n\n<h3 class=\"wp-block-heading\">Una serata di riflessione, ascolto e comunit\u00e0<\/h3>\n\n\n\n<p>La presentazione vedr\u00e0 gli interventi di: <strong>Franca De Santis<\/strong>, scrittrice e curatrice del volume; <strong>Roberta Mazzoni<\/strong>, docente e scrittrice; <strong>Gioia Senesi<\/strong>, docente e scrittrice.<\/p>\n\n\n\n<p>Tre voci femminili, tre percorsi culturali differenti, unite da una medesima intenzione: riportare Francesco al centro di una riflessione che non riguarda soltanto la memoria, ma la responsabilit\u00e0 dell\u2019oggi. La serata sar\u00e0 arricchita da un <strong>intervento musicale<\/strong> dei Maestri <strong>Gabriele Bartoloni<\/strong> (clarinetto), <strong>Serena Cavaletti<\/strong> (violino) e <strong>Marco Monina<\/strong> (chitarra), che accompagneranno il pubblico in un percorso sonoro capace di evocare la dimensione poetica e contemplativa del francescanesimo.<\/p>\n\n\n\n<h3 class=\"wp-block-heading\">Francesco e l\u2019Italia contemporanea<\/h3>\n\n\n\n<p>Nel contesto nazionale, le celebrazioni francescane stanno assumendo un ruolo di particolare rilievo: non solo come ricordo di una figura fondativa della spiritualit\u00e0 italiana, ma come occasione per interrogare il rapporto tra comunit\u00e0, ambiente, cura e responsabilit\u00e0. San Francesco, con la sua visione dell\u2019umano come luogo di fraternit\u00e0 e di meraviglia, continua a parlare a un Paese che cerca nuove forme di coesione e di senso. In questo quadro, l\u2019iniziativa di Monte Roberto si inserisce come un momento di approfondimento culturale che dialoga con le celebrazioni pi\u00f9 ampie, offrendo un contributo originale e radicato nel territorio.<\/p>\n\n\n\n<h3 class=\"wp-block-heading\">Un invito alla partecipazione<\/h3>\n\n\n\n<p>L\u2019ingresso \u00e8 gratuito, ma <strong>i posti sono limitati<\/strong>. Prenotazioni al numero <strong>3497740155<\/strong> (Maria Laura Rossi).<\/p>\n\n\n\n<p>Il Comune di Monte Roberto, insieme all\u2019Associazione <strong>Terra dei Padri<\/strong>, invita la cittadinanza e il pubblico nazionale a partecipare a una serata che non \u00e8 soltanto un evento culturale, ma un gesto di comunit\u00e0: un modo per ritornare a Francesco, alla sua parola, alla sua luce, e per condividere un cammino che unisce memoria, ricerca e spiritualit\u00e0.<\/p>\n","protected":false},"excerpt":{"rendered":"<p>Presentazione del volume Il Cantico dell\u2019Amore \u2013 Sui passi di Francesco dalla Parola al Mistero a cura di Franca De [&hellip;]<\/p>\n","protected":false},"author":1,"featured_media":0,"comment_status":"open","ping_status":"open","sticky":false,"template":"","format":"standard","meta":{"footnotes":""},"categories":[2],"tags":[],"class_list":["post-95915","post","type-post","status-publish","format-standard","hentry","category-informacion"],"_links":{"self":[{"href":"https:\/\/www.ecoitaliano.com.ar\/index.php?rest_route=\/wp\/v2\/posts\/95915","targetHints":{"allow":["GET"]}}],"collection":[{"href":"https:\/\/www.ecoitaliano.com.ar\/index.php?rest_route=\/wp\/v2\/posts"}],"about":[{"href":"https:\/\/www.ecoitaliano.com.ar\/index.php?rest_route=\/wp\/v2\/types\/post"}],"author":[{"embeddable":true,"href":"https:\/\/www.ecoitaliano.com.ar\/index.php?rest_route=\/wp\/v2\/users\/1"}],"replies":[{"embeddable":true,"href":"https:\/\/www.ecoitaliano.com.ar\/index.php?rest_route=%2Fwp%2Fv2%2Fcomments&post=95915"}],"version-history":[{"count":1,"href":"https:\/\/www.ecoitaliano.com.ar\/index.php?rest_route=\/wp\/v2\/posts\/95915\/revisions"}],"predecessor-version":[{"id":95917,"href":"https:\/\/www.ecoitaliano.com.ar\/index.php?rest_route=\/wp\/v2\/posts\/95915\/revisions\/95917"}],"wp:attachment":[{"href":"https:\/\/www.ecoitaliano.com.ar\/index.php?rest_route=%2Fwp%2Fv2%2Fmedia&parent=95915"}],"wp:term":[{"taxonomy":"category","embeddable":true,"href":"https:\/\/www.ecoitaliano.com.ar\/index.php?rest_route=%2Fwp%2Fv2%2Fcategories&post=95915"},{"taxonomy":"post_tag","embeddable":true,"href":"https:\/\/www.ecoitaliano.com.ar\/index.php?rest_route=%2Fwp%2Fv2%2Ftags&post=95915"}],"curies":[{"name":"wp","href":"https:\/\/api.w.org\/{rel}","templated":true}]}}